{"id":2521,"date":"2025-03-07T23:36:39","date_gmt":"2025-03-07T22:36:39","guid":{"rendered":"https:\/\/catholicus.eu\/pl\/?p=2521"},"modified":"2025-03-07T23:36:39","modified_gmt":"2025-03-07T22:36:39","slug":"communio-in-sacris-jednosc-i-dyscyplina-w-kosciele-katolickim","status":"publish","type":"post","link":"https:\/\/catholicus.eu\/pl\/communio-in-sacris-jednosc-i-dyscyplina-w-kosciele-katolickim\/","title":{"rendered":"&#8222;Communio in Sacris&#8221;: Jedno\u015b\u0107 i Dyscyplina w Ko\u015bciele Katolickim"},"content":{"rendered":"\n<p>W coraz bardziej zglobalizowanym \u015bwiecie, gdzie granice mi\u0119dzy religiami i wyznaniami chrze\u015bcija\u0144skimi zdaj\u0105 si\u0119 zaciera\u0107, pojawia si\u0119 pytanie, kt\u00f3re dotyka serca wiary katolickiej: dlaczego katolicy nie mog\u0105 dzieli\u0107 Eucharystii z innymi chrze\u015bcijanami? Ten temat, znany w teologii jako&nbsp;<em>communio in sacris<\/em>&nbsp;(wsp\u00f3lnota w rzeczach \u015bwi\u0119tych), jest fundamentalnym filarem dyscypliny ko\u015bcielnej i g\u0142\u0119bokim odzwierciedleniem to\u017csamo\u015bci katolickiej. W tym artykule przyjrzymy si\u0119 jego pochodzeniu, znaczeniu teologicznemu, ewolucji historycznej oraz jego aktualnemu znaczeniu.<\/p>\n\n\n\n<hr class=\"wp-block-separator has-alpha-channel-opacity\"\/>\n\n\n\n<h3 class=\"wp-block-heading\"><strong>Pochodzenie Communio in Sacris<\/strong><\/h3>\n\n\n\n<p><em>Communio in sacris<\/em>&nbsp;odnosi si\u0119 do wsp\u00f3lnego uczestnictwa w sakramentach, zw\u0142aszcza w Eucharystii, kt\u00f3ra jest sakramentem jedno\u015bci Ko\u015bcio\u0142a par excellence. Ju\u017c od pierwszych wiek\u00f3w chrze\u015bcija\u0144stwa Ko\u015bci\u00f3\u0142 rozumia\u0142, \u017ce Eucharystia nie jest jedynie symbolem, ale rzeczywist\u0105 obecno\u015bci\u0105 Chrystusa pod postaciami chleba i wina. Ta tajemnica wiary, kt\u00f3r\u0105 \u015bw. Pawe\u0142 opisuje s\u0142owami:&nbsp;<em>&#8222;Chleb, kt\u00f3ry \u0142amiemy, czy\u017c nie jest udzia\u0142em w Ciele Chrystusa?&#8221;<\/em>&nbsp;(1 Koryntian 10,16), wymaga pe\u0142nej jedno\u015bci w wierze, doktrynie i \u017cyciu sakramentalnym.<\/p>\n\n\n\n<p>W pierwszych wiekach chrze\u015bcijanie byli g\u0142\u0119boko \u015bwiadomi, \u017ce Eucharystia jest widzialnym znakiem jedno\u015bci Ko\u015bcio\u0142a. \u015aw. Ignacy Antioche\u0144ski w II wieku pisa\u0142:&nbsp;<em>&#8222;Nie dajcie si\u0119 zwie\u015b\u0107: kto nie jest wewn\u0105trz o\u0142tarza, pozbawia si\u0119 chleba Bo\u017cego.&#8221;<\/em>&nbsp;To stwierdzenie podkre\u015bla, \u017ce Eucharystia nie mo\u017ce by\u0107 oddzielona od wsp\u00f3lnoty ko\u015bcielnej. Ci, kt\u00f3rzy byli w schizmie lub herezji, nie mogli jej przyjmowa\u0107, poniewa\u017c ich oddzielenie od Ko\u015bcio\u0142a narusza\u0142o jedno\u015b\u0107, kt\u00f3r\u0105 Eucharystia symbolizuje i urzeczywistnia.<\/p>\n\n\n\n<hr class=\"wp-block-separator has-alpha-channel-opacity\"\/>\n\n\n\n<h3 class=\"wp-block-heading\"><strong>Dyscyplina Ko\u015bcielna na Przestrzeni Wiek\u00f3w<\/strong><\/h3>\n\n\n\n<p>Na przestrzeni wiek\u00f3w Ko\u015bci\u00f3\u0142 utrzymywa\u0142 surow\u0105 dyscyplin\u0119 dotycz\u0105c\u0105 uczestnictwa w sakramentach. W \u015bredniowieczu, na przyk\u0142ad, powsta\u0142y jasne normy, aby unikn\u0105\u0107 zamieszania mi\u0119dzy wiernymi katolikami a tymi, kt\u00f3rzy nale\u017celi do grup schizmatyckich lub heretyckich. Sob\u00f3r Trydencki (1545-1563), w odpowiedzi na Reformacj\u0119 Protestanck\u0105, potwierdzi\u0142 t\u0119 dyscyplin\u0119, podkre\u015blaj\u0105c, \u017ce Eucharystia jest znakiem jedno\u015bci w wierze i dlatego nie mo\u017ce by\u0107 dzielona z tymi, kt\u00f3rzy odrzucaj\u0105 nauczanie Ko\u015bcio\u0142a.<\/p>\n\n\n\n<p>Jednak ta dyscyplina nie jest nieprzekraczalnym murem, ale zaproszeniem do autentycznej jedno\u015bci. Katechizm Ko\u015bcio\u0142a Katolickiego wyja\u015bnia to jasno:&nbsp;<em>&#8222;Sakramenty s\u0105 znakami jedno\u015bci Ko\u015bcio\u0142a, dlatego wymagana jest wsp\u00f3lnota ko\u015bcielna, aby je przyjmowa\u0107&#8221;<\/em>&nbsp;(KKK 1398). Nie oznacza to, \u017ce Ko\u015bci\u00f3\u0142 zamyka drzwi przed innymi chrze\u015bcijanami, ale uznaje, \u017ce Eucharystia jest dojrza\u0142ym owocem pe\u0142nej jedno\u015bci w wierze, hierarchii i \u017cyciu sakramentalnym.<\/p>\n\n\n\n<hr class=\"wp-block-separator has-alpha-channel-opacity\"\/>\n\n\n\n<h3 class=\"wp-block-heading\"><strong>Znaczenie Teologiczne Eucharystii<\/strong><\/h3>\n\n\n\n<p>Aby zrozumie\u0107, dlaczego Ko\u015bci\u00f3\u0142 utrzymuje t\u0119 dyscyplin\u0119, konieczne jest zg\u0142\u0119bienie teologicznego znaczenia Eucharystii. Eucharystia nie jest jedynie symbolicznym aktem czy przypomnieniem Ostatniej Wieczerzy; jest uobecnieniem ofiary Chrystusa na krzy\u017cu, rzeczywist\u0105 obecno\u015bci\u0105 Jezusa pod postaciami chleba i wina. Jak powiedzia\u0142 Pan:&nbsp;<em>&#8222;To jest Cia\u0142o moje, kt\u00f3re za was b\u0119dzie wydane&#8221;<\/em>&nbsp;(\u0141ukasz 22,19).<\/p>\n\n\n\n<p>Eucharystia jest zatem sakramentem najg\u0142\u0119bszej jedno\u015bci: jedno\u015bci z Chrystusem i, w Nim, z ca\u0142ym Ko\u015bcio\u0142em. \u015aw. Augustyn wyrazi\u0142 to pot\u0119\u017cnym obrazem:&nbsp;<em>&#8222;Je\u015bli jeste\u015bcie Cia\u0142em Chrystusa i Jego cz\u0142onkami, to wasza tajemnica jest z\u0142o\u017cona na stole Pa\u0144skim; to wasza tajemnica jest przyjmowana.&#8221;<\/em>&nbsp;Kiedy przyjmujemy Eucharysti\u0119, nie tylko jednoczymy si\u0119 z Chrystusem, ale tak\u017ce ze wszystkimi, kt\u00f3rzy s\u0105 cz\u0119\u015bci\u0105 Jego Mistycznego Cia\u0142a, kt\u00f3rym jest Ko\u015bci\u00f3\u0142.<\/p>\n\n\n\n<p>Dlatego Ko\u015bci\u00f3\u0142 nie mo\u017ce pozwoli\u0107, aby Eucharystia sta\u0142a si\u0119 symbolem podzia\u0142u. Gdyby katolicy dzielili Eucharysti\u0119 z tymi, kt\u00f3rzy nie s\u0105 w pe\u0142nej jedno\u015bci z Ko\u015bcio\u0142em, da\u0142oby to wra\u017cenie, \u017ce r\u00f3\u017cnice doktrynalne i ko\u015bcielne nie maj\u0105 znaczenia. To nie tylko os\u0142abi\u0142oby \u015bwiadectwo Ko\u015bcio\u0142a, ale tak\u017ce zdradzi\u0142oby g\u0142\u0119bokie znaczenie Eucharystii jako sakramentu jedno\u015bci.<\/p>\n\n\n\n<hr class=\"wp-block-separator has-alpha-channel-opacity\"\/>\n\n\n\n<h3 class=\"wp-block-heading\"><strong>Communio in Sacris we Wsp\u00f3\u0142czesnym Kontek\u015bcie<\/strong><\/h3>\n\n\n\n<p>W dzisiejszym \u015bwiecie, naznaczonym ekumenizmem i dialogiem mi\u0119dzyreligijnym, dyscyplina&nbsp;<em>communio in sacris<\/em>&nbsp;mo\u017ce wydawa\u0107 si\u0119 trudna, a nawet kontrowersyjna. Wielu niekatolickich chrze\u015bcijan odczuwa g\u0142\u0119bok\u0105 mi\u0142o\u015b\u0107 do Chrystusa i szczere pragnienie jedno\u015bci. Jednak Ko\u015bci\u00f3\u0142 nadal podkre\u015bla, \u017ce jedno\u015b\u0107 nie mo\u017ce by\u0107 osi\u0105gni\u0119ta kosztem prawdy.<\/p>\n\n\n\n<p>Sob\u00f3r Watyka\u0144ski II, w swoim dekrecie&nbsp;<em>Unitatis Redintegratio<\/em>, podkre\u015bli\u0142 znaczenie ekumenizmu, ale tak\u017ce przypomnia\u0142, \u017ce&nbsp;<em>&#8222;jedno\u015b\u0107, kt\u00f3r\u0105 Chrystus da\u0142 swojemu Ko\u015bcio\u0142owi od pocz\u0105tku, nie zosta\u0142a ca\u0142kowicie utracona&#8221;<\/em>&nbsp;(UR 3). Ko\u015bci\u00f3\u0142 Katolicki wierzy, \u017ce posiada pe\u0142ni\u0119 \u015brodk\u00f3w zbawienia, i dlatego nie mo\u017ce zrezygnowa\u0107 ze swojej to\u017csamo\u015bci ani dyscypliny sakramentalnej.<\/p>\n\n\n\n<p>W konkretnych sytuacjach, takich jak ma\u0142\u017ce\u0144stwa mieszane (mi\u0119dzy katolikiem a niekatolikiem), Ko\u015bci\u00f3\u0142 dopuszcza pewne wyj\u0105tki, pod warunkiem spe\u0142nienia okre\u015blonych warunk\u00f3w. Na przyk\u0142ad, niekatolik mo\u017ce przyj\u0105\u0107 Eucharysti\u0119 podczas katolickiego \u015blubu, je\u015bli podziela wiar\u0119 w rzeczywist\u0105 obecno\u015b\u0107 Chrystusa i znajduje si\u0119 w sytuacji powa\u017cnej potrzeby duchowej. Jednak te wyj\u0105tki nie zmieniaj\u0105 og\u00f3lnej normy, kt\u00f3ra pozostaje wezwaniem do pe\u0142nej jedno\u015bci w wierze.<\/p>\n\n\n\n<hr class=\"wp-block-separator has-alpha-channel-opacity\"\/>\n\n\n\n<h3 class=\"wp-block-heading\"><strong>Zaproszenie do Autentycznej Jedno\u015bci<\/strong><\/h3>\n\n\n\n<p>Dyscyplina&nbsp;<em>communio in sacris<\/em>&nbsp;nie jest odrzuceniem innych chrze\u015bcijan, ale zaproszeniem do poszukiwania autentycznej jedno\u015bci. Jak powiedzia\u0142 papie\u017c Benedykt XVI:&nbsp;<em>&#8222;Eucharystia nie jest nagrod\u0105 dla doskona\u0142ych, ale darem dla grzesznik\u00f3w szukaj\u0105cych pojednania.&#8221;<\/em>&nbsp;To pojednanie nie mo\u017ce by\u0107 osi\u0105gni\u0119te przez ignorowanie r\u00f3\u017cnic doktrynalnych, ale poprzez dialog, modlitw\u0119 i nawr\u00f3cenie.<\/p>\n\n\n\n<p>W podzielonym \u015bwiecie Ko\u015bci\u00f3\u0142 Katolicki pozostaje znakiem jedno\u015bci. Jego dyscyplina sakramentalna nie jest murem, ale mostem, kt\u00f3ry wzywa nas do pog\u0142\u0119biania naszej wiary i pracy na rzecz jedno\u015bci wszystkich chrze\u015bcijan. Jak napisa\u0142 \u015bw. Pawe\u0142:&nbsp;<em>&#8222;Jedno jest Cia\u0142o i jeden Duch, jak te\u017c powo\u0142ani jeste\u015bcie do jednej nadziei. Jeden jest Pan, jedna wiara, jeden chrzest&#8221;<\/em>&nbsp;(Efezjan 4,4-5).<\/p>\n\n\n\n<hr class=\"wp-block-separator has-alpha-channel-opacity\"\/>\n\n\n\n<h3 class=\"wp-block-heading\"><strong>Zako\u0144czenie: Wezwanie do Wiary i Jedno\u015bci<\/strong><\/h3>\n\n\n\n<p><em>Communio in sacris<\/em>&nbsp;to z\u0142o\u017cony temat, ale g\u0142\u0119boko zakorzeniony w wierze katolickiej. Nie jest to arbitralna zasada, ale wyraz to\u017csamo\u015bci Ko\u015bcio\u0142a jako Cia\u0142a Chrystusa. Utrzymuj\u0105c t\u0119 dyscyplin\u0119, Ko\u015bci\u00f3\u0142 nie zamyka drzwi, ale otwiera drog\u0119 do autentycznej jedno\u015bci, opartej na prawdzie i mi\u0142o\u015bci.<\/p>\n\n\n\n<p>W \u015bwiecie, kt\u00f3ry desperacko poszukuje jedno\u015bci, Ko\u015bci\u00f3\u0142 Katolicki oferuje model, kt\u00f3ry nie zadowala si\u0119 powierzchownymi rozwi\u0105zaniami, ale wskazuje na pe\u0142ni\u0119 komunii w Chrystusie. Jako wierni katolicy jeste\u015bmy wezwani do \u017cycia t\u0105 dyscyplin\u0105 z pokor\u0105 i mi\u0142o\u015bci\u0105, pami\u0119taj\u0105c, \u017ce Eucharystia jest sakramentem, kt\u00f3ry jednoczy nas z Chrystusem i wszystkimi cz\u0142onkami Jego Mistycznego Cia\u0142a.<\/p>\n\n\n\n<p>Niech Maryja, Matka Ko\u015bcio\u0142a, prowadzi nas na tej drodze wiary i jedno\u015bci, aby pewnego dnia wszyscy chrze\u015bcijanie mogli dzieli\u0107 ten sam st\u00f3\u0142 eucharystyczny, w pe\u0142nej komunii z Chrystusem i Jego Ko\u015bcio\u0142em. Amen.<\/p>\n","protected":false},"excerpt":{"rendered":"<p>W coraz bardziej zglobalizowanym \u015bwiecie, gdzie granice mi\u0119dzy religiami i wyznaniami chrze\u015bcija\u0144skimi zdaj\u0105 si\u0119 zaciera\u0107, pojawia si\u0119 pytanie, kt\u00f3re dotyka serca wiary katolickiej: dlaczego katolicy nie mog\u0105 dzieli\u0107 Eucharystii z innymi chrze\u015bcijanami? Ten temat, znany w teologii jako&nbsp;communio in sacris&nbsp;(wsp\u00f3lnota w rzeczach \u015bwi\u0119tych), jest fundamentalnym filarem dyscypliny ko\u015bcielnej i g\u0142\u0119bokim odzwierciedleniem to\u017csamo\u015bci katolickiej. W tym &hellip;<\/p>\n","protected":false},"author":3,"featured_media":2522,"comment_status":"open","ping_status":"open","sticky":false,"template":"","format":"standard","meta":{"_seopress_robots_primary_cat":"","_seopress_titles_title":"","_seopress_titles_desc":"","_seopress_robots_index":"","footnotes":""},"categories":[37,46],"tags":[589],"class_list":["post-2521","post","type-post","status-publish","format-standard","has-post-thumbnail","","category-doktryna-i-wiara","category-sakramenty","tag-communio-in-sacris"],"_links":{"self":[{"href":"https:\/\/catholicus.eu\/pl\/wp-json\/wp\/v2\/posts\/2521","targetHints":{"allow":["GET"]}}],"collection":[{"href":"https:\/\/catholicus.eu\/pl\/wp-json\/wp\/v2\/posts"}],"about":[{"href":"https:\/\/catholicus.eu\/pl\/wp-json\/wp\/v2\/types\/post"}],"author":[{"embeddable":true,"href":"https:\/\/catholicus.eu\/pl\/wp-json\/wp\/v2\/users\/3"}],"replies":[{"embeddable":true,"href":"https:\/\/catholicus.eu\/pl\/wp-json\/wp\/v2\/comments?post=2521"}],"version-history":[{"count":1,"href":"https:\/\/catholicus.eu\/pl\/wp-json\/wp\/v2\/posts\/2521\/revisions"}],"predecessor-version":[{"id":2523,"href":"https:\/\/catholicus.eu\/pl\/wp-json\/wp\/v2\/posts\/2521\/revisions\/2523"}],"wp:featuredmedia":[{"embeddable":true,"href":"https:\/\/catholicus.eu\/pl\/wp-json\/wp\/v2\/media\/2522"}],"wp:attachment":[{"href":"https:\/\/catholicus.eu\/pl\/wp-json\/wp\/v2\/media?parent=2521"}],"wp:term":[{"taxonomy":"category","embeddable":true,"href":"https:\/\/catholicus.eu\/pl\/wp-json\/wp\/v2\/categories?post=2521"},{"taxonomy":"post_tag","embeddable":true,"href":"https:\/\/catholicus.eu\/pl\/wp-json\/wp\/v2\/tags?post=2521"}],"curies":[{"name":"wp","href":"https:\/\/api.w.org\/{rel}","templated":true}]}}