{"id":2426,"date":"2025-03-03T14:32:43","date_gmt":"2025-03-03T13:32:43","guid":{"rendered":"https:\/\/catholicus.eu\/pl\/?p=2426"},"modified":"2025-03-03T14:32:44","modified_gmt":"2025-03-03T13:32:44","slug":"joanna-darc-dziewica-boza-i-odwaga-wiary","status":"publish","type":"post","link":"https:\/\/catholicus.eu\/pl\/joanna-darc-dziewica-boza-i-odwaga-wiary\/","title":{"rendered":"Joanna d\u2019Arc: Dziewica Bo\u017ca i odwaga wiary"},"content":{"rendered":"\n<p>Kiedy my\u015blimy o \u015bwi\u0119tych, zwykle wyobra\u017camy sobie osoby spokojne, oddane modlitwie i mi\u0142osierdziu, z dala od bitewnego zgie\u0142ku. Jednak historia \u015bwi\u0119tej Joanny d\u2019Arc zmusza nas do poszerzenia tej perspektywy. Jej \u017cycie by\u0142o \u017cywym \u015bwiadectwem niez\u0142omnej wiary, nadludzkiej odwagi i ca\u0142kowitego poddania si\u0119 woli Bo\u017cej. W \u015bwiecie wstrz\u0105sanym wojn\u0105 i niepewno\u015bci\u0105 Joanna przypomina nam, \u017ce \u015bwi\u0119to\u015b\u0107 nie oznacza bierno\u015bci, lecz odwa\u017cn\u0105 odpowied\u017a na Bo\u017ce powo\u0142anie.<\/p>\n\n\n\n<h3 class=\"wp-block-heading\">Niespodziewana m\u0142oda dziewczyna do niemo\u017cliwej misji<\/h3>\n\n\n\n<p>Joanna d\u2019Arc urodzi\u0142a si\u0119 w 1412 roku w Domr\u00e9my, ma\u0142ej francuskiej wiosce, w czasach wyniszczaj\u0105cej wojny stuletniej mi\u0119dzy Francj\u0105 a Angli\u0105. By\u0142a c\u00f3rk\u0105 ch\u0142op\u00f3w, nie otrzyma\u0142a formalnego wykszta\u0142cenia, ale od dzieci\u0144stwa odznacza\u0142a si\u0119 g\u0142\u0119bok\u0105 pobo\u017cno\u015bci\u0105. Modli\u0142a si\u0119 z wielk\u0105 gorliwo\u015bci\u0105 i mia\u0142a p\u0142omienn\u0105 mi\u0142o\u015b\u0107 do Boga i Jego Ko\u015bcio\u0142a.<\/p>\n\n\n\n<p>W wieku 13 lat zacz\u0119\u0142a mie\u0107 wizje \u015bwi\u0119tego Micha\u0142a Archanio\u0142a, \u015bwi\u0119tej Katarzyny Aleksandryjskiej i \u015bwi\u0119tej Ma\u0142gorzaty z Antiochii. Szczeg\u00f3ln\u0105 cze\u015b\u0107 oddawa\u0142a \u015bwi\u0119temu Micha\u0142owi, kt\u00f3rego cz\u0119sto wzywa\u0142a w bitwach i chwilach pr\u00f3by. G\u0142osy te powierzy\u0142y jej niewyobra\u017caln\u0105 misj\u0119: mia\u0142a poprowadzi\u0107 Francuz\u00f3w do zwyci\u0119stwa i doprowadzi\u0107 do koronacji delfina Karola VII w Reims. Z ludzkiego punktu widzenia wydawa\u0142o si\u0119 to niemo\u017cliwe \u2013 by\u0142a prost\u0105 wie\u015bniaczk\u0105, bez wykszta\u0142cenia wojskowego i bez kontakt\u00f3w na dworze. Ale Joanna nie kierowa\u0142a si\u0119 ludzk\u0105 logik\u0105 \u2013 ufa\u0142a Bo\u017cemu g\u0142osowi.<\/p>\n\n\n\n<h3 class=\"wp-block-heading\">Przyw\u00f3dztwo wiary: od pasterki do dow\u00f3dcy wojskowego<\/h3>\n\n\n\n<p>W wieku 17 lat, po licznych pr\u00f3bach i pocz\u0105tkowym odrzuceniu, uda\u0142o jej si\u0119 przekona\u0107 w\u0142adze, \u017ce jej misja pochodzi od Boga. Zosta\u0142a przedstawiona delfinowi Karolowi VII i, wbrew wszelkim przeciwno\u015bciom, otrzyma\u0142a dow\u00f3dztwo nad wojskiem. Jej przyw\u00f3dztwo nie opiera\u0142o si\u0119 na skomplikowanych strategiach wojskowych, lecz na charyzmie, kt\u00f3ra zapala\u0142a serca \u017co\u0142nierzy, oraz na ca\u0142kowitej ufno\u015bci w Bo\u017c\u0105 opatrzno\u015b\u0107.<\/p>\n\n\n\n<p>Joanna nosi\u0142a bia\u0142\u0105 chor\u0105giew z wizerunkiem Chrystusa i liliami, a swoim \u017co\u0142nierzom zabroni\u0142a blu\u017anierstwa i niemoralnego zachowania. Pod jej dow\u00f3dztwem armia francuska prze\u0142ama\u0142a obl\u0119\u017cenie Orleanu w 1429 roku, odnosz\u0105c zwyci\u0119stwo, kt\u00f3re odmieni\u0142o losy wojny. Dzi\u0119ki jej interwencji delfin zosta\u0142 koronowany na kr\u00f3la Karola VII w katedrze w Reims \u2013 tak jak zapowiedzia\u0142y jej g\u0142osy.<\/p>\n\n\n\n<p>Widzimy tu g\u0142\u0119bokie przes\u0142anie: B\u00f3g wybiera nieoczekiwane narz\u0119dzia. Jak m\u00f3wi Pismo \u015awi\u0119te:<\/p>\n\n\n\n<p><strong>\u201eTo bowiem, co jest g\u0142upstwem u \u015bwiata, wybra\u0142 B\u00f3g, aby zawstydzi\u0107 m\u0119drc\u00f3w; to, co niemocne u \u015bwiata, wybra\u0142 B\u00f3g, aby zawstydzi\u0107 mocnych.\u201d<\/strong> (1 Kor 1,27)<\/p>\n\n\n\n<p>Joanna uczy nas, \u017ce \u015bwi\u0119to\u015b\u0107 nie zale\u017cy od naszych ludzkich zdolno\u015bci, ale od naszej gotowo\u015bci do pos\u0142usze\u0144stwa Bo\u017cemu g\u0142osowi.<\/p>\n\n\n\n<h3 class=\"wp-block-heading\">M\u0119cze\u0144stwo: zwyci\u0119stwo krzy\u017ca<\/h3>\n\n\n\n<p>Pomimo swoich sukces\u00f3w, zosta\u0142a zdradzona i schwytana przez Burgundczyk\u00f3w, sprzymierzonych z Anglikami. Wydano j\u0105 Anglikom, kt\u00f3rzy, przy wsp\u00f3\u0142udziale skorumpowanych biskup\u00f3w, poddali j\u0105 niesprawiedliwemu procesowi. Oskar\u017cono j\u0105 o herezj\u0119, czary i noszenie m\u0119skich ubra\u0144 (co robi\u0142a, aby chroni\u0107 si\u0119 w wi\u0119zieniu).<\/p>\n\n\n\n<p>Proces by\u0142 fars\u0105, ale Joanna pozosta\u0142a niez\u0142omna w wierze. Gdy zapytano j\u0105, czy jest pewna, \u017ce B\u00f3g j\u0105 pos\u0142a\u0142, odpowiedzia\u0142a z pokor\u0105, ale i z wielk\u0105 pewno\u015bci\u0105:<\/p>\n\n\n\n<p><strong>\u201eJe\u015bli nie, niech B\u00f3g mi to objawi; je\u015bli tak, niech mnie w tym utwierdzi.\u201d<\/strong><\/p>\n\n\n\n<p>Ostatecznie zosta\u0142a skazana na spalenie na stosie 30 maja 1431 roku. Mia\u0142a zaledwie 19 lat. Gdy p\u0142omienie j\u0105 ogarnia\u0142y, gor\u0105co wzywa\u0142a \u015bwi\u0119tego Micha\u0142a Archanio\u0142a, prosz\u0105c o jego wstawiennictwo, i trzy razy wypowiedzia\u0142a imi\u0119 Jezusa, zanim odda\u0142a ducha.<\/p>\n\n\n\n<p>To, co wydawa\u0142o si\u0119 jej kl\u0119sk\u0105, w rzeczywisto\u015bci by\u0142o triumfem. Jak Chrystus na krzy\u017cu, jej cierpienie nie by\u0142o ko\u0144cem, lecz bram\u0105 do chwa\u0142y. Dwadzie\u015bcia pi\u0119\u0107 lat p\u00f3\u017aniej jej proces zosta\u0142 wznowiony, a ona zosta\u0142a uniewinniona. W 1920 roku zosta\u0142a kanonizowana przez Ko\u015bci\u00f3\u0142.<\/p>\n\n\n\n<h3 class=\"wp-block-heading\">Znaczenie teologiczne i zastosowanie w codziennym \u017cyciu<\/h3>\n\n\n\n<p>Joanna d\u2019Arc sk\u0142ania nas do postawienia sobie pytania: <strong>Czy jeste\u015bmy gotowi pod\u0105\u017ca\u0107 za Bogiem, bez wzgl\u0119du na koszty?<\/strong> W \u015bwiecie, kt\u00f3ry wy\u015bmiewa wiar\u0119 i wierno\u015b\u0107 prawdzie, jej \u015bwiadectwo zaprasza nas do \u017cycia odwa\u017cn\u0105 Ewangeli\u0105.<\/p>\n\n\n\n<p>Trzy aspekty teologiczne wyr\u00f3\u017cniaj\u0105 si\u0119 w jej \u017cyciu:<\/p>\n\n\n\n<ul class=\"wp-block-list\">\n<li><strong>Pos\u0142usze\u0144stwo woli Bo\u017cej<\/strong><br>Joanna nie szuka\u0142a w\u0142adzy ani chwa\u0142y; po prostu odpowiedzia\u0142a na Bo\u017ce powo\u0142anie. Dzi\u015b, po\u015br\u00f3d naszych niepewno\u015bci, mo\u017cemy uczy\u0107 si\u0119 ufa\u0107 Bogu tak jak ona.<\/li>\n\n\n\n<li><strong>Czysto\u015b\u0107 serca i \u017cycie modlitewne<\/strong><br>Mimo \u017ce przebywa\u0142a na polu bitwy, nigdy nie zaniedbywa\u0142a \u017cycia duchowego. <strong>Czy znajdujemy czas na s\u0142uchanie Boga w naszej codzienno\u015bci?<\/strong><\/li>\n\n\n\n<li><strong>Odwaga wobec prze\u015bladowa\u0144<\/strong><br>W \u015bwiecie, gdzie wiara jest atakowana, Joanna przypomina nam, \u017ce bycie chrze\u015bcijaninem oznacza gotowo\u015b\u0107 do dawania \u015bwiadectwa, nawet gdy jest to trudne.<\/li>\n<\/ul>\n\n\n\n<h3 class=\"wp-block-heading\">Zako\u0144czenie: Odwaga \u015bwi\u0119tej na nasze czasy<\/h3>\n\n\n\n<p>\u015awi\u0119ta Joanna d\u2019Arc nie by\u0142a jedynie bohaterk\u0105 wojenn\u0105, ale mistyczk\u0105, m\u0119czennic\u0105 i \u017cywym \u015bwiadectwem dzia\u0142ania Boga w historii. Jej \u017cycie sk\u0142ania nas do zadania sobie pytania: <strong>Jak\u0105 misj\u0119 B\u00f3g ma dla mnie? Czy jestem got\u00f3w pos\u0142ucha\u0107 Go bez l\u0119ku?<\/strong><\/p>\n\n\n\n<p>Tak jak ona, mo\u017cemy odpowiedzie\u0107 z ufno\u015bci\u0105 i wierno\u015bci\u0105, wiedz\u0105c, \u017ce nie jeste\u015bmy sami. Bo na ko\u0144cu, jak powiedzia\u0142a Joanna przed swoim m\u0119cze\u0144stwem:<\/p>\n\n\n\n<p><strong>\u201eB\u00f3g mnie pos\u0142a\u0142. B\u00f3g zatroszczy si\u0119 o wszystko.\u201d<\/strong><\/p>\n","protected":false},"excerpt":{"rendered":"<p>Kiedy my\u015blimy o \u015bwi\u0119tych, zwykle wyobra\u017camy sobie osoby spokojne, oddane modlitwie i mi\u0142osierdziu, z dala od bitewnego zgie\u0142ku. Jednak historia \u015bwi\u0119tej Joanny d\u2019Arc zmusza nas do poszerzenia tej perspektywy. Jej \u017cycie by\u0142o \u017cywym \u015bwiadectwem niez\u0142omnej wiary, nadludzkiej odwagi i ca\u0142kowitego poddania si\u0119 woli Bo\u017cej. W \u015bwiecie wstrz\u0105sanym wojn\u0105 i niepewno\u015bci\u0105 Joanna przypomina nam, \u017ce \u015bwi\u0119to\u015b\u0107 &hellip;<\/p>\n","protected":false},"author":3,"featured_media":2427,"comment_status":"open","ping_status":"open","sticky":false,"template":"","format":"standard","meta":{"_seopress_robots_primary_cat":"","_seopress_titles_title":"","_seopress_titles_desc":"","_seopress_robots_index":"","footnotes":""},"categories":[40,61],"tags":[549],"class_list":["post-2426","post","type-post","status-publish","format-standard","has-post-thumbnail","","category-modlitwa-i-duchowosc","category-swieci-i-kalendarz-liturgiczny","tag-joanna-darc"],"_links":{"self":[{"href":"https:\/\/catholicus.eu\/pl\/wp-json\/wp\/v2\/posts\/2426","targetHints":{"allow":["GET"]}}],"collection":[{"href":"https:\/\/catholicus.eu\/pl\/wp-json\/wp\/v2\/posts"}],"about":[{"href":"https:\/\/catholicus.eu\/pl\/wp-json\/wp\/v2\/types\/post"}],"author":[{"embeddable":true,"href":"https:\/\/catholicus.eu\/pl\/wp-json\/wp\/v2\/users\/3"}],"replies":[{"embeddable":true,"href":"https:\/\/catholicus.eu\/pl\/wp-json\/wp\/v2\/comments?post=2426"}],"version-history":[{"count":1,"href":"https:\/\/catholicus.eu\/pl\/wp-json\/wp\/v2\/posts\/2426\/revisions"}],"predecessor-version":[{"id":2428,"href":"https:\/\/catholicus.eu\/pl\/wp-json\/wp\/v2\/posts\/2426\/revisions\/2428"}],"wp:featuredmedia":[{"embeddable":true,"href":"https:\/\/catholicus.eu\/pl\/wp-json\/wp\/v2\/media\/2427"}],"wp:attachment":[{"href":"https:\/\/catholicus.eu\/pl\/wp-json\/wp\/v2\/media?parent=2426"}],"wp:term":[{"taxonomy":"category","embeddable":true,"href":"https:\/\/catholicus.eu\/pl\/wp-json\/wp\/v2\/categories?post=2426"},{"taxonomy":"post_tag","embeddable":true,"href":"https:\/\/catholicus.eu\/pl\/wp-json\/wp\/v2\/tags?post=2426"}],"curies":[{"name":"wp","href":"https:\/\/api.w.org\/{rel}","templated":true}]}}