{"id":2372,"date":"2025-02-28T21:48:26","date_gmt":"2025-02-28T20:48:26","guid":{"rendered":"https:\/\/catholicus.eu\/pl\/?p=2372"},"modified":"2025-02-28T21:48:26","modified_gmt":"2025-02-28T20:48:26","slug":"sroda-popielcowa-ciekawostki-i-glebokie-znaczenie-dawnej-tradycji","status":"publish","type":"post","link":"https:\/\/catholicus.eu\/pl\/sroda-popielcowa-ciekawostki-i-glebokie-znaczenie-dawnej-tradycji\/","title":{"rendered":"\u015aroda Popielcowa: Ciekawostki i G\u0142\u0119bokie Znaczenie Dawnej Tradycji"},"content":{"rendered":"\n<p>\u015aroda Popielcowa rozpoczyna Wielki Post \u2013 czas pokuty i nawr\u00f3cenia w kalendarzu liturgicznym Ko\u015bcio\u0142a katolickiego. To jedna z najbardziej rozpoznawalnych chrze\u015bcija\u0144skich tradycji, poniewa\u017c tego dnia miliony wiernych na ca\u0142ym \u015bwiecie otrzymuj\u0105 na czo\u0142o znak krzy\u017ca z popio\u0142u jako symbol skruchy i duchowej odnowy. Ale sk\u0105d pochodzi ten zwyczaj? Jakie jest jego g\u0142\u0119bsze znaczenie? I co m\u00f3wi nam dzi\u015b, w \u015bwiecie, kt\u00f3ry cz\u0119sto zapomina o warto\u015bci ofiary i nawr\u00f3cenia?<\/p>\n\n\n\n<p>Przyjrzyjmy si\u0119 historii, symbolice i kilku ciekawostkom zwi\u0105zanym ze \u015arod\u0105 Popielcow\u0105.<\/p>\n\n\n\n<hr class=\"wp-block-separator has-alpha-channel-opacity\"\/>\n\n\n\n<h2 class=\"wp-block-heading\"><strong>1. Biblijne pochodzenie i znaczenie popio\u0142u<\/strong><\/h2>\n\n\n\n<p>W Pi\u015bmie \u015awi\u0119tym popi\u00f3\u0142 jest pot\u0119\u017cnym symbolem. Od czas\u00f3w Starego Testamentu kojarzony jest z pokor\u0105, \u017ca\u0142ob\u0105 i skruch\u0105. Izraelici posypywali si\u0119 popio\u0142em jako znak smutku lub nawr\u00f3cenia:<\/p>\n\n\n\n<ul class=\"wp-block-list\">\n<li>W Ksi\u0119dze Jonasza mieszka\u0144cy Niniwy, po wys\u0142uchaniu proroka, \u017ca\u0142uj\u0105 za swoje grzechy, poszcz\u0105 i ubieraj\u0105 si\u0119 w wory pokutne, posypuj\u0105c si\u0119 popio\u0142em (<em>Jon 3,5-6<\/em>).<\/li>\n\n\n\n<li>Hiob, w swoim cierpieniu, siada w popiele i uni\u017ca si\u0119 przed Bogiem (<em>Hi 42,6<\/em>).<\/li>\n\n\n\n<li>W Psalmach znajdujemy wyra\u017cenie: <em>&#8222;Jem popi\u00f3\u0142 jak chleb i mieszam m\u00f3j nap\u00f3j ze \u0142zami&#8221;<\/em> (<em>Ps 102,10<\/em>), kt\u00f3re ukazuje krucho\u015b\u0107 cz\u0142owieka wobec Boga.<\/li>\n<\/ul>\n\n\n\n<p>W Nowym Testamencie sam Jezus odnosi si\u0119 do popio\u0142u, upominaj\u0105c niepokutuj\u0105ce miasta:<\/p>\n\n\n\n<p><em>&#8222;Biada tobie, Korozain! Biada tobie, Betsaido! Bo gdyby w Tyrze i Sydonie dzia\u0142y si\u0119 cuda, kt\u00f3re u was si\u0119 dokona\u0142y, dawno by ju\u017c pokutowa\u0142y w worze i w popiele.&#8221;<\/em> (<em>Mt 11,21<\/em>).<\/p>\n\n\n\n<p>Ju\u017c we wczesnym chrze\u015bcija\u0144stwie popi\u00f3\u0142 by\u0142 u\u017cywany jako znak pokuty, zw\u0142aszcza w obrz\u0119dzie pojednania dla grzesznik\u00f3w publicznych.<\/p>\n\n\n\n<hr class=\"wp-block-separator has-alpha-channel-opacity\"\/>\n\n\n\n<h2 class=\"wp-block-heading\"><strong>2. Sk\u0105d pochodzi popi\u00f3\u0142 u\u017cywany w \u015arod\u0119 Popielcow\u0105?<\/strong><\/h2>\n\n\n\n<p>Jedn\u0105 z ciekawostek dotycz\u0105cych \u015arody Popielcowej jest pochodzenie popio\u0142u nak\u0142adanego wiernym. Nie jest to zwyk\u0142y popi\u00f3\u0142, lecz ten uzyskany ze spalonych ga\u0142\u0105zek palmowych pob\u0142ogos\u0142awionych w Niedziel\u0119 Palmow\u0105 poprzedniego roku.<\/p>\n\n\n\n<p>Ten szczeg\u00f3\u0142 ma g\u0142\u0119bokie znaczenie duchowe. Ga\u0142\u0105zki oliwne i palmowe, kt\u00f3re symbolizuj\u0105 chwa\u0142\u0119 i triumf Chrystusa podczas Jego wjazdu do Jerozolimy, zostaj\u0105 spalone na popi\u00f3\u0142, aby przypomnie\u0107 nam o przemijalno\u015bci \u017cycia i konieczno\u015bci nawr\u00f3cenia. To mocne przes\u0142anie: entuzjazm t\u0142umu, kt\u00f3ry wiwatowa\u0142 na cze\u015b\u0107 Jezusa, zamienia si\u0119 w popi\u00f3\u0142 \u2013 tak samo jak sukcesy i bogactwa materialne s\u0105 niczym bez \u017cycia w Bogu.<\/p>\n\n\n\n<hr class=\"wp-block-separator has-alpha-channel-opacity\"\/>\n\n\n\n<h2 class=\"wp-block-heading\"><strong>3. Dlaczego popi\u00f3\u0142 nak\u0142ada si\u0119 w kszta\u0142cie krzy\u017ca?<\/strong><\/h2>\n\n\n\n<p>Popi\u00f3\u0142 jest nak\u0142adany na czo\u0142o wiernych w kszta\u0142cie krzy\u017ca, a kap\u0142an wypowiada jedn\u0105 z dw\u00f3ch formu\u0142:<\/p>\n\n\n\n<ul class=\"wp-block-list\">\n<li><em>&#8222;Pami\u0119taj, \u017ce jeste\u015b prochem i w proch si\u0119 obr\u00f3cisz&#8221; (Rdz 3,19).<\/em><\/li>\n\n\n\n<li><em>&#8222;Nawracajcie si\u0119 i wierzcie w Ewangeli\u0119&#8221; (Mk 1,15).<\/em><\/li>\n<\/ul>\n\n\n\n<p>Gest kre\u015blenia krzy\u017ca nie jest przypadkowy. To znak naszego odkupienia, poniewa\u017c zostali\u015bmy zbawieni przez Krzy\u017c Chrystusa. Jednocze\u015bnie przypomina nam o naszej \u015bmiertelno\u015bci i potrzebie \u017cycia zgodnie z wol\u0105 Bo\u017c\u0105.<\/p>\n\n\n\n<p>W niekt\u00f3rych tradycjach chrze\u015bcija\u0144skich, zw\u0142aszcza w Europie, popi\u00f3\u0142 nie jest nak\u0142adany w formie krzy\u017ca, lecz posypywany na g\u0142ow\u0119, co nawi\u0105zuje do starotestamentalnego zwyczaju.<\/p>\n\n\n\n<hr class=\"wp-block-separator has-alpha-channel-opacity\"\/>\n\n\n\n<h2 class=\"wp-block-heading\"><strong>4. \u015aroda Popielcowa w historii Ko\u015bcio\u0142a<\/strong><\/h2>\n\n\n\n<p>Cho\u0107 u\u017cywanie popio\u0142u jako znaku pokuty jest bardzo stare, obchody \u015arody Popielcowej w znanej nam dzi\u015b formie ukszta\u0142towa\u0142y si\u0119 w \u015bredniowieczu.<\/p>\n\n\n\n<p>Pocz\u0105tkowo by\u0142a to cz\u0119\u015b\u0107 obrz\u0119du pojednania grzesznik\u00f3w publicznych. Osoby, kt\u00f3re pope\u0142ni\u0142y powa\u017cne grzechy, musia\u0142y odby\u0107 publiczn\u0105 pokut\u0119: ubiera\u0142y si\u0119 w wory pokutne i otrzymywa\u0142y popi\u00f3\u0142 na g\u0142ow\u0119 jako znak skruchy. Obrz\u0119d ten odbywa\u0142 si\u0119 na pocz\u0105tku Wielkiego Postu, a pokutnicy byli wykluczani ze wsp\u00f3lnoty a\u017c do Wielkiego Czwartku, kiedy otrzymywali sakramentalne rozgrzeszenie.<\/p>\n\n\n\n<p>Z czasem zwyczaj ten rozszerzy\u0142 si\u0119 na ca\u0142\u0105 wsp\u00f3lnot\u0119 wierz\u0105cych, a dzi\u015b obrz\u0119d posypania g\u0142\u00f3w popio\u0142em jest powszechnym wezwaniem do nawr\u00f3cenia.<\/p>\n\n\n\n<hr class=\"wp-block-separator has-alpha-channel-opacity\"\/>\n\n\n\n<h2 class=\"wp-block-heading\"><strong>5. Czy przyj\u0119cie popio\u0142u jest obowi\u0105zkowe?<\/strong><\/h2>\n\n\n\n<p>W przeciwie\u0144stwie do Eucharystii czy spowiedzi, na\u0142o\u017cenie popio\u0142u nie jest sakramentem, lecz sakramentalium. Oznacza to, \u017ce nie jest obowi\u0105zkowe, ale jest gor\u0105co zalecane, poniewa\u017c pomaga nam rozpocz\u0105\u0107 Wielki Post z sercem sk\u0142onnym do pokuty.<\/p>\n\n\n\n<p>Jednak to, co <em>jest<\/em> obowi\u0105zkowe dla katolik\u00f3w tego dnia, to post \u015bcis\u0142y i wstrzemi\u0119\u017aliwo\u015b\u0107 od pokarm\u00f3w mi\u0119snych jako znak pokuty i duchowego przygotowania.<\/p>\n\n\n\n<hr class=\"wp-block-separator has-alpha-channel-opacity\"\/>\n\n\n\n<h2 class=\"wp-block-heading\"><strong>6. Co \u015aroda Popielcowa m\u00f3wi nam dzisiaj?<\/strong><\/h2>\n\n\n\n<p>\u017byjemy w \u015bwiecie, kt\u00f3ry cz\u0119sto unika rozm\u00f3w o \u015bmierci, ofierze czy potrzebie nawr\u00f3cenia. Wci\u0105\u017c zach\u0119ca si\u0119 nas do szukania sukcesu, przyjemno\u015bci i natychmiastowej gratyfikacji, ale \u015aroda Popielcowa stawia nas wobec nieuniknionej prawdy: <em>jeste\u015bmy prochem i w proch si\u0119 obr\u00f3cimy.<\/em><\/p>\n\n\n\n<p>Jednak to przes\u0142anie nie jest fatalistyczne ani przygn\u0119biaj\u0105ce. Wr\u0119cz przeciwnie, zach\u0119ca nas do \u017cycia z g\u0142\u0119bszym celem, do szukania tego, co ma prawdziw\u0105 warto\u015b\u0107, i do odnowienia naszej relacji z Bogiem. Przypomina nam, \u017ce Wielki Post to nie tylko czas wyrzecze\u0144, ale przede wszystkim czas duchowego wzrostu i szczerego powrotu do Ewangelii.<\/p>\n\n\n\n<hr class=\"wp-block-separator has-alpha-channel-opacity\"\/>\n\n\n\n<h2 class=\"wp-block-heading\"><strong>Podsumowanie: Wezwanie do nawr\u00f3cenia<\/strong><\/h2>\n\n\n\n<p>\u015aroda Popielcowa to nie tylko rytua\u0142 czy pusty zwyczaj. To pilne wezwanie do nawr\u00f3cenia, przypomnienie o naszej krucho\u015bci, a jednocze\u015bnie o wielkim mi\u0142osierdziu Boga.<\/p>\n\n\n\n<p>Ka\u017cdego roku, przyjmuj\u0105c popi\u00f3\u0142, jeste\u015bmy zaproszeni do zatrzymania si\u0119 i postawienia sobie pytania: <em>Czy \u017cyj\u0119 tak, jak B\u00f3g tego pragnie? Czy szukam prawdziwego szcz\u0119\u015bcia w Nim?<\/em><\/p>\n\n\n\n<p>Niech ta \u015aroda Popielcowa stanie si\u0119 dla ka\u017cdego z nas punktem wyj\u015bcia do Wielkiego Postu prze\u017cytego z autentyczno\u015bci\u0105, ze wzrokiem utkwionym w Wielkanocy \u2013 wielkim zwyci\u0119stwie Chrystusa nad grzechem i \u015bmierci\u0105.<\/p>\n\n\n\n<p><em>&#8222;Nawracajcie si\u0119 i wierzcie w Ewangeli\u0119.&#8221;<\/em> (<em>Mk 1,15<\/em>).<\/p>\n","protected":false},"excerpt":{"rendered":"<p>\u015aroda Popielcowa rozpoczyna Wielki Post \u2013 czas pokuty i nawr\u00f3cenia w kalendarzu liturgicznym Ko\u015bcio\u0142a katolickiego. To jedna z najbardziej rozpoznawalnych chrze\u015bcija\u0144skich tradycji, poniewa\u017c tego dnia miliony wiernych na ca\u0142ym \u015bwiecie otrzymuj\u0105 na czo\u0142o znak krzy\u017ca z popio\u0142u jako symbol skruchy i duchowej odnowy. Ale sk\u0105d pochodzi ten zwyczaj? Jakie jest jego g\u0142\u0119bsze znaczenie? I co &hellip;<\/p>\n","protected":false},"author":3,"featured_media":2373,"comment_status":"open","ping_status":"open","sticky":false,"template":"","format":"standard","meta":{"_seopress_robots_primary_cat":"","_seopress_titles_title":"","_seopress_titles_desc":"","_seopress_robots_index":"","footnotes":""},"categories":[38,52],"tags":[118],"class_list":["post-2372","post","type-post","status-publish","format-standard","has-post-thumbnail","","category-historia-i-tradycja","category-liturgia-i-rok-liturgiczny","tag-sroda-popielcowa"],"_links":{"self":[{"href":"https:\/\/catholicus.eu\/pl\/wp-json\/wp\/v2\/posts\/2372","targetHints":{"allow":["GET"]}}],"collection":[{"href":"https:\/\/catholicus.eu\/pl\/wp-json\/wp\/v2\/posts"}],"about":[{"href":"https:\/\/catholicus.eu\/pl\/wp-json\/wp\/v2\/types\/post"}],"author":[{"embeddable":true,"href":"https:\/\/catholicus.eu\/pl\/wp-json\/wp\/v2\/users\/3"}],"replies":[{"embeddable":true,"href":"https:\/\/catholicus.eu\/pl\/wp-json\/wp\/v2\/comments?post=2372"}],"version-history":[{"count":1,"href":"https:\/\/catholicus.eu\/pl\/wp-json\/wp\/v2\/posts\/2372\/revisions"}],"predecessor-version":[{"id":2374,"href":"https:\/\/catholicus.eu\/pl\/wp-json\/wp\/v2\/posts\/2372\/revisions\/2374"}],"wp:featuredmedia":[{"embeddable":true,"href":"https:\/\/catholicus.eu\/pl\/wp-json\/wp\/v2\/media\/2373"}],"wp:attachment":[{"href":"https:\/\/catholicus.eu\/pl\/wp-json\/wp\/v2\/media?parent=2372"}],"wp:term":[{"taxonomy":"category","embeddable":true,"href":"https:\/\/catholicus.eu\/pl\/wp-json\/wp\/v2\/categories?post=2372"},{"taxonomy":"post_tag","embeddable":true,"href":"https:\/\/catholicus.eu\/pl\/wp-json\/wp\/v2\/tags?post=2372"}],"curies":[{"name":"wp","href":"https:\/\/api.w.org\/{rel}","templated":true}]}}