{"id":2303,"date":"2025-02-19T17:14:08","date_gmt":"2025-02-19T16:14:08","guid":{"rendered":"https:\/\/catholicus.eu\/pl\/?p=2303"},"modified":"2025-02-19T17:14:08","modified_gmt":"2025-02-19T16:14:08","slug":"kiedy-gasnie-swiatlo-papieza-refleksje-nad-koncem-pontyfikatu-i-wieczna-nadzieja-kosciola","status":"publish","type":"post","link":"https:\/\/catholicus.eu\/pl\/kiedy-gasnie-swiatlo-papieza-refleksje-nad-koncem-pontyfikatu-i-wieczna-nadzieja-kosciola\/","title":{"rendered":"Kiedy ga\u015bnie \u015bwiat\u0142o papie\u017ca: Refleksje nad ko\u0144cem pontyfikatu i wieczn\u0105 nadziej\u0105 Ko\u015bcio\u0142a"},"content":{"rendered":"\n<p>W \u017cyciu Ko\u015bcio\u0142a katolickiego niewiele moment\u00f3w jest tak g\u0142\u0119boko poruszaj\u0105cych i teologicznie donios\u0142ych jak zmierzch pontyfikatu papie\u017ca. To chwila, kt\u00f3ra zaprasza do refleksji, modlitwy i g\u0142\u0119bokiego poczucia jedno\u015bci z histori\u0105 i tradycj\u0105 wiary. Kiedy ga\u015bnie \u015bwiat\u0142o papie\u017ca, nie tylko zamyka si\u0119 rozdzia\u0142 w \u017cyciu Ko\u015bcio\u0142a, ale tak\u017ce otwiera si\u0119 okno ku wieczno\u015bci, przypominaj\u0105c nam, \u017ce Ko\u015bci\u00f3\u0142 jest przede wszystkim instytucj\u0105 Bo\u017c\u0105, prowadzon\u0105 przez Ducha \u015awi\u0119tego.<\/p>\n\n\n\n<h3 class=\"wp-block-heading\"><strong>Pocz\u0105tki i historia papiestwa: \u015awiat\u0142o, kt\u00f3re prowadzi<\/strong><\/h3>\n\n\n\n<p>Papiestwo jako instytucja ma swoje korzenie w s\u0142owach Jezusa Chrystusa skierowanych do \u015bw. Piotra: <strong>\u201eTy jeste\u015b Piotr [czyli Ska\u0142a] i na tej Skale zbuduj\u0119 m\u00f3j Ko\u015bci\u00f3\u0142, a bramy piekielne go nie przemog\u0105\u201d<\/strong> (Mt 16,18). Od tamtej chwili papie\u017c jest uznawany za nast\u0119pc\u0119 Piotra, pierwszego biskupa Rzymu i wikariusza Chrystusa na ziemi. Przez wieki papiestwo by\u0142o \u015bwiat\u0142em prowadz\u0105cym Ko\u015bci\u00f3\u0142 przez burze polityczne, kryzysy doktrynalne i moralne wyzwania.<\/p>\n\n\n\n<p>Ka\u017cdy papie\u017c odcisn\u0105\u0142 swoje unikalne pi\u0119tno na historii Ko\u015bcio\u0142a. Niekt\u00f3rzy, jak \u015bw. Jan Pawe\u0142 II, zostali zapami\u0119tani ze wzgl\u0119du na sw\u00f3j charyzmat i rol\u0119 w obaleniu komunizmu. Inni, jak \u015bw. Pius X, byli czczeni za obron\u0119 ortodoksji i reform\u0119 liturgiczn\u0105. Ka\u017cdy pontyfikat jest odzwierciedleniem potrzeb swoich czas\u00f3w i sposobu, w jaki Duch \u015awi\u0119ty dzia\u0142a poprzez cz\u0142owiecze\u0144stwo papie\u017ca.<\/p>\n\n\n\n<h3 class=\"wp-block-heading\"><strong>Zmierzch pontyfikatu: Czas refleksji i wdzi\u0119czno\u015bci<\/strong><\/h3>\n\n\n\n<p>Kiedy papie\u017c zbli\u017ca si\u0119 do ko\u0144ca swojego \u017cycia, wierni naturalnie odczuwaj\u0105 mieszank\u0119 emocji: smutek, wdzi\u0119czno\u015b\u0107, niepewno\u015b\u0107 i nadziej\u0119. To czas, aby przypomnie\u0107 sobie jego nauczanie, gesty mi\u0142o\u015bci i s\u0142u\u017cb\u0119 Ko\u015bcio\u0142owi. To tak\u017ce moment refleksji nad znaczeniem papiestwa w naszym duchowym \u017cyciu.<\/p>\n\n\n\n<p>Papie\u017c nie jest tylko przyw\u00f3dc\u0105 politycznym czy moralnym; jest przede wszystkim pasterzem prowadz\u0105cym swoj\u0105 owczarni\u0119 do Chrystusa. Jego \u015bmier\u0107 przypomina nam, \u017ce wszyscy jeste\u015bmy pielgrzymami na tej ziemi, zd\u0105\u017caj\u0105cymi do ojczyzny niebieskiej. Jak napisa\u0142 \u015bw. Pawe\u0142: <strong>\u201eDla mnie bowiem \u017cy\u0107 \u2013 to Chrystus, a umrze\u0107 \u2013 to zysk\u201d<\/strong> (Flp 1,21). \u015amier\u0107 papie\u017ca zach\u0119ca nas do kontemplacji w\u0142asnej \u015bmiertelno\u015bci i do ponownego zaufania obietnicy zmartwychwstania.<\/p>\n\n\n\n<h3 class=\"wp-block-heading\"><strong>Obecny stan: Ko\u015bci\u00f3\u0142 w czasie przej\u015bcia<\/strong><\/h3>\n\n\n\n<p>We wsp\u00f3\u0142czesnym \u015bwiecie \u015bmier\u0107 papie\u017ca mo\u017ce budzi\u0107 pytania i obawy dotycz\u0105ce przysz\u0142o\u015bci Ko\u015bcio\u0142a. W \u015bwiecie naznaczonym sekularyzacj\u0105, polaryzacj\u0105 i kryzysem wiary rola papie\u017ca jako jednoczyciela i duchowego przewodnika jest wa\u017cniejsza ni\u017c kiedykolwiek. Jednak historia uczy nas, \u017ce Ko\u015bci\u00f3\u0142 nie zale\u017cy od jednego cz\u0142owieka, lecz od Chrystusa, swojego Za\u0142o\u017cyciela. Jak powiedzia\u0142 sam Jezus: <strong>\u201eA oto Ja jestem z wami przez wszystkie dni, a\u017c do sko\u0144czenia \u015bwiata\u201d<\/strong> (Mt 28,20).<\/p>\n\n\n\n<p>Proces wyboru nowego papie\u017ca, czyli konklawe, przypomina nam, \u017ce Ko\u015bci\u00f3\u0142 jest zar\u00f3wno instytucj\u0105 Bo\u017c\u0105, jak i ludzk\u0105. Kardyna\u0142owie, zgromadzeni na modlitwie, szukaj\u0105 prowadzenia Ducha \u015awi\u0119tego, aby wybra\u0107 nast\u0119pc\u0119 Piotra. Ten proces, cho\u0107 owiany tajemnic\u0105, jest \u015bwiadectwem wiary Ko\u015bcio\u0142a w Bo\u017c\u0105 opatrzno\u015b\u0107.<\/p>\n\n\n\n<h3 class=\"wp-block-heading\"><strong>Duchowe i emocjonalne znaczenie: Wezwanie do jedno\u015bci i nadziei<\/strong><\/h3>\n\n\n\n<p>\u015amier\u0107 papie\u017ca jest momentem, kt\u00f3ry jednoczy katolik\u00f3w na ca\u0142ym \u015bwiecie w modlitwie i solidarno\u015bci. To czas, aby przypomnie\u0107 sobie, \u017ce cho\u0107 ziemscy przyw\u00f3dcy przemijaj\u0105, \u015bwiat\u0142o Chrystusa pozostaje. Jest to tak\u017ce chwila, aby na nowo podj\u0105\u0107 nasze zobowi\u0105zanie do wiary i misji Ko\u015bcio\u0142a.<\/p>\n\n\n\n<p>W tym kontek\u015bcie warto przypomnie\u0107 sobie s\u0142owa Soboru Watyka\u0144skiego II: <strong>\u201eKo\u015bci\u00f3\u0142 jest w Chrystusie jakby sakramentem, czyli znakiem i narz\u0119dziem wewn\u0119trznego zjednoczenia z Bogiem oraz jedno\u015bci ca\u0142ego rodzaju ludzkiego\u201d<\/strong> (Lumen Gentium, 1). \u015amier\u0107 papie\u017ca nie jest ko\u0144cem, ale nowym pocz\u0105tkiem \u2013 okazj\u0105 do odnowy Ko\u015bcio\u0142a i kontynuowania jego misji g\u0142oszenia Ewangelii na ca\u0142ym \u015bwiecie.<\/p>\n\n\n\n<h3 class=\"wp-block-heading\"><strong>Podsumowanie: \u015awiat\u0142o, kt\u00f3re nigdy nie ga\u015bnie<\/strong><\/h3>\n\n\n\n<p>Kiedy ga\u015bnie \u015bwiat\u0142o papie\u017ca, nie pozostajemy w ciemno\u015bci. \u015awiat\u0142o Chrystusa, kt\u00f3re \u015bwieci przez Jego Ko\u015bci\u00f3\u0142, nadal nas prowadzi. \u015amier\u0107 papie\u017ca przypomina nam, \u017ce nasza wiara nie opiera si\u0119 na ludziach, lecz na Chrystusie, kamieniu w\u0119gielnym. To moment, by zaufa\u0107 obietnicy Jezusa: <strong>\u201eBramy piekielne go nie przemog\u0105\u201d<\/strong> (Mt 16,18).<\/p>\n\n\n\n<p>W tym czasie przej\u015bcia pro\u015bmy Ducha \u015awi\u0119tego, aby prowadzi\u0142 Ko\u015bci\u00f3\u0142 i obdarzy\u0142 nas \u0142ask\u0105 \u017cycia w nadziei i wierze. Niech przyk\u0142ad odchodz\u0105cego papie\u017ca zainspiruje nas do bycia \u015bwiadkami mi\u0142o\u015bci Chrystusa w \u015bwiecie. A kiedy spogl\u0105damy w przysz\u0142o\u015b\u0107, pami\u0119tajmy, \u017ce \u015bwiat\u0142o wiary nigdy nie ga\u015bnie, poniewa\u017c jest to \u015bwiat\u0142o Chrystusa, kt\u00f3re o\u015bwieca ka\u017cdego cz\u0142owieka.<\/p>\n\n\n\n<p><strong>\u201eJa jestem \u015bwiat\u0142o\u015bci\u0105 \u015bwiata. Kto idzie za Mn\u0105, nie b\u0119dzie chodzi\u0142 w ciemno\u015bci, lecz b\u0119dzie mia\u0142 \u015bwiat\u0142o \u017cycia\u201d<\/strong> (J 8,12).<\/p>\n","protected":false},"excerpt":{"rendered":"<p>W \u017cyciu Ko\u015bcio\u0142a katolickiego niewiele moment\u00f3w jest tak g\u0142\u0119boko poruszaj\u0105cych i teologicznie donios\u0142ych jak zmierzch pontyfikatu papie\u017ca. To chwila, kt\u00f3ra zaprasza do refleksji, modlitwy i g\u0142\u0119bokiego poczucia jedno\u015bci z histori\u0105 i tradycj\u0105 wiary. Kiedy ga\u015bnie \u015bwiat\u0142o papie\u017ca, nie tylko zamyka si\u0119 rozdzia\u0142 w \u017cyciu Ko\u015bcio\u0142a, ale tak\u017ce otwiera si\u0119 okno ku wieczno\u015bci, przypominaj\u0105c nam, \u017ce &hellip;<\/p>\n","protected":false},"author":3,"featured_media":2304,"comment_status":"open","ping_status":"open","sticky":false,"template":"","format":"standard","meta":{"_seopress_robots_primary_cat":"","_seopress_titles_title":"","_seopress_titles_desc":"","_seopress_robots_index":"","footnotes":""},"categories":[67,41],"tags":[],"class_list":["post-2303","post","type-post","status-publish","format-standard","has-post-thumbnail","","category-swiadectwa-wiary","category-wiara-i-kultura"],"_links":{"self":[{"href":"https:\/\/catholicus.eu\/pl\/wp-json\/wp\/v2\/posts\/2303","targetHints":{"allow":["GET"]}}],"collection":[{"href":"https:\/\/catholicus.eu\/pl\/wp-json\/wp\/v2\/posts"}],"about":[{"href":"https:\/\/catholicus.eu\/pl\/wp-json\/wp\/v2\/types\/post"}],"author":[{"embeddable":true,"href":"https:\/\/catholicus.eu\/pl\/wp-json\/wp\/v2\/users\/3"}],"replies":[{"embeddable":true,"href":"https:\/\/catholicus.eu\/pl\/wp-json\/wp\/v2\/comments?post=2303"}],"version-history":[{"count":1,"href":"https:\/\/catholicus.eu\/pl\/wp-json\/wp\/v2\/posts\/2303\/revisions"}],"predecessor-version":[{"id":2305,"href":"https:\/\/catholicus.eu\/pl\/wp-json\/wp\/v2\/posts\/2303\/revisions\/2305"}],"wp:featuredmedia":[{"embeddable":true,"href":"https:\/\/catholicus.eu\/pl\/wp-json\/wp\/v2\/media\/2304"}],"wp:attachment":[{"href":"https:\/\/catholicus.eu\/pl\/wp-json\/wp\/v2\/media?parent=2303"}],"wp:term":[{"taxonomy":"category","embeddable":true,"href":"https:\/\/catholicus.eu\/pl\/wp-json\/wp\/v2\/categories?post=2303"},{"taxonomy":"post_tag","embeddable":true,"href":"https:\/\/catholicus.eu\/pl\/wp-json\/wp\/v2\/tags?post=2303"}],"curies":[{"name":"wp","href":"https:\/\/api.w.org\/{rel}","templated":true}]}}