{"id":2262,"date":"2025-02-13T19:03:48","date_gmt":"2025-02-13T18:03:48","guid":{"rendered":"https:\/\/catholicus.eu\/pl\/?p=2262"},"modified":"2026-05-07T23:45:05","modified_gmt":"2026-05-07T21:45:05","slug":"tajemnica-objawien-maryjnych-jak-kosciol-weryfikuje-ich-autentycznosc","status":"publish","type":"post","link":"https:\/\/catholicus.eu\/pl\/tajemnica-objawien-maryjnych-jak-kosciol-weryfikuje-ich-autentycznosc\/","title":{"rendered":"Tajemnica Objawie\u0144 Maryjnych: Jak Ko\u015bci\u00f3\u0142 Weryfikuje Ich Autentyczno\u015b\u0107?"},"content":{"rendered":"\n<p class=\"wp-block-paragraph\">Objawienia Maryjne od wiek\u00f3w fascynuj\u0105 i inspiruj\u0105 wiernych. Od Guadalupe po Lourdes i Fatim\u0119 \u2013 te niezwyk\u0142e wydarzenia odcisn\u0119\u0142y pi\u0119tno na historii Ko\u015bcio\u0142a i sta\u0142y si\u0119 \u017ar\u00f3d\u0142em nawr\u00f3ce\u0144, uzdrowie\u0144 oraz duchowej odnowy. Ale w jaki spos\u00f3b Ko\u015bci\u00f3\u0142 okre\u015bla autentyczno\u015b\u0107 objawienia Maryjnego? W tym artykule przyjrzymy si\u0119 rygorystycznemu procesowi rozeznawania takich wydarze\u0144, ich znaczeniu teologicznemu oraz temu, jak mo\u017cemy zastosowa\u0107 ich przes\u0142anie w codziennym \u017cyciu.<\/p>\n\n\n\n<h3 class=\"wp-block-heading\"><strong>Znaczenie Objawie\u0144 Maryjnych<\/strong><\/h3>\n\n\n\n<p class=\"wp-block-paragraph\">Objawienia Maryjne to nadprzyrodzone ukazania si\u0119 Matki Bo\u017cej w okre\u015blonym czasie i miejscu, zwykle po\u0142\u0105czone z przekazem skierowanym do ludzko\u015bci. W historii objawienia te prowadzi\u0142y do wzrostu pobo\u017cno\u015bci, nawr\u00f3cenia grzesznik\u00f3w i umocnienia wiary wierz\u0105cych.<\/p>\n\n\n\n<p class=\"wp-block-paragraph\">Przyk\u0142adem jest objawienie Matki Bo\u017cej z Guadalupe w 1531 roku \u015bw. Juanowi Diego w Meksyku, kt\u00f3re przyczyni\u0142o si\u0119 do ewangelizacji milion\u00f3w rdzennych mieszka\u0144c\u00f3w. Innym wa\u017cnym przypadkiem s\u0105 objawienia Matki Bo\u017cej z Lourdes w 1858 roku \u015bw. Bernadetcie Soubirous, kt\u00f3re ujawni\u0142y tytu\u0142 Maryi jako \u201eNiepokalane Pocz\u0119cie\u201d i doprowadzi\u0142y do powstania jednego z najwi\u0119kszych sanktuari\u00f3w pielgrzymkowych na \u015bwiecie.<\/p>\n\n\n\n<h3 class=\"wp-block-heading\"><strong>Kryteria Rozeznawania Autentyczno\u015bci<\/strong><\/h3>\n\n\n\n<p class=\"wp-block-paragraph\">Poniewa\u017c nie wszystkie domniemane objawienia s\u0105 autentyczne, Ko\u015bci\u00f3\u0142 stosuje skrupulatny i rygorystyczny proces weryfikacji. Opiera si\u0119 on na kilku kluczowych kryteriach:<\/p>\n\n\n\n<ul class=\"wp-block-list\">\n<li><strong>Zgodno\u015b\u0107 z doktryn\u0105 katolick\u0105<\/strong> \u2013 Przekaz objawienia nie mo\u017ce przeczy\u0107 Pismu \u015awi\u0119temu ani Tradycji Ko\u015bcio\u0142a. Je\u015bli zostanie wykryty b\u0142\u0105d lub herezja, objawienie zostaje odrzucone.<\/li>\n\n\n\n<li><strong>Charakter nadprzyrodzony<\/strong> \u2013 Objawienie powinno zawiera\u0107 znaki przekraczaj\u0105ce naturalne lub psychologiczne wyja\u015bnienia, takie jak cuda, niezwyk\u0142e nawr\u00f3cenia czy zjawiska wykraczaj\u0105ce poza prawa natury.<\/li>\n\n\n\n<li><strong>Owoce duchowe<\/strong> \u2013 Jezus powiedzia\u0142: \u201ePo owocach poznacie ich\u201d (Mt 7,16). Autentyczne objawienie przynosi owoce nawr\u00f3cenia, wzrostu wiary, powo\u0142a\u0144 zakonnych i intensyfikacji \u017cycia modlitewnego.<\/li>\n\n\n\n<li><strong>Wiarygodno\u015b\u0107 wizjoner\u00f3w<\/strong> \u2013 Ko\u015bci\u00f3\u0142 bada moralne, psychologiczne i duchowe \u017cycie os\u00f3b twierdz\u0105cych, \u017ce otrzyma\u0142y objawienie, aby upewni\u0107 si\u0119, \u017ce s\u0105 to osoby wierz\u0105ce, pokorne i wolne od osobistych ambicji.<\/li>\n\n\n\n<li><strong>Brak b\u0142\u0119d\u00f3w i manipulacji<\/strong> \u2013 Je\u015bli zostanie wykryte oszustwo, manipulacja lub interes finansowy, objawienie zostaje zdyskwalifikowane.<\/li>\n<\/ul>\n\n\n\n<h3 class=\"wp-block-heading\"><strong>Proces Badania Objawienia<\/strong><\/h3>\n\n\n\n<p class=\"wp-block-paragraph\">Ocena objawienia Maryjnego przebiega wed\u0142ug rygorystycznego procesu prowadzonego przez Ko\u015bci\u00f3\u0142 lokalny pod nadzorem biskupa diecezjalnego. Proces ten obejmuje:<\/p>\n\n\n\n<ol class=\"wp-block-list\">\n<li><strong>Wst\u0119pne dochodzenie<\/strong> \u2013 Analiza \u015bwiadectw, rozmowy z wizjonerami oraz badanie ewentualnych dowod\u00f3w fizycznych, takich jak cuda czy stygmaty.<\/li>\n\n\n\n<li><strong>Komisja teologiczna i naukowa<\/strong> \u2013 Zesp\u00f3\u0142 ekspert\u00f3w z zakresu teologii, medycyny i psychologii dokonuje oceny wydarze\u0144.<\/li>\n\n\n\n<li><strong>Analiza przekazu<\/strong> \u2013 Weryfikacja ortodoksji przekazanych or\u0119dzi i ich zgodno\u015bci z wiar\u0105 katolick\u0105.<\/li>\n\n\n\n<li><strong>Konsultacja ze Stolic\u0105 Apostolsk\u0105<\/strong> \u2013 W przypadkach o du\u017cym znaczeniu Kongregacja Nauki Wiary mo\u017ce interweniowa\u0107 i wyda\u0107 ostateczny os\u0105d.<\/li>\n<\/ol>\n\n\n\n<p class=\"wp-block-paragraph\">Biskup mo\u017ce wyda\u0107 jedno z trzech orzecze\u0144:<\/p>\n\n\n\n<ul class=\"wp-block-list\">\n<li><strong>Jest pochodzenia nadprzyrodzonego<\/strong> (autentyczne).<\/li>\n\n\n\n<li><strong>Nie jest potwierdzone jako nadprzyrodzone<\/strong> (autentyczno\u015b\u0107 nie jest zweryfikowana, ale objawienie nie jest pot\u0119pione).<\/li>\n\n\n\n<li><strong>Nie jest pochodzenia nadprzyrodzonego<\/strong> (fa\u0142szywe lub oszuka\u0144cze).<\/li>\n<\/ul>\n\n\n\n<h3 class=\"wp-block-heading\"><strong>Znaczenie Teologiczne i Duchowe<\/strong><\/h3>\n\n\n\n<p class=\"wp-block-paragraph\">Objawienia Maryjne przypominaj\u0105 nam o mi\u0142o\u015bci Boga i szczeg\u00f3lnej misji Maryi w historii zbawienia, wzywaj\u0105c nas do nawr\u00f3cenia, modlitwy i ufno\u015bci w Bo\u017c\u0105 Opatrzno\u015b\u0107.<\/p>\n\n\n\n<p class=\"wp-block-paragraph\">Jednym z g\u0142\u00f3wnych przes\u0142a\u0144 objawie\u0144 jest wezwanie do odmawiania R\u00f3\u017ca\u0144ca, pokuty i osobistego nawr\u00f3cenia. Matka Bo\u017ca w Fatimie powiedzia\u0142a: <strong>\u201eOdmawiajcie codziennie R\u00f3\u017caniec, aby uzyska\u0107 pok\u00f3j na \u015bwiecie\u201d<\/strong>. Te wskaz\u00f3wki s\u0105 niezwykle istotne w dzisiejszym \u015bwiecie, coraz bardziej oddalaj\u0105cym si\u0119 od Boga.<\/p>\n\n\n\n<h3 class=\"wp-block-heading\"><strong>Jak Wprowadzi\u0107 Te Nauki w \u017bycie Codzienne?<\/strong><\/h3>\n\n\n\n<ul class=\"wp-block-list\">\n<li><strong>Pog\u0142\u0119bianie nabo\u017ce\u0144stwa do Maryi<\/strong> \u2013 Powierzmy si\u0119 Matce Bo\u017cej jako naszej or\u0119downiczce.<\/li>\n\n\n\n<li><strong>Modlitwa R\u00f3\u017ca\u0144cowa<\/strong> \u2013 Ta modlitwa umacnia wiar\u0119 i zbli\u017ca nas do Boga.<\/li>\n\n\n\n<li><strong>D\u0105\u017cenie do osobistego nawr\u00f3cenia<\/strong> \u2013 \u017byjmy zgodnie z przykazaniami i Ewangeli\u0105.<\/li>\n\n\n\n<li><strong>Praktykowanie pokuty i ofiary<\/strong> \u2013 Ma\u0142e akty mi\u0142o\u015bci i wyrzeczenia wynagradzaj\u0105 grzechy \u015bwiata.<\/li>\n<\/ul>\n\n\n\n<h3 class=\"wp-block-heading\"><strong>Wnioski<\/strong><\/h3>\n\n\n\n<p class=\"wp-block-paragraph\">Objawienia Maryjne s\u0105 darem Boga dla naszych czas\u00f3w. Chocia\u017c Ko\u015bci\u00f3\u0142 stosuje rygorystyczny proces rozeznania ich autentyczno\u015bci, przes\u0142anie Maryi pozostaje jasne: modlitwa, nawr\u00f3cenie i ufno\u015b\u0107 w Boga. Jak powiedzia\u0142a Maryja w Kanie Galilejskiej: <strong>\u201eZr\u00f3bcie wszystko, cokolwiek wam powie\u201d<\/strong> (J 2,5). Na\u015bladujmy jej przyk\u0142ad i \u017cyjmy w wierze.<\/p>\n\n\n\n<h2 class=\"wp-block-heading\">Wa\u017cna aktualizacja: nowe normy Watykanu dotycz\u0105ce objawie\u0144 maryjnych (2024)<\/h2>\n\n\n\n<p class=\"wp-block-paragraph\">Przez dziesi\u0119ciolecia Ko\u015bci\u00f3\u0142 katolicki stosowa\u0142 stosunkowo prosty system rozeznawania autentyczno\u015bci objawie\u0144 maryjnych i innych zjawisk nadprzyrodzonych. Tradycyjnie dochodzenia ko\u0144czy\u0142y si\u0119 jedn\u0105 z trzech formu\u0142:<\/p>\n\n\n\n<ul class=\"wp-block-list\">\n<li><em>Constat de supernaturalitate<\/em> (\u201estwierdza si\u0119 nadprzyrodzony charakter zjawiska\u201d)<\/li>\n\n\n\n<li><em>Non constat de supernaturalitate<\/em> (\u201enie stwierdza si\u0119 nadprzyrodzonego charakteru zjawiska\u201d)<\/li>\n\n\n\n<li><em>Constat de non supernaturalitate<\/em> (\u201estwierdza si\u0119 brak nadprzyrodzonego charakteru zjawiska\u201d)<\/li>\n<\/ul>\n\n\n\n<p class=\"wp-block-paragraph\">Jednak system ten zosta\u0142 gruntownie zmieniony przez Watykan w maju 2024 roku, kiedy Dicasterio para la Doctrina de la Fe opublikowa\u0142a nowe normy dotycz\u0105ce rozeznawania zjawisk nadprzyrodzonych.<\/p>\n\n\n\n<p class=\"wp-block-paragraph\">Wytyczne te zast\u0119puj\u0105 dawny system sze\u015bcioma mo\u017cliwymi decyzjami duszpasterskimi, znacznie bardziej zniuansowanymi i ostro\u017cnymi w swoim podej\u015bciu.<\/p>\n\n\n\n<h3 class=\"wp-block-heading\">Sze\u015b\u0107 nowych kategorii rozeznania ko\u015bcielnego<\/h3>\n\n\n\n<h4 class=\"wp-block-heading\">1. <em>Nihil obstat<\/em><\/h4>\n\n\n\n<p class=\"wp-block-paragraph\">Dos\u0142ownie oznacza \u201enic nie stoi na przeszkodzie\u201d. Nie jest to oficjalne uznanie nadprzyrodzono\u015bci, ale stwierdza, \u017ce dane zjawisko mo\u017ce przynosi\u0107 autentyczne owoce duchowe oraz pozwala na publiczny kult lub nabo\u017ce\u0144stwo zwi\u0105zane z nim.<\/p>\n\n\n\n<h4 class=\"wp-block-heading\">2. <em>Prae oculis habeatur<\/em><\/h4>\n\n\n\n<p class=\"wp-block-paragraph\">Wyra\u017cenie to mo\u017cna przet\u0142umaczy\u0107 jako \u201enale\u017cy pozostawi\u0107 pod obserwacj\u0105\u201d. Stosuje si\u0119 je wtedy, gdy istniej\u0105 istotne elementy pozytywne, ale r\u00f3wnie\u017c pewne aspekty wymagaj\u0105ce dalszej czujno\u015bci duszpasterskiej.<\/p>\n\n\n\n<h4 class=\"wp-block-heading\">3. <em>Curatur<\/em><\/h4>\n\n\n\n<p class=\"wp-block-paragraph\">Oznacza, \u017ce zjawisko wymaga szczeg\u00f3lnej opieki duszpasterskiej z powodu mo\u017cliwych zagro\u017ce\u0144, zamieszania lub duchowych nadu\u017cy\u0107.<\/p>\n\n\n\n<h4 class=\"wp-block-heading\">4. <em>Sub mandato<\/em><\/h4>\n\n\n\n<p class=\"wp-block-paragraph\">W tym przypadku Watykan powierza rozeznanie lub kierownictwo duszpasterskie nad zjawiskiem specjalnie wyznaczonej w\u0142adzy ko\u015bcielnej.<\/p>\n\n\n\n<h4 class=\"wp-block-heading\">5. <em>Prohibetur et impeditur<\/em><\/h4>\n\n\n\n<p class=\"wp-block-paragraph\">Zak\u0142ada bardziej zdecydowan\u0105 interwencj\u0119 w\u0142adz ko\u015bcielnych, ograniczaj\u0105c\u0105 lub zakazuj\u0105c\u0105 pewnych dzia\u0142a\u0144 zwi\u0105zanych ze zjawiskiem z powod\u00f3w doktrynalnych, duszpasterskich lub dyscyplinarnych.<\/p>\n\n\n\n<h4 class=\"wp-block-heading\">6. <em>Declaratio de non supernaturalitate<\/em><\/h4>\n\n\n\n<p class=\"wp-block-paragraph\">Jest to jedyna formu\u0142a stanowi\u0105ca wyra\u017any negatywny os\u0105d dotycz\u0105cy nadprzyrodzonego charakteru zjawiska.<\/p>\n\n\n\n<h2 class=\"wp-block-heading\">Wa\u017cna zmiana: ostro\u017cno\u015b\u0107 przed ostatecznymi deklaracjami<\/h2>\n\n\n\n<p class=\"wp-block-paragraph\">Jednym z najwa\u017cniejszych aspekt\u00f3w nowych norm jest to, \u017ce Ko\u015bci\u00f3\u0142 nie d\u0105\u017cy ju\u017c do szybkiego og\u0142aszania, i\u017c dane objawienie jest \u201enadprzyrodzone\u201d. Obecnie nacisk k\u0142adzie si\u0119 przede wszystkim na:<\/p>\n\n\n\n<ul class=\"wp-block-list\">\n<li>owoce duchowe,<\/li>\n\n\n\n<li>ochron\u0119 wiernych,<\/li>\n\n\n\n<li>zgodno\u015b\u0107 doktrynaln\u0105,<\/li>\n\n\n\n<li>oraz towarzyszenie duszpasterskie.<\/li>\n<\/ul>\n\n\n\n<p class=\"wp-block-paragraph\">Odzwierciedla to jeszcze wi\u0119ksz\u0105 postaw\u0119 ostro\u017cno\u015bci ze strony Ko\u015bcio\u0142a, szczeg\u00f3lnie w epoce szybkiego rozpowszechniania informacji i medi\u00f3w spo\u0142eczno\u015bciowych.<\/p>\n\n\n\n<h2 class=\"wp-block-heading\">Od <em>Constat de supernaturalitate<\/em> do rozeznania duszpasterskiego<\/h2>\n\n\n\n<p class=\"wp-block-paragraph\">Normy opublikowane w 2024 roku pokazuj\u0105 r\u00f3wnie\u017c zmian\u0119 podej\u015bcia teologicznego i duszpasterskiego. Zamiast koncentrowa\u0107 si\u0119 wy\u0142\u0105cznie na ustaleniu, czy dane zjawisko pochodzi bezpo\u015brednio z Nieba, rozeznanie ko\u015bcielne zwraca obecnie wi\u0119ksz\u0105 uwag\u0119 na:<\/p>\n\n\n\n<ul class=\"wp-block-list\">\n<li>zgodno\u015b\u0107 doktrynaln\u0105 przes\u0142ania,<\/li>\n\n\n\n<li>duchowe dobro wiernych,<\/li>\n\n\n\n<li>brak manipulacji,<\/li>\n\n\n\n<li>r\u00f3wnowag\u0119 psychiczn\u0105 domniemanych wizjoner\u00f3w,<\/li>\n\n\n\n<li>oraz owoce nawr\u00f3cenia, modlitwy i mi\u0142o\u015bci bli\u017aniego.<\/li>\n<\/ul>\n\n\n\n<p class=\"wp-block-paragraph\">Nie oznacza to, \u017ce Ko\u015bci\u00f3\u0142 przesta\u0142 wierzy\u0107 w autentyczne objawienia maryjne. Wr\u0119cz przeciwnie: pokazuje to ogromn\u0105 powag\u0119, z jak\u0105 Ko\u015bci\u00f3\u0142 traktuje wszystko, co dotyczy mo\u017cliwych interwencji nadprzyrodzonych.<\/p>\n\n\n\n<blockquote class=\"wp-block-quote is-layout-flow wp-block-quote-is-layout-flow\">\n<p class=\"wp-block-paragraph\"><strong>Nota aktualizacyjna (2026):<\/strong> Ten artyku\u0142 zosta\u0142 zaktualizowany w celu uwzgl\u0119dnienia nowych norm opublikowanych przez Dykasteri\u0119 Nauki Wiary w maju 2024 roku dotycz\u0105cych rozeznawania zjawisk nadprzyrodzonych.<\/p>\n<\/blockquote>\n","protected":false},"excerpt":{"rendered":"<p>Objawienia Maryjne od wiek\u00f3w fascynuj\u0105 i inspiruj\u0105 wiernych. Od Guadalupe po Lourdes i Fatim\u0119 \u2013 te niezwyk\u0142e wydarzenia odcisn\u0119\u0142y pi\u0119tno na historii Ko\u015bcio\u0142a i sta\u0142y si\u0119 \u017ar\u00f3d\u0142em nawr\u00f3ce\u0144, uzdrowie\u0144 oraz duchowej odnowy. Ale w jaki spos\u00f3b Ko\u015bci\u00f3\u0142 okre\u015bla autentyczno\u015b\u0107 objawienia Maryjnego? W tym artykule przyjrzymy si\u0119 rygorystycznemu procesowi rozeznawania takich wydarze\u0144, ich znaczeniu teologicznemu oraz &hellip;<\/p>\n","protected":false},"author":3,"featured_media":2263,"comment_status":"open","ping_status":"open","sticky":false,"template":"","format":"standard","meta":{"_seopress_titles_title":"","_seopress_titles_desc":"","_seopress_robots_index":"","_seopress_robots_follow":"","_seopress_robots_imageindex":"","_seopress_robots_snippet":"","_seopress_robots_primary_cat":"","_seopress_robots_breadcrumbs":"","_seopress_robots_freeze_modified_date":"","_seopress_robots_custom_modified_date":"","_seopress_robots_canonical":"","_seopress_social_fb_title":"","_seopress_social_fb_desc":"","_seopress_social_fb_img":"","_seopress_social_fb_img_attachment_id":0,"_seopress_social_fb_img_width":0,"_seopress_social_fb_img_height":0,"_seopress_social_twitter_title":"","_seopress_social_twitter_desc":"","_seopress_social_twitter_img":"","_seopress_social_twitter_img_attachment_id":0,"_seopress_social_twitter_img_width":0,"_seopress_social_twitter_img_height":0,"_seopress_redirections_value":"","_seopress_redirections_enabled":"","_seopress_redirections_enabled_regex":"","_seopress_redirections_logged_status":"","_seopress_redirections_param":"","_seopress_redirections_type":0,"_seopress_analysis_target_kw":"","footnotes":""},"categories":[40,60],"tags":[490],"class_list":["post-2262","post","type-post","status-publish","format-standard","has-post-thumbnail","","category-modlitwa-i-duchowosc","category-nabozenstwa-maryjne","tag-objawien-maryjnych"],"_links":{"self":[{"href":"https:\/\/catholicus.eu\/pl\/wp-json\/wp\/v2\/posts\/2262","targetHints":{"allow":["GET"]}}],"collection":[{"href":"https:\/\/catholicus.eu\/pl\/wp-json\/wp\/v2\/posts"}],"about":[{"href":"https:\/\/catholicus.eu\/pl\/wp-json\/wp\/v2\/types\/post"}],"author":[{"embeddable":true,"href":"https:\/\/catholicus.eu\/pl\/wp-json\/wp\/v2\/users\/3"}],"replies":[{"embeddable":true,"href":"https:\/\/catholicus.eu\/pl\/wp-json\/wp\/v2\/comments?post=2262"}],"version-history":[{"count":2,"href":"https:\/\/catholicus.eu\/pl\/wp-json\/wp\/v2\/posts\/2262\/revisions"}],"predecessor-version":[{"id":5930,"href":"https:\/\/catholicus.eu\/pl\/wp-json\/wp\/v2\/posts\/2262\/revisions\/5930"}],"wp:featuredmedia":[{"embeddable":true,"href":"https:\/\/catholicus.eu\/pl\/wp-json\/wp\/v2\/media\/2263"}],"wp:attachment":[{"href":"https:\/\/catholicus.eu\/pl\/wp-json\/wp\/v2\/media?parent=2262"}],"wp:term":[{"taxonomy":"category","embeddable":true,"href":"https:\/\/catholicus.eu\/pl\/wp-json\/wp\/v2\/categories?post=2262"},{"taxonomy":"post_tag","embeddable":true,"href":"https:\/\/catholicus.eu\/pl\/wp-json\/wp\/v2\/tags?post=2262"}],"curies":[{"name":"wp","href":"https:\/\/api.w.org\/{rel}","templated":true}]}}