{"id":2216,"date":"2025-02-11T13:01:02","date_gmt":"2025-02-11T12:01:02","guid":{"rendered":"https:\/\/catholicus.eu\/pl\/?p=2216"},"modified":"2025-02-11T14:56:03","modified_gmt":"2025-02-11T13:56:03","slug":"7-najwazniejszych-pielgrzymek-katolickich-drogi-wiary-i-nawrocenia","status":"publish","type":"post","link":"https:\/\/catholicus.eu\/pl\/7-najwazniejszych-pielgrzymek-katolickich-drogi-wiary-i-nawrocenia\/","title":{"rendered":"7 Najwa\u017cniejszych Pielgrzymek Katolickich: Drogi Wiary i Nawr\u00f3cenia"},"content":{"rendered":"\n<p>Od czas\u00f3w biblijnych pielgrzymowanie by\u0142o namacalnym wyrazem poszukiwania Boga. W tradycji katolickiej podj\u0119cie takiej podr\u00f3\u017cy to nie tylko wyprawa fizyczna, ale przede wszystkim akt nawr\u00f3cenia, ofiary i spotkania z Panem.<\/p>\n\n\n\n<p>Dzi\u015b, gdy \u015bwiat zmaga si\u0119 z kryzysem wiary i duchowo\u015bci, odkrycie na nowo pielgrzymek mo\u017ce sta\u0107 si\u0119 \u017ar\u00f3d\u0142em wewn\u0119trznej odnowy i \u015bwiadectwem mi\u0142o\u015bci do Boga. Zapraszamy do poznania siedmiu najwa\u017cniejszych pielgrzymek katolickich na \u015bwiecie \u2013 ka\u017cda z nich ma swoj\u0105 histori\u0119, przes\u0142anie i \u0142ask\u0119 dla tych, kt\u00f3rzy je podejm\u0105.<\/p>\n\n\n\n<h3 class=\"wp-block-heading\">1. Rzym i Watykan (W\u0142ochy) \u2013 Serce Katolicyzmu<\/h3>\n\n\n\n<p>\ud83d\udccd <strong>Sanktuarium:<\/strong> Bazylika \u015bw. Piotra i Bazyliki Wi\u0119ksze<br>\ud83d\udcc5 <strong>Kluczowa data:<\/strong> przez ca\u0142y rok, zw\u0142aszcza w latach jubileuszowych<\/p>\n\n\n\n<p>Rzym jest najwa\u017cniejszym celem pielgrzymek dla katolik\u00f3w, poniewa\u017c to tam znajduje si\u0119 siedziba papie\u017ca i miejsca m\u0119cze\u0144stwa aposto\u0142\u00f3w \u015bw. Piotra i \u015bw. Paw\u0142a. Do najcz\u0119\u015bciej odwiedzanych miejsc nale\u017c\u0105:<\/p>\n\n\n\n<ul class=\"wp-block-list\">\n<li>Bazylika \u015bw. Piotra, gdzie znajduje si\u0119 gr\u00f3b \u015bw. Piotra,<\/li>\n\n\n\n<li>Bazylika \u015bw. Jana na Lateranie \u2013 katedra Rzymu,<\/li>\n\n\n\n<li>Bazylika \u015bw. Paw\u0142a za Murami \u2013 miejsce poch\u00f3wku \u015bw. Paw\u0142a,<\/li>\n\n\n\n<li>\u015awi\u0119te Schody, kt\u00f3re wed\u0142ug tradycji pochodz\u0105 z pretorium Poncjusza Pi\u0142ata.<\/li>\n<\/ul>\n\n\n\n<p>Podczas lat jubileuszowych pielgrzymi mog\u0105 uzyska\u0107 odpust zupe\u0142ny, przechodz\u0105c przez \u015awi\u0119te Drzwi czterech bazylik wi\u0119kszych.<\/p>\n\n\n\n<h3 class=\"wp-block-heading\">2. Santiago de Compostela (Hiszpania) \u2013 Droga Aposto\u0142a<\/h3>\n\n\n\n<p>\ud83d\udccd <strong>Sanktuarium:<\/strong> Katedra w Santiago de Compostela<br>\ud83d\udcc5 <strong>Kluczowa data:<\/strong> 25 lipca (\u015bwi\u0119to \u015bw. Jakuba Aposto\u0142a)<\/p>\n\n\n\n<p>Droga \u015bw. Jakuba to jedna z najstarszych i najbardziej czczonych pielgrzymek chrze\u015bcija\u0144skich. Od \u015bredniowiecza miliony pielgrzym\u00f3w przemierzaj\u0105 te szlaki, by odda\u0107 cze\u015b\u0107 relikwiom \u015bw. Jakuba Starszego, patrona Hiszpanii.<\/p>\n\n\n\n<p>Najpopularniejsze trasy to:<\/p>\n\n\n\n<ul class=\"wp-block-list\">\n<li>Droga Francuska (z Pirenej\u00f3w),<\/li>\n\n\n\n<li>Droga Portugalska (z Lizbony lub Porto),<\/li>\n\n\n\n<li>Droga P\u00f3\u0142nocna (wzd\u0142u\u017c wybrze\u017ca Kantabrii).<\/li>\n<\/ul>\n\n\n\n<p>Kulminacj\u0105 pielgrzymki jest przybycie do Katedry w Santiago i udzia\u0142 we Mszy dla pielgrzym\u00f3w, podczas kt\u00f3rej rozko\u0142ysany zostaje s\u0142ynny kadzielnica <strong>botafumeiro<\/strong>.<\/p>\n\n\n\n<h3 class=\"wp-block-heading\">3. Ziemia \u015awi\u0119ta (Izrael i Palestyna) \u2013 \u015aladami Jezusa<\/h3>\n\n\n\n<p>\ud83d\udccd <strong>Sanktuarium:<\/strong> Jerozolima, Betlejem, Nazaret, G\u00f3ra Synaj<br>\ud83d\udcc5 <strong>Kluczowa data:<\/strong> Wielki Tydzie\u0144 i Bo\u017ce Narodzenie<\/p>\n\n\n\n<p>Pielgrzymowanie do Ziemi \u015awi\u0119tej to jedno z najg\u0142\u0119bszych prze\u017cy\u0107 dla chrze\u015bcijanina, pozwalaj\u0105ce przej\u015b\u0107 \u015bladami Jezusa. Do najwa\u017cniejszych miejsc nale\u017c\u0105:<\/p>\n\n\n\n<ul class=\"wp-block-list\">\n<li>Bazylika Grobu \u015awi\u0119tego (miejsce ukrzy\u017cowania i zmartwychwstania Chrystusa),<\/li>\n\n\n\n<li>Droga Krzy\u017cowa (Via Dolorosa),<\/li>\n\n\n\n<li>Bazylika Narodzenia w Betlejem,<\/li>\n\n\n\n<li>G\u00f3ra Oliwna i Getsemani,<\/li>\n\n\n\n<li>Jezioro Galilejskie i G\u00f3ra Tabor.<\/li>\n<\/ul>\n\n\n\n<p>Ziemia \u015awi\u0119ta nazywana jest &#8222;Pi\u0105t\u0105 Ewangeli\u0105&#8221;, gdy\u017c odwiedzanie tych miejsc pog\u0142\u0119bia zrozumienie Biblii i wzmacnia wiar\u0119.<\/p>\n\n\n\n<h3 class=\"wp-block-heading\">4. Lourdes (Francja) \u2013 Sanktuarium Chorych<\/h3>\n\n\n\n<p>\ud83d\udccd <strong>Sanktuarium:<\/strong> Bazylika Matki Bo\u017cej z Lourdes<br>\ud83d\udcc5 <strong>Kluczowa data:<\/strong> 11 lutego (\u015bwi\u0119to Matki Bo\u017cej z Lourdes)<\/p>\n\n\n\n<p>Lourdes to najcz\u0119\u015bciej odwiedzane sanktuarium maryjne w Europie, gdzie w 1858 roku Matka Bo\u017ca objawi\u0142a si\u0119 \u015bw. Bernadecie Soubirous. Maryja wskaza\u0142a \u017ar\u00f3d\u0142o cudownej wody, przy kt\u00f3rym wielu pielgrzym\u00f3w dozna\u0142o uzdrowienia.<\/p>\n\n\n\n<p>Pielgrzymka do Lourdes obejmuje:<\/p>\n\n\n\n<ul class=\"wp-block-list\">\n<li>Modlitw\u0119 r\u00f3\u017ca\u0144cow\u0105 w Grocie Objawie\u0144,<\/li>\n\n\n\n<li>Procesje z pochodniami po zmroku,<\/li>\n\n\n\n<li>K\u0105piele w wodach \u017ar\u00f3d\u0142a.<\/li>\n<\/ul>\n\n\n\n<p>Sanktuarium to jest szczeg\u00f3lnie bliskie chorym i niepe\u0142nosprawnym, kt\u00f3rzy szukaj\u0105 tam pocieszenia.<\/p>\n\n\n\n<h3 class=\"wp-block-heading\">5. Fatima (Portugalia) \u2013 Wezwanie do Modlitwy R\u00f3\u017ca\u0144cowej<\/h3>\n\n\n\n<p>\ud83d\udccd <strong>Sanktuarium:<\/strong> Sanktuarium Matki Bo\u017cej Fatimskiej<br>\ud83d\udcc5 <strong>Kluczowa data:<\/strong> 13 maja i 13 pa\u017adziernika<\/p>\n\n\n\n<p>W 1917 roku Matka Bo\u017ca objawi\u0142a si\u0119 tr\u00f3jce dzieci \u2013 \u0141ucji, Hiacyncie i Franciszkowi \u2013 wzywaj\u0105c ludzko\u015b\u0107 do nawr\u00f3cenia, pokuty i modlitwy r\u00f3\u017ca\u0144cowej. Podczas ostatniego objawienia nast\u0105pi\u0142 cud S\u0142o\u0144ca, obserwowany przez 70 000 os\u00f3b.<\/p>\n\n\n\n<p>Pielgrzymi w Fatimie bior\u0105 udzia\u0142 w:<\/p>\n\n\n\n<ul class=\"wp-block-list\">\n<li>Modlitwie r\u00f3\u017ca\u0144cowej w Kaplicy Objawie\u0144,<\/li>\n\n\n\n<li>Procesji z pochodniami,<\/li>\n\n\n\n<li>Nawiedzeniu grob\u00f3w pastuszk\u00f3w.<\/li>\n<\/ul>\n\n\n\n<p>Fatima jest wa\u017cnym miejscem kultu, zw\u0142aszcza w kontek\u015bcie po\u015bwi\u0119cenia Rosji Niepokalanemu Sercu Maryi.<\/p>\n\n\n\n<h3 class=\"wp-block-heading\">6. Guadalupe (Meksyk) \u2013 Sanktuarium Ameryki<\/h3>\n\n\n\n<p>\ud83d\udccd <strong>Sanktuarium:<\/strong> Bazylika Matki Bo\u017cej z Guadalupe<br>\ud83d\udcc5 <strong>Kluczowa data:<\/strong> 12 grudnia (\u015bwi\u0119to Matki Bo\u017cej z Guadalupe)<\/p>\n\n\n\n<p>Sanktuarium Matki Bo\u017cej z Guadalupe jest drugim najcz\u0119\u015bciej odwiedzanym miejscem pielgrzymkowym na \u015bwiecie, po Watykanie. W 1531 roku Maryja objawi\u0142a si\u0119 \u015bw. Juanowi Diego na wzg\u00f3rzu Tepeyac, pozostawiaj\u0105c cudowny wizerunek na jego p\u0142aszczu.<\/p>\n\n\n\n<p>Co roku miliony wiernych przybywaj\u0105, by odda\u0107 cze\u015b\u0107 tej niezwyk\u0142ej ikonie, kt\u00f3ra przetrwa\u0142a pr\u00f3b\u0119 czasu i zamachy na jej zniszczenie.<\/p>\n\n\n\n<p>Pielgrzymi uczestnicz\u0105 w:<\/p>\n\n\n\n<ul class=\"wp-block-list\">\n<li>Mszach i procesjach w Bazylice,<\/li>\n\n\n\n<li>Modlitwie przy tilmie Juana Diego,<\/li>\n\n\n\n<li>Pokutnych pieszych pielgrzymkach z r\u00f3\u017cnych cz\u0119\u015bci Meksyku.<\/li>\n<\/ul>\n\n\n\n<p>Matka Bo\u017ca z Guadalupe jest Patronk\u0105 Ameryki \u0141aci\u0144skiej, a jej przes\u0142anie o jedno\u015bci i nawr\u00f3ceniu jest wci\u0105\u017c aktualne.<\/p>\n\n\n\n<h3 class=\"wp-block-heading\">7. Cz\u0119stochowa (Polska) \u2013 Czarna Madonna<\/h3>\n\n\n\n<p>\ud83d\udccd <strong>Sanktuarium:<\/strong> Klasztor na Jasnej G\u00f3rze<br>\ud83d\udcc5 <strong>Kluczowa data:<\/strong> 15 sierpnia (Uroczysto\u015b\u0107 Wniebowzi\u0119cia Naj\u015bwi\u0119tszej Maryi Panny)<\/p>\n\n\n\n<p>Sanktuarium Matki Bo\u017cej Cz\u0119stochowskiej jest duchowym sercem Polski. Wed\u0142ug tradycji obraz Czarnej Madonny namalowa\u0142 \u015bw. \u0141ukasz Ewangelista, a w XIV wieku zosta\u0142 on sprowadzony do Polski.<\/p>\n\n\n\n<p>Ka\u017cdego roku tysi\u0105ce pielgrzym\u00f3w przybywa pieszo w ramach <strong>Pielgrzymki Warszawskiej<\/strong>, pokonuj\u0105c w modlitwie ponad 200 km.<\/p>\n\n\n\n<p>To sanktuarium jest symbolem oporu i wiary, zw\u0142aszcza w czasie wojen i prze\u015bladowa\u0144 komunistycznych.<\/p>\n\n\n\n<h3 class=\"wp-block-heading\">Zako\u0144czenie: Pielgrzymowanie to Spotkanie z Bogiem<\/h3>\n\n\n\n<p>Pielgrzymki to nie tylko zwyk\u0142e podr\u00f3\u017ce, ale drogi nawr\u00f3cenia. W ka\u017cdym sanktuarium Matka Bo\u017ca i \u015bwi\u0119ci przypominaj\u0105 nam, \u017ce naszym prawdziwym celem jest Niebo.<\/p>\n\n\n\n<p>Je\u015bli kiedykolwiek poczujesz, \u017ce Twoja wiara potrzebuje odnowienia, \u017ce szukasz odpowiedzi lub chcesz do\u015bwiadczy\u0107 obecno\u015bci Boga w g\u0142\u0119bszy spos\u00f3b, to pielgrzymka mo\u017ce odmieni\u0107 Twoje \u017cycie.<\/p>\n\n\n\n<p>Kt\u00f3r\u0105 z tych pielgrzymek chcia\u0142by\u015b odby\u0107? \ud83d\ude4f\ud83d\udeb6\u200d\u2642\ufe0f\ud83c\udf0d<\/p>\n","protected":false},"excerpt":{"rendered":"<p>Od czas\u00f3w biblijnych pielgrzymowanie by\u0142o namacalnym wyrazem poszukiwania Boga. W tradycji katolickiej podj\u0119cie takiej podr\u00f3\u017cy to nie tylko wyprawa fizyczna, ale przede wszystkim akt nawr\u00f3cenia, ofiary i spotkania z Panem. Dzi\u015b, gdy \u015bwiat zmaga si\u0119 z kryzysem wiary i duchowo\u015bci, odkrycie na nowo pielgrzymek mo\u017ce sta\u0107 si\u0119 \u017ar\u00f3d\u0142em wewn\u0119trznej odnowy i \u015bwiadectwem mi\u0142o\u015bci do Boga. &hellip;<\/p>\n","protected":false},"author":3,"featured_media":2217,"comment_status":"open","ping_status":"open","sticky":false,"template":"","format":"standard","meta":{"_seopress_robots_primary_cat":"","_seopress_titles_title":"","_seopress_titles_desc":"","_seopress_robots_index":"","footnotes":""},"categories":[40,62],"tags":[475],"class_list":["post-2216","post","type-post","status-publish","format-standard","has-post-thumbnail","","category-modlitwa-i-duchowosc","category-sakramentalia-i-pielgrzymki","tag-pielgrzymek"],"_links":{"self":[{"href":"https:\/\/catholicus.eu\/pl\/wp-json\/wp\/v2\/posts\/2216","targetHints":{"allow":["GET"]}}],"collection":[{"href":"https:\/\/catholicus.eu\/pl\/wp-json\/wp\/v2\/posts"}],"about":[{"href":"https:\/\/catholicus.eu\/pl\/wp-json\/wp\/v2\/types\/post"}],"author":[{"embeddable":true,"href":"https:\/\/catholicus.eu\/pl\/wp-json\/wp\/v2\/users\/3"}],"replies":[{"embeddable":true,"href":"https:\/\/catholicus.eu\/pl\/wp-json\/wp\/v2\/comments?post=2216"}],"version-history":[{"count":2,"href":"https:\/\/catholicus.eu\/pl\/wp-json\/wp\/v2\/posts\/2216\/revisions"}],"predecessor-version":[{"id":2224,"href":"https:\/\/catholicus.eu\/pl\/wp-json\/wp\/v2\/posts\/2216\/revisions\/2224"}],"wp:featuredmedia":[{"embeddable":true,"href":"https:\/\/catholicus.eu\/pl\/wp-json\/wp\/v2\/media\/2217"}],"wp:attachment":[{"href":"https:\/\/catholicus.eu\/pl\/wp-json\/wp\/v2\/media?parent=2216"}],"wp:term":[{"taxonomy":"category","embeddable":true,"href":"https:\/\/catholicus.eu\/pl\/wp-json\/wp\/v2\/categories?post=2216"},{"taxonomy":"post_tag","embeddable":true,"href":"https:\/\/catholicus.eu\/pl\/wp-json\/wp\/v2\/tags?post=2216"}],"curies":[{"name":"wp","href":"https:\/\/api.w.org\/{rel}","templated":true}]}}