{"id":2213,"date":"2025-02-11T10:19:45","date_gmt":"2025-02-11T09:19:45","guid":{"rendered":"https:\/\/catholicus.eu\/pl\/?p=2213"},"modified":"2025-02-11T10:19:45","modified_gmt":"2025-02-11T09:19:45","slug":"droga-do-santiago-pielgrzymka-wiary-historii-i-nawrocenia","status":"publish","type":"post","link":"https:\/\/catholicus.eu\/pl\/droga-do-santiago-pielgrzymka-wiary-historii-i-nawrocenia\/","title":{"rendered":"Droga do Santiago: Pielgrzymka Wiary, Historii i Nawr\u00f3cenia"},"content":{"rendered":"\n<p>Od ponad tysi\u0105ca lat ludzie opuszczaj\u0105 swoje domy, pe\u0142ni nadziei, skruchy i oddania, by wyruszy\u0107 w jedn\u0105 z najbardziej <strong>przemieniaj\u0105cych podr\u00f3\u017cy chrze\u015bcija\u0144stwa<\/strong> \u2013 <strong>Drog\u0119 do Santiago<\/strong> (<em>Camino de Santiago<\/em>). To nie tylko szlak, ale <strong>duchowe do\u015bwiadczenie<\/strong>, kt\u00f3re mo\u017ce zmieni\u0107 \u017cycie ka\u017cdego, kto je podejmuje. W spo\u0142ecze\u0144stwie, kt\u00f3re coraz cz\u0119\u015bciej oddala si\u0119 od sacrum, Droga pozostaje <strong>znakiem \u017cywej wiary<\/strong>, przypominaj\u0105c, \u017ce nie jest ona jedynie teori\u0105, lecz <strong>drog\u0105, kt\u00f3r\u0105 trzeba przej\u015b\u0107 zar\u00f3wno fizycznie, jak i duchowo<\/strong>.<\/p>\n\n\n\n<p>W tym artykule przyjrzymy si\u0119 <strong>pocz\u0105tkom Drogi<\/strong>, jej historii i tradycji, jej znaczeniu dla Ko\u015bcio\u0142a oraz temu, jak katolik XXI wieku mo\u017ce prze\u017cy\u0107 j\u0105 jako <strong>prawdziw\u0105 pielgrzymk\u0119<\/strong>. Podzielimy si\u0119 r\u00f3wnie\u017c ciekawostkami i praktycznymi informacjami dla tych, kt\u00f3rzy chc\u0105 wyruszy\u0107 w t\u0119 podr\u00f3\u017c <strong>z sercem otwartym na \u0142ask\u0119 Bo\u017c\u0105<\/strong>.<\/p>\n\n\n\n<hr class=\"wp-block-separator has-alpha-channel-opacity\"\/>\n\n\n\n<h2 class=\"wp-block-heading\"><strong>1. Pocz\u0105tek i Duchowe Znaczenie Drogi do Santiago<\/strong><\/h2>\n\n\n\n<p>Droga do Santiago ma swoje pocz\u0105tki w kulcie <strong>\u015bwi\u0119tego Jakuba Starszego<\/strong>, jednego z dwunastu aposto\u0142\u00f3w Chrystusa. Wed\u0142ug tradycji, po <strong>Zmartwychwstaniu Pana<\/strong>, Jakub g\u0142osi\u0142 Ewangeli\u0119 w Hiszpanii, zasiewaj\u0105c ziarno wiary w ziemi, kt\u00f3ra wieki p\u00f3\u017aniej mia\u0142a sta\u0107 si\u0119 bastionem chrze\u015bcija\u0144stwa.<\/p>\n\n\n\n<p>Po powrocie do Jerozolimy Jakub zosta\u0142 <strong>\u015bci\u0119ty na rozkaz kr\u00f3la Heroda Agryppy<\/strong> (Dz 12,2). Legenda g\u0142osi, \u017ce jego uczniowie przewie\u017ali jego cia\u0142o do Galicji na \u0142odzi prowadzonej przez <strong>anio\u0142\u00f3w<\/strong>. Tam pochowali go w lesie, gdzie jego gr\u00f3b pozostawa\u0142 zapomniany przez wiele wiek\u00f3w.<\/p>\n\n\n\n<p>W IX wieku pustelnik <strong>Pelagiusz<\/strong> mia\u0142 wizj\u0119: <strong>gwiazda wskazywa\u0142a miejsce grobu<\/strong>. St\u0105d wzi\u0119\u0142a si\u0119 nazwa <em>Campus Stellae<\/em> (&#8222;Pole Gwiazdy&#8221;), kt\u00f3ra p\u00f3\u017aniej przekszta\u0142ci\u0142a si\u0119 w <strong>Compostel\u0119<\/strong>.<\/p>\n\n\n\n<p>Odkrycie grobu Aposto\u0142a za panowania <strong>kr\u00f3la Alfonsa II Asturyjskiego<\/strong> uczyni\u0142o z Santiago de Compostela jedno z najwa\u017cniejszych miejsc pielgrzymkowych chrze\u015bcija\u0144stwa, obok <strong>Rzymu i Jerozolimy<\/strong>. Od tego czasu <strong>Droga do Santiago<\/strong> sta\u0142a si\u0119 jednym z <strong>najwi\u0119kszych duchowych szlak\u00f3w w historii<\/strong>.<\/p>\n\n\n\n<hr class=\"wp-block-separator has-alpha-channel-opacity\"\/>\n\n\n\n<h2 class=\"wp-block-heading\"><strong>2. Droga Wiary i Nawr\u00f3cenia<\/strong><\/h2>\n\n\n\n<p>Pielgrzym, kt\u00f3ry przemierza Drog\u0119 do Santiago, do\u015bwiadcza <strong>podr\u00f3\u017cy pe\u0142nej symboliki duchowej<\/strong>. Ka\u017cdy krok przypomina, \u017ce <strong>\u017cycie chrze\u015bcija\u0144skie jest pielgrzymk\u0105<\/strong>, wymagaj\u0105c\u0105 wysi\u0142ku, po\u015bwi\u0119cenia i, przede wszystkim, <strong>ufno\u015bci w Boga<\/strong>.<\/p>\n\n\n\n<p>Wielu rozpoczyna Drog\u0119 z powod\u00f3w <strong>turystycznych, sportowych lub z czystej ciekawo\u015bci<\/strong>, ale w trakcie w\u0119dr\u00f3wki odkrywaj\u0105 co\u015b znacznie g\u0142\u0119bszego: <strong>Bo\u017c\u0105 \u0142ask\u0119<\/strong>. Dzi\u0119ki zm\u0119czeniu, ciszy, spotkaniom z innymi pielgrzymami oraz pi\u0119knu stworzenia, odnajduj\u0105 obecno\u015b\u0107 Boga.<\/p>\n\n\n\n<p>Dla chrze\u015bcijanina Droga nie jest tylko wysi\u0142kiem fizycznym, ale <strong>przypowie\u015bci\u0105 o \u017cyciu duchowym<\/strong>. Jak powiedzia\u0142 <strong>\u015bw. Augustyn<\/strong>:<\/p>\n\n\n\n<p><em>&#8222;Stworzy\u0142e\u015b nas, Panie, dla siebie, i niespokojne jest nasze serce, dop\u00f3ki nie spocznie w Tobie.&#8221;<\/em><\/p>\n\n\n\n<p>Przej\u015bcie Drogi do Santiago oznacza w istocie <strong>zbli\u017cenie si\u0119 do Boga<\/strong>.<\/p>\n\n\n\n<hr class=\"wp-block-separator has-alpha-channel-opacity\"\/>\n\n\n\n<h2 class=\"wp-block-heading\"><strong>3. Historia i Rozw\u00f3j Szlaku<\/strong><\/h2>\n\n\n\n<p>W \u015bredniowieczu kult \u015bw. Jakuba uczyni\u0142 Drog\u0119 do Santiago <strong>duchow\u0105 arteri\u0105 Europy<\/strong>. <strong>Kr\u00f3lowie, \u015bwi\u0119ci i papie\u017ce<\/strong> promowali pielgrzymk\u0119, buduj\u0105c <strong>klasztory, szpitale i mosty<\/strong>, aby u\u0142atwi\u0107 podr\u00f3\u017c.<\/p>\n\n\n\n<p>W\u015br\u00f3d znanych postaci, kt\u00f3re pokona\u0142y Drog\u0119, s\u0105:<\/p>\n\n\n\n<ul class=\"wp-block-list\">\n<li><strong>\u015awi\u0119ty Franciszek z Asy\u017cu<\/strong>, kt\u00f3ry pielgrzymowa\u0142 w 1214 roku,<\/li>\n\n\n\n<li><strong>Dante Alighieri<\/strong>, kt\u00f3ry wspomina Santiago w swojej <em>Boskiej Komedii<\/em>,<\/li>\n\n\n\n<li>oraz <strong>Kr\u00f3lowie Katoliccy, Ferdynand i Izabela<\/strong>, kt\u00f3rzy udali si\u0119 tam w 1492 roku, aby podzi\u0119kowa\u0107 Bogu po odzyskaniu Granady.<\/li>\n<\/ul>\n\n\n\n<p>Z biegiem czasu pielgrzymka popad\u0142a w zapomnienie z powodu <strong>wojen, epidemii i sekularyzacji Europy<\/strong>. Jednak w <strong>XX wieku<\/strong>, g\u0142\u00f3wnie dzi\u0119ki <strong>\u015bw. Janowi Paw\u0142owi II<\/strong>, Droga do Santiago prze\u017cy\u0142a <strong>odrodzenie<\/strong>. W swoim s\u0142ynnym <strong>przem\u00f3wieniu w Composteli w 1982 roku<\/strong> papie\u017c wezwa\u0142 Europ\u0119 do <strong>odkrycia na nowo swoich chrze\u015bcija\u0144skich korzeni<\/strong>.<\/p>\n\n\n\n<hr class=\"wp-block-separator has-alpha-channel-opacity\"\/>\n\n\n\n<h2 class=\"wp-block-heading\"><strong>4. Droga Dzisiaj: Wyzwanie dla Wiary<\/strong><\/h2>\n\n\n\n<p>Dzi\u015b <strong>Droga do Santiago<\/strong> ponownie cieszy si\u0119 ogromn\u0105 popularno\u015bci\u0105, cho\u0107 nie zawsze z powod\u00f3w religijnych. Wielu postrzega j\u0105 jako <strong>przygod\u0119 kulturow\u0105, sportow\u0105 lub spos\u00f3b na od\u0142\u0105czenie si\u0119 od technologii<\/strong>. Jednak dla katolika pozostaje <strong>niepowtarzaln\u0105 okazj\u0105 do spotkania z Bogiem<\/strong>.<\/p>\n\n\n\n<p>Jednym z najpi\u0119kniejszych aspekt\u00f3w Drogi jest jej <strong>uniwersalno\u015b\u0107<\/strong>: <strong>katolicy, prawos\u0142awni, protestanci, a nawet niewierz\u0105cy<\/strong> w\u0119druj\u0105 razem. To czyni j\u0105 <strong>szans\u0105 na ewangelizacj\u0119<\/strong>, w kt\u00f3rej naturalnie pojawiaj\u0105 si\u0119 g\u0142\u0119bokie rozmowy o sensie \u017cycia, wierze i transcendencji.<\/p>\n\n\n\n<p>Aby prze\u017cy\u0107 j\u0105 jako <strong>prawdziw\u0105 pielgrzymk\u0119<\/strong>, warto:<\/p>\n\n\n\n<ul class=\"wp-block-list\">\n<li><strong>Okre\u015bli\u0107 swoj\u0105 intencj\u0119.<\/strong> Dlaczego idziesz? Ka\u017cdy krok mo\u017ce by\u0107 modlitw\u0105.<\/li>\n\n\n\n<li><strong>Spowiada\u0107 si\u0119 przed wyruszeniem w drog\u0119.<\/strong> Droga to symbol nawr\u00f3cenia.<\/li>\n\n\n\n<li><strong>Uczestniczy\u0107 w Mszy \u015awi\u0119tej Pielgrzyma w katedrze w Santiago.<\/strong> Eucharystia to szczyt pielgrzymki.<\/li>\n\n\n\n<li><strong>Modli\u0107 si\u0119 podczas w\u0119dr\u00f3wki.<\/strong> Mo\u017cna odmawia\u0107 <strong>r\u00f3\u017caniec<\/strong>, rozwa\u017ca\u0107 <strong>Drog\u0119 Krzy\u017cow\u0105<\/strong> lub kontemplowa\u0107 pi\u0119kno stworzenia.<\/li>\n<\/ul>\n\n\n\n<hr class=\"wp-block-separator has-alpha-channel-opacity\"\/>\n\n\n\n<h2 class=\"wp-block-heading\"><strong>5. Praktyczne Informacje dla Katolickiego Pielgrzyma<\/strong><\/h2>\n\n\n\n<p>Do Santiago prowadzi wiele szlak\u00f3w. Najbardziej znane to:<\/p>\n\n\n\n<ul class=\"wp-block-list\">\n<li><strong>Droga Francuska<\/strong> (z Saint-Jean-Pied-de-Port lub Roncesvalles, ok. 800 km)<\/li>\n\n\n\n<li><strong>Droga Portugalska<\/strong> (z Lizbony lub Porto)<\/li>\n\n\n\n<li><strong>Droga P\u00f3\u0142nocna<\/strong> (wzd\u0142u\u017c wybrze\u017ca kantabryjskiego)<\/li>\n\n\n\n<li><strong>Via de la Plata<\/strong> (z Sewilli, ok. 1000 km)<\/li>\n<\/ul>\n\n\n\n<h3 class=\"wp-block-heading\"><strong>Kiedy wyruszy\u0107?<\/strong><\/h3>\n\n\n\n<p>Najlepsze pory roku to <strong>wiosna i jesie\u0144<\/strong>. Latem jest <strong>bardzo gor\u0105co<\/strong>, a zim\u0105 <strong>zimno i deszczowo<\/strong>, co mo\u017ce utrudni\u0107 pielgrzymk\u0119.<\/p>\n\n\n\n<h3 class=\"wp-block-heading\"><strong>Co zabra\u0107?<\/strong><\/h3>\n\n\n\n<ul class=\"wp-block-list\">\n<li><strong>Lekki plecak<\/strong> (maks. 10% masy cia\u0142a)<\/li>\n\n\n\n<li>Wygodne buty trekkingowe<\/li>\n\n\n\n<li><strong>Credencial del Peregrino<\/strong> (dokument potrzebny do uzyskania Compostela)<\/li>\n\n\n\n<li><strong>Ma\u0142e Pismo \u015awi\u0119te i r\u00f3\u017caniec<\/strong><\/li>\n\n\n\n<li><strong>Serce otwarte na wol\u0119 Bo\u017c\u0105<\/strong><\/li>\n<\/ul>\n\n\n\n<hr class=\"wp-block-separator has-alpha-channel-opacity\"\/>\n\n\n\n<h2 class=\"wp-block-heading\"><strong>Zako\u0144czenie: Wi\u0119cej ni\u017c Podr\u00f3\u017c \u2013 Spotkanie z Bogiem<\/strong><\/h2>\n\n\n\n<p><strong>Droga do Santiago<\/strong> to nie tylko turystyczny szlak. To <strong>echo Ewangelii<\/strong>, <strong>wezwanie do nawr\u00f3cenia<\/strong>, <strong>symbol chrze\u015bcija\u0144skiego \u017cycia<\/strong>.<\/p>\n\n\n\n<p>Je\u015bli czujesz, \u017ce twoja wiara potrzebuje odnowy, szukasz odpowiedzi lub pragniesz <strong>g\u0142\u0119bokiego do\u015bwiadczenia duchowego<\/strong>, <strong>Droga do Santiago czeka na ciebie<\/strong>.<\/p>\n\n\n\n<p><strong>Wystarczy postawi\u0107 pierwszy krok.<\/strong><\/p>\n\n\n\n<p><strong>\u00a1Ultreia et suseia!<\/strong> (<em>Naprz\u00f3d i wzwy\u017c!<\/em>) \ud83d\udeb6\u200d\u2642\ufe0f\u271d\ufe0f<\/p>\n","protected":false},"excerpt":{"rendered":"<p>Od ponad tysi\u0105ca lat ludzie opuszczaj\u0105 swoje domy, pe\u0142ni nadziei, skruchy i oddania, by wyruszy\u0107 w jedn\u0105 z najbardziej przemieniaj\u0105cych podr\u00f3\u017cy chrze\u015bcija\u0144stwa \u2013 Drog\u0119 do Santiago (Camino de Santiago). To nie tylko szlak, ale duchowe do\u015bwiadczenie, kt\u00f3re mo\u017ce zmieni\u0107 \u017cycie ka\u017cdego, kto je podejmuje. W spo\u0142ecze\u0144stwie, kt\u00f3re coraz cz\u0119\u015bciej oddala si\u0119 od sacrum, Droga pozostaje &hellip;<\/p>\n","protected":false},"author":3,"featured_media":2214,"comment_status":"open","ping_status":"open","sticky":false,"template":"","format":"standard","meta":{"_seopress_robots_primary_cat":"","_seopress_titles_title":"","_seopress_titles_desc":"","_seopress_robots_index":"","footnotes":""},"categories":[40,62],"tags":[474],"class_list":["post-2213","post","type-post","status-publish","format-standard","has-post-thumbnail","","category-modlitwa-i-duchowosc","category-sakramentalia-i-pielgrzymki","tag-droga-do-santiago"],"_links":{"self":[{"href":"https:\/\/catholicus.eu\/pl\/wp-json\/wp\/v2\/posts\/2213","targetHints":{"allow":["GET"]}}],"collection":[{"href":"https:\/\/catholicus.eu\/pl\/wp-json\/wp\/v2\/posts"}],"about":[{"href":"https:\/\/catholicus.eu\/pl\/wp-json\/wp\/v2\/types\/post"}],"author":[{"embeddable":true,"href":"https:\/\/catholicus.eu\/pl\/wp-json\/wp\/v2\/users\/3"}],"replies":[{"embeddable":true,"href":"https:\/\/catholicus.eu\/pl\/wp-json\/wp\/v2\/comments?post=2213"}],"version-history":[{"count":1,"href":"https:\/\/catholicus.eu\/pl\/wp-json\/wp\/v2\/posts\/2213\/revisions"}],"predecessor-version":[{"id":2215,"href":"https:\/\/catholicus.eu\/pl\/wp-json\/wp\/v2\/posts\/2213\/revisions\/2215"}],"wp:featuredmedia":[{"embeddable":true,"href":"https:\/\/catholicus.eu\/pl\/wp-json\/wp\/v2\/media\/2214"}],"wp:attachment":[{"href":"https:\/\/catholicus.eu\/pl\/wp-json\/wp\/v2\/media?parent=2213"}],"wp:term":[{"taxonomy":"category","embeddable":true,"href":"https:\/\/catholicus.eu\/pl\/wp-json\/wp\/v2\/categories?post=2213"},{"taxonomy":"post_tag","embeddable":true,"href":"https:\/\/catholicus.eu\/pl\/wp-json\/wp\/v2\/tags?post=2213"}],"curies":[{"name":"wp","href":"https:\/\/api.w.org\/{rel}","templated":true}]}}