{"id":2177,"date":"2025-02-09T15:08:51","date_gmt":"2025-02-09T14:08:51","guid":{"rendered":"https:\/\/catholicus.eu\/pl\/?p=2177"},"modified":"2025-02-09T15:08:51","modified_gmt":"2025-02-09T14:08:51","slug":"10-cytatow-swietych-o-milosci-do-eucharystii","status":"publish","type":"post","link":"https:\/\/catholicus.eu\/pl\/10-cytatow-swietych-o-milosci-do-eucharystii\/","title":{"rendered":"10 Cytat\u00f3w \u015awi\u0119tych o Mi\u0142o\u015bci do Eucharystii"},"content":{"rendered":"\n<p>Eucharystia jest centrum \u017cycia chrze\u015bcija\u0144skiego. W niej Jezus daje nam siebie w pe\u0142ni \u2013 swoim Cia\u0142em, swoj\u0105 Krwi\u0105, swoj\u0105 Dusz\u0105 i swoim B\u00f3stwem. Ten sakrament, kt\u00f3ry Ko\u015bci\u00f3\u0142 nazywa \u201eNaj\u015bwi\u0119tszym Sakramentem\u201d, by\u0142 kochany, czczony i adorowany przez \u015bwi\u0119tych na przestrzeni wiek\u00f3w. Ich \u015bwiadectwo pomaga nam lepiej zrozumie\u0107 ten boski dar i wzrasta\u0107 w mi\u0142o\u015bci i pobo\u017cno\u015bci wobec rzeczywistej obecno\u015bci Chrystusa w Eucharystii.<\/p>\n\n\n\n<p>Poni\u017cej przedstawiamy 10 cytat\u00f3w \u015bwi\u0119tych, kt\u00f3re ucz\u0105 nas, jak kocha\u0107 Eucharysti\u0119 z wi\u0119kszym zapa\u0142em, wraz z refleksj\u0105 teologiczn\u0105 i praktycznymi zastosowaniami dla naszego codziennego \u017cycia.<\/p>\n\n\n\n<hr class=\"wp-block-separator has-alpha-channel-opacity\"\/>\n\n\n\n<h2 class=\"wp-block-heading\"><strong>1. \u015awi\u0119ty Jan Maria Vianney: \u201eNie ma nic wi\u0119kszego od Eucharystii. Gdyby B\u00f3g mia\u0142 co\u015b cenniejszego, da\u0142by nam to.\u201d<\/strong><\/h2>\n\n\n\n<h3 class=\"wp-block-heading\"><strong>Refleksja teologiczna<\/strong><\/h3>\n\n\n\n<p>\u015awi\u0119ty Proboszcz z Ars przypomina nam, \u017ce Msza \u015awi\u0119ta to nie tylko modlitwa, ale odnowienie ofiary Chrystusa na naszych o\u0142tarzach. Podczas Mszy niebo i ziemia \u0142\u0105cz\u0105 si\u0119, a ka\u017cde uczestnictwo w Eucharystii jest bezpo\u015brednim spotkaniem z Bogiem.<\/p>\n\n\n\n<h3 class=\"wp-block-heading\"><strong>Zastosowanie praktyczne<\/strong><\/h3>\n\n\n\n<ul class=\"wp-block-list\">\n<li>Staraj si\u0119 uczestniczy\u0107 we Mszy \u015awi\u0119tej cz\u0119\u015bciej, nie tylko w niedziel\u0119.<\/li>\n\n\n\n<li>Uczestnicz aktywnie w liturgii, pami\u0119taj\u0105c, \u017ce jeste\u015b w rzeczywistej obecno\u015bci Boga.<\/li>\n\n\n\n<li>Rozwa\u017caj nieocenion\u0105 warto\u015b\u0107 ka\u017cdej Eucharystii i przyjmuj Komuni\u0119 \u015awi\u0119t\u0105 z czystym sercem.<\/li>\n<\/ul>\n\n\n\n<hr class=\"wp-block-separator has-alpha-channel-opacity\"\/>\n\n\n\n<h2 class=\"wp-block-heading\"><strong>2. \u015awi\u0119ta Teresa z \u00c1vili: \u201eNa ziemi kr\u00f3lowie nie zawsze s\u0105 dost\u0119pni, ale Kr\u00f3l nieba i ziemi nigdy nie oddala si\u0119 od Naj\u015bwi\u0119tszego Sakramentu.\u201d<\/strong><\/h2>\n\n\n\n<h3 class=\"wp-block-heading\"><strong>Refleksja teologiczna<\/strong><\/h3>\n\n\n\n<p>B\u00f3g pozostaje z nami w tabernakulum w niesko\u0144czonej pokorze. Eucharystia to \u201eEmmanuel\u201d, B\u00f3g z nami (Mt 1,23). Podczas gdy mo\u017cni tego \u015bwiata ukrywaj\u0105 si\u0119 za murami, Jezus jest dost\u0119pny dla wszystkich w Naj\u015bwi\u0119tszym Sakramencie.<\/p>\n\n\n\n<h3 class=\"wp-block-heading\"><strong>Zastosowanie praktyczne<\/strong><\/h3>\n\n\n\n<ul class=\"wp-block-list\">\n<li>Znajd\u017a czas, aby odwiedzi\u0107 Naj\u015bwi\u0119tszy Sakrament, nawet na kilka minut.<\/li>\n\n\n\n<li>Rozmawiaj z Jezusem w Eucharystii jak z bliskim przyjacielem.<\/li>\n\n\n\n<li>Promuj adoracj\u0119 eucharystyczn\u0105 w swojej wsp\u00f3lnocie.<\/li>\n<\/ul>\n\n\n\n<hr class=\"wp-block-separator has-alpha-channel-opacity\"\/>\n\n\n\n<h2 class=\"wp-block-heading\"><strong>3. \u015awi\u0119ty Ojciec Pio: \u201e\u015awiat pr\u0119dzej przetrwa\u0142by bez s\u0142o\u0144ca ni\u017c bez Mszy \u015awi\u0119tej.\u201d<\/strong><\/h2>\n\n\n\n<h3 class=\"wp-block-heading\"><strong>Refleksja teologiczna<\/strong><\/h3>\n\n\n\n<p>Msza \u015awi\u0119ta to nie tylko rytua\u0142, ale serce \u015bwiata. To przez ni\u0105 Bo\u017ca \u0142aska sp\u0142ywa na ca\u0142\u0105 ludzko\u015b\u0107. Bez Mszy \u015bwiat pogr\u0105\u017cy\u0142by si\u0119 w duchowej ciemno\u015bci i ja\u0142owo\u015bci.<\/p>\n\n\n\n<h3 class=\"wp-block-heading\"><strong>Zastosowanie praktyczne<\/strong><\/h3>\n\n\n\n<ul class=\"wp-block-list\">\n<li>Nigdy nie opuszczaj Mszy niedzielnej ani w dni nakazane.<\/li>\n\n\n\n<li>Uczestnicz w Eucharystii z pobo\u017cno\u015bci\u0105, \u015bwiadomy jej warto\u015bci dla twojej duszy i ca\u0142ego \u015bwiata.<\/li>\n\n\n\n<li>Je\u015bli to mo\u017cliwe, bierz udzia\u0142 w codziennej Mszy \u015awi\u0119tej.<\/li>\n<\/ul>\n\n\n\n<hr class=\"wp-block-separator has-alpha-channel-opacity\"\/>\n\n\n\n<h2 class=\"wp-block-heading\"><strong>4. \u015awi\u0119ty Franciszek z Asy\u017cu: \u201eJe\u015bli nie mog\u0119 uczestniczy\u0107 we Mszy \u015awi\u0119tej, modl\u0119 si\u0119 i adoruj\u0119 Cia\u0142o Pana oczyma mojego serca.\u201d<\/strong><\/h2>\n\n\n\n<h3 class=\"wp-block-heading\"><strong>Refleksja teologiczna<\/strong><\/h3>\n\n\n\n<p>\u015awi\u0119ty Franciszek rozumia\u0142, \u017ce adoracja eucharystyczna nie ogranicza si\u0119 do fizycznej obecno\u015bci. Wiara pozwala nam czci\u0107 Chrystusa nawet wtedy, gdy nie mo\u017cemy by\u0107 w ko\u015bciele.<\/p>\n\n\n\n<h3 class=\"wp-block-heading\"><strong>Zastosowanie praktyczne<\/strong><\/h3>\n\n\n\n<ul class=\"wp-block-list\">\n<li>Je\u015bli nie mo\u017cesz uczestniczy\u0107 we Mszy \u015awi\u0119tej, znajd\u017a czas na modlitw\u0119 i lektur\u0119 duchow\u0105.<\/li>\n\n\n\n<li>Naucz si\u0119 praktyki komunii duchowej, prosz\u0105c Jezusa, aby przyszed\u0142 do twojego serca.<\/li>\n\n\n\n<li>\u015aled\u017a transmisje Mszy \u015awi\u0119tej, gdy nie mo\u017cesz by\u0107 obecny osobi\u015bcie.<\/li>\n<\/ul>\n\n\n\n<hr class=\"wp-block-separator has-alpha-channel-opacity\"\/>\n\n\n\n<h2 class=\"wp-block-heading\"><strong>5. \u015awi\u0119ta Matka Teresa z Kalkuty: \u201eKiedy patrzysz na tabernakulum, widzisz Jezusa patrz\u0105cego na ciebie z mi\u0142o\u015bci\u0105.\u201d<\/strong><\/h2>\n\n\n\n<h3 class=\"wp-block-heading\"><strong>Refleksja teologiczna<\/strong><\/h3>\n\n\n\n<p>Mi\u0142o\u015b\u0107 Chrystusa w Eucharystii jest osobista. On czeka na nas z gor\u0105c\u0105 mi\u0142o\u015bci\u0105 w tabernakulum i pragnie naszej blisko\u015bci.<\/p>\n\n\n\n<h3 class=\"wp-block-heading\"><strong>Zastosowanie praktyczne<\/strong><\/h3>\n\n\n\n<ul class=\"wp-block-list\">\n<li>Regularnie odwiedzaj Naj\u015bwi\u0119tszy Sakrament.<\/li>\n\n\n\n<li>M\u00f3w do Jezusa w Eucharystii, powierzaj\u0105c Mu swoje rado\u015bci i troski.<\/li>\n\n\n\n<li>Pami\u0119taj, \u017ce Jezus jest tam dla ciebie za ka\u017cdym razem, gdy wchodzisz do ko\u015bcio\u0142a.<\/li>\n<\/ul>\n\n\n\n<hr class=\"wp-block-separator has-alpha-channel-opacity\"\/>\n\n\n\n<h2 class=\"wp-block-heading\"><strong>6. \u015awi\u0119ty Alfons Maria de Liguori: \u201eSpo\u015br\u00f3d wszystkich nabo\u017ce\u0144stw to do Jezusa w Naj\u015bwi\u0119tszym Sakramencie jest Bogu najmilniejsze.\u201d<\/strong><\/h2>\n\n\n\n<h3 class=\"wp-block-heading\"><strong>Refleksja teologiczna<\/strong><\/h3>\n\n\n\n<p>Adoracja eucharystyczna to najbezpo\u015bredniejszy spos\u00f3b kochania Boga. Poprzez ni\u0105 odpowiadamy na mi\u0142o\u015b\u0107 Chrystusa, kt\u00f3ry pozostaje z nami.<\/p>\n\n\n\n<h3 class=\"wp-block-heading\"><strong>Zastosowanie praktyczne<\/strong><\/h3>\n\n\n\n<ul class=\"wp-block-list\">\n<li>Uczestnicz w adoracji eucharystycznej w swojej parafii.<\/li>\n\n\n\n<li>Je\u015bli w twojej wsp\u00f3lnocie nie ma adoracji, zaproponuj jej organizacj\u0119.<\/li>\n\n\n\n<li>Naucz si\u0119 modlitw adoracyjnych i dzi\u0119kczynnych po Komunii \u015awi\u0119tej.<\/li>\n<\/ul>\n\n\n\n<hr class=\"wp-block-separator has-alpha-channel-opacity\"\/>\n\n\n\n<h2 class=\"wp-block-heading\"><strong>7. \u015awi\u0119ty Augustyn: \u201eNikt nie spo\u017cywa tego Cia\u0142a, je\u015bli Go najpierw nie adoruje.\u201d<\/strong><\/h2>\n\n\n\n<h3 class=\"wp-block-heading\"><strong>Refleksja teologiczna<\/strong><\/h3>\n\n\n\n<p>\u015awi\u0119ty Augustyn przypomina nam, \u017ce Eucharystia to nie zwyk\u0142y chleb, ale Cia\u0142o Chrystusa. Zanim j\u0105 przyjmiemy, powinni\u015bmy adorowa\u0107 J\u0105 z szacunkiem.<\/p>\n\n\n\n<h3 class=\"wp-block-heading\"><strong>Zastosowanie praktyczne<\/strong><\/h3>\n\n\n\n<ul class=\"wp-block-list\">\n<li>Przykl\u0119kaj z pobo\u017cno\u015bci\u0105 przed Naj\u015bwi\u0119tszym Sakramentem.<\/li>\n\n\n\n<li>Przyjmuj Komuni\u0119 \u015awi\u0119t\u0105 z pe\u0142n\u0105 \u015bwiadomo\u015bci\u0105 i szacunkiem.<\/li>\n\n\n\n<li>Upewnij si\u0119, \u017ce jeste\u015b w stanie \u0142aski przed przyj\u0119ciem Eucharystii.<\/li>\n<\/ul>\n\n\n\n<hr class=\"wp-block-separator has-alpha-channel-opacity\"\/>\n\n\n\n<h2 class=\"wp-block-heading\"><strong>8. \u015awi\u0119ty Jan Bosko: \u201eChcesz, aby Pan obdarzy\u0142 ci\u0119 wieloma \u0142askami? Odwiedzaj Go cz\u0119sto.\u201d<\/strong><\/h2>\n\n\n\n<h3 class=\"wp-block-heading\"><strong>Refleksja teologiczna<\/strong><\/h3>\n\n\n\n<p>B\u00f3g jest zawsze hojny. Ka\u017cdy, kto zbli\u017ca si\u0119 do Niego w Eucharystii, otrzymuje obfite \u0142aski.<\/p>\n\n\n\n<h3 class=\"wp-block-heading\"><strong>Zastosowanie praktyczne<\/strong><\/h3>\n\n\n\n<ul class=\"wp-block-list\">\n<li>Uczy\u0144 adoracj\u0119 eucharystyczn\u0105 sta\u0142ym elementem swojego \u017cycia duchowego.<\/li>\n\n\n\n<li>Powierzaj Jezusowi w tabernakulum swoje trudno\u015bci i zmagania.<\/li>\n\n\n\n<li>Ucz dzieci mi\u0142o\u015bci do Eucharystii od najm\u0142odszych lat.<\/li>\n<\/ul>\n\n\n\n<hr class=\"wp-block-separator has-alpha-channel-opacity\"\/>\n\n\n\n<h2 class=\"wp-block-heading\"><strong>9. \u015awi\u0119ty Manuel Gonz\u00e1lez: \u201eGdyby ludzie naprawd\u0119 rozumieli Eucharysti\u0119, ko\u015bcio\u0142y by\u0142yby pe\u0142ne ludzi kl\u0119cz\u0105cych na modlitwie.\u201d<\/strong><\/h2>\n\n\n\n<h3 class=\"wp-block-heading\"><strong>Refleksja teologiczna<\/strong><\/h3>\n\n\n\n<p>\u201eBiskup opuszczonych tabernakul\u00f3w\u201d ubolewa\u0142 nad oboj\u0119tno\u015bci\u0105 wielu wobec Jezusa w Eucharystii. Gdyby\u015bmy naprawd\u0119 wierzyli w Jego obecno\u015b\u0107, nasza postawa uleg\u0142aby radykalnej zmianie.<\/p>\n\n\n\n<h3 class=\"wp-block-heading\"><strong>Zastosowanie praktyczne<\/strong><\/h3>\n\n\n\n<ul class=\"wp-block-list\">\n<li>Zastan\u00f3w si\u0119 nad swoim podej\u015bciem do Mszy i Komunii \u015awi\u0119tej: czy naprawd\u0119 je cenisz?<\/li>\n\n\n\n<li>Pom\u00f3\u017c innym zrozumie\u0107 znaczenie Eucharystii.<\/li>\n\n\n\n<li>Walcz z letnio\u015bci\u0105 w swojej relacji z Eucharysti\u0105.<\/li>\n<\/ul>\n\n\n\n<hr class=\"wp-block-separator has-alpha-channel-opacity\"\/>\n\n\n\n<h3 class=\"wp-block-heading\"><strong>Zako\u0144czenie<\/strong><\/h3>\n\n\n\n<p>Eucharystia jest najwi\u0119kszym darem Boga dla ludzko\u015bci. Niech s\u0142owa \u015bwi\u0119tych pomog\u0105 nam kocha\u0107 Jezusa obecnego w Naj\u015bwi\u0119tszym Sakramencie z jeszcze wi\u0119ksz\u0105 gorliwo\u015bci\u0105.<\/p>\n\n\n\n<p><strong>\u201eJa jestem chlebem \u017cywym, kt\u00f3ry zst\u0105pi\u0142 z nieba. Je\u015bli kto\u015b spo\u017cywa ten chleb, b\u0119dzie \u017cy\u0142 na wieki.\u201d (J 6,51)<\/strong><\/p>\n","protected":false},"excerpt":{"rendered":"<p>Eucharystia jest centrum \u017cycia chrze\u015bcija\u0144skiego. W niej Jezus daje nam siebie w pe\u0142ni \u2013 swoim Cia\u0142em, swoj\u0105 Krwi\u0105, swoj\u0105 Dusz\u0105 i swoim B\u00f3stwem. Ten sakrament, kt\u00f3ry Ko\u015bci\u00f3\u0142 nazywa \u201eNaj\u015bwi\u0119tszym Sakramentem\u201d, by\u0142 kochany, czczony i adorowany przez \u015bwi\u0119tych na przestrzeni wiek\u00f3w. Ich \u015bwiadectwo pomaga nam lepiej zrozumie\u0107 ten boski dar i wzrasta\u0107 w mi\u0142o\u015bci i pobo\u017cno\u015bci &hellip;<\/p>\n","protected":false},"author":3,"featured_media":2178,"comment_status":"open","ping_status":"open","sticky":false,"template":"","format":"standard","meta":{"_seopress_robots_primary_cat":"","_seopress_titles_title":"","_seopress_titles_desc":"","_seopress_robots_index":"","footnotes":""},"categories":[59,40],"tags":[97],"class_list":["post-2177","post","type-post","status-publish","format-standard","has-post-thumbnail","","category-eucharystia-i-adoracja","category-modlitwa-i-duchowosc","tag-eucharystii"],"_links":{"self":[{"href":"https:\/\/catholicus.eu\/pl\/wp-json\/wp\/v2\/posts\/2177","targetHints":{"allow":["GET"]}}],"collection":[{"href":"https:\/\/catholicus.eu\/pl\/wp-json\/wp\/v2\/posts"}],"about":[{"href":"https:\/\/catholicus.eu\/pl\/wp-json\/wp\/v2\/types\/post"}],"author":[{"embeddable":true,"href":"https:\/\/catholicus.eu\/pl\/wp-json\/wp\/v2\/users\/3"}],"replies":[{"embeddable":true,"href":"https:\/\/catholicus.eu\/pl\/wp-json\/wp\/v2\/comments?post=2177"}],"version-history":[{"count":1,"href":"https:\/\/catholicus.eu\/pl\/wp-json\/wp\/v2\/posts\/2177\/revisions"}],"predecessor-version":[{"id":2179,"href":"https:\/\/catholicus.eu\/pl\/wp-json\/wp\/v2\/posts\/2177\/revisions\/2179"}],"wp:featuredmedia":[{"embeddable":true,"href":"https:\/\/catholicus.eu\/pl\/wp-json\/wp\/v2\/media\/2178"}],"wp:attachment":[{"href":"https:\/\/catholicus.eu\/pl\/wp-json\/wp\/v2\/media?parent=2177"}],"wp:term":[{"taxonomy":"category","embeddable":true,"href":"https:\/\/catholicus.eu\/pl\/wp-json\/wp\/v2\/categories?post=2177"},{"taxonomy":"post_tag","embeddable":true,"href":"https:\/\/catholicus.eu\/pl\/wp-json\/wp\/v2\/tags?post=2177"}],"curies":[{"name":"wp","href":"https:\/\/api.w.org\/{rel}","templated":true}]}}