{"id":2059,"date":"2025-02-04T13:47:22","date_gmt":"2025-02-04T12:47:22","guid":{"rendered":"https:\/\/catholicus.eu\/pl\/?p=2059"},"modified":"2025-02-04T13:47:22","modified_gmt":"2025-02-04T12:47:22","slug":"jak-przezywac-rok-jubileuszowy-w-rodzinie-pomysly-i-praktyki-na-umocnienie-wiary-w-domu","status":"publish","type":"post","link":"https:\/\/catholicus.eu\/pl\/jak-przezywac-rok-jubileuszowy-w-rodzinie-pomysly-i-praktyki-na-umocnienie-wiary-w-domu\/","title":{"rendered":"Jak prze\u017cywa\u0107 Rok Jubileuszowy w rodzinie: Pomys\u0142y i praktyki na umocnienie wiary w domu"},"content":{"rendered":"\n<p>Jubileusz to czas \u0142aski i mi\u0142osierdzia, wyj\u0105tkowy moment w \u017cyciu Ko\u015bcio\u0142a, kt\u00f3ry wzywa nas do nawr\u00f3cenia, pojednania i odnowienia naszej wiary. Na przestrzeni dziej\u00f3w Ko\u015bci\u00f3\u0142 obchodzi\u0142 lata jubileuszowe jako okazj\u0119 do zbli\u017cenia si\u0119 do Boga, ponownego odkrycia warto\u015bci przebaczenia i pog\u0142\u0119bienia \u017cycia chrze\u015bcija\u0144skiego.<\/p>\n\n\n\n<p>Prze\u017cywanie Jubileuszu w rodzinie to niepowtarzalna okazja do przekazywania wiary, pog\u0142\u0119biania \u017cycia modlitewnego i umacniania wi\u0119zi rodzinnych w Chrystusie. W tym artykule przyjrzymy si\u0119 historii i znaczeniu Jubileuszu, jego teologicznemu przes\u0142aniu oraz sposobom, w jakie mo\u017cemy go prze\u017cywa\u0107 w naszym domu, stosuj\u0105c konkretne praktyki.<\/p>\n\n\n\n<h2 class=\"wp-block-heading\"><strong>1. Czym jest Rok Jubileuszowy i dlaczego jest wa\u017cny?<\/strong><\/h2>\n\n\n\n<p>Rok Jubileuszowy to \u015awi\u0119ty Rok og\u0142aszany przez Ko\u015bci\u00f3\u0142 katolicki co 25 lat, cho\u0107 papie\u017c mo\u017ce og\u0142osi\u0107 r\u00f3wnie\u017c jubileusze nadzwyczajne w szczeg\u00f3lnych okoliczno\u015bciach. Jego korzenie si\u0119gaj\u0105 biblijnej tradycji Roku Jubileuszowego, opisanej w <strong>Ksi\u0119dze Kap\u0142a\u0144skiej<\/strong>:<\/p>\n\n\n\n<blockquote class=\"wp-block-quote is-layout-flow wp-block-quote-is-layout-flow\">\n<p><em>&#8222;Og\u0142osicie po ca\u0142ym kraju rok pi\u0119\u0107dziesi\u0105ty jako rok \u015bwi\u0119ty i obwie\u015bcicie wolno\u015b\u0107 dla wszystkich mieszka\u0144c\u00f3w tej ziemi. B\u0119dzie to dla was jubileusz: ka\u017cdy z was wr\u00f3ci do swej w\u0142asno\u015bci i do swojej rodziny.&#8221;<\/em> (Kp\u0142 25,10)<\/p>\n<\/blockquote>\n\n\n\n<p>W chrze\u015bcija\u0144stwie pierwszy Rok Jubileuszowy ustanowi\u0142 w 1300 roku papie\u017c Bonifacy VIII, przyznaj\u0105c pielgrzymom odwiedzaj\u0105cym Rzym odpust zupe\u0142ny. Od tego czasu jubileusze sta\u0142y si\u0119 czasem duchowego odnowienia dla ca\u0142ego Ko\u015bcio\u0142a.<\/p>\n\n\n\n<p>Ka\u017cdy Jubileusz zaprasza nas do przej\u015bcia przez <em>Drzwi \u015awi\u0119te<\/em>, kt\u00f3re symbolizuj\u0105 Chrystusa i Jego s\u0142owa:<\/p>\n\n\n\n<blockquote class=\"wp-block-quote is-layout-flow wp-block-quote-is-layout-flow\">\n<p><em>&#8222;Ja jestem bram\u0105. Je\u017celi kto\u015b wejdzie przeze Mnie, b\u0119dzie zbawiony.&#8221;<\/em> (J 10,9)<\/p>\n<\/blockquote>\n\n\n\n<p>Ten wyj\u0105tkowy czas wzywa nas do nawr\u00f3cenia, mi\u0142osierdzia i odnowienia naszej wiary. Ale jak mo\u017cemy prze\u017cywa\u0107 ten Jubileusz na co dzie\u0144, zw\u0142aszcza w rodzinie?<\/p>\n\n\n\n<h2 class=\"wp-block-heading\"><strong>2. Jubileusz w rodzinie: Droga wiary i jedno\u015bci<\/strong><\/h2>\n\n\n\n<p>Rodzina jest \u201eKo\u015bcio\u0142em domowym\u201d, pierwszym miejscem, w kt\u00f3rym wiara jest przekazywana i praktykowana. W \u015bwiecie pe\u0142nym rozprosze\u0144 Rok Jubileuszowy staje si\u0119 okazj\u0105 do odnowienia \u017cycia duchowego w naszych domach i uczynienia wiary \u017cywym do\u015bwiadczeniem dla wszystkich domownik\u00f3w.<\/p>\n\n\n\n<p>Oto kilka konkretnych sposob\u00f3w na prze\u017cywanie Jubileuszu w rodzinie:<\/p>\n\n\n\n<h3 class=\"wp-block-heading\"><strong>2.1. Odkrywanie modlitwy w domu<\/strong><\/h3>\n\n\n\n<p>Jubileusz jest zaproszeniem do g\u0142\u0119bszej modlitwy. W rodzinie mo\u017cemy:<\/p>\n\n\n\n<ul class=\"wp-block-list\">\n<li><strong>Codziennie wsp\u00f3lnie si\u0119 modli\u0107<\/strong> \u2013 odmawia\u0107 r\u00f3\u017caniec, Koronk\u0119 do Bo\u017cego Mi\u0142osierdzia lub spontaniczne modlitwy.<\/li>\n\n\n\n<li><strong>Czyta\u0107 Pismo \u015awi\u0119te w gronie rodziny<\/strong> \u2013 wybiera\u0107 fragmenty o Bo\u017cym mi\u0142osierdziu i wsp\u00f3lnie je rozwa\u017ca\u0107.<\/li>\n\n\n\n<li><strong>Stworzy\u0107 k\u0105cik modlitwy w domu<\/strong> \u2013 z obrazami \u015bwi\u0119tych, krzy\u017cem i \u015bwiecami, kt\u00f3re pomog\u0105 w skupieniu.<\/li>\n<\/ul>\n\n\n\n<h3 class=\"wp-block-heading\"><strong>2.2. Praktykowanie uczynk\u00f3w mi\u0142osierdzia<\/strong><\/h3>\n\n\n\n<p>Papie\u017c Franciszek przypomina nam, \u017ce Jubileusz to czas, aby \u017cy\u0107 mi\u0142osierdziem. W rodzinie mo\u017cemy:<\/p>\n\n\n\n<ul class=\"wp-block-list\">\n<li><strong>Odwiedza\u0107 chorych i starszych<\/strong>, zw\u0142aszcza krewnych potrzebuj\u0105cych towarzystwa.<\/li>\n\n\n\n<li><strong>Pomaga\u0107 potrzebuj\u0105cym<\/strong>, wspieraj\u0105c parafialne inicjatywy charytatywne lub organizacje dobroczynne.<\/li>\n\n\n\n<li><strong>Przebacza\u0107 i jedna\u0107 si\u0119<\/strong>, unika\u0107 uraz\u00f3w i piel\u0119gnowa\u0107 mi\u0142o\u015b\u0107 w rodzinie.<\/li>\n<\/ul>\n\n\n\n<p>Jezus m\u00f3wi:<\/p>\n\n\n\n<blockquote class=\"wp-block-quote is-layout-flow wp-block-quote-is-layout-flow\">\n<p><em>&#8222;B\u0105d\u017acie mi\u0142osierni, jak Ojciec wasz jest mi\u0142osierny.&#8221;<\/em> (\u0141k 6,36)<\/p>\n<\/blockquote>\n\n\n\n<h3 class=\"wp-block-heading\"><strong>2.3. Udzia\u0142 w sakramentach<\/strong><\/h3>\n\n\n\n<p>Jubileusz wzywa nas do g\u0142\u0119bszego prze\u017cywania \u0142aski sakrament\u00f3w:<\/p>\n\n\n\n<ul class=\"wp-block-list\">\n<li><strong>Regularna spowied\u017a<\/strong> \u2013 warto zach\u0119ca\u0107 domownik\u00f3w do cz\u0119stego przyst\u0119powania do Sakramentu Pokuty.<\/li>\n\n\n\n<li><strong>Wsp\u00f3lne uczestnictwo w niedzielnej Mszy \u015awi\u0119tej<\/strong>, pami\u0119taj\u0105c, \u017ce Eucharystia jest centrum \u017cycia chrze\u015bcija\u0144skiego.<\/li>\n\n\n\n<li><strong>Wspieranie dzieci i m\u0142odzie\u017cy w odkrywaniu ich powo\u0142ania<\/strong>, modlitwa o nowe powo\u0142ania kap\u0142a\u0144skie i zakonne.<\/li>\n<\/ul>\n\n\n\n<h3 class=\"wp-block-heading\"><strong>2.4. Pielgrzymka rodzinna<\/strong><\/h3>\n\n\n\n<p>Je\u015bli to mo\u017cliwe, warto odwiedzi\u0107 <strong>Drzwi \u015awi\u0119te<\/strong> w swojej diecezji lub uda\u0107 si\u0119 na pielgrzymk\u0119 do sanktuarium maryjnego. To pomo\u017ce prze\u017cy\u0107 Jubileusz jako prawdziw\u0105 duchow\u0105 w\u0119dr\u00f3wk\u0119.<\/p>\n\n\n\n<p>Je\u015bli d\u0142u\u017csza podr\u00f3\u017c nie jest mo\u017cliwa, mo\u017cna zorganizowa\u0107 lokaln\u0105 pielgrzymk\u0119, przechodz\u0105c pieszo do pobliskiego ko\u015bcio\u0142a i ofiaruj\u0105c modlitwy w intencji nawr\u00f3cenia \u015bwiata.<\/p>\n\n\n\n<h2 class=\"wp-block-heading\"><strong>3. Jubileusz i katecheza w rodzinie<\/strong><\/h2>\n\n\n\n<p>Rok Jubileuszowy to r\u00f3wnie\u017c doskona\u0142a okazja do edukacji religijnej dzieci:<\/p>\n\n\n\n<ul class=\"wp-block-list\">\n<li><strong>Poznawanie \u017cywot\u00f3w \u015bwi\u0119tych<\/strong>, zw\u0142aszcza tych, kt\u00f3rzy \u017cyli w czasach Jubileuszu, jak \u015bw. Franciszek z Asy\u017cu czy \u015bw. Matka Teresa z Kalkuty.<\/li>\n\n\n\n<li><strong>Zg\u0142\u0119bianie historii lat jubileuszowych w Ko\u015bciele.<\/strong><\/li>\n\n\n\n<li><strong>Czytanie encyklik i dokument\u00f3w papieskich o mi\u0142osierdziu i nawr\u00f3ceniu.<\/strong><\/li>\n<\/ul>\n\n\n\n<h2 class=\"wp-block-heading\"><strong>4. Rodzina jako \u015bwiadek Jubileuszu w spo\u0142ecze\u0144stwie<\/strong><\/h2>\n\n\n\n<p>Jubileusz przemienia nie tylko nasze domy, ale tak\u017ce zach\u0119ca nas do bycia \u015bwiadkami w \u015bwiecie:<\/p>\n\n\n\n<ul class=\"wp-block-list\">\n<li><strong>Dawanie \u015bwiadectwa o Bo\u017cej mi\u0142o\u015bci w pracy i w \u015brodowisku spo\u0142ecznym.<\/strong><\/li>\n\n\n\n<li><strong>Promowanie pokoju i pojednania z otaczaj\u0105cymi nas lud\u017ami.<\/strong><\/li>\n\n\n\n<li><strong>Zach\u0119canie innych do prze\u017cywania Jubileuszu poprzez dzielenie si\u0119 wiedz\u0105, do\u015bwiadczeniami i warto\u015bciami chrze\u015bcija\u0144skimi.<\/strong><\/li>\n<\/ul>\n\n\n\n<h2 class=\"wp-block-heading\"><strong>Zako\u0144czenie: Jubileusz prze\u017cywany w Bo\u017cej mi\u0142o\u015bci<\/strong><\/h2>\n\n\n\n<p>Prze\u017cywanie Jubileuszu w rodzinie to zaproszenie do uczynienia naszego domu miejscem, gdzie kr\u00f3luje Chrystus. To czas \u0142aski, kt\u00f3ry pomaga nam umocni\u0107 wiar\u0119, \u017cy\u0107 mi\u0142osierdziem i odnowi\u0107 nasze zobowi\u0105zanie wobec Boga.<\/p>\n\n\n\n<p>Jak przypomina nam \u015bw. Pawe\u0142:<\/p>\n\n\n\n<blockquote class=\"wp-block-quote is-layout-flow wp-block-quote-is-layout-flow\">\n<p><em>&#8222;Oto teraz czas upragniony, oto teraz dzie\u0144 zbawienia!&#8221;<\/em> (2 Kor 6,2)<\/p>\n<\/blockquote>\n\n\n\n<p>Niech ten Jubileusz b\u0119dzie dla nas okazj\u0105 do zbli\u017cenia si\u0119 do Boga, umocnienia wi\u0119zi rodzinnych i radosnego \u017cycia Ewangeli\u0105. Niech Maryja, Matka Mi\u0142osierdzia, prowadzi nas w tej drodze wiary!<\/p>\n","protected":false},"excerpt":{"rendered":"<p>Jubileusz to czas \u0142aski i mi\u0142osierdzia, wyj\u0105tkowy moment w \u017cyciu Ko\u015bcio\u0142a, kt\u00f3ry wzywa nas do nawr\u00f3cenia, pojednania i odnowienia naszej wiary. Na przestrzeni dziej\u00f3w Ko\u015bci\u00f3\u0142 obchodzi\u0142 lata jubileuszowe jako okazj\u0119 do zbli\u017cenia si\u0119 do Boga, ponownego odkrycia warto\u015bci przebaczenia i pog\u0142\u0119bienia \u017cycia chrze\u015bcija\u0144skiego. Prze\u017cywanie Jubileuszu w rodzinie to niepowtarzalna okazja do przekazywania wiary, pog\u0142\u0119biania \u017cycia &hellip;<\/p>\n","protected":false},"author":3,"featured_media":2060,"comment_status":"open","ping_status":"open","sticky":false,"template":"","format":"standard","meta":{"_seopress_robots_primary_cat":"","_seopress_titles_title":"","_seopress_titles_desc":"","_seopress_robots_index":"","footnotes":""},"categories":[39,55],"tags":[130,422],"class_list":["post-2059","post","type-post","status-publish","format-standard","has-post-thumbnail","","category-moralnosc-i-zycie-chrzescijanskie","category-rodzina-i-malzenstwo","tag-jubileuszowy","tag-rodzinie"],"_links":{"self":[{"href":"https:\/\/catholicus.eu\/pl\/wp-json\/wp\/v2\/posts\/2059","targetHints":{"allow":["GET"]}}],"collection":[{"href":"https:\/\/catholicus.eu\/pl\/wp-json\/wp\/v2\/posts"}],"about":[{"href":"https:\/\/catholicus.eu\/pl\/wp-json\/wp\/v2\/types\/post"}],"author":[{"embeddable":true,"href":"https:\/\/catholicus.eu\/pl\/wp-json\/wp\/v2\/users\/3"}],"replies":[{"embeddable":true,"href":"https:\/\/catholicus.eu\/pl\/wp-json\/wp\/v2\/comments?post=2059"}],"version-history":[{"count":1,"href":"https:\/\/catholicus.eu\/pl\/wp-json\/wp\/v2\/posts\/2059\/revisions"}],"predecessor-version":[{"id":2061,"href":"https:\/\/catholicus.eu\/pl\/wp-json\/wp\/v2\/posts\/2059\/revisions\/2061"}],"wp:featuredmedia":[{"embeddable":true,"href":"https:\/\/catholicus.eu\/pl\/wp-json\/wp\/v2\/media\/2060"}],"wp:attachment":[{"href":"https:\/\/catholicus.eu\/pl\/wp-json\/wp\/v2\/media?parent=2059"}],"wp:term":[{"taxonomy":"category","embeddable":true,"href":"https:\/\/catholicus.eu\/pl\/wp-json\/wp\/v2\/categories?post=2059"},{"taxonomy":"post_tag","embeddable":true,"href":"https:\/\/catholicus.eu\/pl\/wp-json\/wp\/v2\/tags?post=2059"}],"curies":[{"name":"wp","href":"https:\/\/api.w.org\/{rel}","templated":true}]}}