{"id":2025,"date":"2025-02-02T14:46:41","date_gmt":"2025-02-02T13:46:41","guid":{"rendered":"https:\/\/catholicus.eu\/pl\/?p=2025"},"modified":"2025-02-02T14:46:41","modified_gmt":"2025-02-02T13:46:41","slug":"sensus-fidei-jak-lud-bozy-postrzega-objawiona-prawde","status":"publish","type":"post","link":"https:\/\/catholicus.eu\/pl\/sensus-fidei-jak-lud-bozy-postrzega-objawiona-prawde\/","title":{"rendered":"Sensus Fidei: Jak Lud Bo\u017cy postrzega objawion\u0105 prawd\u0119?"},"content":{"rendered":"\n<p>W bogatej tradycji Ko\u015bcio\u0142a katolickiego istnieje poj\u0119cie, kt\u00f3re, cho\u0107 cz\u0119sto \u017ale rozumiane, odgrywa kluczow\u0105 rol\u0119 w \u017cyciu wiary: <em>sensus fidei<\/em>. To \u0142aci\u0144skie wyra\u017cenie, t\u0142umaczone jako \u201ezmys\u0142 wiary\u201d, odnosi si\u0119 do nadprzyrodzonej zdolno\u015bci Ludu Bo\u017cego do rozpoznawania i przyjmowania objawionej prawdy. Ale co to dok\u0142adnie oznacza? Jak odnosi si\u0119 do autorytetu Ko\u015bcio\u0142a? I, co najwa\u017cniejsze, jakie ma znaczenie dla wierz\u0105cych w dzisiejszych czasach?<\/p>\n\n\n\n<p>Zapraszamy Ci\u0119 do zg\u0142\u0119bienia tej doktryny, jej biblijnych i teologicznych podstaw, jej roli w historii Ko\u015bcio\u0142a oraz jej aktualno\u015bci w naszym \u017cyciu duchowym.<\/p>\n\n\n\n<hr class=\"wp-block-separator has-alpha-channel-opacity\"\/>\n\n\n\n<h2 class=\"wp-block-heading\">1. Czym jest <em>Sensus Fidei<\/em>?<\/h2>\n\n\n\n<p><em>Sensus fidei<\/em> to dar Ducha \u015awi\u0119tego, udzielany ca\u0142emu Ludowi Bo\u017cemu, aby m\u00f3g\u0142 rozpoznawa\u0107 prawd\u0119 wiary i trwa\u0107 w niej. Jest to swego rodzaju \u201educhowa intuicja\u201d, g\u0142\u0119bokie i instynktowne wyczucie prawdy chrze\u015bcija\u0144skiej, wynikaj\u0105ce z uczestnictwa w \u017cyciu Ko\u015bcio\u0142a i wierno\u015bci jego nauczaniu.<\/p>\n\n\n\n<p>Sob\u00f3r Watyka\u0144ski II w Konstytucji <em>Lumen Gentium<\/em> wyra\u017anie m\u00f3wi o tym darze:<\/p>\n\n\n\n<blockquote class=\"wp-block-quote is-layout-flow wp-block-quote-is-layout-flow\">\n<p>\u201eOg\u00f3\u0142 wiernych, maj\u0105c namaszczenie od \u015awi\u0119tego (por. 1J 2,20.27), nie mo\u017ce zb\u0142\u0105dzi\u0107 w wierze. T\u0119 swoj\u0105 szczeg\u00f3ln\u0105 w\u0142a\u015bciwo\u015b\u0107 ujawnia on poprzez nadprzyrodzony zmys\u0142 wiary (<em>sensus fidei<\/em>) ca\u0142ego ludu, gdy \u2018od biskup\u00f3w a\u017c po ostatnich wiernych \u015bwieckich\u2019 okazuje powszechn\u0105 zgodno\u015b\u0107 w sprawach wiary i obyczaj\u00f3w\u201d (<em>Lumen Gentium<\/em>, 12).<\/p>\n<\/blockquote>\n\n\n\n<p>Ten zmys\u0142 wiary nie jest subiektywnym odczuciem ani prywatn\u0105 opini\u0105 na temat doktryny, lecz aktem przylgni\u0119cia do prawdy przekazanej przez Ko\u015bci\u00f3\u0142 i prze\u017cywanej w wierno\u015bci Chrystusowi.<\/p>\n\n\n\n<hr class=\"wp-block-separator has-alpha-channel-opacity\"\/>\n\n\n\n<h2 class=\"wp-block-heading\">2. Biblijne i Teologiczne Podstawy<\/h2>\n\n\n\n<p><em>Sensus fidei<\/em> ma swoje korzenie w Pi\u015bmie \u015awi\u0119tym. Jezus obieca\u0142 swoim uczniom, \u017ce Duch \u015awi\u0119ty poprowadzi ich ku pe\u0142nej prawdzie (por. J 16,13). \u015awi\u0119ty Pawe\u0142 naucza, \u017ce chrze\u015bcijanie, jako cz\u0142onki Cia\u0142a Chrystusa, uczestnicz\u0105 w Bo\u017cej m\u0105dro\u015bci i s\u0105 \u015bwi\u0105tyni\u0105 Ducha \u015awi\u0119tego (por. 1Kor 2,10-16).<\/p>\n\n\n\n<p>Ojcowie Ko\u015bcio\u0142a r\u00f3wnie\u017c podkre\u015blali znaczenie wiary Ludu Bo\u017cego. \u015awi\u0119ty Augustyn m\u00f3wi\u0142 o <em>fides totius Ecclesiae<\/em> (wierze ca\u0142ego Ko\u015bcio\u0142a), podkre\u015blaj\u0105c, \u017ce prawda wiary nie nale\u017cy do nielicznych, lecz jest podtrzymywana przez ca\u0142\u0105 wsp\u00f3lnot\u0119 wiernych.<\/p>\n\n\n\n<p>Z teologicznego punktu widzenia <em>sensus fidei<\/em> jest \u015bci\u015ble zwi\u0105zany z nieomylno\u015bci\u0105 Ko\u015bcio\u0142a. Doktryna katolicka naucza, \u017ce ca\u0142y Ko\u015bci\u00f3\u0142 nie mo\u017ce zb\u0142\u0105dzi\u0107 w sprawach wiary i moralno\u015bci, poniewa\u017c Chrystus sam go prowadzi i strze\u017ce. Nie oznacza to, \u017ce ka\u017cdy wierz\u0105cy indywidualnie jest nieomylny, ale \u017ce Lud Bo\u017cy, pozostaj\u0105c wierny Tradycji i Magisterium, nie mo\u017ce odchodzi\u0107 od prawdy.<\/p>\n\n\n\n<hr class=\"wp-block-separator has-alpha-channel-opacity\"\/>\n\n\n\n<h2 class=\"wp-block-heading\">3. <em>Sensus Fidei<\/em> a Magisterium: Jak si\u0119 uzupe\u0142niaj\u0105?<\/h2>\n\n\n\n<p>Jednym z kluczowych aspekt\u00f3w <em>sensus fidei<\/em> jest jego relacja z Magisterium Ko\u015bcio\u0142a, czyli z autorytetem doktrynalnym sprawowanym przez papie\u017ca i biskup\u00f3w w jedno\u015bci z nim. Te dwie rzeczywisto\u015bci nie stoj\u0105 w sprzeczno\u015bci, lecz wzajemnie si\u0119 uzupe\u0142niaj\u0105.<\/p>\n\n\n\n<p>Magisterium ma misj\u0119 autentycznego interpretowania S\u0142owa Bo\u017cego, zar\u00f3wno spisanego w Pi\u015bmie \u015awi\u0119tym, jak i przekazanego w Tradycji. Jednak <em>sensus fidei<\/em> pozwala Ludowi Bo\u017cemu rozpozna\u0107 i przyj\u0105\u0107 to nauczanie z otwartym sercem.<\/p>\n\n\n\n<p>Przyk\u0142adem tego jest og\u0142oszenie dogmat\u00f3w o Niepokalanym Pocz\u0119ciu Maryi w 1854 roku oraz o Wniebowzi\u0119ciu Maryi w 1950 roku. Zanim zosta\u0142y oficjalnie proklamowane, by\u0142y ju\u017c powszechnie wyznawane przez lud chrze\u015bcija\u0144ski, co wskazywa\u0142o Magisterium, \u017ce te prawdy s\u0105 g\u0142\u0119boko zakorzenione w wierze Ko\u015bcio\u0142a.<\/p>\n\n\n\n<hr class=\"wp-block-separator has-alpha-channel-opacity\"\/>\n\n\n\n<h2 class=\"wp-block-heading\">4. Jak rozwija\u0107 <em>Sensus Fidei<\/em> w dzisiejszym \u015bwiecie?<\/h2>\n\n\n\n<p>W dzisiejszych czasach, pe\u0142nych relatywizmu i zamieszania doktrynalnego, <em>sensus fidei<\/em> jest bardziej potrzebny ni\u017c kiedykolwiek. Chrze\u015bcijanie s\u0105 wezwani do kultywowania tego daru i rozeznawania prawdy w\u015br\u00f3d wielu sprzecznych g\u0142os\u00f3w. Jak mo\u017cemy rozwija\u0107 ten zmys\u0142 wiary na co dzie\u0144?<\/p>\n\n\n\n<h3 class=\"wp-block-heading\">a) \u017bycie sakramentalne i modlitwa<\/h3>\n\n\n\n<p><em>Sensus fidei<\/em> nie jest naturalnym instynktem, ale darem Ducha \u015awi\u0119tego, kt\u00f3ry wzrasta wraz z \u017cyciem w \u0142asce. Udzia\u0142 w Eucharystii, cz\u0119sta spowied\u017a i modlitwa pomagaj\u0105 nam dostroi\u0107 si\u0119 do Bo\u017cej prawdy.<\/p>\n\n\n\n<h3 class=\"wp-block-heading\">b) Wierno\u015b\u0107 Tradycji i Magisterium<\/h3>\n\n\n\n<p>Aby <em>sensus fidei<\/em> by\u0142 autentyczny, musi pozostawa\u0107 w jedno\u015bci z niezmiennym nauczaniem Ko\u015bcio\u0142a. Nie chodzi o pod\u0105\u017canie za teologicznymi modami czy ideologiami, ale o trwanie w wierze przekazanej przez Aposto\u0142\u00f3w.<\/p>\n\n\n\n<h3 class=\"wp-block-heading\">c) Ci\u0105g\u0142a formacja<\/h3>\n\n\n\n<p>Katolik, kt\u00f3ry chce prze\u017cywa\u0107 swoj\u0105 wiar\u0119 g\u0142\u0119boko, powinien nieustannie pog\u0142\u0119bia\u0107 swoj\u0105 wiedz\u0119. Czytanie Pisma \u015awi\u0119tego, studiowanie Katechizmu Ko\u015bcio\u0142a Katolickiego i poznawanie \u017cywot\u00f3w \u015bwi\u0119tych to konkretne sposoby na rozwijanie <em>sensus fidei<\/em>.<\/p>\n\n\n\n<h3 class=\"wp-block-heading\">d) \u017bycie we wsp\u00f3lnocie<\/h3>\n\n\n\n<p>Wiara nie jest aktem indywidualnym, ale wzrasta we wsp\u00f3lnocie. S\u0142uchanie innych wierz\u0105cych, dzielenie si\u0119 wiar\u0105 w grupach parafialnych i aktywne uczestnictwo w \u017cyciu Ko\u015bcio\u0142a pomaga nam lepiej dostrzega\u0107 dzia\u0142anie Ducha \u015awi\u0119tego.<\/p>\n\n\n\n<hr class=\"wp-block-separator has-alpha-channel-opacity\"\/>\n\n\n\n<h2 class=\"wp-block-heading\">5. Wezwanie do wierno\u015bci<\/h2>\n\n\n\n<p>W czasach zam\u0119tu <em>sensus fidei<\/em> jest pewnym drogowskazem, kt\u00f3ry pomaga nam trwa\u0107 w wierze. Nie jest pretekstem do odrzucania autorytetu Ko\u015bcio\u0142a ani promowania osobistych opinii, lecz zaproszeniem do prze\u017cywania wiary z autentyczno\u015bci\u0105 i g\u0142\u0119bi\u0105.<\/p>\n\n\n\n<p>Niech Duch \u015awi\u0119ty obdarzy nas \u017cywym <em>sensus fidei<\/em>, zdolnym do rozpoznawania i przyjmowania objawionej prawdy z mi\u0142o\u015bci\u0105 i wierno\u015bci\u0105. A jako Lud Bo\u017cy, trwajmy zawsze w jedno\u015bci z Ko\u015bcio\u0142em, daj\u0105c \u015bwiadectwo pi\u0119kna wiary katolickiej.<\/p>\n\n\n\n<h3 class=\"wp-block-heading\"><em>\u201ePanie, o\u015bwie\u0107 nasze umys\u0142y i serca, aby\u015bmy, dzi\u0119ki darowi Twojego Ducha, zawsze rozpoznawali Twoj\u0105 prawd\u0119 i w niej trwali. Amen.\u201d<\/em><\/h3>\n\n\n\n<hr class=\"wp-block-separator has-alpha-channel-opacity\"\/>\n\n\n\n<p>Ten artyku\u0142 ma na celu przybli\u017cenie koncepcji <em>sensus fidei<\/em> wsp\u00f3\u0142czesnym wiernym, pomagaj\u0105c im zrozumie\u0107 jego znaczenie w \u017cyciu chrze\u015bcija\u0144skim i jego rol\u0119 w przekazywaniu wiary. Masz pytania lub refleksje na ten temat? Podziel si\u0119 swoj\u0105 opini\u0105!<\/p>\n","protected":false},"excerpt":{"rendered":"<p>W bogatej tradycji Ko\u015bcio\u0142a katolickiego istnieje poj\u0119cie, kt\u00f3re, cho\u0107 cz\u0119sto \u017ale rozumiane, odgrywa kluczow\u0105 rol\u0119 w \u017cyciu wiary: sensus fidei. To \u0142aci\u0144skie wyra\u017cenie, t\u0142umaczone jako \u201ezmys\u0142 wiary\u201d, odnosi si\u0119 do nadprzyrodzonej zdolno\u015bci Ludu Bo\u017cego do rozpoznawania i przyjmowania objawionej prawdy. Ale co to dok\u0142adnie oznacza? Jak odnosi si\u0119 do autorytetu Ko\u015bcio\u0142a? I, co najwa\u017cniejsze, jakie &hellip;<\/p>\n","protected":false},"author":3,"featured_media":2026,"comment_status":"open","ping_status":"open","sticky":false,"template":"","format":"standard","meta":{"_seopress_robots_primary_cat":"","_seopress_titles_title":"","_seopress_titles_desc":"","_seopress_robots_index":"","footnotes":""},"categories":[57,39],"tags":[409],"class_list":["post-2025","post","type-post","status-publish","format-standard","has-post-thumbnail","","category-cnoty-chrzescijanskie","category-moralnosc-i-zycie-chrzescijanskie","tag-sensus-fidei"],"_links":{"self":[{"href":"https:\/\/catholicus.eu\/pl\/wp-json\/wp\/v2\/posts\/2025","targetHints":{"allow":["GET"]}}],"collection":[{"href":"https:\/\/catholicus.eu\/pl\/wp-json\/wp\/v2\/posts"}],"about":[{"href":"https:\/\/catholicus.eu\/pl\/wp-json\/wp\/v2\/types\/post"}],"author":[{"embeddable":true,"href":"https:\/\/catholicus.eu\/pl\/wp-json\/wp\/v2\/users\/3"}],"replies":[{"embeddable":true,"href":"https:\/\/catholicus.eu\/pl\/wp-json\/wp\/v2\/comments?post=2025"}],"version-history":[{"count":1,"href":"https:\/\/catholicus.eu\/pl\/wp-json\/wp\/v2\/posts\/2025\/revisions"}],"predecessor-version":[{"id":2027,"href":"https:\/\/catholicus.eu\/pl\/wp-json\/wp\/v2\/posts\/2025\/revisions\/2027"}],"wp:featuredmedia":[{"embeddable":true,"href":"https:\/\/catholicus.eu\/pl\/wp-json\/wp\/v2\/media\/2026"}],"wp:attachment":[{"href":"https:\/\/catholicus.eu\/pl\/wp-json\/wp\/v2\/media?parent=2025"}],"wp:term":[{"taxonomy":"category","embeddable":true,"href":"https:\/\/catholicus.eu\/pl\/wp-json\/wp\/v2\/categories?post=2025"},{"taxonomy":"post_tag","embeddable":true,"href":"https:\/\/catholicus.eu\/pl\/wp-json\/wp\/v2\/tags?post=2025"}],"curies":[{"name":"wp","href":"https:\/\/api.w.org\/{rel}","templated":true}]}}