{"id":2022,"date":"2025-02-02T00:50:17","date_gmt":"2025-02-01T23:50:17","guid":{"rendered":"https:\/\/catholicus.eu\/pl\/?p=2022"},"modified":"2025-02-02T00:50:18","modified_gmt":"2025-02-01T23:50:18","slug":"lex-orandi-lex-credendi-jak-sie-modlimy-tak-wierzymy","status":"publish","type":"post","link":"https:\/\/catholicus.eu\/pl\/lex-orandi-lex-credendi-jak-sie-modlimy-tak-wierzymy\/","title":{"rendered":"&#8222;Lex Orandi, Lex Credendi&#8221;: Jak si\u0119 modlimy, tak wierzymy"},"content":{"rendered":"\n<h2 class=\"wp-block-heading\"><strong>Wst\u0119p: Dlaczego wa\u017cne jest, aby modli\u0107 si\u0119 we w\u0142a\u015bciwy spos\u00f3b?<\/strong><\/h2>\n\n\n\n<p>W \u017cyciu chrze\u015bcija\u0144skim niewiele wyra\u017ce\u0144 oddaje tak dobrze zwi\u0105zek mi\u0119dzy liturgi\u0105 a wiar\u0105 jak <em>Lex orandi, lex credendi<\/em>. Ta staro\u017cytna \u0142aci\u0144ska maksyma, oznaczaj\u0105ca <em>\u201eprawo modlitwy jest prawem wiary\u201d<\/em>, przypomina nam, \u017ce spos\u00f3b, w jaki si\u0119 modlimy, kszta\u0142tuje nasz\u0105 wiar\u0119 \u2013 i odwrotnie.<\/p>\n\n\n\n<p>W czasach, gdy to\u017csamo\u015b\u0107 katolicka jest poddawana pr\u00f3bom przez wyzwania kulturowe i doktrynalne, ta prawda nabiera szczeg\u00f3lnego znaczenia. Je\u015bli nasza modlitwa i liturgia ulegaj\u0105 zmianie, nieuchronnie zmienia si\u0119 r\u00f3wnie\u017c nasza wiara i nasza relacja z Bogiem. Kluczowe pytanie brzmi wi\u0119c: jak mo\u017cemy upewni\u0107 si\u0119, \u017ce nasz spos\u00f3b modlitwy odzwierciedla prawdziw\u0105 wiar\u0119, a nie jej zniekszta\u0142con\u0105 wersj\u0119?<\/p>\n\n\n\n<h2 class=\"wp-block-heading\"><strong>1. Co naprawd\u0119 oznacza \u201eLex Orandi, Lex Credendi\u201d?<\/strong><\/h2>\n\n\n\n<h3 class=\"wp-block-heading\"><strong>Pochodzenie wyra\u017cenia<\/strong><\/h3>\n\n\n\n<p>To zdanie ma swoje korzenie w pismach \u015bw. Prospera z Akwitanii (V wiek), ucznia \u015bw. Augustyna. W swojej walce z herezjami swoich czas\u00f3w \u015bw. Prosper podkre\u015bla\u0142, \u017ce liturgia nie jest tylko wyrazem wiary, ale r\u00f3wnie\u017c j\u0105 umacnia i przekazuje. Ko\u015bci\u00f3\u0142 nie zaczyna od ustalania doktryn, kt\u00f3re nast\u0119pnie s\u0105 t\u0142umaczone na modlitw\u0119; przeciwnie, sama modlitwa jest \u017ar\u00f3d\u0142em doktryny.<\/p>\n\n\n\n<h3 class=\"wp-block-heading\"><strong>Praktyczne zastosowanie: to, jak si\u0119 modlimy, okre\u015bla, w co wierzymy<\/strong><\/h3>\n\n\n\n<p>Za ka\u017cdym razem, gdy odmawiamy Credo, uczestniczymy we Mszy \u015awi\u0119tej lub modlimy si\u0119 na R\u00f3\u017ca\u0144cu, kszta\u0142tujemy nasz\u0105 wiar\u0119. Liturgia nie jest tylko wyrazem osobistego przekonania, ale aktywnie okre\u015bla tre\u015b\u0107 naszej wiary. Dlatego je\u015bli liturgia zostanie zmieniona, zmieni si\u0119 r\u00f3wnie\u017c nasza wiara.<\/p>\n\n\n\n<h2 class=\"wp-block-heading\"><strong>2. Zwi\u0105zek mi\u0119dzy liturgi\u0105, wiar\u0105 i \u017cyciem chrze\u015bcija\u0144skim<\/strong><\/h2>\n\n\n\n<p>Ko\u015bci\u00f3\u0142 przez wieki zachowa\u0142 \u015bwi\u0119t\u0105 liturgi\u0119, poniewa\u017c wie, \u017ce nie jest ona jedynie zbiorem rytua\u0142\u00f3w, ale autentycznym spotkaniem z Bogiem. Co si\u0119 jednak dzieje, gdy liturgia jest zaniedbywana lub banalizowana?<\/p>\n\n\n\n<h3 class=\"wp-block-heading\"><strong>Wp\u0142yw liturgii na wiar\u0119<\/strong><\/h3>\n\n\n\n<ul class=\"wp-block-list\">\n<li>Je\u015bli modlitwa liturgiczna podkre\u015bla ofiar\u0119 Chrystusa, nasza wiara b\u0119dzie skoncentrowana na Krzy\u017cu.<\/li>\n\n\n\n<li>Je\u015bli liturgia jest przepe\u0142niona czci\u0105, nasza wiara doprowadzi nas do g\u0142\u0119bokiej adoracji.<\/li>\n\n\n\n<li>Je\u015bli modlitwa jest zaniedbywana i pozbawiona sacrum, nasza wiara mo\u017ce sta\u0107 si\u0119 powierzchowna.<\/li>\n<\/ul>\n\n\n\n<p>Dlatego Ko\u015bci\u00f3\u0142 zawsze przywi\u0105zywa\u0142 wielk\u0105 wag\u0119 do sposobu odprawiania Mszy \u015awi\u0119tej i struktury modlitwy liturgicznej.<\/p>\n\n\n\n<h3 class=\"wp-block-heading\"><strong>Liturgia a wsp\u00f3\u0142czesny kryzys wiary<\/strong><\/h3>\n\n\n\n<p>Wielu katolik\u00f3w zauwa\u017cy\u0142o, \u017ce w ostatnich dziesi\u0119cioleciach spos\u00f3b celebrowania Mszy \u015awi\u0119tej uleg\u0142 zmianie w wielu wsp\u00f3lnotach. W niekt\u00f3rych miejscach zatracono poczucie sacrum, a liturgia zacz\u0119\u0142a by\u0107 traktowana bardziej jako spotkanie wsp\u00f3lnotowe ni\u017c jako akt adoracji Boga. W tym kontek\u015bcie <em>Lex orandi, lex credendi<\/em> staje si\u0119 pilnym wezwaniem do ponownego odkrycia pi\u0119kna i g\u0142\u0119bi liturgii katolickiej.<\/p>\n\n\n\n<h2 class=\"wp-block-heading\"><strong>3. Tradycyjna Msza \u015awi\u0119ta i jej wp\u0142yw na wiar\u0119<\/strong><\/h2>\n\n\n\n<p>Jednym z najwa\u017cniejszych wsp\u00f3\u0142czesnych debat w Ko\u015bciele jest relacja mi\u0119dzy tradycyjn\u0105 Msz\u0105 \u0142aci\u0144sk\u0105 a Msz\u0105 zreformowan\u0105 po Soborze Watyka\u0144skim II.<\/p>\n\n\n\n<h3 class=\"wp-block-heading\"><strong>Msza Trydencka: wyraz niezmiennej wiary<\/strong><\/h3>\n\n\n\n<p>Msza w rycie trydenckim, celebrowana po \u0142acinie, z kap\u0142anem zwr\u00f3conym <em>ad orientem<\/em> (w stron\u0119 o\u0142tarza) i przepe\u0142niona g\u0142\u0119bokim szacunkiem, w spos\u00f3b jasny i widoczny wyra\u017ca teologi\u0119 katolick\u0105:<\/p>\n\n\n\n<ul class=\"wp-block-list\">\n<li>O\u0142tarz jest miejscem Ofiary, a nie tylko sto\u0142em dla wsp\u00f3lnotowego posi\u0142ku.<\/li>\n\n\n\n<li>Kap\u0142an dzia\u0142a <em>in persona Christi<\/em>, a nie jako zwyk\u0142y przewodnicz\u0105cy zgromadzenia.<\/li>\n\n\n\n<li>Cisza, \u0142acina i chora\u0142 gregoria\u0144ski przywo\u0142uj\u0105 tajemnic\u0119 Boga.<\/li>\n<\/ul>\n\n\n\n<h3 class=\"wp-block-heading\"><strong>Niebezpiecze\u0144stwo utraty sacrum<\/strong><\/h3>\n\n\n\n<p>Gdy liturgia zostaje sp\u0142ycona przez chaotyczne celebracje, nieodpowiednie pie\u015bni lub nadmierne skupienie na wsp\u00f3lnocie zamiast na Bogu, wiara wiernych mo\u017ce os\u0142abn\u0105\u0107. Nie jest przypadkiem, \u017ce wiele parafii, w kt\u00f3rych zatracono sacrum w liturgii, odnotowa\u0142o spadek uczestnictwa i pobo\u017cno\u015bci.<\/p>\n\n\n\n<h2 class=\"wp-block-heading\"><strong>4. Jak stosowa\u0107 \u201eLex Orandi, Lex Credendi\u201d w codziennym \u017cyciu<\/strong><\/h2>\n\n\n\n<p>Nie wystarczy tylko uzna\u0107 znaczenie liturgii. Jako katolicy musimy podj\u0105\u0107 konkretne dzia\u0142ania, aby wcieli\u0107 t\u0119 prawd\u0119 w \u017cycie.<\/p>\n\n\n\n<h3 class=\"wp-block-heading\"><strong>Uczestniczy\u0107 w liturgii z czci\u0105<\/strong><\/h3>\n\n\n\n<ul class=\"wp-block-list\">\n<li>Uczestniczy\u0107 we Mszy \u015awi\u0119tej z postaw\u0105 adoracji, a nie tylko jako obserwatorzy.<\/li>\n\n\n\n<li>Odkrywa\u0107 bogactwo tradycyjnej liturgii i, je\u015bli to mo\u017cliwe, uczestniczy\u0107 w Mszy w rycie trydenckim.<\/li>\n\n\n\n<li>Ubiera\u0107 si\u0119 godnie na Msz\u0119 \u015awi\u0119t\u0105 jako znak szacunku dla sacrum.<\/li>\n<\/ul>\n\n\n\n<h3 class=\"wp-block-heading\"><strong>Odkrywa\u0107 na nowo tradycyjn\u0105 modlitw\u0119<\/strong><\/h3>\n\n\n\n<ul class=\"wp-block-list\">\n<li>Powr\u00f3ci\u0107 do modlitw takich jak R\u00f3\u017caniec, Liturgia Godzin i Adoracja Eucharystyczna.<\/li>\n\n\n\n<li>U\u017cywa\u0107 \u0142aciny w modlitwie osobistej, przynajmniej w niekt\u00f3rych cz\u0119\u015bciach (np. <em>Pater Noster<\/em>).<\/li>\n\n\n\n<li>Naucza\u0107 dzieci tradycyjnych modlitw, aby wychowywa\u0107 je w mocnej wierze.<\/li>\n<\/ul>\n\n\n\n<h3 class=\"wp-block-heading\"><strong>Zg\u0142\u0119bia\u0107 doktryn\u0119 Ko\u015bcio\u0142a<\/strong><\/h3>\n\n\n\n<ul class=\"wp-block-list\">\n<li>Czyta\u0107 dokumenty Ko\u015bcio\u0142a o liturgii, takie jak <em>Sacrosanctum Concilium<\/em> i <em>Mediator Dei<\/em> Piusa XII.<\/li>\n\n\n\n<li>Studiowa\u0107 Katechizm Ko\u015bcio\u0142a Katolickiego, szczeg\u00f3lnie sekcj\u0119 o liturgii i sakramentach.<\/li>\n\n\n\n<li>By\u0107 \u015bwiadomym wp\u0142ywu zmian liturgicznych na wiar\u0119 i rozeznawa\u0107 je z m\u0105dro\u015bci\u0105.<\/li>\n<\/ul>\n\n\n\n<h2 class=\"wp-block-heading\"><strong>Zako\u0144czenie: Powr\u00f3t do modlitwy Ko\u015bcio\u0142a, jak\u0105 zawsze praktykowa\u0142<\/strong><\/h2>\n\n\n\n<p><em>Lex orandi, lex credendi<\/em> to nie tylko pi\u0119kne wyra\u017cenie. To ostrze\u017cenie i wezwanie do zachowania \u017cywej wiary poprzez liturgi\u0119. Je\u015bli chcemy, aby nasza wiara by\u0142a silna, musimy zadba\u0107, by nasza modlitwa by\u0142a godna Boga.<\/p>\n\n\n\n<p>W \u015bwiecie, gdzie panuje zam\u0119t doktrynalny i zanika poczucie sacrum, ponowne odkrycie bogactwa tradycyjnej liturgii mo\u017ce by\u0107 drog\u0105 do duchowej odnowy wiernych. Je\u015bli b\u0119dziemy si\u0119 dobrze modli\u0107, b\u0119dziemy dobrze wierzy\u0107, a je\u015bli b\u0119dziemy dobrze wierzy\u0107, b\u0119dziemy dobrze \u017cy\u0107.<\/p>\n\n\n\n<p>Niech Naj\u015bwi\u0119tsza Maryja Panna, kt\u00f3ra modli\u0142a si\u0119 z pokor\u0105 i doskona\u0142\u0105 adoracj\u0105, pomo\u017ce nam na nowo odkry\u0107 pi\u0119kno liturgii i prze\u017cywa\u0107 nasz\u0105 wiar\u0119 z autentyczno\u015bci\u0105.<\/p>\n\n\n\n<p><strong>\u015awi\u0119ta Matko Ko\u015bciele, naucz nas modli\u0107 si\u0119 tak, jak zawsze si\u0119 modli\u0142a\u015b, aby\u015bmy mogli wierzy\u0107 tak, jak zawsze wierzy\u0142a\u015b.<\/strong> Amen.<\/p>\n","protected":false},"excerpt":{"rendered":"<p>Wst\u0119p: Dlaczego wa\u017cne jest, aby modli\u0107 si\u0119 we w\u0142a\u015bciwy spos\u00f3b? W \u017cyciu chrze\u015bcija\u0144skim niewiele wyra\u017ce\u0144 oddaje tak dobrze zwi\u0105zek mi\u0119dzy liturgi\u0105 a wiar\u0105 jak Lex orandi, lex credendi. Ta staro\u017cytna \u0142aci\u0144ska maksyma, oznaczaj\u0105ca \u201eprawo modlitwy jest prawem wiary\u201d, przypomina nam, \u017ce spos\u00f3b, w jaki si\u0119 modlimy, kszta\u0142tuje nasz\u0105 wiar\u0119 \u2013 i odwrotnie. W czasach, gdy &hellip;<\/p>\n","protected":false},"author":3,"featured_media":2023,"comment_status":"open","ping_status":"open","sticky":false,"template":"","format":"standard","meta":{"_seopress_robots_primary_cat":"","_seopress_titles_title":"","_seopress_titles_desc":"","_seopress_robots_index":"","footnotes":""},"categories":[40,58],"tags":[408,407],"class_list":["post-2022","post","type-post","status-publish","format-standard","has-post-thumbnail","","category-modlitwa-i-duchowosc","category-modlitwa-i-zycie-duchowe","tag-lex-credendi","tag-lex-orandi"],"_links":{"self":[{"href":"https:\/\/catholicus.eu\/pl\/wp-json\/wp\/v2\/posts\/2022","targetHints":{"allow":["GET"]}}],"collection":[{"href":"https:\/\/catholicus.eu\/pl\/wp-json\/wp\/v2\/posts"}],"about":[{"href":"https:\/\/catholicus.eu\/pl\/wp-json\/wp\/v2\/types\/post"}],"author":[{"embeddable":true,"href":"https:\/\/catholicus.eu\/pl\/wp-json\/wp\/v2\/users\/3"}],"replies":[{"embeddable":true,"href":"https:\/\/catholicus.eu\/pl\/wp-json\/wp\/v2\/comments?post=2022"}],"version-history":[{"count":1,"href":"https:\/\/catholicus.eu\/pl\/wp-json\/wp\/v2\/posts\/2022\/revisions"}],"predecessor-version":[{"id":2024,"href":"https:\/\/catholicus.eu\/pl\/wp-json\/wp\/v2\/posts\/2022\/revisions\/2024"}],"wp:featuredmedia":[{"embeddable":true,"href":"https:\/\/catholicus.eu\/pl\/wp-json\/wp\/v2\/media\/2023"}],"wp:attachment":[{"href":"https:\/\/catholicus.eu\/pl\/wp-json\/wp\/v2\/media?parent=2022"}],"wp:term":[{"taxonomy":"category","embeddable":true,"href":"https:\/\/catholicus.eu\/pl\/wp-json\/wp\/v2\/categories?post=2022"},{"taxonomy":"post_tag","embeddable":true,"href":"https:\/\/catholicus.eu\/pl\/wp-json\/wp\/v2\/tags?post=2022"}],"curies":[{"name":"wp","href":"https:\/\/api.w.org\/{rel}","templated":true}]}}