{"id":2013,"date":"2025-01-31T23:42:06","date_gmt":"2025-01-31T22:42:06","guid":{"rendered":"https:\/\/catholicus.eu\/pl\/?p=2013"},"modified":"2025-01-31T23:42:06","modified_gmt":"2025-01-31T22:42:06","slug":"dies-irae-gleboka-teologia-stojaca-za-hymnem-sadu-ostatecznego","status":"publish","type":"post","link":"https:\/\/catholicus.eu\/pl\/dies-irae-gleboka-teologia-stojaca-za-hymnem-sadu-ostatecznego\/","title":{"rendered":"\u201eDies Irae\u201d: G\u0142\u0119boka teologia stoj\u0105ca za hymnem S\u0105du Ostatecznego"},"content":{"rendered":"\n<p>W sercu tradycyjnej liturgii katolickiej znajduje si\u0119 hymn, kt\u00f3ry przez wieki rozbrzmiewa\u0142, wzbudzaj\u0105c zar\u00f3wno l\u0119k, jak i nadziej\u0119 w duszach wiernych.&nbsp;<em>Dies Irae<\/em>, t\u0142umaczone jako \u201eDzie\u0144 gniewu\u201d, to arcydzie\u0142o poezji sakralnej, kt\u00f3re pogr\u0105\u017ca nas w kontemplacji S\u0105du Ostatecznego. Ten \u015bpiew, tradycyjnie przypisywany Tomaszowi z Celano w XIII wieku, to nie tylko klejnot muzyki i literatury religijnej, ale tak\u017ce g\u0142\u0119boka rozprawa teologiczna, kt\u00f3ra zaprasza nas do refleksji nad wiecznym przeznaczeniem cz\u0142owieka.<\/p>\n\n\n\n<p>We wsp\u00f3\u0142czesnym \u015bwiecie, kt\u00f3ry cz\u0119sto zdaje si\u0119 zapomina\u0107 o transcendencji,&nbsp;<em>Dies Irae<\/em>&nbsp;przypomina nam, \u017ce \u017cycie ludzkie to nie tylko kosmiczny przypadek, ale droga ku ostatecznemu spotkaniu z Bogiem. Do\u0142\u0105cz do mnie w tej podr\u00f3\u017cy przez g\u0142\u0119bie tego hymnu, gdzie zg\u0142\u0119bimy jego teologiczne znaczenie, duchow\u0105 aktualno\u015b\u0107 i zastosowanie w naszym codziennym \u017cyciu.<\/p>\n\n\n\n<hr class=\"wp-block-separator has-alpha-channel-opacity\"\/>\n\n\n\n<h3 class=\"wp-block-heading\"><strong>Kontekst historyczny i liturgiczny&nbsp;<em>Dies Irae<\/em><\/strong><\/h3>\n\n\n\n<p><em>Dies Irae<\/em>&nbsp;by\u0142o cz\u0119\u015bci\u0105 Oficjum za Zmar\u0142ych (Requiem) w tradycyjnej liturgii rzymskiej, \u015bpiewanym szczeg\u00f3lnie podczas mszy \u017ca\u0142obnych oraz w okresie Adwentu, gdy Ko\u015bci\u00f3\u0142 wzywa nas do przygotowania na przyj\u015bcie Chrystusa, zar\u00f3wno w Betlejem, jak i na ko\u0144cu czas\u00f3w. Jego tekst, napisany po \u0142acinie, jest przesi\u0105kni\u0119ty j\u0119zykiem biblijnym i apokaliptycznym, inspirowanym fragmentami z Ksi\u0119gi Daniela, Apokalipsy \u015bw. Jana oraz eschatologicznych m\u00f3w Jezusa w Ewangeliach.<\/p>\n\n\n\n<p>Hymn zaczyna si\u0119 od \u017cywego opisu dnia S\u0105du Ostatecznego:&nbsp;<em>&#8222;Dies irae, dies illa, solvet saeclum in favilla&#8221;<\/em>&nbsp;(\u201eDzie\u0144 gniewu, \u00f3w dzie\u0144, kt\u00f3ry \u015bwiat w proch obr\u00f3ci\u201d). Te s\u0142owa stawiaj\u0105 nas przed majestatem Boga, kt\u00f3ry jako sprawiedliwy S\u0119dzia zako\u0144czy histori\u0119 ludzko\u015bci i oddzieli sprawiedliwych od grzesznik\u00f3w. Jednak daleki od bycia przes\u0142aniem rozpaczy,&nbsp;<em>Dies Irae<\/em>&nbsp;jest wezwaniem do nawr\u00f3cenia i zaufania Bo\u017cemu mi\u0142osierdziu.<\/p>\n\n\n\n<hr class=\"wp-block-separator has-alpha-channel-opacity\"\/>\n\n\n\n<h3 class=\"wp-block-heading\"><strong>Teologia S\u0105du Ostatecznego w&nbsp;<em>Dies Irae<\/em><\/strong><\/h3>\n\n\n\n<p>Hymn rozwija trzy g\u0142\u00f3wne tematy teologiczne: sprawiedliwo\u015b\u0107 Boga, Bo\u017ce mi\u0142osierdzie i nadzieja zbawienia. Te filary nie s\u0105 ze sob\u0105 sprzeczne, lecz uzupe\u0142niaj\u0105 si\u0119, odzwierciedlaj\u0105c pe\u0142ni\u0119 chrze\u015bcija\u0144skiego objawienia.<\/p>\n\n\n\n<ol start=\"1\" class=\"wp-block-list\">\n<li><strong>Sprawiedliwo\u015b\u0107 Boga<\/strong>:<br><em>Dies Irae<\/em>\u00a0przypomina nam, \u017ce B\u00f3g jest \u015bwi\u0119ty i sprawiedliwy, a z\u0142o nie mo\u017ce pozosta\u0107 bezkarne. Grzech, jako zerwanie relacji z Bogiem, ma wieczne konsekwencje. Hymn opisuje s\u0105d jako moment ca\u0142kowitego objawienia:\u00a0<em>&#8222;Liber scriptus proferetur, in quo totum continetur&#8221;<\/em>\u00a0(\u201eKsi\u0119ga spisana b\u0119dzie otwarta, w kt\u00f3rej wszystko jest zawarte\u201d). Ta \u201eksi\u0119ga\u201d symbolizuje ludzkie sumienie, w kt\u00f3rym ka\u017cda my\u015bl, s\u0142owo i czyn zostan\u0105 wystawione na \u015bwiat\u0142o prawdy.W \u015bwiecie, kt\u00f3ry relatywizuje grzech i bagatelizuje z\u0142o,\u00a0<em>Dies Irae<\/em>\u00a0konfrontuje nas z rzeczywisto\u015bci\u0105 Bo\u017cej sprawiedliwo\u015bci. Nie chodzi tu o m\u015bciwego Boga, ale o kochaj\u0105cego Ojca, kt\u00f3ry wzywa nas do wzi\u0119cia odpowiedzialno\u015bci za nasze czyny.<\/li>\n\n\n\n<li><strong>Bo\u017ce mi\u0142osierdzie<\/strong>:<br>Chocia\u017c hymn zaczyna si\u0119 od obraz\u00f3w grozy, szybko przekszta\u0142ca si\u0119 w b\u0142aganie pe\u0142ne nadziei:\u00a0<em>&#8222;Rex tremendae maiestatis, qui salvandos salvas gratis, salva me, fons pietatis&#8221;<\/em>\u00a0(\u201eKr\u00f3lu straszliwej majestatu, kt\u00f3ry zbawiasz tych, co maj\u0105 by\u0107 zbawieni, zbaw mnie, \u017ar\u00f3d\u0142o mi\u0142osierdzia\u201d). Tutaj widzimy napi\u0119cie mi\u0119dzy sprawiedliwo\u015bci\u0105 a mi\u0142osierdziem, kt\u00f3re znajduje rozwi\u0105zanie w krzy\u017cu Chrystusa. Jezus, mi\u0142osierny S\u0119dzia, jest tak\u017ce Zbawicielem, kt\u00f3ry oddaje swoje \u017cycie za nas.To przes\u0142anie jest szczeg\u00f3lnie aktualne dzi\u015b, gdy wielu \u017cyje uwi\u0119zionych w poczuciu winy i zniech\u0119ceniu.\u00a0<em>Dies Irae<\/em>\u00a0uczy nas, \u017ce niezale\u017cnie od tego, jak ci\u0119\u017cki jest nasz grzech, mi\u0142osierdzie Boga jest zawsze wi\u0119ksze.<\/li>\n\n\n\n<li><strong>Nadzieja zbawienia<\/strong>:<br>Hymn ko\u0144czy si\u0119 ufn\u0105 modlitw\u0105:\u00a0<em>&#8222;Pie Iesu Domine, dona eis requiem&#8221;<\/em>\u00a0(\u201e\u0141askawy Panie Jezu, obdarz ich pokojem\u201d). To b\u0142aganie odzwierciedla chrze\u015bcija\u0144sk\u0105 nadziej\u0119 na zmartwychwstanie i \u017cycie wieczne. S\u0105d Ostateczny to nie tylko dzie\u0144 pot\u0119pienia, ale tak\u017ce chwa\u0142y dla tych, kt\u00f3rzy \u017cyli w Chrystusie.<\/li>\n<\/ol>\n\n\n\n<hr class=\"wp-block-separator has-alpha-channel-opacity\"\/>\n\n\n\n<h3 class=\"wp-block-heading\"><strong><em>Dies Irae<\/em>&nbsp;a wsp\u00f3\u0142czesny \u015bwiat<\/strong><\/h3>\n\n\n\n<p>W naszej epoce, naznaczonej sekularyzmem i religijn\u0105 oboj\u0119tno\u015bci\u0105,&nbsp;<em>Dies Irae<\/em>&nbsp;rzuca nam wyzwanie, by odzyska\u0107 poczucie sacrum i \u015bwiadomo\u015b\u0107 wieczno\u015bci. \u017byjemy w kulturze, kt\u00f3ra szuka natychmiastowej przyjemno\u015bci i unika fundamentalnych pyta\u0144 o sens \u017cycia i \u015bmierci. Ten hymn przypomina nam, \u017ce nasze istnienie ma wieczny cel, a nasze decyzje maj\u0105 konsekwencje wykraczaj\u0105ce poza ten \u015bwiat.<\/p>\n\n\n\n<p>Ponadto&nbsp;<em>Dies Irae<\/em>&nbsp;jest antidotum na rozpacz. W czasach globalnych kryzys\u00f3w, wojen i podzia\u0142\u00f3w ten \u015bpiew wzywa nas, by\u015bmy zaufali Bo\u017cej Opatrzno\u015bci i pracowali na rzecz budowania Jego Kr\u00f3lestwa, wiedz\u0105c, \u017ce ostatecznie dobro zatriumfuje nad z\u0142em.<\/p>\n\n\n\n<hr class=\"wp-block-separator has-alpha-channel-opacity\"\/>\n\n\n\n<h3 class=\"wp-block-heading\"><strong>Jak \u017cy\u0107 przes\u0142aniem&nbsp;<em>Dies Irae<\/em>&nbsp;dzisiaj<\/strong><\/h3>\n\n\n\n<ol start=\"1\" class=\"wp-block-list\">\n<li><strong>Rachunek sumienia<\/strong>:<br>Hymn zach\u0119ca nas, by\u015bmy przyjrzeli si\u0119 naszemu \u017cyciu w \u015bwietle prawdy. Czy \u017cyjemy zgodnie z wol\u0105 Boga? Czy kochali\u015bmy naszych braci, zw\u0142aszcza tych najbardziej potrzebuj\u0105cych?<\/li>\n\n\n\n<li><strong>Ci\u0105g\u0142e nawr\u00f3cenie<\/strong>:<br><em>Dies Irae<\/em>\u00a0to wezwanie do nawr\u00f3cenia. Nie mo\u017cemy odk\u0142ada\u0107 naszej pojednania z Bogiem. Sakrament pokuty to dar mi\u0142osierdzia, kt\u00f3ry przygotowuje nas na ostateczne spotkanie z Panem.<\/li>\n\n\n\n<li><strong>\u017bycie w nadziei<\/strong>:<br>Cho\u0107 hymn m\u00f3wi o s\u0105dzie, nape\u0142nia nas te\u017c nadziej\u0105. Chrystus zwyci\u0119\u017cy\u0142 grzech i \u015bmier\u0107, oferuj\u0105c nam \u017cycie wieczne. Ta pewno\u015b\u0107 powinna inspirowa\u0107 nas do \u017cycia z rado\u015bci\u0105 i hojno\u015bci\u0105.<\/li>\n<\/ol>\n\n\n\n<hr class=\"wp-block-separator has-alpha-channel-opacity\"\/>\n\n\n\n<h3 class=\"wp-block-heading\"><strong>Zako\u0144czenie: Pie\u015b\u0144 dla duszy<\/strong><\/h3>\n\n\n\n<p><em>Dies Irae<\/em>&nbsp;to nie tylko hymn za zmar\u0142ych, ale tak\u017ce za \u017cywych. To przypomnienie, \u017ce nasze \u017cycie to pielgrzymka ku Bogu, a ka\u017cdy dzie\u0144 to okazja, by przygotowa\u0107 si\u0119 na ostateczne spotkanie z Nim. W \u015bwiecie, kt\u00f3ry cz\u0119sto zapomina o wieczno\u015bci, ten \u015bpiew przywraca nas do tego, co najwa\u017cniejsze: sprawiedliwo\u015bci, mi\u0142osierdzia i nadziei, kt\u00f3re tylko B\u00f3g mo\u017ce da\u0107.<\/p>\n\n\n\n<p>Niech&nbsp;<em>Dies Irae<\/em>&nbsp;inspiruje nas do \u017cycia w autentyczno\u015bci, do kochania z hojno\u015bci\u0105 i do zaufania obietnicy Chrystusa:&nbsp;<em>&#8222;P\u00f3jd\u017acie, b\u0142ogos\u0142awieni Ojca mojego, we\u017acie w posiadanie kr\u00f3lestwo przygotowane wam od za\u0142o\u017cenia \u015bwiata&#8221;<\/em>&nbsp;(Mt 25,34). W tym dniu, dalekim od bycia dniem gniewu, nastanie dzie\u0144 pe\u0142ni, gdy B\u00f3g b\u0119dzie wszystkim we wszystkich.<\/p>\n","protected":false},"excerpt":{"rendered":"<p>W sercu tradycyjnej liturgii katolickiej znajduje si\u0119 hymn, kt\u00f3ry przez wieki rozbrzmiewa\u0142, wzbudzaj\u0105c zar\u00f3wno l\u0119k, jak i nadziej\u0119 w duszach wiernych.&nbsp;Dies Irae, t\u0142umaczone jako \u201eDzie\u0144 gniewu\u201d, to arcydzie\u0142o poezji sakralnej, kt\u00f3re pogr\u0105\u017ca nas w kontemplacji S\u0105du Ostatecznego. Ten \u015bpiew, tradycyjnie przypisywany Tomaszowi z Celano w XIII wieku, to nie tylko klejnot muzyki i literatury religijnej, &hellip;<\/p>\n","protected":false},"author":3,"featured_media":2014,"comment_status":"open","ping_status":"open","sticky":false,"template":"","format":"standard","meta":{"_seopress_robots_primary_cat":"","_seopress_titles_title":"","_seopress_titles_desc":"","_seopress_robots_index":"","footnotes":""},"categories":[38,52],"tags":[403],"class_list":["post-2013","post","type-post","status-publish","format-standard","has-post-thumbnail","","category-historia-i-tradycja","category-liturgia-i-rok-liturgiczny","tag-dies-irae"],"_links":{"self":[{"href":"https:\/\/catholicus.eu\/pl\/wp-json\/wp\/v2\/posts\/2013","targetHints":{"allow":["GET"]}}],"collection":[{"href":"https:\/\/catholicus.eu\/pl\/wp-json\/wp\/v2\/posts"}],"about":[{"href":"https:\/\/catholicus.eu\/pl\/wp-json\/wp\/v2\/types\/post"}],"author":[{"embeddable":true,"href":"https:\/\/catholicus.eu\/pl\/wp-json\/wp\/v2\/users\/3"}],"replies":[{"embeddable":true,"href":"https:\/\/catholicus.eu\/pl\/wp-json\/wp\/v2\/comments?post=2013"}],"version-history":[{"count":1,"href":"https:\/\/catholicus.eu\/pl\/wp-json\/wp\/v2\/posts\/2013\/revisions"}],"predecessor-version":[{"id":2015,"href":"https:\/\/catholicus.eu\/pl\/wp-json\/wp\/v2\/posts\/2013\/revisions\/2015"}],"wp:featuredmedia":[{"embeddable":true,"href":"https:\/\/catholicus.eu\/pl\/wp-json\/wp\/v2\/media\/2014"}],"wp:attachment":[{"href":"https:\/\/catholicus.eu\/pl\/wp-json\/wp\/v2\/media?parent=2013"}],"wp:term":[{"taxonomy":"category","embeddable":true,"href":"https:\/\/catholicus.eu\/pl\/wp-json\/wp\/v2\/categories?post=2013"},{"taxonomy":"post_tag","embeddable":true,"href":"https:\/\/catholicus.eu\/pl\/wp-json\/wp\/v2\/tags?post=2013"}],"curies":[{"name":"wp","href":"https:\/\/api.w.org\/{rel}","templated":true}]}}