{"id":1988,"date":"2025-01-29T20:57:24","date_gmt":"2025-01-29T19:57:24","guid":{"rendered":"https:\/\/catholicus.eu\/pl\/?p=1988"},"modified":"2025-01-29T20:57:24","modified_gmt":"2025-01-29T19:57:24","slug":"sursum-corda-wzniesmy-nasze-serca-ku-bogu-w-czasach-zametu","status":"publish","type":"post","link":"https:\/\/catholicus.eu\/pl\/sursum-corda-wzniesmy-nasze-serca-ku-bogu-w-czasach-zametu\/","title":{"rendered":"Sursum Corda! Wznie\u015bmy nasze serca ku Bogu w czasach zam\u0119tu"},"content":{"rendered":"\n<p>Podczas ka\u017cdej Mszy \u015awi\u0119tej kap\u0142an wypowiada s\u0142owa, kt\u00f3re od wiek\u00f3w rozbrzmiewaj\u0105 w sercach wiernych: <strong>\u201eSursum Corda\u201d<\/strong>, co oznacza <strong>\u201eW g\u00f3r\u0119 serca!\u201d<\/strong>. To wezwanie nie jest jedynie formalnym elementem liturgii, ale g\u0142\u0119bokim zaproszeniem do wznios\u0142o\u015bci duszy \u2013 nieustannym przypomnieniem o fundamentalnej rzeczywisto\u015bci \u017cycia chrze\u015bcija\u0144skiego: <strong>jeste\u015bmy wezwani do patrzenia w g\u00f3r\u0119, ku Bogu<\/strong>.<\/p>\n\n\n\n<p>Dzi\u015b, w \u015bwiecie pe\u0142nym rozprosze\u0144, materializmu i zam\u0119tu duchowego, wezwanie <strong>Sursum Corda<\/strong> jest bardziej aktualne ni\u017c kiedykolwiek. Co ono tak naprawd\u0119 oznacza? Jak mo\u017cemy \u017cy\u0107 tym wezwaniem na co dzie\u0144? Przyjrzyjmy si\u0119 tej refleksji, aby odkry\u0107 bogactwo tych s\u0142\u00f3w i sposoby ich zastosowania w naszej relacji z Bogiem.<\/p>\n\n\n\n<hr class=\"wp-block-separator has-alpha-channel-opacity\"\/>\n\n\n\n<h2 class=\"wp-block-heading\"><strong>1. Biblijne i liturgiczne \u017ar\u00f3d\u0142a Sursum Corda<\/strong><\/h2>\n\n\n\n<p>S\u0142owa <strong>Sursum Corda<\/strong> by\u0142y u\u017cywane w liturgii ju\u017c w pierwszych wiekach chrze\u015bcija\u0144stwa. \u015awi\u0119ty Cyprian z Kartaginy (III w.) wspomina\u0142 o nich w swoich pismach, a od tego czasu sta\u0142y si\u0119 one integraln\u0105 cz\u0119\u015bci\u0105 <strong>Modlitwy Eucharystycznej<\/strong> w tradycyjnej Mszy \u015awi\u0119tej.<\/p>\n\n\n\n<p>To wezwanie ma swoje \u017ar\u00f3d\u0142a w Pi\u015bmie \u015awi\u0119tym. W <strong>Psalmie 25,1<\/strong> psalmista wo\u0142a:<br><em>&#8222;Do Ciebie, Panie, wznosz\u0119 moj\u0105 dusz\u0119.&#8221;<\/em><\/p>\n\n\n\n<p>Podobne przes\u0142anie znajdujemy w <strong>Li\u015bcie do Kolosan 3,1-2<\/strong>, gdzie \u015bw. Pawe\u0142 zach\u0119ca:<br><em>&#8222;Je\u015bli\u015bcie wi\u0119c razem z Chrystusem powstali z martwych, szukajcie tego, co w g\u00f3rze, gdzie przebywa Chrystus, zasiadaj\u0105cy po prawicy Boga. D\u0105\u017ccie do tego, co w g\u00f3rze, nie do tego, co na ziemi.&#8221;<\/em><\/p>\n\n\n\n<p>Te s\u0142owa wyra\u017caj\u0105 fundamentaln\u0105 prawd\u0119 wiary chrze\u015bcija\u0144skiej: <strong>nasze \u017cycie nie ko\u0144czy si\u0119 na sprawach ziemskich, ale jest powo\u0142ane do wiecznej chwa\u0142y<\/strong>.<\/p>\n\n\n\n<hr class=\"wp-block-separator has-alpha-channel-opacity\"\/>\n\n\n\n<h2 class=\"wp-block-heading\"><strong>2. Duchowe znaczenie Sursum Corda<\/strong><\/h2>\n\n\n\n<p>Kiedy kap\u0142an wypowiada <strong>\u201eSursum Corda!\u201d<\/strong>, nie jest to jedynie symboliczny gest, ale <strong>wewn\u0119trzna postawa wzniesienia serca ku Bogu<\/strong>. Ta wznios\u0142o\u015b\u0107 ducha obejmuje trzy kluczowe aspekty:<\/p>\n\n\n\n<h3 class=\"wp-block-heading\"><strong>A) Wzniesienie duszy i serca w modlitwie<\/strong> \ud83d\ude4f<\/h3>\n\n\n\n<p>W \u015bwiecie pe\u0142nym ha\u0142asu i trosk codzienno\u015bci modlitwa staje si\u0119 aktem oporu przeciwko rozproszeniu i zapomnieniu o Bogu. <strong>Sursum Corda<\/strong> przypomina nam, \u017ce musimy oderwa\u0107 si\u0119 od spraw materialnych i skupi\u0107 nasz wzrok na tym, co Boskie.<\/p>\n\n\n\n<h3 class=\"wp-block-heading\"><strong>B) \u017bycie w nadziei i ufno\u015bci Bogu<\/strong> \u2728<\/h3>\n\n\n\n<p>\u017bycie chrze\u015bcija\u0144skie naznaczone jest pr\u00f3bami i cierpieniem, ale Pan wzywa nas do wzniesienia serc z nadziej\u0105. W chwilach kryzysu, zw\u0105tpienia czy b\u00f3lu <strong>Sursum Corda<\/strong> zach\u0119ca nas, aby\u015bmy nie poddawali si\u0119 rozpaczy, lecz patrzyli ku Niebu z ufno\u015bci\u0105 w Bo\u017c\u0105 opatrzno\u015b\u0107.<\/p>\n\n\n\n<h3 class=\"wp-block-heading\"><strong>C) Ofiarowanie swojego \u017cycia jako daru mi\u0142o\u015bci<\/strong> \u2764\ufe0f<\/h3>\n\n\n\n<p>Wzniesienie serca to nie tylko duchowe uniesienie, ale <strong>przemiana ca\u0142ego \u017cycia dla Boga<\/strong>. Ofiara Mszy \u015awi\u0119tej uczy nas, \u017ce prawdziwa mi\u0142o\u015b\u0107 polega na oddaniu siebie. Ka\u017cde cierpienie, ka\u017cdy trud, ka\u017cdy dobry uczynek ofiarowany Bogu jest sposobem na \u017cycie duchem <strong>Sursum Corda<\/strong>.<\/p>\n\n\n\n<hr class=\"wp-block-separator has-alpha-channel-opacity\"\/>\n\n\n\n<h2 class=\"wp-block-heading\"><strong>3. Jak \u017cy\u0107 Sursum Corda na co dzie\u0144?<\/strong><\/h2>\n\n\n\n<p>Istnieje wiele konkretnych sposob\u00f3w na wprowadzenie tej postawy w \u017cycie codzienne:<\/p>\n\n\n\n<p>\ud83d\udd39 <strong>Uczestnictwo we Mszy \u015awi\u0119tej z oddaniem<\/strong> \u2013 Eucharystia to uprzywilejowany moment, w kt\u00f3rym wznosimy nasze serca do Boga. Nie b\u0105d\u017amy tylko biernymi obserwatorami, ale prze\u017cywajmy j\u0105 z g\u0142\u0119bok\u0105 postaw\u0105 adoracji i ofiarowania siebie.<\/p>\n\n\n\n<p>\ud83d\udd39 <strong>Modlitwa z sercem zwr\u00f3conym ku Bogu<\/strong> \u2013 Niech nasza modlitwa nie b\u0119dzie jedynie formu\u0142\u0105 wypowiadan\u0105 ustami, ale prawdziwym otwarciem na spotkanie z Bogiem. Modlitwa podnosi nas ponad powierzchowno\u015b\u0107 i \u0142\u0105czy z wieczno\u015bci\u0105.<\/p>\n\n\n\n<p>\ud83d\udd39 <strong>Oderwanie si\u0119 od d\u00f3br materialnych<\/strong> \u2013 \u017bycie w duchu <strong>Sursum Corda<\/strong> oznacza, \u017ce nie pozwalamy, aby rzeczy materialne mia\u0142y nad nami w\u0142adz\u0119 i nie dajemy si\u0119 przyt\u0142oczy\u0107 troskom doczesnym.<\/p>\n\n\n\n<p>\ud83d\udd39 <strong>\u017bycie rado\u015bci\u0105 chrze\u015bcija\u0144sk\u0105<\/strong> \u2013 Serce wzniesione ku Bogu nie jest sercem smutnym, ale pe\u0142nym rado\u015bci Ducha \u015awi\u0119tego, nawet w obliczu trudno\u015bci.<\/p>\n\n\n\n<p>\ud83d\udd39 <strong>Praktykowanie mi\u0142o\u015bci i ofiary<\/strong> \u2013 Wzniesienie serca oznacza r\u00f3wnie\u017c podnoszenie serc innych \u2013 pomaganie bli\u017anim i bycie \u015bwiadkami mi\u0142o\u015bci Chrystusa w \u015bwiecie.<\/p>\n\n\n\n<hr class=\"wp-block-separator has-alpha-channel-opacity\"\/>\n\n\n\n<h2 class=\"wp-block-heading\"><strong>4. Sursum Corda w czasach zam\u0119tu<\/strong><\/h2>\n\n\n\n<p>\u017byjemy w czasach, w kt\u00f3rych wiara wielu ludzi os\u0142ab\u0142a, zam\u0119t doktrynalny narasta, a sekularyzm coraz bardziej wypiera prawdy Bo\u017ce. W tym kontek\u015bcie <strong>Sursum Corda<\/strong> to wezwanie, by nie ulega\u0107 zw\u0105tpieniu ani duchowej letnio\u015bci.<\/p>\n\n\n\n<p>Papie\u017c Benedykt XVI cz\u0119sto przypomina\u0142, \u017ce <strong>\u201eChrze\u015bcija\u0144stwo nie jest ide\u0105, lecz spotkaniem z Osob\u0105\u201d<\/strong>. Je\u015bli wzniosimy nasze serca ku Chrystusowi, znajdziemy si\u0142\u0119, by wiernie \u017cy\u0107 prawd\u0105, niezale\u017cnie od pr\u00f3b, kt\u00f3re nas spotykaj\u0105.<\/p>\n\n\n\n<p><strong>Sursum Corda przypomina nam, \u017ce nasz prawdziwy cel nie jest tutaj, na ziemi, ale w Niebie.<\/strong> Nie mo\u017cemy zadowala\u0107 si\u0119 letni\u0105 wiar\u0105 czy powierzchown\u0105 religijno\u015bci\u0105 \u2013 jeste\u015bmy wezwani do podniesienia serc i \u017cycia z wzrokiem skierowanym ku wieczno\u015bci.<\/p>\n\n\n\n<hr class=\"wp-block-separator has-alpha-channel-opacity\"\/>\n\n\n\n<h2 class=\"wp-block-heading\"><strong>Zako\u0144czenie: Osobiste wezwanie do wzniesienia serca<\/strong><\/h2>\n\n\n\n<p>Za ka\u017cdym razem, gdy s\u0142yszymy <strong>Sursum Corda<\/strong> podczas Mszy \u015awi\u0119tej, pami\u0119tajmy, \u017ce nie jest to tylko liturgiczna formu\u0142a: <strong>to wezwanie do \u017cycia z sercem zwr\u00f3conym ku Bogu \u2013 w modlitwie, nadziei i mi\u0142o\u015bci<\/strong>.<\/p>\n\n\n\n<p>Dzi\u015b bardziej ni\u017c kiedykolwiek Chrystus wzywa nas, by\u015bmy nie dali si\u0119 poch\u0142on\u0105\u0107 przeci\u0119tno\u015bci duchowej ani rozpaczy \u015bwiata. On zaprasza nas, by\u015bmy patrzyli w g\u00f3r\u0119, \u017cyli autentyczn\u0105 wiar\u0105 i ca\u0142kowicie Mu zaufali.<\/p>\n\n\n\n<p><strong>Sursum Corda! Wznie\u015bmy nasze serca! Ofiarujmy ca\u0142e nasze \u017cycie Bogu.<\/strong><\/p>\n","protected":false},"excerpt":{"rendered":"<p>Podczas ka\u017cdej Mszy \u015awi\u0119tej kap\u0142an wypowiada s\u0142owa, kt\u00f3re od wiek\u00f3w rozbrzmiewaj\u0105 w sercach wiernych: \u201eSursum Corda\u201d, co oznacza \u201eW g\u00f3r\u0119 serca!\u201d. To wezwanie nie jest jedynie formalnym elementem liturgii, ale g\u0142\u0119bokim zaproszeniem do wznios\u0142o\u015bci duszy \u2013 nieustannym przypomnieniem o fundamentalnej rzeczywisto\u015bci \u017cycia chrze\u015bcija\u0144skiego: jeste\u015bmy wezwani do patrzenia w g\u00f3r\u0119, ku Bogu. Dzi\u015b, w \u015bwiecie pe\u0142nym &hellip;<\/p>\n","protected":false},"author":3,"featured_media":1989,"comment_status":"open","ping_status":"open","sticky":false,"template":"","format":"standard","meta":{"_seopress_robots_primary_cat":"","_seopress_titles_title":"","_seopress_titles_desc":"","_seopress_robots_index":"","footnotes":""},"categories":[38,52],"tags":[394],"class_list":["post-1988","post","type-post","status-publish","format-standard","has-post-thumbnail","","category-historia-i-tradycja","category-liturgia-i-rok-liturgiczny","tag-sursum-corda"],"_links":{"self":[{"href":"https:\/\/catholicus.eu\/pl\/wp-json\/wp\/v2\/posts\/1988","targetHints":{"allow":["GET"]}}],"collection":[{"href":"https:\/\/catholicus.eu\/pl\/wp-json\/wp\/v2\/posts"}],"about":[{"href":"https:\/\/catholicus.eu\/pl\/wp-json\/wp\/v2\/types\/post"}],"author":[{"embeddable":true,"href":"https:\/\/catholicus.eu\/pl\/wp-json\/wp\/v2\/users\/3"}],"replies":[{"embeddable":true,"href":"https:\/\/catholicus.eu\/pl\/wp-json\/wp\/v2\/comments?post=1988"}],"version-history":[{"count":1,"href":"https:\/\/catholicus.eu\/pl\/wp-json\/wp\/v2\/posts\/1988\/revisions"}],"predecessor-version":[{"id":1990,"href":"https:\/\/catholicus.eu\/pl\/wp-json\/wp\/v2\/posts\/1988\/revisions\/1990"}],"wp:featuredmedia":[{"embeddable":true,"href":"https:\/\/catholicus.eu\/pl\/wp-json\/wp\/v2\/media\/1989"}],"wp:attachment":[{"href":"https:\/\/catholicus.eu\/pl\/wp-json\/wp\/v2\/media?parent=1988"}],"wp:term":[{"taxonomy":"category","embeddable":true,"href":"https:\/\/catholicus.eu\/pl\/wp-json\/wp\/v2\/categories?post=1988"},{"taxonomy":"post_tag","embeddable":true,"href":"https:\/\/catholicus.eu\/pl\/wp-json\/wp\/v2\/tags?post=1988"}],"curies":[{"name":"wp","href":"https:\/\/api.w.org\/{rel}","templated":true}]}}