{"id":1967,"date":"2025-01-26T23:34:22","date_gmt":"2025-01-26T22:34:22","guid":{"rendered":"https:\/\/catholicus.eu\/pl\/?p=1967"},"modified":"2025-01-26T23:34:23","modified_gmt":"2025-01-26T22:34:23","slug":"wesele-w-kanie-galilejskiej-cud-ktory-objawil-chwale-chrystusa","status":"publish","type":"post","link":"https:\/\/catholicus.eu\/pl\/wesele-w-kanie-galilejskiej-cud-ktory-objawil-chwale-chrystusa\/","title":{"rendered":"Wesele w Kanie Galilejskiej: Cud, kt\u00f3ry Objawi\u0142 Chwa\u0142\u0119 Chrystusa"},"content":{"rendered":"\n<p>Historia wesela w Kanie Galilejskiej, opisana w Ewangelii Jana (J 2,1-11), jest jednym z najbardziej znanych i znacz\u0105cych wydarze\u0144 w publicznej dzia\u0142alno\u015bci Jezusa. To w\u0142a\u015bnie na tym weselu Jezus dokona\u0142 swojego pierwszego cudu, przemieniaj\u0105c wod\u0119 w wino, objawiaj\u0105c tym samym swoj\u0105 chwa\u0142\u0119 i umacniaj\u0105c wiar\u0119 swoich uczni\u00f3w. Jednak ten cud to co\u015b wi\u0119cej ni\u017c tylko akt dobroci; kryje si\u0119 w nim g\u0142\u0119bia symboliki, znaczenia teologicznego oraz praktycznych lekcji na \u017cycie codzienne.<\/p>\n\n\n\n<h4 class=\"wp-block-heading\"><strong>Kontekst historyczny i kulturowy wesela w Kanie<\/strong><\/h4>\n\n\n\n<p>Aby w pe\u0142ni zrozumie\u0107 znaczenie tego wydarzenia, nale\u017cy umiejscowi\u0107 je w jego historycznym kontek\u015bcie. W kulturze \u017cydowskiej I wieku wesela by\u0142y niezwykle wa\u017cnymi wydarzeniami spo\u0142ecznymi, kt\u00f3re mog\u0142y trwa\u0107 kilka dni. Wino w tym kontek\u015bcie nie by\u0142o jedynie napojem \u2013 symbolizowa\u0142o rado\u015b\u0107, obfito\u015b\u0107 i Bo\u017ce b\u0142ogos\u0142awie\u0144stwo. Brak wina podczas wesela nie by\u0142 tylko logistycznym problemem, ale r\u00f3wnie\u017c powodem do wstydu dla gospodarzy, co Maria, Matka Jezusa, zauwa\u017cy\u0142a z wielk\u0105 wra\u017cliwo\u015bci\u0105.<\/p>\n\n\n\n<h4 class=\"wp-block-heading\"><strong>Rola Maryi: Wz\u00f3r wstawiennictwa<\/strong><\/h4>\n\n\n\n<p>Maryja odgrywa kluczow\u0105 rol\u0119 w tym cudzie, a jej interwencja jest pot\u0119\u017cnym przyk\u0142adem zaufania Bo\u017cemu mi\u0142osierdziu. Zauwa\u017cywszy brak wina, m\u00f3wi po prostu: \u201eNie maj\u0105 ju\u017c wina\u201d (J 2,3). Te kr\u00f3tkie s\u0142owa wyra\u017caj\u0105 pe\u0142ni\u0119 wiary i pewno\u015b\u0107 w moc swojego Syna. Jej rada dla s\u0142ug: \u201eZr\u00f3bcie wszystko, cokolwiek wam powie\u201d (J 2,5), jest uniwersalnym wezwaniem, kt\u00f3re rozbrzmiewa przez wieki, zach\u0119caj\u0105c nas do ca\u0142kowitego zaufania Bo\u017cej woli.<\/p>\n\n\n\n<p>Wstawiennictwo Maryi uczy nas r\u00f3wnie\u017c, \u017ce B\u00f3g s\u0142ucha naszych potrzeb, nawet tych najmniejszych, i \u017ce dzi\u0119ki Jej po\u015brednictwu mo\u017cemy zbli\u017cy\u0107 si\u0119 do Niego.<\/p>\n\n\n\n<h4 class=\"wp-block-heading\"><strong>Cud: Znak Nowego Przymierza<\/strong><\/h4>\n\n\n\n<p>Przemiana wody w wino to co\u015b wi\u0119cej ni\u017c zwyk\u0142y cud. Jan okre\u015bla je jako \u201epierwszy z cud\u00f3w\u201d Jezusa, b\u0119d\u0105cy objawieniem Jego boskiej to\u017csamo\u015bci i misji mesja\u0144skiej. Sze\u015b\u0107 kamiennych st\u0105gwi, u\u017cywanych do rytualnego oczyszczenia w tradycji \u017cydowskiej, symbolizuje Stare Przymierze i jego praktyki. Jezus nape\u0142nia je czym\u015b nowym i doskona\u0142ym: winem najwy\u017cszej jako\u015bci, kt\u00f3re symbolizuje pe\u0142ni\u0119 Nowego Przymierza w Nim.<\/p>\n\n\n\n<p>To dzia\u0142anie przypomina nam, \u017ce Jezus nie tylko przemienia materi\u0119, ale r\u00f3wnie\u017c nasze \u017cycie. Bierze to, co zwyczajne \u2013 jak woda \u2013 i czyni to niezwyk\u0142ym \u2013 jak wino \u2013 je\u015bli pozwolimy Mu dzia\u0142a\u0107 w naszym \u017cyciu. Ten cud jest zaproszeniem do zaufania Chrystusowi i Jego zdolno\u015bci przemieniania naszych serc, nape\u0142niaj\u0105c je \u0142ask\u0105 i obfito\u015bci\u0105.<\/p>\n\n\n\n<h4 class=\"wp-block-heading\"><strong>Znaczenie teologiczne cudu<\/strong><\/h4>\n\n\n\n<p>Cud w Kanie zapowiada r\u00f3wnie\u017c Eucharysti\u0119, sakrament, w kt\u00f3rym Chrystus ofiaruje swoje Cia\u0142o i Krew pod postaciami chleba i wina. Tak jak wino podczas wesela w Kanie by\u0142o \u017ar\u00f3d\u0142em rado\u015bci i wsp\u00f3lnoty, tak wino konsekrowane podczas Mszy staje si\u0119 widzialnym znakiem naszej jedno\u015bci z Chrystusem i mi\u0119dzy sob\u0105 jako wsp\u00f3lnot\u0105 Ko\u015bcio\u0142a. Dodatkowo, wydarzenie to zapowiada \u201euczt\u0119 weseln\u0105 Baranka\u201d (Ap 19,9), uczt\u0119 niebia\u0144sk\u0105, w kt\u00f3rej odkupiona ludzko\u015b\u0107 b\u0119dzie w pe\u0142ni zjednoczona z Bogiem.<\/p>\n\n\n\n<h4 class=\"wp-block-heading\"><strong>Lekcje duchowe na \u017cycie codzienne<\/strong><\/h4>\n\n\n\n<ol class=\"wp-block-list\">\n<li><strong>Rozpoznawanie naszych potrzeb:<\/strong> Tak jak gospodarze wesela stan\u0119li w obliczu braku, tak i my cz\u0119sto do\u015bwiadczamy moment\u00f3w pustki w naszym \u017cyciu \u2013 braku mi\u0142o\u015bci, pokoju, nadziei czy sensu. Historia ta zach\u0119ca nas do przedstawiania naszych potrzeb Chrystusowi, wierz\u0105c, \u017ce On mo\u017ce wype\u0142ni\u0107 nasze braki swoj\u0105 \u0142ask\u0105.<\/li>\n\n\n\n<li><strong>S\u0142uchanie Maryi:<\/strong> Wezwanie Maryi: \u201eZr\u00f3bcie wszystko, cokolwiek wam powie\u201d stanowi praktyczny przewodnik dla naszego \u017cycia duchowego. Przypomina nam, \u017ce pos\u0142usze\u0144stwo woli Bo\u017cej prowadzi do prawdziwego szcz\u0119\u015bcia.<\/li>\n\n\n\n<li><strong>Zaufanie przemieniaj\u0105cej mocy Chrystusa:<\/strong> Jezus nie tylko pomaga w trudnych chwilach, ale r\u00f3wnie\u017c przemienia to, co zwyczajne, w co\u015b niezwyk\u0142ego. To wezwanie, aby \u017cy\u0107 z nadziej\u0105, wiedz\u0105c, \u017ce On potrafi przemieni\u0107 nasze pr\u00f3by w b\u0142ogos\u0142awie\u0144stwa.<\/li>\n\n\n\n<li><strong>Dzielenie si\u0119 rado\u015bci\u0105:<\/strong> Obfito\u015b\u0107 i jako\u015b\u0107 wina dostarczonego przez Jezusa symbolizuje rado\u015b\u0107 \u017cycia w komunii z Nim. Jeste\u015bmy wezwani, aby dzieli\u0107 si\u0119 t\u0105 rado\u015bci\u0105 z innymi, zw\u0142aszcza z tymi, kt\u00f3rzy najbardziej jej potrzebuj\u0105.<\/li>\n<\/ol>\n\n\n\n<h4 class=\"wp-block-heading\"><strong>Praktyczne zastosowanie w dzisiejszym \u015bwiecie<\/strong><\/h4>\n\n\n\n<p>W \u015bwiecie pe\u0142nym stresu, niepewno\u015bci i braku sensu, wesele w Kanie oferuje przes\u0142anie nadziei i odnowy. Mo\u017cemy zastosowa\u0107 t\u0119 histori\u0119 w naszym \u017cyciu na wiele sposob\u00f3w:<\/p>\n\n\n\n<ul class=\"wp-block-list\">\n<li><strong>W rodzinach:<\/strong> Tak jak Jezus u\u015bwi\u0119ci\u0142 ma\u0142\u017ce\u0144stwo, dokonuj\u0105c tego cudu podczas weselnej uczty, jeste\u015bmy wezwani do piel\u0119gnowania i umacniania wi\u0119zi rodzinnych, zapraszaj\u0105c Chrystusa do centrum naszych relacji.<\/li>\n\n\n\n<li><strong>W naszych wsp\u00f3lnotach:<\/strong> Wra\u017cliwo\u015b\u0107 Maryi na potrzeby innych inspiruje nas do tego, by\u015bmy byli uwa\u017cni na potrzeby ludzi wok\u00f3\u0142 nas i dzia\u0142ali jako narz\u0119dzia Bo\u017cej \u0142aski.<\/li>\n\n\n\n<li><strong>W naszej relacji z Bogiem:<\/strong> Ten cud zach\u0119ca nas do zaufania Bo\u017cym planom, nawet je\u015bli nie rozumiemy w pe\u0142ni, jak On dzia\u0142a w naszym \u017cyciu.<\/li>\n<\/ul>\n\n\n\n<h4 class=\"wp-block-heading\"><strong>Podsumowanie: Kana jako zaproszenie do wiary<\/strong><\/h4>\n\n\n\n<p>Cud w Kanie Galilejskiej nie tylko oznacza\u0142 pocz\u0105tek publicznej dzia\u0142alno\u015bci Jezusa, ale tak\u017ce stanowi dla nas wskaz\u00f3wk\u0119 w naszej duchowej drodze. Zaprasza nas do rozpoznania naszych potrzeb, zaufania wstawiennictwu Maryi i pozwolenia Chrystusowi na przemienianie naszego \u017cycia swoj\u0105 mi\u0142o\u015bci\u0105.<\/p>\n\n\n\n<p>Dzi\u015b, bardziej ni\u017c kiedykolwiek, to przes\u0142anie jest aktualne. W \u015bwiecie spragnionym nadziei i rado\u015bci cud w Kanie przypomina nam, \u017ce Chrystus zawsze jest got\u00f3w nape\u0142ni\u0107 nasze \u017cycie \u201enowym winem\u201d swojej \u0142aski. Wystarczy pos\u0142ucha\u0107 rady Maryi: \u201eZr\u00f3bcie wszystko, cokolwiek wam powie\u201d.<\/p>\n","protected":false},"excerpt":{"rendered":"<p>Historia wesela w Kanie Galilejskiej, opisana w Ewangelii Jana (J 2,1-11), jest jednym z najbardziej znanych i znacz\u0105cych wydarze\u0144 w publicznej dzia\u0142alno\u015bci Jezusa. To w\u0142a\u015bnie na tym weselu Jezus dokona\u0142 swojego pierwszego cudu, przemieniaj\u0105c wod\u0119 w wino, objawiaj\u0105c tym samym swoj\u0105 chwa\u0142\u0119 i umacniaj\u0105c wiar\u0119 swoich uczni\u00f3w. Jednak ten cud to co\u015b wi\u0119cej ni\u017c tylko &hellip;<\/p>\n","protected":false},"author":3,"featured_media":1968,"comment_status":"open","ping_status":"open","sticky":false,"template":"","format":"standard","meta":{"_seopress_robots_primary_cat":"","_seopress_titles_title":"","_seopress_titles_desc":"","_seopress_robots_index":"","footnotes":""},"categories":[37,45],"tags":[386],"class_list":["post-1967","post","type-post","status-publish","format-standard","has-post-thumbnail","","category-doktryna-i-wiara","category-pismo-swiete","tag-wesele-w-kanie-galilejskiej"],"_links":{"self":[{"href":"https:\/\/catholicus.eu\/pl\/wp-json\/wp\/v2\/posts\/1967","targetHints":{"allow":["GET"]}}],"collection":[{"href":"https:\/\/catholicus.eu\/pl\/wp-json\/wp\/v2\/posts"}],"about":[{"href":"https:\/\/catholicus.eu\/pl\/wp-json\/wp\/v2\/types\/post"}],"author":[{"embeddable":true,"href":"https:\/\/catholicus.eu\/pl\/wp-json\/wp\/v2\/users\/3"}],"replies":[{"embeddable":true,"href":"https:\/\/catholicus.eu\/pl\/wp-json\/wp\/v2\/comments?post=1967"}],"version-history":[{"count":1,"href":"https:\/\/catholicus.eu\/pl\/wp-json\/wp\/v2\/posts\/1967\/revisions"}],"predecessor-version":[{"id":1969,"href":"https:\/\/catholicus.eu\/pl\/wp-json\/wp\/v2\/posts\/1967\/revisions\/1969"}],"wp:featuredmedia":[{"embeddable":true,"href":"https:\/\/catholicus.eu\/pl\/wp-json\/wp\/v2\/media\/1968"}],"wp:attachment":[{"href":"https:\/\/catholicus.eu\/pl\/wp-json\/wp\/v2\/media?parent=1967"}],"wp:term":[{"taxonomy":"category","embeddable":true,"href":"https:\/\/catholicus.eu\/pl\/wp-json\/wp\/v2\/categories?post=1967"},{"taxonomy":"post_tag","embeddable":true,"href":"https:\/\/catholicus.eu\/pl\/wp-json\/wp\/v2\/tags?post=1967"}],"curies":[{"name":"wp","href":"https:\/\/api.w.org\/{rel}","templated":true}]}}