{"id":1964,"date":"2025-01-26T22:47:16","date_gmt":"2025-01-26T21:47:16","guid":{"rendered":"https:\/\/catholicus.eu\/pl\/?p=1964"},"modified":"2025-01-26T22:47:16","modified_gmt":"2025-01-26T21:47:16","slug":"sprzatanie-domu-zwierciadlo-zycia-wewnetrznego-i-szansa-na-swietosc","status":"publish","type":"post","link":"https:\/\/catholicus.eu\/pl\/sprzatanie-domu-zwierciadlo-zycia-wewnetrznego-i-szansa-na-swietosc\/","title":{"rendered":"Sprz\u0105tanie Domu: Zwierciad\u0142o \u017bycia Wewn\u0119trznego i Szansa na \u015awi\u0119to\u015b\u0107"},"content":{"rendered":"\n<p>W naszym codziennym \u017cyciu niewiele jest czynno\u015bci tak powszednich i koniecznych jak sprz\u0105tanie domu. Porz\u0105dkowanie pomieszcze\u0144, \u015bcieranie kurzu, zamiatanie czy mycie naczy\u0144 mog\u0105 wydawa\u0107 si\u0119 zwyk\u0142ymi, rutynowymi zadaniami. Jednak w \u015bwietle wiary katolickiej te codzienne prace kryj\u0105 w sobie g\u0142\u0119bok\u0105 symbolik\u0119 duchow\u0105 i oferuj\u0105 mo\u017cliwo\u015b\u0107 wzrastania w cnocie i \u015bwi\u0119to\u015bci. Co by by\u0142o, gdyby\u015bmy postrzegali te obowi\u0105zki nie jako nudne zadania, lecz jako akty mi\u0142o\u015bci i odzwierciedlenie naszej relacji z Bogiem?<\/p>\n\n\n\n<h3 class=\"wp-block-heading\"><strong>Dom: Symbol Duszy<\/strong><\/h3>\n\n\n\n<p>Dom, z perspektywy chrze\u015bcija\u0144skiej, to co\u015b wi\u0119cej ni\u017c przestrze\u0144 fizyczna. Jest odbiciem \u017cycia wewn\u0119trznego jego mieszka\u0144c\u00f3w. \u015awi\u0119ty Franciszek Salezy, znany ze swojej praktycznej duchowo\u015bci, przypomina nam: \u201eZewn\u0119trzna czysto\u015b\u0107 odzwierciedla wewn\u0119trzny porz\u0105dek.\u201d Kiedy nasze otoczenie jest uporz\u0105dkowane, czyste i zadbane, odzwierciedla to postaw\u0119 serca skierowan\u0105 ku dobru, pokojowi i harmonii.<\/p>\n\n\n\n<p>Pismo \u015awi\u0119te r\u00f3wnie\u017c podkre\u015bla znaczenie porz\u0105dku i czysto\u015bci. W Ksi\u0119dze Kap\u0142a\u0144skiej B\u00f3g daje swojemu ludowi wskaz\u00f3wki dotycz\u0105ce czysto\u015bci \u2013 zar\u00f3wno duchowej, jak i praktycznej w codziennym \u017cyciu. Chocia\u017c wiele z tych przepis\u00f3w mia\u0142o charakter rytualny, ucz\u0105 nas one g\u0142\u0119bokiej prawdy: wszystko w \u017cyciu, nawet najprostsze zadania, ma boski cel. Utrzymywanie czystego domu jest aktem odpowiedzialno\u015bci za dary, kt\u00f3re B\u00f3g nam powierzy\u0142.<\/p>\n\n\n\n<h3 class=\"wp-block-heading\"><strong>Sprz\u0105tanie, kt\u00f3re Przemienia Serce<\/strong><\/h3>\n\n\n\n<p>\u015awi\u0119ty Benedykt z Nursji, ojciec monastycyzmu zachodniego, uczyni\u0142 sprz\u0105tanie istotn\u0105 cz\u0119\u015bci\u0105 \u017cycia monastycznego. W swojej <em>Regule<\/em> nakazuje, aby ka\u017cdy przedmiot i ka\u017cde miejsce w klasztorze by\u0142y traktowane \u201ejak \u015bwi\u0119te naczynia o\u0142tarza.\u201d Dlaczego? Poniewa\u017c praca fizyczna i sprz\u0105tanie to nie tylko czynno\u015bci praktyczne, lecz okazje do \u0107wiczenia pokory, cierpliwo\u015bci i s\u0142u\u017cby. Ka\u017cde dzia\u0142anie, nawet najmniejsze, staje si\u0119 ofiar\u0105 dla Boga, je\u015bli jest wykonywane z mi\u0142o\u015bci\u0105.<\/p>\n\n\n\n<p>Ta idea ma szczeg\u00f3lne znaczenie w naszym wsp\u00f3\u0142czesnym \u017cyciu, gdzie nieporz\u0105dek \u2013 zar\u00f3wno fizyczny, jak i duchowy \u2013 cz\u0119sto odzwierciedla stres i rozproszenie, z kt\u00f3rymi si\u0119 mierzymy. Po\u015bwi\u0119cenie czasu na sprz\u0105tanie i organizowanie mo\u017ce sta\u0107 si\u0119 form\u0105 aktywnej modlitwy. Myj\u0105c naczynia czy porz\u0105dkuj\u0105c pok\u00f3j, mo\u017cemy rozwa\u017ca\u0107 nasze \u201ewewn\u0119trzne nieczysto\u015bci\u201d: urazy, grzechy czy negatywne nastawienia, kt\u00f3re trzeba powierzy\u0107 Bogu do oczyszczenia.<\/p>\n\n\n\n<h3 class=\"wp-block-heading\"><strong>Maryja: Wz\u00f3r Czysto\u015bci i Porz\u0105dku<\/strong><\/h3>\n\n\n\n<p>W tradycji katolickiej Maryja jest doskona\u0142ym przyk\u0142adem czysto\u015bci wewn\u0119trznej i zewn\u0119trznej. Jej \u201etak\u201d dla Boga nie tylko przemieni\u0142o jej dusz\u0119 w \u017cywy tabernakulum, ale r\u00f3wnie\u017c prowadzi\u0142o j\u0105 do \u017cycia w prostocie i trosce. Mo\u017cemy wyobrazi\u0107 sobie Maryj\u0119 w Nazarecie, jak z mi\u0142o\u015bci\u0105 i oddaniem dba o sw\u00f3j dom, tworz\u0105c przestrze\u0144, w kt\u00f3rej Jezus i \u015bwi\u0119ty J\u00f3zef mogli \u017cy\u0107 w pokoju i harmonii.<\/p>\n\n\n\n<p>Gdy stajemy przed ba\u0142aganem w naszych domach, mo\u017cemy prosi\u0107 Maryj\u0119 o wstawiennictwo, aby nasze wysi\u0142ki sta\u0142y si\u0119 okazj\u0105 do zbli\u017cenia si\u0119 do Jej Syna. Wzywanie Maryi podczas sprz\u0105tania \u2013 na przyk\u0142ad poprzez modlitw\u0119 \u201eZdrowa\u015b Maryjo\u201d lub r\u00f3\u017caniec \u2013 mo\u017ce przemieni\u0107 nasze obowi\u0105zki w akty pobo\u017cno\u015bci.<\/p>\n\n\n\n<h3 class=\"wp-block-heading\"><strong>Sprz\u0105tanie w Dzisiejszych Czasach: Akt Przeciwny Kulturze<\/strong><\/h3>\n\n\n\n<p>W dzisiejszym szybkim \u015bwiecie, gdzie chaos i materialny nadmiar wydaj\u0105 si\u0119 nieuniknione, sprz\u0105tanie domu staje si\u0119 aktem przeciwnym kulturze. Dbaj\u0105c o nasze otoczenie, potwierdzamy g\u0142\u0119bok\u0105 duchow\u0105 prawd\u0119: jeste\u015bmy zarz\u0105dcami d\u00f3br, kt\u00f3re B\u00f3g nam powierzy\u0142. Czysto\u015b\u0107 nie jest powierzchown\u0105 obsesj\u0105, lecz \u015bwiadectwem naszego pragnienia \u017cycia w porz\u0105dku i harmonii z stworzeniem.<\/p>\n\n\n\n<p>Co wi\u0119cej, czysty i zorganizowany dom jest miejscem, gdzie rodzina mo\u017ce \u017cy\u0107 i wzrasta\u0107 w pokoju. Staje si\u0119 przestrzeni\u0105 sprzyjaj\u0105c\u0105 modlitwie, dialogowi i wsp\u00f3lnocie. W tym sensie sprz\u0105tanie domu nie jest tylko aktem indywidualnym, ale tak\u017ce s\u0142u\u017cb\u0105 dla innych \u2013 sposobem na okazanie mi\u0142o\u015bci tym, kt\u00f3rzy dziel\u0105 z nami \u017cycie.<\/p>\n\n\n\n<h3 class=\"wp-block-heading\"><strong>Jak Zamieni\u0107 Sprz\u0105tanie w Praktyk\u0119 Duchow\u0105<\/strong><\/h3>\n\n\n\n<p>Je\u015bli chcemy prze\u017cywa\u0107 sprz\u0105tanie domu jako praktyk\u0119 duchow\u0105, oto kilka praktycznych wskaz\u00f3wek:<\/p>\n\n\n\n<ol class=\"wp-block-list\">\n<li><strong>Ofiaruj ka\u017cd\u0105 czynno\u015b\u0107 Bogu:<\/strong> Zanim zaczniesz, odm\u00f3w kr\u00f3tk\u0105 modlitw\u0119, ofiaruj\u0105c swoj\u0105 prac\u0119 jako akt mi\u0142o\u015bci.<\/li>\n\n\n\n<li><strong>Medytuj podczas sprz\u0105tania:<\/strong> Zastan\u00f3w si\u0119, jak akt sprz\u0105tania symbolizuje oczyszczanie twojej duszy.<\/li>\n\n\n\n<li><strong>Praktykuj wdzi\u0119czno\u015b\u0107:<\/strong> Podzi\u0119kuj Bogu za dach nad g\u0142ow\u0105 i za rzeczy, kt\u00f3re posiadasz.<\/li>\n\n\n\n<li><strong>Upro\u015b\u0107 swoje otoczenie:<\/strong> Pozb\u0105d\u017a si\u0119 tego, co zb\u0119dne. Oderwanie od rzeczy materialnych to cnota, kt\u00f3ra zbli\u017ca nas do Boga.<\/li>\n\n\n\n<li><strong>Wzywaj \u015bwi\u0119tych:<\/strong> \u015awi\u0119ty J\u00f3zef, patron pracuj\u0105cych, i \u015bwi\u0119ta Marta, kt\u00f3ra s\u0142u\u017cy\u0142a z oddaniem, s\u0105 doskona\u0142ymi or\u0119downikami w tych zadaniach.<\/li>\n<\/ol>\n\n\n\n<h3 class=\"wp-block-heading\"><strong>Podsumowanie: Czysty Dom dla Boga<\/strong><\/h3>\n\n\n\n<p>Sprz\u0105tanie domu to co\u015b wi\u0119cej ni\u017c praktyczna konieczno\u015b\u0107; jest to odzwierciedlenie naszego \u017cycia duchowego i konkretny spos\u00f3b na szukanie \u015bwi\u0119to\u015bci w codzienno\u015bci. Za ka\u017cdym razem, gdy porz\u0105dkujemy, zamiatamy lub czy\u015bcimy, mo\u017cemy pami\u0119ta\u0107, \u017ce wsp\u00f3\u0142pracujemy z Bogiem w zadaniu porz\u0105dkowania i upi\u0119kszania naszego \u017cycia.<\/p>\n\n\n\n<p>\u015awi\u0119ty Pawe\u0142 napomina nas: \u201eCzy jecie, czy pijecie, czy cokolwiek innego czynicie, wszystko czy\u0144cie na chwa\u0142\u0119 Bo\u017c\u0105\u201d (1 Kor 10,31). Obejmuje to oczywi\u015bcie tak\u017ce najprostsze i najbardziej codzienne zadania. Niech ka\u017cdy zak\u0105tek naszych dom\u00f3w b\u0119dzie widzialnym \u015bwiadectwem pokoju, mi\u0142o\u015bci i pi\u0119kna, kt\u00f3re B\u00f3g pragnie dla naszych dusz.<\/p>\n","protected":false},"excerpt":{"rendered":"<p>W naszym codziennym \u017cyciu niewiele jest czynno\u015bci tak powszednich i koniecznych jak sprz\u0105tanie domu. Porz\u0105dkowanie pomieszcze\u0144, \u015bcieranie kurzu, zamiatanie czy mycie naczy\u0144 mog\u0105 wydawa\u0107 si\u0119 zwyk\u0142ymi, rutynowymi zadaniami. Jednak w \u015bwietle wiary katolickiej te codzienne prace kryj\u0105 w sobie g\u0142\u0119bok\u0105 symbolik\u0119 duchow\u0105 i oferuj\u0105 mo\u017cliwo\u015b\u0107 wzrastania w cnocie i \u015bwi\u0119to\u015bci. Co by by\u0142o, gdyby\u015bmy postrzegali &hellip;<\/p>\n","protected":false},"author":3,"featured_media":1965,"comment_status":"open","ping_status":"open","sticky":false,"template":"","format":"standard","meta":{"_seopress_robots_primary_cat":"","_seopress_titles_title":"","_seopress_titles_desc":"","_seopress_robots_index":"","footnotes":""},"categories":[39,55],"tags":[385],"class_list":["post-1964","post","type-post","status-publish","format-standard","has-post-thumbnail","","category-moralnosc-i-zycie-chrzescijanskie","category-rodzina-i-malzenstwo","tag-sprzatanie-domu"],"_links":{"self":[{"href":"https:\/\/catholicus.eu\/pl\/wp-json\/wp\/v2\/posts\/1964","targetHints":{"allow":["GET"]}}],"collection":[{"href":"https:\/\/catholicus.eu\/pl\/wp-json\/wp\/v2\/posts"}],"about":[{"href":"https:\/\/catholicus.eu\/pl\/wp-json\/wp\/v2\/types\/post"}],"author":[{"embeddable":true,"href":"https:\/\/catholicus.eu\/pl\/wp-json\/wp\/v2\/users\/3"}],"replies":[{"embeddable":true,"href":"https:\/\/catholicus.eu\/pl\/wp-json\/wp\/v2\/comments?post=1964"}],"version-history":[{"count":1,"href":"https:\/\/catholicus.eu\/pl\/wp-json\/wp\/v2\/posts\/1964\/revisions"}],"predecessor-version":[{"id":1966,"href":"https:\/\/catholicus.eu\/pl\/wp-json\/wp\/v2\/posts\/1964\/revisions\/1966"}],"wp:featuredmedia":[{"embeddable":true,"href":"https:\/\/catholicus.eu\/pl\/wp-json\/wp\/v2\/media\/1965"}],"wp:attachment":[{"href":"https:\/\/catholicus.eu\/pl\/wp-json\/wp\/v2\/media?parent=1964"}],"wp:term":[{"taxonomy":"category","embeddable":true,"href":"https:\/\/catholicus.eu\/pl\/wp-json\/wp\/v2\/categories?post=1964"},{"taxonomy":"post_tag","embeddable":true,"href":"https:\/\/catholicus.eu\/pl\/wp-json\/wp\/v2\/tags?post=1964"}],"curies":[{"name":"wp","href":"https:\/\/api.w.org\/{rel}","templated":true}]}}