{"id":1928,"date":"2025-01-21T22:56:23","date_gmt":"2025-01-21T21:56:23","guid":{"rendered":"https:\/\/catholicus.eu\/pl\/?p=1928"},"modified":"2025-01-21T22:56:23","modified_gmt":"2025-01-21T21:56:23","slug":"istota-sakramentow-zrozumiec-ich-podzial-i-zyc-laska","status":"publish","type":"post","link":"https:\/\/catholicus.eu\/pl\/istota-sakramentow-zrozumiec-ich-podzial-i-zyc-laska\/","title":{"rendered":"Istota Sakrament\u00f3w: Zrozumie\u0107 Ich Podzia\u0142 i \u017by\u0107 \u0141ask\u0105"},"content":{"rendered":"\n<h3 class=\"wp-block-heading\">Wprowadzenie: Namacalna tajemnica sakrament\u00f3w<\/h3>\n\n\n\n<p>Sakramenty s\u0105 bij\u0105cym sercem \u017cycia chrze\u015bcija\u0144skiego. Ustanowione przez Jezusa Chrystusa, nie s\u0105 jedynie symbolicznymi rytua\u0142ami, lecz skutecznymi znakami \u0142aski, kt\u00f3re urzeczywistniaj\u0105 to, co oznaczaj\u0105. W tradycji katolickiej zosta\u0142y one sklasyfikowane wed\u0142ug swojej natury i celu, tworz\u0105c struktur\u0119, kt\u00f3ra pomaga nam lepiej zrozumie\u0107 Bo\u017cy plan zbawienia. W tym artykule przyjrzymy si\u0119, jak sakramenty dziel\u0105 si\u0119 wed\u0142ug swojej istoty, odkrywaj\u0105c ich duchowe bogactwo i pokazuj\u0105c, jak ta wiedza mo\u017ce inspirowa\u0107 i przemienia\u0107 nasze codzienne \u017cycie.<\/p>\n\n\n\n<hr class=\"wp-block-separator has-alpha-channel-opacity\"\/>\n\n\n\n<h3 class=\"wp-block-heading\">Podzia\u0142 sakrament\u00f3w: Boska struktura<\/h3>\n\n\n\n<p>Od najdawniejszych czas\u00f3w sakramenty dzielono na trzy g\u0142\u00f3wne kategorie wed\u0142ug ich istoty: sakramenty wtajemniczenia, uzdrowienia oraz sakramenty w s\u0142u\u017cbie wsp\u00f3lnoty. Ka\u017cda grupa odzwierciedla kluczowy aspekt chrze\u015bcija\u0144skiej drogi, prowadz\u0105c nas od wej\u015bcia w \u017cycie Bo\u017ce do naszej misji w \u015bwiecie.<\/p>\n\n\n\n<h4 class=\"wp-block-heading\">1. <strong>Sakramenty wtajemniczenia<\/strong>: Pocz\u0105tek \u017cycia w Chrystusie<\/h4>\n\n\n\n<p>Te sakramenty stanowi\u0105 fundament \u017cycia chrze\u015bcija\u0144skiego i oznaczaj\u0105 nasze wej\u015bcie do komunii z Bogiem i Jego Ko\u015bcio\u0142em:<\/p>\n\n\n\n<ul class=\"wp-block-list\">\n<li><strong>Chrzest<\/strong>: Sakrament duchowego odrodzenia, poprzez kt\u00f3ry zostajemy uwolnieni od grzechu pierworodnego i stajemy si\u0119 dzie\u0107mi Bo\u017cymi. Ten pierwszy krok przypomina nam o potrzebie codziennego odnawiania naszej wiary i \u017cycia jako \u015bwiadkowie Chrystusa w \u015bwiecie potrzebuj\u0105cym Jego \u015bwiat\u0142a.<\/li>\n\n\n\n<li><strong>Bierzmowanie<\/strong>: Dzi\u0119ki temu sakramentowi otrzymujemy pe\u0142ni\u0119 Ducha \u015awi\u0119tego, kt\u00f3ry umacnia nas, by\u015bmy \u017cyli i bronili naszej wiary. Jest to wezwanie do odwagi, szczeg\u00f3lnie w czasach, gdy \u015bwiadectwo chrze\u015bcija\u0144skie jest kwestionowane przez sekularyzacj\u0119.<\/li>\n\n\n\n<li><strong>Eucharystia<\/strong>: Szczyt i \u017ar\u00f3d\u0142o \u017cycia chrze\u015bcija\u0144skiego, w kt\u00f3rym sam Chrystus ofiarowuje si\u0119 jako pokarm dla naszych dusz. Pe\u0142ne uczestnictwo w Eucharystii jest antidotum na duchow\u0105 pustk\u0119 wsp\u00f3\u0142czesnych czas\u00f3w.<\/li>\n<\/ul>\n\n\n\n<p><strong>Praktyczne pytanie:<\/strong> Czy jeste\u015bmy \u015bwiadomi, jak te sakramenty kszta\u0142tuj\u0105 nas jako dojrza\u0142ych i zaanga\u017cowanych chrze\u015bcijan? Czy podchodzimy do nich z pragnieniem pog\u0142\u0119biania naszej relacji z Bogiem?<\/p>\n\n\n\n<hr class=\"wp-block-separator has-alpha-channel-opacity\"\/>\n\n\n\n<h4 class=\"wp-block-heading\">2. <strong>Sakramenty uzdrowienia<\/strong>: Odnowa duszy i cia\u0142a<\/h4>\n\n\n\n<p>\u017bycie chrze\u015bcija\u0144skie nie jest wolne od upadk\u00f3w i cierpienia. Te sakramenty oferuj\u0105 nam uzdrawiaj\u0105c\u0105 \u0142ask\u0119 Boga:<\/p>\n\n\n\n<ul class=\"wp-block-list\">\n<li><strong>Pokuta i pojednanie<\/strong>: Pozwala nam do\u015bwiadczy\u0107 przebaczenia Bo\u017cego i odbudowa\u0107 nasz\u0105 przyja\u017a\u0144 z Nim. W \u015bwiecie, kt\u00f3ry sk\u0142ania si\u0119 ku usprawiedliwianiu wszystkiego, spowied\u017a uczy nas pokory i transformuj\u0105cej mocy skruchy.<\/li>\n\n\n\n<li><strong>Namaszczenie chorych<\/strong>: Ten sakrament nie jest jedynie pocieszeniem w cierpieniu fizycznym, ale tak\u017ce duchowym przygotowaniem do zmierzenia si\u0119 z chorob\u0105 i \u015bmierci\u0105 z nadziej\u0105.<\/li>\n<\/ul>\n\n\n\n<p><strong>Praktyczne pytanie:<\/strong> Czy jeste\u015bmy otwarci na przyj\u0119cie uzdrowienia od Boga, zar\u00f3wno duchowego, jak i fizycznego? Czy zach\u0119camy innych do pojednania z Nim?<\/p>\n\n\n\n<hr class=\"wp-block-separator has-alpha-channel-opacity\"\/>\n\n\n\n<h4 class=\"wp-block-heading\">3. <strong>Sakramenty w s\u0142u\u017cbie wsp\u00f3lnoty<\/strong>: Powo\u0142anie i misja<\/h4>\n\n\n\n<p>Te sakramenty wzywaj\u0105 nas do \u017cycia dla innych, odzwierciedlaj\u0105c mi\u0142o\u015b\u0107 Chrystusa w naszych relacjach i w naszej s\u0142u\u017cbie:<\/p>\n\n\n\n<ul class=\"wp-block-list\">\n<li><strong>Ma\u0142\u017ce\u0144stwo<\/strong>: Wi\u0119cej ni\u017c tylko ludzki zwi\u0105zek, jest to widzialny znak mi\u0142o\u015bci Chrystusa do Jego Ko\u015bcio\u0142a. W czasach zam\u0119tu co do znaczenia ma\u0142\u017ce\u0144stwa ten sakrament przypomina nam o pi\u0119knie wiernego zaanga\u017cowania i wzajemnego po\u015bwi\u0119cenia.<\/li>\n\n\n\n<li><strong>Kap\u0142a\u0144stwo<\/strong>: Ci, kt\u00f3rzy je przyjmuj\u0105, s\u0105 wezwani do dzia\u0142ania w osobie Chrystusa, s\u0142u\u017c\u0105c jako pasterze i duchowi przewodnicy dla ludu Bo\u017cego.<\/li>\n<\/ul>\n\n\n\n<p><strong>Praktyczne pytanie:<\/strong> Czy widzimy nasze powo\u0142ania jako okazj\u0119 do s\u0142u\u017cby i oddawania chwa\u0142y Bogu? Czy doceniamy i wspieramy powo\u0142ania do kap\u0142a\u0144stwa i ma\u0142\u017ce\u0144stwa?<\/p>\n\n\n\n<hr class=\"wp-block-separator has-alpha-channel-opacity\"\/>\n\n\n\n<h3 class=\"wp-block-heading\">Znaczenie teologiczne i duszpasterskie dzi\u015b<\/h3>\n\n\n\n<p>Podzia\u0142 sakrament\u00f3w nie jest jedynie kategoryzacj\u0105, ale przewodnikiem do pe\u0142nego prze\u017cywania naszej wiary. W spo\u0142ecze\u0144stwie, kt\u00f3re cz\u0119sto rozdziela \u017cycie duchowe od codziennego, te sakramenty przypominaj\u0105 nam, \u017ce wszystko w naszym istnieniu jest przeplatane Bo\u017c\u0105 \u0142ask\u0105.<\/p>\n\n\n\n<p>Sakramenty s\u0105 r\u00f3wnie\u017c pilnym wezwaniem do jedno\u015bci. W podzielonym \u015bwiecie ich struktura zach\u0119ca nas do uzdrawiania naszych relacji, potwierdzania naszej chrze\u015bcija\u0144skiej to\u017csamo\u015bci i przyjmowania misji ewangelizacji z mi\u0142o\u015bci\u0105 i sp\u00f3jno\u015bci\u0105.<\/p>\n\n\n\n<hr class=\"wp-block-separator has-alpha-channel-opacity\"\/>\n\n\n\n<h3 class=\"wp-block-heading\">Zastosowania praktyczne: Wprowadzenie sakrament\u00f3w w \u017cycie codzienne<\/h3>\n\n\n\n<ol class=\"wp-block-list\">\n<li><strong>Prze\u017cywanie sakrament\u00f3w jako rzeczywistych spotka\u0144 z Chrystusem<\/strong>: Przygotowywanie si\u0119 do nich z szacunkiem i wdzi\u0119czno\u015bci\u0105.<\/li>\n\n\n\n<li><strong>\u015awiadectwo mocy sakrament\u00f3w<\/strong>: Dzieli\u0107 si\u0119 z innymi, jak te \u0142aski przemieni\u0142y nasze \u017cycie.<\/li>\n\n\n\n<li><strong>Wzmacnianie wi\u0119zi z wsp\u00f3lnot\u0105 ko\u015bcieln\u0105<\/strong>: Aktywne uczestnictwo w \u017cyciu Ko\u015bcio\u0142a, pokazuj\u0105c, \u017ce stanowimy jedno cia\u0142o w Chrystusie.<\/li>\n<\/ol>\n\n\n\n<hr class=\"wp-block-separator has-alpha-channel-opacity\"\/>\n\n\n\n<h3 class=\"wp-block-heading\">Zako\u0144czenie: By\u0107 \u017cywym sakramentem w \u015bwiecie<\/h3>\n\n\n\n<p>Ka\u017cdy sakrament wzywa nas do bycia odzwierciedleniem Chrystusa. Rozumiej\u0105c ich podzia\u0142 wed\u0142ug istoty, pog\u0142\u0119biamy nie tylko nasze teologiczne zrozumienie, ale tak\u017ce znajdujemy inspiracj\u0119 do \u017cycia autentyczn\u0105 i zaanga\u017cowan\u0105 wiar\u0105.<\/p>\n\n\n\n<p>W \u015bwiecie poszukuj\u0105cym nadziei mo\u017cesz by\u0107 \u017cywym znakiem Bo\u017cej \u0142aski, przypominaj\u0105c innym, \u017ce B\u00f3g jest obecny i dzia\u0142a w naszej historii. Czy przyjmujesz to wezwanie?<\/p>\n","protected":false},"excerpt":{"rendered":"<p>Wprowadzenie: Namacalna tajemnica sakrament\u00f3w Sakramenty s\u0105 bij\u0105cym sercem \u017cycia chrze\u015bcija\u0144skiego. Ustanowione przez Jezusa Chrystusa, nie s\u0105 jedynie symbolicznymi rytua\u0142ami, lecz skutecznymi znakami \u0142aski, kt\u00f3re urzeczywistniaj\u0105 to, co oznaczaj\u0105. W tradycji katolickiej zosta\u0142y one sklasyfikowane wed\u0142ug swojej natury i celu, tworz\u0105c struktur\u0119, kt\u00f3ra pomaga nam lepiej zrozumie\u0107 Bo\u017cy plan zbawienia. W tym artykule przyjrzymy si\u0119, jak &hellip;<\/p>\n","protected":false},"author":3,"featured_media":1929,"comment_status":"open","ping_status":"open","sticky":false,"template":"","format":"standard","meta":{"_seopress_robots_primary_cat":"","_seopress_titles_title":"","_seopress_titles_desc":"","_seopress_robots_index":"","footnotes":""},"categories":[37,46],"tags":[376],"class_list":["post-1928","post","type-post","status-publish","format-standard","has-post-thumbnail","","category-doktryna-i-wiara","category-sakramenty","tag-sakramentow"],"_links":{"self":[{"href":"https:\/\/catholicus.eu\/pl\/wp-json\/wp\/v2\/posts\/1928","targetHints":{"allow":["GET"]}}],"collection":[{"href":"https:\/\/catholicus.eu\/pl\/wp-json\/wp\/v2\/posts"}],"about":[{"href":"https:\/\/catholicus.eu\/pl\/wp-json\/wp\/v2\/types\/post"}],"author":[{"embeddable":true,"href":"https:\/\/catholicus.eu\/pl\/wp-json\/wp\/v2\/users\/3"}],"replies":[{"embeddable":true,"href":"https:\/\/catholicus.eu\/pl\/wp-json\/wp\/v2\/comments?post=1928"}],"version-history":[{"count":1,"href":"https:\/\/catholicus.eu\/pl\/wp-json\/wp\/v2\/posts\/1928\/revisions"}],"predecessor-version":[{"id":1930,"href":"https:\/\/catholicus.eu\/pl\/wp-json\/wp\/v2\/posts\/1928\/revisions\/1930"}],"wp:featuredmedia":[{"embeddable":true,"href":"https:\/\/catholicus.eu\/pl\/wp-json\/wp\/v2\/media\/1929"}],"wp:attachment":[{"href":"https:\/\/catholicus.eu\/pl\/wp-json\/wp\/v2\/media?parent=1928"}],"wp:term":[{"taxonomy":"category","embeddable":true,"href":"https:\/\/catholicus.eu\/pl\/wp-json\/wp\/v2\/categories?post=1928"},{"taxonomy":"post_tag","embeddable":true,"href":"https:\/\/catholicus.eu\/pl\/wp-json\/wp\/v2\/tags?post=1928"}],"curies":[{"name":"wp","href":"https:\/\/api.w.org\/{rel}","templated":true}]}}