{"id":1925,"date":"2025-01-21T21:03:22","date_gmt":"2025-01-21T20:03:22","guid":{"rendered":"https:\/\/catholicus.eu\/pl\/?p=1925"},"modified":"2025-01-21T21:03:22","modified_gmt":"2025-01-21T20:03:22","slug":"katolicyzm-militarny-przywrocenie-wiary-sily-i-utraconego-wplywu","status":"publish","type":"post","link":"https:\/\/catholicus.eu\/pl\/katolicyzm-militarny-przywrocenie-wiary-sily-i-utraconego-wplywu\/","title":{"rendered":"Katolicyzm Militarny: Przywr\u00f3cenie Wiary, Si\u0142y i Utraconego Wp\u0142ywu"},"content":{"rendered":"\n<p>W coraz bardziej zsekularyzowanym \u015bwiecie, w kt\u00f3rym warto\u015bci chrze\u015bcija\u0144skie s\u0105 spychane na margines, a wiara zdaje si\u0119 s\u0142abn\u0105\u0107 w sercach wielu wierz\u0105cych, pojawia si\u0119 kluczowe pytanie: co sta\u0142o si\u0119 z \u017carliwo\u015bci\u0105, zaanga\u017cowaniem i si\u0142\u0105 katolicyzmu? I co wa\u017cniejsze \u2013 jak mo\u017cemy je odzyska\u0107? Poj\u0119cie <strong>\u201ekatolicyzmu militarnego\u201d<\/strong> nie jest tylko wezwaniem do aktywnego \u017cycia w wierze, ale tak\u017ce duchowym i moralnym obowi\u0105zkiem ka\u017cdego katolika, kt\u00f3ry pragnie odnowy Ko\u015bcio\u0142a w tych trudnych czasach. Niniejszy artyku\u0142 ma na celu zg\u0142\u0119bienie korzeni tego wezwania, o\u015bwietlonego teologi\u0105 \u015bw. Tomasza z Akwinu, oraz przedstawienie praktycznych dr\u00f3g do rozpalania ognia wiary.<\/p>\n\n\n\n<hr class=\"wp-block-separator has-alpha-channel-opacity\"\/>\n\n\n\n<h2 class=\"wp-block-heading\"><strong>Czym jest Katolicyzm Militarny?<\/strong><\/h2>\n\n\n\n<p>Termin \u201emilitarny\u201d cz\u0119sto budzi skojarzenia z konfliktami lub walk\u0105. I rzeczywi\u015bcie, mowa tu o walce. Jednak ta walka nie jest fizyczna, lecz duchowa, intelektualna i moralna. Jest to bitwa przeciwko grzechowi, przeciwko letargowi, kt\u00f3ry opanowa\u0142 serca wielu katolik\u00f3w, oraz przeciwko si\u0142om z\u0142a, kt\u00f3re pr\u00f3buj\u0105 oddali\u0107 Boga z centrum ludzkiego \u017cycia.<\/p>\n\n\n\n<p>\u015aw. Tomasz z Akwinu naucza, \u017ce chrze\u015bcijanin nie mo\u017ce by\u0107 biernym obserwatorem, lecz \u017co\u0142nierzem w milicji Chrystusa. W swojej monumentalnej pracy <em>Summa Theologiae<\/em> Tomasz podkre\u015bla, \u017ce cz\u0142owiek musi nieustannie d\u0105\u017cy\u0107 do dobra i odwa\u017cnie opiera\u0107 si\u0119 z\u0142u. Takie zaanga\u017cowanie wymaga nie tylko silnej wewn\u0119trznej wiary, ale tak\u017ce konkretnych dzia\u0142a\u0144, kt\u00f3re odzwierciedlaj\u0105 prawd\u0119 Ewangelii.<\/p>\n\n\n\n<hr class=\"wp-block-separator has-alpha-channel-opacity\"\/>\n\n\n\n<h2 class=\"wp-block-heading\"><strong>Utrata Wp\u0142ywu Katolicyzmu: Refleksja nad Letargiem<\/strong><\/h2>\n\n\n\n<p>W ostatnich dekadach byli\u015bmy \u015bwiadkami alarmuj\u0105cego zjawiska: letarg i bierno\u015b\u0107 opanowa\u0142y wielu chrze\u015bcijan. Sekularyzm post\u0119powa\u0142 bez oporu, podczas gdy katolicy zdawali si\u0119 zapomina\u0107 o swojej to\u017csamo\u015bci i misji. Jak dosz\u0142o do tego punktu?<\/p>\n\n\n\n<ol class=\"wp-block-list\">\n<li><strong>Kultura Komfortu<\/strong>: Konsumpcjonizm i indywidualizm os\u0142abi\u0142y poczucie ofiary i zaanga\u017cowania chrze\u015bcija\u0144skiego. Wielu woli \u201elekk\u0105\u201d wersj\u0119 katolicyzmu, kt\u00f3ra nie przeszkadza ani nie kwestionuje wsp\u00f3\u0142czesnych ideologii.<\/li>\n\n\n\n<li><strong>Relatywizm Moralny<\/strong>: Obiektywna prawda, b\u0119d\u0105ca sercem chrze\u015bcija\u0144stwa, zosta\u0142a zast\u0105piona relatywizmem, kt\u00f3ry neguje istnienie absolutnego dobra i z\u0142a. To os\u0142abi\u0142o pewno\u015b\u0107 siebie wielu katolik\u00f3w w g\u0142oszeniu swojej wiary.<\/li>\n\n\n\n<li><strong>Brak Formacji<\/strong>: Wielu katolik\u00f3w nie zna bogactwa swojej wiary, co czyni ich podatnymi na wp\u0142ywy \u015bwiata. \u015aw. Tomasz z Akwinu podkre\u015bla\u0142 znaczenie rozumu o\u015bwieconego wiar\u0105. Bez odpowiedniego przygotowania wierni s\u0105 bezbronni wobec atak\u00f3w na prawd\u0119.<\/li>\n\n\n\n<li><strong>Porzucenie Tradycji<\/strong>: Utrata szacunku dla tradycji liturgicznej, teologicznej i moralnej Ko\u015bcio\u0142a przyczyni\u0142a si\u0119 do os\u0142abienia jego wp\u0142ywu. Katolicyzm, kt\u00f3ry odrywa si\u0119 od swoich korzeni, traci swoj\u0105 to\u017csamo\u015b\u0107 i zdolno\u015b\u0107 do przemiany.<\/li>\n<\/ol>\n\n\n\n<hr class=\"wp-block-separator has-alpha-channel-opacity\"\/>\n\n\n\n<h2 class=\"wp-block-heading\"><strong>Odbudowa Ducha Walki: Wezwanie do Dzia\u0142ania<\/strong><\/h2>\n\n\n\n<p>Rozwi\u0105zanie problemu upadku katolicyzmu nie le\u017cy w dostosowywaniu si\u0119 do \u015bwiata, lecz w odzyskaniu tego, co uczyni\u0142o go wielkim: wierno\u015bci Chrystusowi, si\u0142y duchowej i zaanga\u017cowania w prawd\u0119. Jak ka\u017cdy katolik mo\u017ce odpowiedzie\u0107 na to wezwanie?<\/p>\n\n\n\n<h3 class=\"wp-block-heading\"><strong>1. Powr\u00f3t do \u0179r\u00f3de\u0142: Modlitwa i Eucharystia<\/strong><\/h3>\n\n\n\n<p>Nieustanna modlitwa i aktywny udzia\u0142 w Eucharystii s\u0105 fundamentem ka\u017cdej duchowej odnowy. Eucharystia, jako doskona\u0142a ofiara Chrystusa, jest \u017ar\u00f3d\u0142em si\u0142y dla duszy walcz\u0105cej. Katolicy musz\u0105 na nowo rozpali\u0107 swoj\u0105 mi\u0142o\u015b\u0107 do Mszy \u015awi\u0119tej, zw\u0142aszcza w jej tradycyjnej formie, gdzie odczuwalny jest g\u0142\u0119boki szacunek i poczucie sacrum. \u015aw. Tomasz okre\u015bla\u0142 Eucharysti\u0119 jako \u201esakrament sakrament\u00f3w\u201d, pokarm, kt\u00f3ry o\u017cywia dusz\u0119.<\/p>\n\n\n\n<h3 class=\"wp-block-heading\"><strong>2. Formacja Intelektualna i Moralna<\/strong><\/h3>\n\n\n\n<p>W \u015bwiecie, kt\u00f3ry gloryfikuje ignorancj\u0119 i powierzchowno\u015b\u0107, katolik walcz\u0105cy musi by\u0107 ugruntowany w prawdzie. To oznacza studiowanie Katechizmu, dokument\u00f3w Ko\u015bcio\u0142a i wielkich tekst\u00f3w tradycji, takich jak pisma \u015bw. Tomasza z Akwinu. Wiara i rozum, jak dwa skrzyd\u0142a, pozwalaj\u0105 chrze\u015bcijaninowi zrozumie\u0107 i broni\u0107 swojej wiary wobec \u015bwiata.<\/p>\n\n\n\n<h3 class=\"wp-block-heading\"><strong>3. Docenienie Tradycji<\/strong><\/h3>\n\n\n\n<p>Katolicyzm nie jest przemijaj\u0105c\u0105 mod\u0105; jest \u017cywym dziedzictwem, kt\u00f3re \u0142\u0105czy wiernych z wiekami boskiej m\u0105dro\u015bci. Sakramenty, tradycyjna liturgia, nabo\u017ce\u0144stwa maryjne i nauki Ojc\u00f3w Ko\u015bcio\u0142a to skarby, kt\u00f3re nale\u017cy odkrywa\u0107 na nowo. Tradycja nie jest ci\u0119\u017carem, lecz kompasem prowadz\u0105cym wiernych do Boga.<\/p>\n\n\n\n<h3 class=\"wp-block-heading\"><strong>4. Widoczna i Aktywna Wiara<\/strong><\/h3>\n\n\n\n<p>Katolicyzm militarny wymaga odwagi. Oznacza to bycie widocznym \u015bwiadkiem Chrystusa we wszystkich dziedzinach \u017cycia: w pracy, w rodzinie i w spo\u0142ecze\u0144stwie. \u017bycie wiar\u0105 w prywatno\u015bci nie wystarczy; \u015bwiat potrzebuje katolik\u00f3w, kt\u00f3rzy m\u00f3wi\u0105 i dzia\u0142aj\u0105 sp\u00f3jnie. Jak powiedzia\u0142 \u015bw. Pawe\u0142: \u201eG\u0142o\u015b s\u0142owo, nastawaj w por\u0119 i nie w por\u0119\u201d (2 Tm 4,2).<\/p>\n\n\n\n<hr class=\"wp-block-separator has-alpha-channel-opacity\"\/>\n\n\n\n<h2 class=\"wp-block-heading\"><strong>Praktyczne Wskaz\u00f3wki dla Katolika Walcz\u0105cego<\/strong><\/h2>\n\n\n\n<p>Aby zastosowa\u0107 te zasady w codziennym \u017cyciu, katolicy mog\u0105 podj\u0105\u0107 nast\u0119puj\u0105ce kroki:<\/p>\n\n\n\n<ol class=\"wp-block-list\">\n<li><strong>Codzienne Odmawianie R\u00f3\u017ca\u0144ca<\/strong>: Matka Bo\u017ca jest najwi\u0119ksz\u0105 sprzymierze\u0144czyni\u0105 w tej duchowej walce. R\u00f3\u017caniec nie tylko umacnia dusz\u0119, ale tak\u017ce jest pot\u0119\u017cn\u0105 broni\u0105 przeciwko z\u0142u.<\/li>\n\n\n\n<li><strong>Aktywny Udzia\u0142 w \u017byciu Ko\u015bcio\u0142a<\/strong>: Regularne korzystanie z sakrament\u00f3w, anga\u017cowanie si\u0119 w grupy parafialne i wspieranie inicjatyw pro-life, charytatywnych i edukacyjnych.<\/li>\n\n\n\n<li><strong>Ewangelizacja z Mi\u0142o\u015bci\u0105 i Prawd\u0105<\/strong>: Dzielenie si\u0119 wiar\u0105 z mi\u0142o\u015bci\u0105, ale bez kompromis\u00f3w wobec prawdy, jest jednym z najwa\u017cniejszych zada\u0144 katolik\u00f3w. Obejmuje to napominanie b\u0142\u0119d\u00f3w i odwa\u017cne g\u0142oszenie Ewangelii.<\/li>\n\n\n\n<li><strong>\u017bycie w Wsp\u00f3lnocie z Wiernymi Katolikami<\/strong>: Wsp\u00f3lnota jest niezb\u0119dna, by pozosta\u0107 silnym. Szukanie grup, kt\u00f3re ceni\u0105 tradycj\u0119 i gorliwo\u015b\u0107, jest kluczowe dla wytrwania w wierze.<\/li>\n\n\n\n<li><strong>Ofiarowanie Ofiar za Ko\u015bci\u00f3\u0142<\/strong>: \u015aw. Tomasz z Akwinu przypomina, \u017ce akty cnoty doskonal\u0105 dusz\u0119. Ofiary sk\u0142adane za nawr\u00f3cenie grzesznik\u00f3w i \u015bwi\u0119to\u015b\u0107 Ko\u015bcio\u0142a s\u0105 dzie\u0142em mi\u0142osierdzia o nieocenionej warto\u015bci.<\/li>\n<\/ol>\n\n\n\n<hr class=\"wp-block-separator has-alpha-channel-opacity\"\/>\n\n\n\n<h2 class=\"wp-block-heading\"><strong>Ostatnie Wezwanie: Przywr\u00f3cenie Kr\u00f3lestwa Chrystusa<\/strong><\/h2>\n\n\n\n<p>Katolicyzm militarny nie jest opcj\u0105, lecz piln\u0105 potrzeb\u0105. Jak powiedzia\u0142 papie\u017c Leon XIII: \u201eKa\u017cdy katolik musi by\u0107 aposto\u0142em\u201d. Ka\u017cdy wierny ma obowi\u0105zek przywr\u00f3ci\u0107 Kr\u00f3lestwo Chrystusa w \u015bwiecie, kt\u00f3ry je odrzuca. To zaczyna si\u0119 od serca p\u0142on\u0105cego mi\u0142o\u015bci\u0105 do Boga i \u017cycia odzwierciedlaj\u0105cego Jego chwa\u0142\u0119.<\/p>\n\n\n\n<p>Czas bierno\u015bci si\u0119 sko\u0144czy\u0142. Nadszed\u0142 czas, aby wsta\u0107, zbroj\u0105 wiary i mieczem Ducha, og\u0142aszaj\u0105c Chrystusa jako Pana historii. Jak powiedzia\u0142 \u015bw. Tomasz: \u201eWiara bez uczynk\u00f3w jest martwa\u201d. Nie pozw\u00f3lmy, aby letarg i strach zdefiniowa\u0142y nasze pokolenie. B\u0105d\u017amy katolikami walcz\u0105cymi, kt\u00f3rych \u015bwiat potrzebuje!<\/p>\n\n\n\n<p>Czy jeste\u015b gotowy, by podj\u0105\u0107 wyzwanie? Walka zaczyna si\u0119 teraz.<\/p>\n","protected":false},"excerpt":{"rendered":"<p>W coraz bardziej zsekularyzowanym \u015bwiecie, w kt\u00f3rym warto\u015bci chrze\u015bcija\u0144skie s\u0105 spychane na margines, a wiara zdaje si\u0119 s\u0142abn\u0105\u0107 w sercach wielu wierz\u0105cych, pojawia si\u0119 kluczowe pytanie: co sta\u0142o si\u0119 z \u017carliwo\u015bci\u0105, zaanga\u017cowaniem i si\u0142\u0105 katolicyzmu? I co wa\u017cniejsze \u2013 jak mo\u017cemy je odzyska\u0107? Poj\u0119cie \u201ekatolicyzmu militarnego\u201d nie jest tylko wezwaniem do aktywnego \u017cycia w wierze, &hellip;<\/p>\n","protected":false},"author":3,"featured_media":1926,"comment_status":"open","ping_status":"open","sticky":false,"template":"","format":"standard","meta":{"_seopress_robots_primary_cat":"","_seopress_titles_title":"","_seopress_titles_desc":"","_seopress_robots_index":"","footnotes":""},"categories":[54,39],"tags":[194],"class_list":["post-1925","post","type-post","status-publish","format-standard","has-post-thumbnail","","category-bioetyka-i-wspolczesne-problemy","category-moralnosc-i-zycie-chrzescijanskie","tag-katolicyzm"],"_links":{"self":[{"href":"https:\/\/catholicus.eu\/pl\/wp-json\/wp\/v2\/posts\/1925","targetHints":{"allow":["GET"]}}],"collection":[{"href":"https:\/\/catholicus.eu\/pl\/wp-json\/wp\/v2\/posts"}],"about":[{"href":"https:\/\/catholicus.eu\/pl\/wp-json\/wp\/v2\/types\/post"}],"author":[{"embeddable":true,"href":"https:\/\/catholicus.eu\/pl\/wp-json\/wp\/v2\/users\/3"}],"replies":[{"embeddable":true,"href":"https:\/\/catholicus.eu\/pl\/wp-json\/wp\/v2\/comments?post=1925"}],"version-history":[{"count":1,"href":"https:\/\/catholicus.eu\/pl\/wp-json\/wp\/v2\/posts\/1925\/revisions"}],"predecessor-version":[{"id":1927,"href":"https:\/\/catholicus.eu\/pl\/wp-json\/wp\/v2\/posts\/1925\/revisions\/1927"}],"wp:featuredmedia":[{"embeddable":true,"href":"https:\/\/catholicus.eu\/pl\/wp-json\/wp\/v2\/media\/1926"}],"wp:attachment":[{"href":"https:\/\/catholicus.eu\/pl\/wp-json\/wp\/v2\/media?parent=1925"}],"wp:term":[{"taxonomy":"category","embeddable":true,"href":"https:\/\/catholicus.eu\/pl\/wp-json\/wp\/v2\/categories?post=1925"},{"taxonomy":"post_tag","embeddable":true,"href":"https:\/\/catholicus.eu\/pl\/wp-json\/wp\/v2\/tags?post=1925"}],"curies":[{"name":"wp","href":"https:\/\/api.w.org\/{rel}","templated":true}]}}