{"id":1919,"date":"2025-01-21T13:33:03","date_gmt":"2025-01-21T12:33:03","guid":{"rendered":"https:\/\/catholicus.eu\/pl\/?p=1919"},"modified":"2025-01-21T13:33:03","modified_gmt":"2025-01-21T12:33:03","slug":"atak-nowoczesnosci-na-katolickosc-jak-bronic-wiary-w-czasach-zametu","status":"publish","type":"post","link":"https:\/\/catholicus.eu\/pl\/atak-nowoczesnosci-na-katolickosc-jak-bronic-wiary-w-czasach-zametu\/","title":{"rendered":"Atak nowoczesno\u015bci na katolicko\u015b\u0107: Jak broni\u0107 wiary w czasach zam\u0119tu"},"content":{"rendered":"\n<p>W \u015bwiecie, kt\u00f3ry szybko staje si\u0119 coraz bardziej zsekularyzowany, katolicka wiara staje przed bezprecedensowymi wyzwaniami. Od ideologii relatywistycznych po rosn\u0105cy indywidualizm, atak nowoczesno\u015bci na wiar\u0119 nie jest tylko konsekwencj\u0105 spo\u0142ecznych zmian, ale bezpo\u015brednim atakiem na Objawion\u0105 Prawd\u0119. Celem tego artyku\u0142u jest wyja\u015bnienie tego zjawiska, przedstawienie odpowiedzi teologicznej i dostarczenie wiernym narz\u0119dzi do \u017cycia i obrony swojej wiary w wrogim \u015bwiecie.<\/p>\n\n\n\n<h4 class=\"wp-block-heading\"><strong>Nowoczesno\u015b\u0107: Przyjaciel czy Wr\u00f3g katolicko\u015bci?<\/strong><\/h4>\n\n\n\n<p>Nowoczesno\u015b\u0107, z jej technologicznymi, naukowymi i spo\u0142ecznymi osi\u0105gni\u0119ciami, przynios\u0142a niew\u0105tpliwe korzy\u015bci. Niemniej jednak, wprowadzi\u0142a tak\u017ce filozofie, kt\u00f3re podwa\u017caj\u0105 fundamenty wiary chrze\u015bcija\u0144skiej. Relatywizm moralny, odrzucenie absolutnej prawdy i wyniesienie cz\u0142owieka ponad Boga to cechy tego ataku.<\/p>\n\n\n\n<p>\u015awi\u0119ty Tomasz z Akwinu, kt\u00f3rego prace nadal stanowi\u0105 filar katolickiego my\u015blenia, naucza\u0142, \u017ce prawda jest obiektywna i znajduje si\u0119 w Bogu, w <em>summum bonum<\/em> (najwy\u017cszym dobru). W obliczu nowoczesno\u015bci, kt\u00f3ra wszystko relatywizuje, teologia tomistyczna przypomina nam, \u017ce prawda nie jest ludzk\u0105 konstrukcj\u0105, ale uczestnictwem w samym bycie Boga.<\/p>\n\n\n\n<h4 class=\"wp-block-heading\"><strong>Relatywizm moralny: Przeszkoda dla prawdy<\/strong><\/h4>\n\n\n\n<p>Relatywizm moralny, czyli przekonanie, \u017ce \u201eka\u017cdy ma swoj\u0105 prawd\u0119\u201d, jest jednym z najwi\u0119kszych wrog\u00f3w katolicko\u015bci w nowoczesno\u015bci. Ta mentalno\u015b\u0107 odrzuca istnienie absolutnego dobra i z\u0142a, zast\u0119puj\u0105c je subiektywn\u0105 etyk\u0105. Jednak wed\u0142ug \u015awi\u0119tego Tomasza prawo naturalne, zapisane w sercu cz\u0142owieka, pozwala nam odr\u00f3\u017cni\u0107 dobro od z\u0142a. Negowanie tego prawa oznacza zaprzeczenie samej godno\u015bci cz\u0142owieka.<\/p>\n\n\n\n<p><strong>Praktyczne zastosowanie:<\/strong> Jako katolicy, jeste\u015bmy wezwani do kszta\u0142cenia si\u0119 w naukach moralnych Ko\u015bcio\u0142a i formowania naszej sumienia zgodnie z naukami Chrystusa. W codziennym \u017cyciu oznacza to bycie \u015bwiadkami prawdy, nawet gdy jest to niewygodne, oraz promowanie warto\u015bci chrze\u015bcija\u0144skich w naszych rodzinach, wsp\u00f3lnotach i miejscach pracy.<\/p>\n\n\n\n<h4 class=\"wp-block-heading\"><strong>Indywidualizm: Zniszczenie tkanki spo\u0142ecznej<\/strong><\/h4>\n\n\n\n<p>Nowoczesno\u015b\u0107 stawia jednostk\u0119 ponad wsp\u00f3lnot\u0105, promuj\u0105c niezale\u017cno\u015b\u0107, kt\u00f3ra cz\u0119sto prowadzi do duchowej izolacji. Ten indywidualizm jest w bezpo\u015brednim konflikcie z zasad\u0105 subsydiarno\u015bci, kt\u00f3ra znajduje si\u0119 w centrum katolickiej nauki spo\u0142ecznej. Zgodnie z t\u0105 zasad\u0105, mniejsze i bli\u017csze wsp\u00f3lnoty powinny by\u0107 wzmacniane, a tylko wtedy, gdy jest to konieczne, nale\u017cy anga\u017cowa\u0107 wi\u0119ksze struktury.<\/p>\n\n\n\n<p>\u015awi\u0119ty Tomasz podkre\u015bla\u0142, \u017ce cz\u0142owiek jest z natury istot\u0105 spo\u0142eczn\u0105, stworzon\u0105, by \u017cy\u0107 w komunii z innymi i, przede wszystkim, z Bogiem. Nowoczesno\u015b\u0107, \u0142ami\u0105c te wi\u0119zi, oddala cz\u0142owieka od jego ostatecznego celu.<\/p>\n\n\n\n<p><strong>Praktyczne zastosowanie:<\/strong> Odbudowanie poczucia wsp\u00f3lnoty w \u017cyciu chrze\u015bcija\u0144skim. Aktywne uczestnictwo w \u017cyciu parafialnym, promowanie modlitwy w rodzinie i praktykowanie mi\u0142o\u015bci bli\u017aniego to konkretne sposoby przeciwdzia\u0142ania indywidualizmowi.<\/p>\n\n\n\n<h4 class=\"wp-block-heading\"><strong>Wiara w czasach nauki i rozumu<\/strong><\/h4>\n\n\n\n<p>Kolejnym polem ataku nowoczesno\u015bci jest konflikt mi\u0119dzy wiar\u0105 a nauk\u0105. Fa\u0142szywa dychotomia mi\u0119dzy nimi sprawi\u0142a, \u017ce wielu uwierzy\u0142o, i\u017c religia jest niezgodna z post\u0119pem. Tymczasem \u015awi\u0119ty Tomasz naucza\u0142, \u017ce wiara i rozum nie tylko s\u0105 zgodne, ale si\u0119 uzupe\u0142niaj\u0105, poniewa\u017c obie pochodz\u0105 od Boga.<\/p>\n\n\n\n<p>I Sob\u00f3r Watyka\u0144ski potwierdzi\u0142 to nauczanie, stwierdzaj\u0105c, \u017ce istnienie Boga mo\u017ce by\u0107 poznane przez rozum naturalny. Dlatego post\u0119py naukowe, kt\u00f3re s\u0105 dobrze zrozumiane, nie powinny by\u0107 tematem strachu, ale powinny by\u0107 wykorzystywane do chwa\u0142y Boga.<\/p>\n\n\n\n<p><strong>Praktyczne zastosowanie:<\/strong> Kultywowanie wiary opartej na wiedzy. Czytanie o wk\u0142adzie Ko\u015bcio\u0142a w ludzk\u0105 wiedz\u0119 i prowadzenie dialogu z innymi z otwarto\u015bci\u0105 i zaufaniem do prawdy.<\/p>\n\n\n\n<h4 class=\"wp-block-heading\"><strong>Ewangelizacja w erze cyfrowej<\/strong><\/h4>\n\n\n\n<p>Nowoczesno\u015b\u0107 zmieni\u0142a tak\u017ce spos\u00f3b komunikacji, oferuj\u0105c katolikom wyj\u0105tkow\u0105 okazj\u0119 do ewangelizacji. Media spo\u0142eczno\u015bciowe, kt\u00f3re cz\u0119sto krytykowane s\u0105 za swoj\u0105 powierzchowno\u015b\u0107, mog\u0105 by\u0107 pot\u0119\u017cnym narz\u0119dziem do szerzenia Ewangelii.<\/p>\n\n\n\n<p>Jednak ta ewangelizacja musi by\u0107 zakorzeniona w prawdzie i mi\u0142o\u015bci. Nie wystarczy tylko dzieli\u0107 si\u0119 tre\u015bciami religijnymi; musimy \u017cy\u0107 tym, co g\u0142osimy, pokazuj\u0105c \u015bwiatu rado\u015b\u0107 z bycia uczniami Chrystusa.<\/p>\n\n\n\n<p><strong>Praktyczne zastosowanie:<\/strong> \u015awiadome korzystanie z medi\u00f3w spo\u0142eczno\u015bciowych, dzielenie si\u0119 wiadomo\u015bciami, kt\u00f3re buduj\u0105 i ewangelizuj\u0105. Ponadto, musimy by\u0107 cierpliwi i pe\u0142ni mi\u0142o\u015bci w naszych interakcjach, pami\u0119taj\u0105c, \u017ce ka\u017cda osoba, kt\u00f3r\u0105 spotykamy w internecie, jest ukochanym dzieckiem Boga.<\/p>\n\n\n\n<h4 class=\"wp-block-heading\"><strong>Rola modlitwy i sakrament\u00f3w<\/strong><\/h4>\n\n\n\n<p>Na koniec, \u017caden wysi\u0142ek maj\u0105cy na celu obron\u0119 wiary w czasach nowoczesno\u015bci nie b\u0119dzie skuteczny bez solidnego \u017cycia duchowego. Modlitwa, sakramenty i studiowanie S\u0142owa Bo\u017cego to nasze g\u0142\u00f3wne bronie w tej walce. Jak naucza\u0142 \u015awi\u0119ty Tomasz, \u0142aska doskonali natur\u0119, i tylko dzi\u0119ki \u0142asce mo\u017cemy oprze\u0107 si\u0119 pokusom nowoczesno\u015bci.<\/p>\n\n\n\n<p><strong>Praktyczne zastosowanie:<\/strong> Regularne uczestnictwo we Mszy \u015awi\u0119tej, korzystanie z sakramentu spowiedzi jako nawyku i codzienne po\u015bwi\u0119canie czasu na modlitw\u0119 osobist\u0105 i rodzinn\u0105.<\/p>\n\n\n\n<h4 class=\"wp-block-heading\"><strong>Podsumowanie: Nadzieja w Chrystusie<\/strong><\/h4>\n\n\n\n<p>Atak nowoczesno\u015bci na katolicko\u015b\u0107 jest rzeczywisty, ale nie jest niepokonany. Ko\u015bci\u00f3\u0142 ju\u017c w przesz\u0142o\u015bci stawia\u0142 czo\u0142a podobnym wyzwaniom i wyszed\u0142 z nich wzmocniony. Nasza misja, jako katolik\u00f3w, polega na byciu \u015bwiat\u0142em w ciemno\u015bci, odwa\u017cnym g\u0142oszeniu prawdy i autentycznym \u017cyciu Ewangeli\u0105.<\/p>\n\n\n\n<p>Pod\u0105\u017caj\u0105c za przyk\u0142adem \u015awi\u0119tego Tomasza z Akwinu i uzbrojeni w m\u0105dro\u015b\u0107 tradycji, mo\u017cemy stawi\u0107 czo\u0142a wyzwaniom nowoczesno\u015bci z pewno\u015bci\u0105, wiedz\u0105c, \u017ce Chrystus zwyci\u0119\u017cy\u0142 \u015bwiat. Nadszed\u0142 czas, aby by\u0107 odwa\u017cnymi \u015bwiadkami wiary i przynie\u015b\u0107 nadziej\u0119 Chrystusa \u015bwiatu, kt\u00f3ry tak bardzo jej potrzebuje.<\/p>\n","protected":false},"excerpt":{"rendered":"<p>W \u015bwiecie, kt\u00f3ry szybko staje si\u0119 coraz bardziej zsekularyzowany, katolicka wiara staje przed bezprecedensowymi wyzwaniami. Od ideologii relatywistycznych po rosn\u0105cy indywidualizm, atak nowoczesno\u015bci na wiar\u0119 nie jest tylko konsekwencj\u0105 spo\u0142ecznych zmian, ale bezpo\u015brednim atakiem na Objawion\u0105 Prawd\u0119. Celem tego artyku\u0142u jest wyja\u015bnienie tego zjawiska, przedstawienie odpowiedzi teologicznej i dostarczenie wiernym narz\u0119dzi do \u017cycia i obrony &hellip;<\/p>\n","protected":false},"author":3,"featured_media":1920,"comment_status":"open","ping_status":"open","sticky":false,"template":"","format":"standard","meta":{"_seopress_robots_primary_cat":"","_seopress_titles_title":"","_seopress_titles_desc":"","_seopress_robots_index":"","footnotes":""},"categories":[63,41],"tags":[373,372],"class_list":["post-1919","post","type-post","status-publish","format-standard","has-post-thumbnail","","category-filozofia-i-wiara","category-wiara-i-kultura","tag-katolickosc","tag-nowoczesnosci"],"_links":{"self":[{"href":"https:\/\/catholicus.eu\/pl\/wp-json\/wp\/v2\/posts\/1919","targetHints":{"allow":["GET"]}}],"collection":[{"href":"https:\/\/catholicus.eu\/pl\/wp-json\/wp\/v2\/posts"}],"about":[{"href":"https:\/\/catholicus.eu\/pl\/wp-json\/wp\/v2\/types\/post"}],"author":[{"embeddable":true,"href":"https:\/\/catholicus.eu\/pl\/wp-json\/wp\/v2\/users\/3"}],"replies":[{"embeddable":true,"href":"https:\/\/catholicus.eu\/pl\/wp-json\/wp\/v2\/comments?post=1919"}],"version-history":[{"count":1,"href":"https:\/\/catholicus.eu\/pl\/wp-json\/wp\/v2\/posts\/1919\/revisions"}],"predecessor-version":[{"id":1921,"href":"https:\/\/catholicus.eu\/pl\/wp-json\/wp\/v2\/posts\/1919\/revisions\/1921"}],"wp:featuredmedia":[{"embeddable":true,"href":"https:\/\/catholicus.eu\/pl\/wp-json\/wp\/v2\/media\/1920"}],"wp:attachment":[{"href":"https:\/\/catholicus.eu\/pl\/wp-json\/wp\/v2\/media?parent=1919"}],"wp:term":[{"taxonomy":"category","embeddable":true,"href":"https:\/\/catholicus.eu\/pl\/wp-json\/wp\/v2\/categories?post=1919"},{"taxonomy":"post_tag","embeddable":true,"href":"https:\/\/catholicus.eu\/pl\/wp-json\/wp\/v2\/tags?post=1919"}],"curies":[{"name":"wp","href":"https:\/\/api.w.org\/{rel}","templated":true}]}}