{"id":1903,"date":"2025-01-21T10:26:19","date_gmt":"2025-01-21T09:26:19","guid":{"rendered":"https:\/\/catholicus.eu\/pl\/?p=1903"},"modified":"2025-01-21T10:26:20","modified_gmt":"2025-01-21T09:26:20","slug":"nabozenstwa-droga-do-bliskosci-z-bogiem-we-wspolczesnym-swiecie","status":"publish","type":"post","link":"https:\/\/catholicus.eu\/pl\/nabozenstwa-droga-do-bliskosci-z-bogiem-we-wspolczesnym-swiecie\/","title":{"rendered":"Nabo\u017ce\u0144stwa: Droga do Blisko\u015bci z Bogiem we Wsp\u00f3\u0142czesnym \u015awiecie"},"content":{"rendered":"\n<p>Nabo\u017ce\u0144stwa s\u0105 duchowym sercem Ko\u015bcio\u0142a katolickiego. Od pierwszych wiek\u00f3w chrze\u015bcija\u0144stwa a\u017c po czasy wsp\u00f3\u0142czesne, praktyki te by\u0142y pot\u0119\u017cnym \u015brodkiem zbli\u017cania si\u0119 do Boga, kultywowania osobistej \u015bwi\u0119to\u015bci i konkretnego prze\u017cywania wiary. Jednak w \u015bwiecie charakteryzuj\u0105cym si\u0119 po\u015bpiechem, rozproszeniem i sekularyzacj\u0105, nabo\u017ce\u0144stwa wydaj\u0105 si\u0119 traci\u0107 na znaczeniu wobec codziennych wyzwa\u0144. Ten artyku\u0142 ma na celu ponowne odkrycie skarbu nabo\u017ce\u0144stw, pokazanie ich aktualno\u015bci we wsp\u00f3\u0142czesnym \u017cyciu oraz poprowadzenie, jak w\u0142\u0105czy\u0107 je w swoj\u0105 codzienn\u0105 rutyn\u0119, aby pog\u0142\u0119bi\u0107 relacj\u0119 z Bogiem.<\/p>\n\n\n\n<hr class=\"wp-block-separator has-alpha-channel-opacity\"\/>\n\n\n\n<h3 class=\"wp-block-heading\"><strong>Czym s\u0105 nabo\u017ce\u0144stwa?<\/strong><\/h3>\n\n\n\n<p>Nabo\u017ce\u0144stwa to wyraz osobistej lub wsp\u00f3lnotowej pobo\u017cno\u015bci, kt\u00f3re uzupe\u0142niaj\u0105 oficjaln\u0105 liturgi\u0119 Ko\u015bcio\u0142a. Chocia\u017c nie s\u0105 cz\u0119\u015bci\u0105 publicznego kultu, takiego jak Msza \u015awi\u0119ta czy sakramenty, g\u0142\u0119boko zakorzeni\u0142y si\u0119 w katolickiej tradycji. Praktyki te pomagaj\u0105 wiernym prze\u017cywa\u0107 swoj\u0105 wiar\u0119 w bardziej namacalny spos\u00f3b, wzmacniaj\u0105c ich jedno\u015b\u0107 z Chrystusem i wsp\u00f3lnot\u0105 Ko\u015bcio\u0142a.<\/p>\n\n\n\n<p>Przyk\u0142ady nabo\u017ce\u0144stw to r\u00f3\u017caniec, adoracja eucharystyczna, koronka do Mi\u0142osierdzia Bo\u017cego, Droga Krzy\u017cowa, szkaplerz karmelita\u0144ski i wiele innych bogatych w znaczenie i tradycj\u0119 praktyk.<\/p>\n\n\n\n<hr class=\"wp-block-separator has-alpha-channel-opacity\"\/>\n\n\n\n<h3 class=\"wp-block-heading\"><strong>Teologiczne podstawy nabo\u017ce\u0144stw<\/strong><\/h3>\n\n\n\n<p>Nabo\u017ce\u0144stwa nie s\u0105 pustymi rytua\u0142ami; maj\u0105 solidne teologiczne podstawy. Stanowi\u0105 one przede wszystkim odpowied\u017a mi\u0142o\u015bci na \u0142ask\u0119 Bo\u017c\u0105. Podstawy te opieraj\u0105 si\u0119 na kilku kluczowych zasadach:<\/p>\n\n\n\n<ol class=\"wp-block-list\">\n<li><strong>Chrystocentryzm<\/strong>: Ka\u017cde autentyczne nabo\u017ce\u0144stwo jest skierowane na Chrystusa. Na przyk\u0142ad nabo\u017ce\u0144stwo do Naj\u015bwi\u0119tszego Serca Jezusa zaprasza nas do kontemplacji odkupie\u0144czej mi\u0142o\u015bci Chrystusa i Jego ofiary za ludzko\u015b\u0107.<\/li>\n\n\n\n<li><strong>Po\u015brednictwo \u015bwi\u0119tych<\/strong>: Nabo\u017ce\u0144stwa do Naj\u015bwi\u0119tszej Maryi Panny i \u015bwi\u0119tych odzwierciedlaj\u0105 prawd\u0119 o \u015bwi\u0119tych obcowaniu, kt\u00f3ra jest centralnym elementem naszej wiary. Maryja, jako Po\u015bredniczka i wz\u00f3r wiary, zajmuje szczeg\u00f3lne miejsce w tych praktykach.<\/li>\n\n\n\n<li><strong>Wcielenie i sakramentalno\u015b\u0107<\/strong>: Nabo\u017ce\u0144stwa czyni\u0105 widzialnym i dotykalnym to, co niewidzialne, jak woda \u015bwi\u0119cona, szkaplerze czy obrazy \u015bwi\u0119te. Odbija to sakramentaln\u0105 zasad\u0119, wed\u0142ug kt\u00f3rej B\u00f3g pos\u0142uguje si\u0119 widzialnymi znakami, aby si\u0119 z nami komunikowa\u0107.<\/li>\n\n\n\n<li><strong>Nieustanna przemiana<\/strong>: Nabo\u017ce\u0144stwa s\u0105 narz\u0119dziem duchowej przemiany, pomagaj\u0105c nam \u017cy\u0107 w wi\u0119kszej wierno\u015bci i \u015bwi\u0119to\u015bci.<\/li>\n<\/ol>\n\n\n\n<hr class=\"wp-block-separator has-alpha-channel-opacity\"\/>\n\n\n\n<h3 class=\"wp-block-heading\"><strong>Duchowe bogactwo nabo\u017ce\u0144stw ludowych<\/strong><\/h3>\n\n\n\n<p>Przyjrzyjmy si\u0119 teraz niekt\u00f3rym z najbardziej znanych nabo\u017ce\u0144stw, ich znaczeniu i temu, jak mog\u0105 one wzbogaci\u0107 nasze \u017cycie duchowe:<\/p>\n\n\n\n<h4 class=\"wp-block-heading\"><strong>1. R\u00f3\u017caniec<\/strong><\/h4>\n\n\n\n<p>R\u00f3\u017caniec to prawdopodobnie najbardziej znane i praktykowane nabo\u017ce\u0144stwo maryjne. Jest to nie tylko powtarzanie modlitw, ale g\u0142\u0119boka medytacja nad tajemnicami \u017cycia Chrystusa i Maryi. \u015awi\u0119ty Jan Pawe\u0142 II nazywa\u0142 r\u00f3\u017caniec \u201eswoj\u0105 ulubion\u0105 modlitw\u0105\u201d, podkre\u015blaj\u0105c, \u017ce prowadzi on do kontemplacji oblicza Chrystusa oczami Maryi.<\/p>\n\n\n\n<p><strong>Praktyczne zastosowanie:<\/strong> Po\u015bwi\u0119\u0107 chwil\u0119 ka\u017cdego dnia na odm\u00f3wienie r\u00f3\u017ca\u0144ca \u2013 ca\u0142ego lub jednej tajemnicy. Mo\u017cesz to zrobi\u0107 podczas spaceru, w rodzinie lub w ciszy, tworz\u0105c przestrze\u0144 na spotkanie z Bogiem.<\/p>\n\n\n\n<hr class=\"wp-block-separator has-alpha-channel-opacity\"\/>\n\n\n\n<h4 class=\"wp-block-heading\"><strong>2. Adoracja eucharystyczna<\/strong><\/h4>\n\n\n\n<p>Adoracja Naj\u015bwi\u0119tszego Sakramentu pozwala nam by\u0107 w realnej obecno\u015bci Chrystusa \u2013 cia\u0142em, krwi\u0105, dusz\u0105 i b\u00f3stwem. Jest to czas g\u0142\u0119bokiej intymno\u015bci i skupienia.<\/p>\n\n\n\n<p><strong>Praktyczne zastosowanie:<\/strong> Je\u015bli twoja parafia oferuje wystawienie Naj\u015bwi\u0119tszego Sakramentu, znajd\u017a czas, aby regularnie uczestniczy\u0107 w adoracji. Wykorzystaj te chwile, aby dzi\u0119kowa\u0107, prosi\u0107 o rad\u0119 lub po prostu odpocz\u0105\u0107 w obecno\u015bci Boga.<\/p>\n\n\n\n<hr class=\"wp-block-separator has-alpha-channel-opacity\"\/>\n\n\n\n<h4 class=\"wp-block-heading\"><strong>3. Koronka do Mi\u0142osierdzia Bo\u017cego<\/strong><\/h4>\n\n\n\n<p>Promowana przez \u015bw. Faustyn\u0119 Kowalsk\u0105, koronka zaprasza nas do zaufania niesko\u0144czonemu mi\u0142osierdziu Bo\u017cemu. Szczeg\u00f3lnie aktualna w czasach niepewno\u015bci, przypomina, \u017ce zawsze mo\u017cemy powr\u00f3ci\u0107 do Pana z ufno\u015bci\u0105.<\/p>\n\n\n\n<p><strong>Praktyczne zastosowanie:<\/strong> Odm\u00f3w koronk\u0119 o godzinie 15:00 \u2013 w godzinie mi\u0142osierdzia, rozwa\u017caj\u0105c m\u0119k\u0119 Chrystusa i modl\u0105c si\u0119 za \u015bwiat.<\/p>\n\n\n\n<hr class=\"wp-block-separator has-alpha-channel-opacity\"\/>\n\n\n\n<h4 class=\"wp-block-heading\"><strong>4. Droga Krzy\u017cowa<\/strong><\/h4>\n\n\n\n<p>Droga Krzy\u017cowa to medytacja nad drog\u0105 Chrystusa na krzy\u017c. Zaprasza nas, aby\u015bmy towarzyszyli Mu w Jego cierpieniu, rozwa\u017cyli ci\u0119\u017car grzechu i odnowili nasze zobowi\u0105zanie do niesienia w\u0142asnego krzy\u017ca z mi\u0142o\u015bci\u0105.<\/p>\n\n\n\n<p><strong>Praktyczne zastosowanie:<\/strong> W czasie Wielkiego Postu lub przez ca\u0142y rok odprawiaj Drog\u0119 Krzy\u017cow\u0105 w parafii lub w domu, rozwa\u017caj\u0105c ka\u017cdy krok Pana Jezusa.<\/p>\n\n\n\n<hr class=\"wp-block-separator has-alpha-channel-opacity\"\/>\n\n\n\n<h3 class=\"wp-block-heading\"><strong>Znaczenie nabo\u017ce\u0144stw we wsp\u00f3\u0142czesnym \u015bwiecie<\/strong><\/h3>\n\n\n\n<p>W czasach ci\u0105g\u0142ych rozprosze\u0144 nabo\u017ce\u0144stwa s\u0105 antidotum na duchow\u0105 powierzchowno\u015b\u0107. Pomagaj\u0105 nam:<\/p>\n\n\n\n<ul class=\"wp-block-list\">\n<li><strong>Skoncentrowa\u0107 si\u0119 na wieczno\u015bci:<\/strong> Nabo\u017ce\u0144stwa przypominaj\u0105, \u017ce nasze \u017cycie ma cel wykraczaj\u0105cy poza doczesno\u015b\u0107.<\/li>\n\n\n\n<li><strong>Wzmacnia\u0107 wsp\u00f3lnot\u0119:<\/strong> Wiele nabo\u017ce\u0144stw, takich jak procesje czy nowenny, sprzyja jedno\u015bci mi\u0119dzy wiernymi.<\/li>\n\n\n\n<li><strong>Znajdowa\u0107 pocieszenie:<\/strong> W trudnych chwilach nabo\u017ce\u0144stwa oferuj\u0105 przestrze\u0144 nadziei i pokoju.<\/li>\n<\/ul>\n\n\n\n<hr class=\"wp-block-separator has-alpha-channel-opacity\"\/>\n\n\n\n<h3 class=\"wp-block-heading\"><strong>Jak w\u0142\u0105czy\u0107 nabo\u017ce\u0144stwa do codziennego \u017cycia<\/strong><\/h3>\n\n\n\n<ol class=\"wp-block-list\">\n<li><strong>Stw\u00f3rz przestrze\u0144 \u015bwi\u0119t\u0105:<\/strong> Po\u015bwi\u0119\u0107 k\u0105cik w swoim domu na modlitw\u0119, z obrazem \u015bwi\u0119tym, Bibli\u0105 i innymi przedmiotami nabo\u017cnymi.<\/li>\n\n\n\n<li><strong>Uczy\u0144 nabo\u017ce\u0144stwa nawykiem:<\/strong> Po\u0142\u0105cz nabo\u017ce\u0144stwo z okre\u015blon\u0105 por\u0105 dnia. Na przyk\u0142ad odmawiaj Anio\u0142 Pa\u0144ski w po\u0142udnie lub r\u00f3\u017caniec przed snem.<\/li>\n\n\n\n<li><strong>Do\u0142\u0105cz do wsp\u00f3lnoty:<\/strong> Przy\u0142\u0105cz si\u0119 do grup parafialnych promuj\u0105cych nabo\u017ce\u0144stwa, takich jak bractwa czy ruchy maryjne.<\/li>\n\n\n\n<li><strong>Zg\u0142\u0119biaj wiedz\u0119:<\/strong> Czytaj o historii i znaczeniu nabo\u017ce\u0144stw, kt\u00f3re ci\u0119 interesuj\u0105. Zrozumienie wzbogaca praktyk\u0119.<\/li>\n<\/ol>\n\n\n\n<hr class=\"wp-block-separator has-alpha-channel-opacity\"\/>\n\n\n\n<p><strong>Zako\u0144czenie<\/strong><\/p>\n\n\n\n<p>Nabo\u017ce\u0144stwa nie s\u0105 jedynie pobo\u017cn\u0105 tradycj\u0105, ale otwartymi drzwiami do g\u0142\u0119bszej relacji z Bogiem. W \u015bwiecie poszukuj\u0105cym natychmiastowych odpowiedzi, praktyki te ucz\u0105 nas zatrzymania si\u0119, medytacji i zaufania Bo\u017cej mi\u0142o\u015bci. Oby ten artyku\u0142 zainspirowa\u0142 wszystkich czytaj\u0105cych do ponownego odkrycia przemieniaj\u0105cej mocy nabo\u017ce\u0144stw i w\u0142\u0105czenia ich w swoj\u0105 codzienn\u0105 drog\u0119 do \u015bwi\u0119to\u015bci.<\/p>\n\n\n\n<p>Pami\u0119taj: ka\u017cde nabo\u017ce\u0144stwo to krok bli\u017cej do serca Boga. Kt\u00f3re zaczniesz dzi\u015b?<\/p>\n","protected":false},"excerpt":{"rendered":"<p>Nabo\u017ce\u0144stwa s\u0105 duchowym sercem Ko\u015bcio\u0142a katolickiego. Od pierwszych wiek\u00f3w chrze\u015bcija\u0144stwa a\u017c po czasy wsp\u00f3\u0142czesne, praktyki te by\u0142y pot\u0119\u017cnym \u015brodkiem zbli\u017cania si\u0119 do Boga, kultywowania osobistej \u015bwi\u0119to\u015bci i konkretnego prze\u017cywania wiary. Jednak w \u015bwiecie charakteryzuj\u0105cym si\u0119 po\u015bpiechem, rozproszeniem i sekularyzacj\u0105, nabo\u017ce\u0144stwa wydaj\u0105 si\u0119 traci\u0107 na znaczeniu wobec codziennych wyzwa\u0144. Ten artyku\u0142 ma na celu ponowne odkrycie &hellip;<\/p>\n","protected":false},"author":3,"featured_media":1904,"comment_status":"open","ping_status":"open","sticky":false,"template":"","format":"standard","meta":{"_seopress_robots_primary_cat":"","_seopress_titles_title":"","_seopress_titles_desc":"","_seopress_robots_index":"","footnotes":""},"categories":[40,60],"tags":[367],"class_list":["post-1903","post","type-post","status-publish","format-standard","has-post-thumbnail","","category-modlitwa-i-duchowosc","category-nabozenstwa-maryjne","tag-nabozenstwa"],"_links":{"self":[{"href":"https:\/\/catholicus.eu\/pl\/wp-json\/wp\/v2\/posts\/1903","targetHints":{"allow":["GET"]}}],"collection":[{"href":"https:\/\/catholicus.eu\/pl\/wp-json\/wp\/v2\/posts"}],"about":[{"href":"https:\/\/catholicus.eu\/pl\/wp-json\/wp\/v2\/types\/post"}],"author":[{"embeddable":true,"href":"https:\/\/catholicus.eu\/pl\/wp-json\/wp\/v2\/users\/3"}],"replies":[{"embeddable":true,"href":"https:\/\/catholicus.eu\/pl\/wp-json\/wp\/v2\/comments?post=1903"}],"version-history":[{"count":1,"href":"https:\/\/catholicus.eu\/pl\/wp-json\/wp\/v2\/posts\/1903\/revisions"}],"predecessor-version":[{"id":1905,"href":"https:\/\/catholicus.eu\/pl\/wp-json\/wp\/v2\/posts\/1903\/revisions\/1905"}],"wp:featuredmedia":[{"embeddable":true,"href":"https:\/\/catholicus.eu\/pl\/wp-json\/wp\/v2\/media\/1904"}],"wp:attachment":[{"href":"https:\/\/catholicus.eu\/pl\/wp-json\/wp\/v2\/media?parent=1903"}],"wp:term":[{"taxonomy":"category","embeddable":true,"href":"https:\/\/catholicus.eu\/pl\/wp-json\/wp\/v2\/categories?post=1903"},{"taxonomy":"post_tag","embeddable":true,"href":"https:\/\/catholicus.eu\/pl\/wp-json\/wp\/v2\/tags?post=1903"}],"curies":[{"name":"wp","href":"https:\/\/api.w.org\/{rel}","templated":true}]}}