{"id":1783,"date":"2025-01-07T16:51:10","date_gmt":"2025-01-07T15:51:10","guid":{"rendered":"https:\/\/catholicus.eu\/pl\/?p=1783"},"modified":"2025-01-07T16:51:10","modified_gmt":"2025-01-07T15:51:10","slug":"jakie-sa-przymioty-kosciola","status":"publish","type":"post","link":"https:\/\/catholicus.eu\/pl\/jakie-sa-przymioty-kosciola\/","title":{"rendered":"Jakie s\u0105 przymioty Ko\u015bcio\u0142a?"},"content":{"rendered":"\n<p>M\u00f3wienie o przymiotach Ko\u015bcio\u0142a oznacza zag\u0142\u0119bianie si\u0119 w istot\u0119 tego, co znaczy by\u0107 chrze\u015bcijaninem i nale\u017ce\u0107 do Cia\u0142a Chrystusa. Ko\u015bci\u00f3\u0142, za\u0142o\u017cony przez Jezusa, nie jest jedynie ludzk\u0105 instytucj\u0105, lecz g\u0142\u0119boko duchow\u0105 rzeczywisto\u015bci\u0105, kt\u00f3ra odgrywa wyj\u0105tkow\u0105 rol\u0119 w historii zbawienia. Aby zrozumie\u0107 jego to\u017csamo\u015b\u0107, tradycja katolicka, opieraj\u0105c si\u0119 na Credo nicejsko-konstantynopolita\u0144skim, wyr\u00f3\u017cnia cztery podstawowe przymioty: <strong>jeden, \u015bwi\u0119ty, powszechny i apostolski<\/strong>. Ka\u017cdy z tych przymiot\u00f3w zaprasza nas do refleksji nad nasz\u0105 wiar\u0105, wzrostu w komunii z innymi oraz \u017cycia zgodnego z naszym chrze\u015bcija\u0144skim powo\u0142aniem.<\/p>\n\n\n\n<p>W tym artykule przyjrzymy si\u0119 bli\u017cej ka\u017cdemu z tych przymiot\u00f3w, ich teologicznym fundamentom oraz praktycznemu znaczeniu w codziennym \u017cyciu.<\/p>\n\n\n\n<hr class=\"wp-block-separator has-alpha-channel-opacity\"\/>\n\n\n\n<h3 class=\"wp-block-heading\"><strong>Ko\u015bci\u00f3\u0142 jest Jeden<\/strong><\/h3>\n\n\n\n<h4 class=\"wp-block-heading\">Fundament teologiczny<\/h4>\n\n\n\n<p>Jedno\u015b\u0107 Ko\u015bcio\u0142a pochodzi bezpo\u015brednio od jego boskiego pochodzenia. Jezus w Ewangelii wed\u0142ug \u015bw. Jana modli si\u0119 do Ojca, m\u00f3wi\u0105c: <em>\u201eAby wszyscy stanowili jedno, jak Ty, Ojcze, we Mnie, a Ja w Tobie\u201d<\/em> (J 17,21). Ta jedno\u015b\u0107 odzwierciedla wsp\u00f3lnot\u0119 Tr\u00f3jcy \u015awi\u0119tej: jednego Boga w trzech Osobach. Ko\u015bci\u00f3\u0142, jako Cia\u0142o Chrystusa, jest zjednoczony przez Ducha \u015awi\u0119tego, kt\u00f3ry dzia\u0142a jako wi\u0119\u017a mi\u0142o\u015bci mi\u0119dzy jego cz\u0142onkami.<\/p>\n\n\n\n<p>\u015awi\u0119ty Pawe\u0142 przypomina nam o tej jedno\u015bci, m\u00f3wi\u0105c: <em>\u201eJeden jest Pan, jedna wiara, jeden chrzest\u201d<\/em> (Ef 4,5). Chocia\u017c istniej\u0105 r\u00f3\u017cnice kulturowe, j\u0119zykowe i liturgiczne w\u015br\u00f3d chrze\u015bcijan na ca\u0142ym \u015bwiecie, wszyscy dzielimy t\u0119 sam\u0105 wiar\u0119 w Chrystusa i jeste\u015bmy zjednoczeni w celebrowaniu Eucharystii, kt\u00f3ra jest sakramentem jedno\u015bci.<\/p>\n\n\n\n<h4 class=\"wp-block-heading\">Praktyczne znaczenie<\/h4>\n\n\n\n<p>Jedno\u015b\u0107 Ko\u015bcio\u0142a wyzwala nas do dzia\u0142ania na rzecz pojednania i wzajemnego zrozumienia, zar\u00f3wno w naszych parafiach, jak i w dialogu ekumenicznym z innymi wyznaniami chrze\u015bcija\u0144skimi. To wezwanie nie jest opcjonalne: ka\u017cdy chrze\u015bcijanin ma obowi\u0105zek by\u0107 budowniczym jedno\u015bci. Jak to realizowa\u0107 na co dzie\u0144? Przebaczaj\u0105c urazy, aktywnie uczestnicz\u0105c w \u017cyciu parafii oraz staraj\u0105c si\u0119 zrozumie\u0107 innych, nawet w obliczu r\u00f3\u017cnic.<\/p>\n\n\n\n<p>W dzisiejszym \u015bwiecie, podzielonym przez konflikty polityczne, ideologiczne i spo\u0142eczne, Ko\u015bci\u00f3\u0142 jest wezwany, aby by\u0107 proroczym znakiem jedno\u015bci. Jako chrze\u015bcijanie musimy \u015bwiadczy\u0107, \u017ce prawdziwa wsp\u00f3lnota jest mo\u017cliwa, gdy \u017cyjemy w mi\u0142o\u015bci Chrystusa.<\/p>\n\n\n\n<hr class=\"wp-block-separator has-alpha-channel-opacity\"\/>\n\n\n\n<h3 class=\"wp-block-heading\"><strong>Ko\u015bci\u00f3\u0142 jest \u015awi\u0119ty<\/strong><\/h3>\n\n\n\n<h4 class=\"wp-block-heading\">Fundament teologiczny<\/h4>\n\n\n\n<p>\u015awi\u0119to\u015b\u0107 Ko\u015bcio\u0142a nie wynika z jego ludzkich cz\u0142onk\u00f3w, kt\u00f3rzy s\u0105 grzesznikami, lecz od jego za\u0142o\u017cyciela: Jezusa Chrystusa. On odda\u0142 swoje \u017cycie, aby go oczy\u015bci\u0107 i u\u015bwi\u0119ci\u0107. \u015awi\u0119ty Pawe\u0142 opisuje Ko\u015bci\u00f3\u0142 jako Oblubienic\u0119 Chrystusa, kt\u00f3r\u0105 <em>\u201eumi\u0142owa\u0142 i wyda\u0142 za ni\u0105 samego siebie, aby j\u0105 u\u015bwi\u0119ci\u0107\u201d<\/em> (Ef 5,25-26). Duch \u015awi\u0119ty nieustannie dzia\u0142a, aby u\u015bwi\u0119ca\u0107 wiernych przez sakramenty, S\u0142owo Bo\u017ce i \u017cycie modlitewne.<\/p>\n\n\n\n<p>Ko\u015bci\u00f3\u0142 staje si\u0119 \u015bwi\u0119ty tak\u017ce przez swoich \u015bwi\u0119tych. W ci\u0105gu historii ludzie wszystkich epok byli \u017cywymi przyk\u0142adami \u015bwi\u0119to\u015bci, pokazuj\u0105c, \u017ce mo\u017cliwe jest \u017cycie wed\u0142ug Ewangelii w ka\u017cdej sytuacji.<\/p>\n\n\n\n<h4 class=\"wp-block-heading\">Praktyczne znaczenie<\/h4>\n\n\n\n<p>\u015awi\u0119to\u015b\u0107 jest powszechnym powo\u0142aniem. Nie jest zarezerwowana dla nielicznych wybranych, takich jak kap\u0142ani czy osoby zakonne, lecz jest celem dla wszystkich ochrzczonych. Jak powiedzia\u0142 papie\u017c Franciszek w swojej adhortacji <em>Gaudete et Exsultate<\/em>: <em>\u201ePan chce, aby\u015bmy byli \u015bwi\u0119tymi, i nie oczekuje, \u017ce zadowolimy si\u0119 przeci\u0119tnym, rozwodnionym i niekonsekwentnym \u017cyciem\u201d<\/em> (GE, 1).<\/p>\n\n\n\n<p>Jak odpowiedzie\u0107 na to wezwanie? Uczestnicz\u0105c w sakramentach, zw\u0142aszcza w Eucharystii i spowiedzi, praktykuj\u0105c uczynki mi\u0142osierdzia oraz piel\u0119gnuj\u0105c \u017cycie modlitewne. Bycie \u015bwi\u0119tym nie oznacza bycia doskona\u0142ym, lecz chodzenie za r\u0119k\u0119 z Bogiem i pozwalanie Mu na przemian\u0119 naszych serc.<\/p>\n\n\n\n<hr class=\"wp-block-separator has-alpha-channel-opacity\"\/>\n\n\n\n<h3 class=\"wp-block-heading\"><strong>Ko\u015bci\u00f3\u0142 jest Powszechny<\/strong><\/h3>\n\n\n\n<h4 class=\"wp-block-heading\">Fundament teologiczny<\/h4>\n\n\n\n<p>S\u0142owo \u201epowszechny\u201d (katolicki) oznacza uniwersalny. Ko\u015bci\u00f3\u0142 jest powszechny, poniewa\u017c Chrystus jest w nim obecny i poniewa\u017c zosta\u0142 pos\u0142any, aby g\u0142osi\u0107 Ewangeli\u0119 wszystkim ludziom, kulturom i pokoleniom. Jezus nakaza\u0142 swoim uczniom: <em>\u201eId\u017acie wi\u0119c i nauczajcie wszystkie narody\u201d<\/em> (Mt 28,19), co ustanawia uniwersaln\u0105 misj\u0119 Ko\u015bcio\u0142a.<\/p>\n\n\n\n<p>Powszechno\u015b\u0107 Ko\u015bcio\u0142a objawia si\u0119 tak\u017ce w jego zdolno\u015bci do przyjmowania ludzi z r\u00f3\u017cnych \u015brodowisk i kultur, szanuj\u0105c i doceniaj\u0105c ich bogactwo, w\u0142\u0105czaj\u0105c je w jedno\u015b\u0107 wiary.<\/p>\n\n\n\n<h4 class=\"wp-block-heading\">Praktyczne znaczenie<\/h4>\n\n\n\n<p>Powszechno\u015b\u0107 Ko\u015bcio\u0142a zaprasza nas do otwarto\u015bci na r\u00f3\u017cnorodno\u015b\u0107. W spo\u0142ecze\u0144stwie, kt\u00f3re cz\u0119sto buduje bariery wykluczenia, Ko\u015bci\u00f3\u0142 jest znakiem jedno\u015bci w r\u00f3\u017cnorodno\u015bci. Mo\u017cemy \u017cy\u0107 t\u0105 rzeczywisto\u015bci\u0105, przyjmuj\u0105c migrant\u00f3w, szanuj\u0105c kultury innych ludzi i anga\u017cuj\u0105c si\u0119 w misje.<\/p>\n\n\n\n<p>Ponadto powszechno\u015b\u0107 przypomina nam, \u017ce wiara nie jest spraw\u0105 prywatn\u0105. Jako cz\u0142onkowie Ko\u015bcio\u0142a jeste\u015bmy wezwani, aby by\u0107 misjonarzami, nios\u0105c \u015bwiat\u0142o Chrystusa w ka\u017cdy zak\u0105tek \u015bwiata poprzez nasze s\u0142owa i \u015bwiadectwo \u017cycia.<\/p>\n\n\n\n<hr class=\"wp-block-separator has-alpha-channel-opacity\"\/>\n\n\n\n<h3 class=\"wp-block-heading\"><strong>Ko\u015bci\u00f3\u0142 jest Apostolski<\/strong><\/h3>\n\n\n\n<h4 class=\"wp-block-heading\">Fundament teologiczny<\/h4>\n\n\n\n<p>Apostolsko\u015b\u0107 Ko\u015bcio\u0142a odnosi si\u0119 do jego pochodzenia od aposto\u0142\u00f3w, kt\u00f3rym Jezus powierzy\u0142 misj\u0119 prowadzenia i nauczania swojego ludu. Misja ta jest przekazywana przez sukcesj\u0119 apostolsk\u0105, kt\u00f3ra gwarantuje wierno\u015b\u0107 przes\u0142aniu Chrystusa. Biskupi, w jedno\u015bci z papie\u017cem, s\u0105 nast\u0119pcami aposto\u0142\u00f3w i maj\u0105 obowi\u0105zek strzec i przekazywa\u0107 wiar\u0119.<\/p>\n\n\n\n<h4 class=\"wp-block-heading\">Praktyczne znaczenie<\/h4>\n\n\n\n<p>Apostolsko\u015b\u0107 \u0142\u0105czy nas z naszymi korzeniami i zapewnia, \u017ce wiara, kt\u00f3r\u0105 wyznajemy, jest t\u0105 sam\u0105, kt\u00f3r\u0105 Jezus powierzy\u0142 aposto\u0142om. Wzywa nas to do studiowania Pisma \u015awi\u0119tego, pog\u0142\u0119biania zrozumienia doktryny i ci\u0105g\u0142ego kszta\u0142cenia si\u0119 w wierze.<\/p>\n\n\n\n<p>Praktycznie mo\u017cemy \u017cy\u0107 apostolsko\u015bci\u0105, aktywnie uczestnicz\u0105c w \u017cyciu parafii, wspieraj\u0105c naszych kap\u0142an\u00f3w i biskup\u00f3w w ich misji. Apostolsko\u015b\u0107 zach\u0119ca nas r\u00f3wnie\u017c do bycia ewangelizatorami w naszych rodzinach, miejscach pracy i wsp\u00f3lnotach, dziel\u0105c si\u0119 odwa\u017cnie Dobr\u0105 Nowin\u0105 z tymi, kt\u00f3rzy jeszcze nie poznali Chrystusa.<\/p>\n\n\n\n<hr class=\"wp-block-separator has-alpha-channel-opacity\"\/>\n\n\n\n<h3 class=\"wp-block-heading\">Refleksja ko\u0144cowa: Przymioty jako przewodnik \u017cycia<\/h3>\n\n\n\n<p>Przymioty Ko\u015bcio\u0142a nie s\u0105 jedynie poj\u0119ciami teologicznymi; s\u0105 \u017cywym przewodnikiem dla naszej relacji z Bogiem, z innymi i ze \u015bwiatem. Pog\u0142\u0119biaj\u0105c ich znaczenie, znajdujemy inspiracj\u0119 do \u017cycia bardziej autentyczn\u0105 i zaanga\u017cowan\u0105 wiar\u0105.<\/p>\n\n\n\n<p>Ko\u015bci\u00f3\u0142, z jego blaskami i cieniami, pozostaje narz\u0119dziem wybranym przez Boga do realizacji Jego planu zbawienia. Rozwa\u017caj\u0105c jego jedno\u015b\u0107, \u015bwi\u0119to\u015b\u0107, powszechno\u015b\u0107 i apostolsko\u015b\u0107, odkrywamy nasze miejsce w tym wielkim misterium i odnawiamy nasze zaanga\u017cowanie w bycie uczniami Chrystusa we wsp\u00f3\u0142czesnym \u015bwiecie.<\/p>\n\n\n\n<p>Niech te przymioty inspiruj\u0105 nas do pracy na rzecz jedno\u015bci, d\u0105\u017cenia do \u015bwi\u0119to\u015bci, obejmowania uniwersalno\u015bci i \u017cycia z duchem apostolskim, pami\u0119taj\u0105c, \u017ce jeste\u015bmy cz\u0119\u015bci\u0105 \u017cywego Ko\u015bcio\u0142a, zmierzaj\u0105cego ku Kr\u00f3lestwu Bo\u017cemu.<\/p>\n","protected":false},"excerpt":{"rendered":"<p>M\u00f3wienie o przymiotach Ko\u015bcio\u0142a oznacza zag\u0142\u0119bianie si\u0119 w istot\u0119 tego, co znaczy by\u0107 chrze\u015bcijaninem i nale\u017ce\u0107 do Cia\u0142a Chrystusa. Ko\u015bci\u00f3\u0142, za\u0142o\u017cony przez Jezusa, nie jest jedynie ludzk\u0105 instytucj\u0105, lecz g\u0142\u0119boko duchow\u0105 rzeczywisto\u015bci\u0105, kt\u00f3ra odgrywa wyj\u0105tkow\u0105 rol\u0119 w historii zbawienia. Aby zrozumie\u0107 jego to\u017csamo\u015b\u0107, tradycja katolicka, opieraj\u0105c si\u0119 na Credo nicejsko-konstantynopolita\u0144skim, wyr\u00f3\u017cnia cztery podstawowe przymioty: jeden, &hellip;<\/p>\n","protected":false},"author":3,"featured_media":1784,"comment_status":"open","ping_status":"open","sticky":false,"template":"","format":"standard","meta":{"_seopress_robots_primary_cat":"","_seopress_titles_title":"","_seopress_titles_desc":"","_seopress_robots_index":"","footnotes":""},"categories":[37,43],"tags":[330,327,278,329,328],"class_list":["post-1783","post","type-post","status-publish","format-standard","has-post-thumbnail","","category-doktryna-i-wiara","category-katechizm-kosciola-katolickiego","tag-apostolski","tag-jeden","tag-kosciola","tag-powszechny","tag-swiety"],"_links":{"self":[{"href":"https:\/\/catholicus.eu\/pl\/wp-json\/wp\/v2\/posts\/1783","targetHints":{"allow":["GET"]}}],"collection":[{"href":"https:\/\/catholicus.eu\/pl\/wp-json\/wp\/v2\/posts"}],"about":[{"href":"https:\/\/catholicus.eu\/pl\/wp-json\/wp\/v2\/types\/post"}],"author":[{"embeddable":true,"href":"https:\/\/catholicus.eu\/pl\/wp-json\/wp\/v2\/users\/3"}],"replies":[{"embeddable":true,"href":"https:\/\/catholicus.eu\/pl\/wp-json\/wp\/v2\/comments?post=1783"}],"version-history":[{"count":1,"href":"https:\/\/catholicus.eu\/pl\/wp-json\/wp\/v2\/posts\/1783\/revisions"}],"predecessor-version":[{"id":1785,"href":"https:\/\/catholicus.eu\/pl\/wp-json\/wp\/v2\/posts\/1783\/revisions\/1785"}],"wp:featuredmedia":[{"embeddable":true,"href":"https:\/\/catholicus.eu\/pl\/wp-json\/wp\/v2\/media\/1784"}],"wp:attachment":[{"href":"https:\/\/catholicus.eu\/pl\/wp-json\/wp\/v2\/media?parent=1783"}],"wp:term":[{"taxonomy":"category","embeddable":true,"href":"https:\/\/catholicus.eu\/pl\/wp-json\/wp\/v2\/categories?post=1783"},{"taxonomy":"post_tag","embeddable":true,"href":"https:\/\/catholicus.eu\/pl\/wp-json\/wp\/v2\/tags?post=1783"}],"curies":[{"name":"wp","href":"https:\/\/api.w.org\/{rel}","templated":true}]}}