{"id":1702,"date":"2024-12-22T22:25:23","date_gmt":"2024-12-22T21:25:23","guid":{"rendered":"https:\/\/catholicus.eu\/pl\/?p=1702"},"modified":"2024-12-22T22:25:23","modified_gmt":"2024-12-22T21:25:23","slug":"czwarta-niedziela-adwentu-przygotowanie-na-wielkie-spotkanie","status":"publish","type":"post","link":"https:\/\/catholicus.eu\/pl\/czwarta-niedziela-adwentu-przygotowanie-na-wielkie-spotkanie\/","title":{"rendered":"Czwarta Niedziela Adwentu: Przygotowanie na Wielkie Spotkanie"},"content":{"rendered":"\n<p>Czwarta Niedziela Adwentu to ostatni etap naszego przygotowania na przyj\u015bcie Chrystusa w Bo\u017ce Narodzenie. Ten czas, pe\u0142en oczekiwania i nadziei, jest okazj\u0105 do refleksji nad tajemnic\u0105 Boga, kt\u00f3ry staje si\u0119 cz\u0142owiekiem, wchodz\u0105c w nasz\u0105 histori\u0119, aby j\u0105 odkupi\u0107. To szczeg\u00f3lny moment, by dostroi\u0107 swoj\u0105 dusz\u0119 i ws\u0142ucha\u0107 si\u0119 w to, jak B\u00f3g zaprasza nas, by\u015bmy przyj\u0119li Go z mi\u0142o\u015bci\u0105 i pokor\u0105.<\/p>\n\n\n\n<h3 class=\"wp-block-heading\"><strong>Adwent: Historia Oczekiwania<\/strong><\/h3>\n\n\n\n<p>S\u0142owo \u201eAdwent\u201d pochodzi z \u0142aciny (<em>adventus<\/em>), co oznacza \u201eprzyj\u015bcie\u201d. Ju\u017c od pierwszych wiek\u00f3w chrze\u015bcija\u0144stwa ten okres liturgiczny zosta\u0142 ustanowiony jako duchowe przygotowanie do obchod\u00f3w narodzin Chrystusa. Pocz\u0105tkowo Adwent mia\u0142 charakter pokutny, podobnie jak Wielki Post, zach\u0119caj\u0105c chrze\u015bcijan do nawr\u00f3cenia i \u017calu za grzechy. Cho\u0107 jego ton zmieni\u0142 si\u0119 na przestrzeni wiek\u00f3w, nadal jest to czas oczyszczenia serca i odnowienia wiary.<\/p>\n\n\n\n<p>Czwarta Niedziela Adwentu wprowadza nas w szczyt tego przygotowania. Teksty biblijne czytane w liturgii prowadz\u0105 nas bezpo\u015brednio do tajemnicy Wcielenia, koncentruj\u0105c si\u0119 szczeg\u00f3lnie na postaci Maryi, Matki Jezusa, i na jej wielkodusznym \u201etak\u201d wobec woli Bo\u017cej.<\/p>\n\n\n\n<hr class=\"wp-block-separator has-alpha-channel-opacity\"\/>\n\n\n\n<h3 class=\"wp-block-heading\"><strong>Liturgia Czwartej Niedzieli Adwentu<\/strong><\/h3>\n\n\n\n<p>Liturgia tej niedzieli zawiera jedno z najbardziej znacz\u0105cych czyta\u0144 adwentowych: zwiastowanie anio\u0142a Gabriela Maryi (\u0141k 1, 26-38). Fragment ten zach\u0119ca nas do refleksji nad trzema kluczowymi aspektami:<\/p>\n\n\n\n<ol class=\"wp-block-list\">\n<li><strong>Inicjatywa Boga:<\/strong> To B\u00f3g podejmuje inicjatyw\u0119 w naszym zbawieniu. Maryja nie szuka\u0142a okazji, by zosta\u0107 Matk\u0105 Zbawiciela, ale B\u00f3g wybra\u0142 j\u0105 za jej pokor\u0119 i wiar\u0119. Przypomina nam to, \u017ce to B\u00f3g dzia\u0142a pierwszy w naszym \u017cyciu, a my jeste\u015bmy wezwani, by odpowiedzie\u0107.<\/li>\n\n\n\n<li><strong>Wiara i \u201etak\u201d Maryi:<\/strong> Maryja odpowiada z wiar\u0105 i ufno\u015bci\u0105, nawet je\u015bli nie do ko\u0144ca rozumie, czego B\u00f3g od niej oczekuje. Jej \u201eNiech mi si\u0119 stanie wed\u0142ug s\u0142owa Twego\u201d jest wzorem pos\u0142usze\u0144stwa i otwarto\u015bci na Bo\u017cy plan, nawet gdy nie jest on w pe\u0142ni jasny.<\/li>\n\n\n\n<li><strong>Wcielenie \u2013 B\u00f3g z nami:<\/strong> W tym historycznym momencie B\u00f3g wkracza w \u015bwiat w radykalny spos\u00f3b, przyjmuj\u0105c nasz\u0105 ludzk\u0105 natur\u0119. Tajemnica ta m\u00f3wi o Bogu, kt\u00f3ry nie pozostaje odleg\u0142y, ale zbli\u017ca si\u0119, by dzieli\u0107 i odkupi\u0107 nasze \u017cycie.<\/li>\n<\/ol>\n\n\n\n<hr class=\"wp-block-separator has-alpha-channel-opacity\"\/>\n\n\n\n<h3 class=\"wp-block-heading\"><strong>Teologiczne Znaczenie Czwartej Niedzieli Adwentu<\/strong><\/h3>\n\n\n\n<p>Teologia Czwartej Niedzieli Adwentu skupia si\u0119 wok\u00f3\u0142 tajemnicy Wcielenia. Tajemnica ta ods\u0142ania kilka fundamentalnych prawd naszej wiary:<\/p>\n\n\n\n<ol class=\"wp-block-list\">\n<li><strong>Wierno\u015b\u0107 Boga:<\/strong> B\u00f3g dotrzymuje swojej obietnicy, \u017ce po\u015ble Zbawiciela. Oczekiwanie Adwentu przemienia si\u0119 w rado\u015b\u0107, wiedz\u0105c, \u017ce B\u00f3g jest wierny swojemu s\u0142owu.<\/li>\n\n\n\n<li><strong>Cz\u0142owiecze\u0144stwo i bosko\u015b\u0107 Chrystusa:<\/strong> Jezus, prawdziwy B\u00f3g i prawdziwy cz\u0142owiek, staje si\u0119 jednym z nas, aby\u015bmy mogli uczestniczy\u0107 w \u017cyciu Bo\u017cym. Ta wspania\u0142a wymiana (jak okre\u015blali j\u0105 Ojcowie Ko\u015bcio\u0142a) zmienia nasze relacje z Bogiem.<\/li>\n\n\n\n<li><strong>Wsp\u00f3\u0142praca cz\u0142owieka:<\/strong> Chocia\u017c B\u00f3g jest g\u0142\u00f3wnym dzia\u0142aj\u0105cym, Maryja pokazuje nam, \u017ce wsp\u00f3\u0142praca cz\u0142owieka jest niezb\u0119dna w planie zbawienia. Jej wiara i pos\u0142usze\u0144stwo umo\u017cliwiaj\u0105 Zbawicielowi wej\u015bcie na \u015bwiat.<\/li>\n<\/ol>\n\n\n\n<hr class=\"wp-block-separator has-alpha-channel-opacity\"\/>\n\n\n\n<h3 class=\"wp-block-heading\"><strong>Praktyczne Zastosowanie: Jak Prze\u017cy\u0107 Czwart\u0105 Niedziel\u0119 Adwentu<\/strong><\/h3>\n\n\n\n<p>Czwarta Niedziela Adwentu zaprasza nas do przygotowania serca i \u017cycia w duchu Maryi. Oto kilka sposob\u00f3w, jak zastosowa\u0107 te prawdy w codziennym \u017cyciu:<\/p>\n\n\n\n<ol class=\"wp-block-list\">\n<li><strong>Znajd\u017a chwil\u0119, by s\u0142ucha\u0107 Boga:<\/strong> W zgie\u0142ku przygotowa\u0144 \u015bwi\u0105tecznych znajd\u017a moment ciszy, by zastanowi\u0107 si\u0119 nad tym, co B\u00f3g chce Ci powiedzie\u0107. By\u0107 mo\u017ce zaprasza Ci\u0119 do pojednania z kim\u015b, wybaczenia lub wi\u0119kszej ufno\u015bci wobec Niego.<\/li>\n\n\n\n<li><strong>B\u0105d\u017a \u201etak\u201d dla innych:<\/strong> Tak jak Maryja powiedzia\u0142a \u201etak\u201d Bogu, Ty r\u00f3wnie\u017c mo\u017cesz by\u0107 narz\u0119dziem Jego mi\u0142o\u015bci. Pom\u00f3\u017c komu\u015b w potrzebie, po\u015bwi\u0119\u0107 czas rodzinie lub przyjacio\u0142om albo po prostu oka\u017c \u017cyczliwo\u015b\u0107 spotkanym ludziom.<\/li>\n\n\n\n<li><strong>Odnowa zaufania Bogu:<\/strong> Zaufaj, jak Maryja, \u017ce B\u00f3g ma plan dla Ciebie, nawet je\u015bli go nie rozumiesz. M\u00f3dl si\u0119 i powierz Mu swoje troski.<\/li>\n\n\n\n<li><strong>Skorzystaj z sakramentu pojednania:<\/strong> Przygotowanie serca na Jezusa obejmuje r\u00f3wnie\u017c oczyszczenie duszy z grzechu. Ten konkretny akt pokory i mi\u0142o\u015bci tworzy przestrze\u0144 dla Chrystusa w Twoim \u017cyciu.<\/li>\n<\/ol>\n\n\n\n<hr class=\"wp-block-separator has-alpha-channel-opacity\"\/>\n\n\n\n<h3 class=\"wp-block-heading\"><strong>Czwarta Niedziela a Nasz Wsp\u00f3\u0142czesny Kontekst<\/strong><\/h3>\n\n\n\n<p>\u017byjemy dzi\u015b w \u015bwiecie pe\u0142nym rozprosze\u0144, gdzie rzadko spotykamy cierpliwe oczekiwanie i kontemplacj\u0119. Adwent jednak zaprasza nas do piel\u0119gnowania cierpliwo\u015bci i nadziei. W kontek\u015bcie, w kt\u00f3rym cz\u0119sto czujemy si\u0119 samotni lub zagubieni, przes\u0142anie Czwartej Niedzieli Adwentu przypomina nam, \u017ce B\u00f3g zawsze jest z nami.<\/p>\n\n\n\n<p>Ponadto, w spo\u0142ecze\u0144stwie cz\u0119sto skupionym na indywidualizmie, Maryja uczy nas warto\u015bci pokory i daru z siebie. Jej przyk\u0142ad zach\u0119ca nas, by wyj\u015b\u0107 poza w\u0142asne potrzeby i by\u0107 hojnym wobec innych, zw\u0142aszcza tych najbardziej potrzebuj\u0105cych.<\/p>\n\n\n\n<hr class=\"wp-block-separator has-alpha-channel-opacity\"\/>\n\n\n\n<h3 class=\"wp-block-heading\"><strong>Podsumowanie: Serce Gotowe na Jezusa<\/strong><\/h3>\n\n\n\n<p>Czwarta Niedziela Adwentu to co\u015b wi\u0119cej ni\u017c tylko przygotowanie do Bo\u017cego Narodzenia; to zaproszenie do przemiany przez tajemnic\u0119 Wcielenia. Tak jak Maryja, r\u00f3wnie\u017c my mo\u017cemy otworzy\u0107 nasze serca na dzia\u0142anie Boga, pozwalaj\u0105c Mu czyni\u0107 cuda w naszym \u017cyciu.<\/p>\n\n\n\n<p>Niech ta niedziela b\u0119dzie okazj\u0105 do zatrzymania si\u0119, refleksji i odnowienia naszej wiary. I niech przyj\u015bcie Chrystusa w Bo\u017ce Narodzenie wype\u0142ni nasze serca czyst\u0105 mi\u0142o\u015bci\u0105, gotowe, by by\u0107 \u015bwiadkami Jego \u015bwiat\u0142a w \u015bwiecie. Przyjd\u017a, Panie Jezu!<\/p>\n","protected":false},"excerpt":{"rendered":"<p>Czwarta Niedziela Adwentu to ostatni etap naszego przygotowania na przyj\u015bcie Chrystusa w Bo\u017ce Narodzenie. Ten czas, pe\u0142en oczekiwania i nadziei, jest okazj\u0105 do refleksji nad tajemnic\u0105 Boga, kt\u00f3ry staje si\u0119 cz\u0142owiekiem, wchodz\u0105c w nasz\u0105 histori\u0119, aby j\u0105 odkupi\u0107. To szczeg\u00f3lny moment, by dostroi\u0107 swoj\u0105 dusz\u0119 i ws\u0142ucha\u0107 si\u0119 w to, jak B\u00f3g zaprasza nas, by\u015bmy &hellip;<\/p>\n","protected":false},"author":3,"featured_media":1703,"comment_status":"open","ping_status":"open","sticky":false,"template":"","format":"standard","meta":{"_seopress_robots_primary_cat":"","_seopress_titles_title":"","_seopress_titles_desc":"","_seopress_robots_index":"","footnotes":""},"categories":[38,52],"tags":[280],"class_list":["post-1702","post","type-post","status-publish","format-standard","has-post-thumbnail","","category-historia-i-tradycja","category-liturgia-i-rok-liturgiczny","tag-adwentu"],"_links":{"self":[{"href":"https:\/\/catholicus.eu\/pl\/wp-json\/wp\/v2\/posts\/1702","targetHints":{"allow":["GET"]}}],"collection":[{"href":"https:\/\/catholicus.eu\/pl\/wp-json\/wp\/v2\/posts"}],"about":[{"href":"https:\/\/catholicus.eu\/pl\/wp-json\/wp\/v2\/types\/post"}],"author":[{"embeddable":true,"href":"https:\/\/catholicus.eu\/pl\/wp-json\/wp\/v2\/users\/3"}],"replies":[{"embeddable":true,"href":"https:\/\/catholicus.eu\/pl\/wp-json\/wp\/v2\/comments?post=1702"}],"version-history":[{"count":1,"href":"https:\/\/catholicus.eu\/pl\/wp-json\/wp\/v2\/posts\/1702\/revisions"}],"predecessor-version":[{"id":1704,"href":"https:\/\/catholicus.eu\/pl\/wp-json\/wp\/v2\/posts\/1702\/revisions\/1704"}],"wp:featuredmedia":[{"embeddable":true,"href":"https:\/\/catholicus.eu\/pl\/wp-json\/wp\/v2\/media\/1703"}],"wp:attachment":[{"href":"https:\/\/catholicus.eu\/pl\/wp-json\/wp\/v2\/media?parent=1702"}],"wp:term":[{"taxonomy":"category","embeddable":true,"href":"https:\/\/catholicus.eu\/pl\/wp-json\/wp\/v2\/categories?post=1702"},{"taxonomy":"post_tag","embeddable":true,"href":"https:\/\/catholicus.eu\/pl\/wp-json\/wp\/v2\/tags?post=1702"}],"curies":[{"name":"wp","href":"https:\/\/api.w.org\/{rel}","templated":true}]}}