{"id":1686,"date":"2024-12-18T23:21:40","date_gmt":"2024-12-18T22:21:40","guid":{"rendered":"https:\/\/catholicus.eu\/pl\/?p=1686"},"modified":"2024-12-18T23:21:41","modified_gmt":"2024-12-18T22:21:41","slug":"niedziela-gaudete-wezwanie-do-radosci-na-drodze-adwentu","status":"publish","type":"post","link":"https:\/\/catholicus.eu\/pl\/niedziela-gaudete-wezwanie-do-radosci-na-drodze-adwentu\/","title":{"rendered":"Niedziela Gaudete: Wezwanie do Rado\u015bci na Drodze Adwentu"},"content":{"rendered":"\n<p>Adwent to czas oczekiwania i przygotowania, czas refleksji i nadziei, w kt\u00f3rym chrze\u015bcijanie przygotowuj\u0105 si\u0119 na przyj\u015bcie Pana. W tym uroczystym kontek\u015bcie wyr\u00f3\u017cnia si\u0119 trzecia niedziela Adwentu, znana jako <strong>Niedziela Gaudete<\/strong>, ze wzgl\u0119du na szczeg\u00f3ln\u0105 nut\u0119 rado\u015bci. Ale co dok\u0142adnie oznacza ten dzie\u0144 i dlaczego jest tak wa\u017cny?<\/p>\n\n\n\n<h3 class=\"wp-block-heading\"><strong>Czym jest Niedziela Gaudete?<\/strong><\/h3>\n\n\n\n<p>Nazwa \u201eGaudete\u201d pochodzi od pierwszego s\u0142owa \u0142aci\u0144skiego introitu Mszy tego dnia: <em>\u201eGaudete in Domino semper: iterum dico, gaudete\u201d<\/em>, co oznacza: \u201eRadujcie si\u0119 zawsze w Panu; powtarzam: radujcie si\u0119!\u201d (Flp 4,4). Ten werset, zaczerpni\u0119ty z Listu \u015bw. Paw\u0142a, oddaje ducha tego dnia: wezwanie do rado\u015bci w trakcie oczekiwania.<\/p>\n\n\n\n<p>Niedziela Gaudete obchodzona jest w trzeci\u0105 niedziel\u0119 Adwentu i wyznacza zmian\u0119 tonu w liturgicznym okresie Adwentu. Podczas gdy dwie pierwsze niedziele maj\u0105 bardziej pokutny i przygotowawczy charakter, ta niedziela daje chwil\u0119 wytchnienia \u2013 moment, by cieszy\u0107 si\u0119 blisko\u015bci\u0105 Bo\u017cego Narodzenia.<\/p>\n\n\n\n<h3 class=\"wp-block-heading\"><strong>Liturgiczna Rado\u015b\u0107 Niedzieli Gaudete<\/strong><\/h3>\n\n\n\n<p>Tego dnia kolor liturgiczny zmienia si\u0119 z fioletowego (symbolizuj\u0105cego pokut\u0119) na r\u00f3\u017cowy, kt\u00f3ry wyra\u017ca rado\u015b\u0107 i wesele. Kap\u0142an mo\u017ce nosi\u0107 r\u00f3\u017cowe szaty, a trzecia \u015bwieca na wie\u0144cu adwentowym, r\u00f3wnie\u017c r\u00f3\u017cowa, zostaje zapalona, aby podkre\u015bli\u0107 t\u0119 zmian\u0119.<\/p>\n\n\n\n<p>Niedziela Gaudete to nie tylko przypomnienie o rado\u015bci towarzysz\u0105cej blisko\u015bci narodzin Chrystusa, ale tak\u017ce lekcja o naturze prawdziwej chrze\u015bcija\u0144skiej rado\u015bci. Nie jest to powierzchowna weso\u0142o\u015b\u0107, lecz g\u0142\u0119boka i trwa\u0142a rado\u015b\u0107 wyp\u0142ywaj\u0105ca z naszej relacji z Bogiem.<\/p>\n\n\n\n<h3 class=\"wp-block-heading\"><strong>Historia i Kontekst Teologiczny<\/strong><\/h3>\n\n\n\n<p>Niedziela Gaudete ma g\u0142\u0119bokie korzenie w tradycji Ko\u015bcio\u0142a. W okresie Adwentu wczesny Ko\u015bci\u00f3\u0142 ustanowi\u0142 czas postu i pokuty, podobny do Wielkiego Postu. Aby jednak podnie\u015b\u0107 na duchu wiernych, wprowadzono dzie\u0144 ulgi \u2013 moment, by przypomnie\u0107 o rado\u015bci wynikaj\u0105cej z oczekiwania na przyj\u015bcie Pana.<\/p>\n\n\n\n<p>Z teologicznego punktu widzenia Niedziela Gaudete zaprasza nas do refleksji nad r\u00f3wnowag\u0105 mi\u0119dzy pokut\u0105 a rado\u015bci\u0105. Oczekiwanie w Adwencie nie jest tylko czasem surowego przygotowania, ale r\u00f3wnie\u017c momentem, by do\u015bwiadczy\u0107 radosnego oczekiwania na wype\u0142nienie obietnicy: przyj\u015bcie Chrystusa jako \u015bwiat\u0142a \u015bwiata.<\/p>\n\n\n\n<p>\u015awi\u0119ty Augustyn pisa\u0142 o tej chrze\u015bcija\u0144skiej rado\u015bci, przypominaj\u0105c nam, \u017ce rado\u015b\u0107 nie znajduje si\u0119 w przemijaj\u0105cych przyjemno\u015bciach \u015bwiata, lecz w wiecznej mi\u0142o\u015bci Boga. W tym kontek\u015bcie Niedziela Gaudete przypomina nam, \u017ce nawet w\u015br\u00f3d naszych zmaga\u0144 i ofiar mo\u017cemy znale\u017a\u0107 pociech\u0119 i rado\u015b\u0107 w nadziei na zbawienie.<\/p>\n\n\n\n<h3 class=\"wp-block-heading\"><strong>Znaczenie Wsp\u00f3\u0142czesne<\/strong><\/h3>\n\n\n\n<p>W \u015bwiecie pe\u0142nym niepewno\u015bci, l\u0119k\u00f3w i rozprosze\u0144 przes\u0142anie Niedzieli Gaudete nabiera szczeg\u00f3lnej mocy. Zaprasza nas, by zatrzyma\u0107 si\u0119 i przypomnie\u0107 sobie, \u017ce \u017ar\u00f3d\u0142em naszej rado\u015bci nie s\u0105 rzeczy materialne, lecz nasza relacja z Bogiem i wype\u0142nienie Jego obietnic.<\/p>\n\n\n\n<p>Chrze\u015bcija\u0144ska rado\u015b\u0107 nie ignoruje trudno\u015bci \u017cycia; ona je przekracza. Ta rado\u015b\u0107 jest duchow\u0105 si\u0142\u0105, kt\u00f3ra wspiera nas w chwilach pr\u00f3by i inspiruje do bycia \u015bwiadkami nadziei w \u015bwiecie, kt\u00f3ry cz\u0119sto j\u0105 traci.<\/p>\n\n\n\n<p>W spo\u0142ecze\u0144stwie, w kt\u00f3rym wiele os\u00f3b szuka szcz\u0119\u015bcia w zewn\u0119trznych osi\u0105gni\u0119ciach lub dobrach materialnych, Niedziela Gaudete oferuje radykaln\u0105 alternatyw\u0119: rado\u015b\u0107, kt\u00f3ra nie zale\u017cy od okoliczno\u015bci zewn\u0119trznych, lecz od \u017cywej obecno\u015bci Chrystusa w naszym \u017cyciu.<\/p>\n\n\n\n<h3 class=\"wp-block-heading\"><strong>Praktyczne Zastosowania Niedzieli Gaudete<\/strong><\/h3>\n\n\n\n<ol class=\"wp-block-list\">\n<li><strong>Kultywowanie Wdzi\u0119czno\u015bci<\/strong>: Po\u015bwi\u0119\u0107 chwil\u0119, aby zastanowi\u0107 si\u0119 nad b\u0142ogos\u0142awie\u0144stwami w swoim \u017cyciu. Wdzi\u0119czno\u015b\u0107 jest bram\u0105 do prawdziwej rado\u015bci. Sporz\u0105d\u017a list\u0119 rzeczy, za kt\u00f3re jeste\u015b wdzi\u0119czny, i odm\u00f3w modlitw\u0119 dzi\u0119kczynn\u0105.<\/li>\n\n\n\n<li><strong>Przynoszenie Rado\u015bci Innym<\/strong>: Podziel si\u0119 rado\u015bci\u0105 Adwentu z lud\u017ami wok\u00f3\u0142 siebie. Mo\u017cesz to zrobi\u0107 poprzez proste gesty, takie jak u\u015bmiech, wys\u0142uchanie kogo\u015b w potrzebie lub akt hojno\u015bci wobec ubogich.<\/li>\n\n\n\n<li><strong>Wzmacnianie Nadziei<\/strong>: W obliczu wyzwa\u0144 przypomnij sobie s\u0142owa \u015bw. Paw\u0142a: \u201eRadujcie si\u0119 zawsze w Panu.\u201d Po\u015bwi\u0119\u0107 czas na modlitw\u0119 i lektur\u0119 Pisma \u015awi\u0119tego, aby odnowi\u0107 swoj\u0105 nadziej\u0119 na Bo\u017ce obietnice.<\/li>\n\n\n\n<li><strong>Przygotowanie Serca<\/strong>: Wykorzystaj ten czas, aby przyjrze\u0107 si\u0119 swojej relacji z Bogiem. Je\u015bli to mo\u017cliwe, przyst\u0105p do sakramentu pokuty. Rado\u015b\u0107 serca pojednanego z Bogiem jest szczeg\u00f3lnym darem Adwentu.<\/li>\n\n\n\n<li><strong>Odbijanie \u015awiat\u0142a Chrystusa<\/strong>: Jak r\u00f3\u017cowa \u015bwieca na wie\u0144cu adwentowym, b\u0105d\u017a odbiciem \u015bwiat\u0142a Chrystusa w \u015bwiecie. W swoim domu, wsp\u00f3lnocie i miejscu pracy staraj si\u0119 by\u0107 \u017cywym \u015bwiadkiem chrze\u015bcija\u0144skiej rado\u015bci.<\/li>\n<\/ol>\n\n\n\n<h3 class=\"wp-block-heading\"><strong>Ostateczne Wezwanie do Rado\u015bci<\/strong><\/h3>\n\n\n\n<p>Niedziela Gaudete to co\u015b wi\u0119cej ni\u017c szczeg\u00f3lny dzie\u0144 w kalendarzu liturgicznym. To zaproszenie, aby prze\u017cywa\u0107 Adwent z sercem pe\u0142nym nadziei i rado\u015bci. Przypomina nam, \u017ce nawet w czasie oczekiwania s\u0105 powody do \u015bwi\u0119towania, poniewa\u017c Pan jest blisko.<\/p>\n\n\n\n<p>W tym okresie roku, gdy \u015bwiat\u0142a i dekoracje mog\u0105 przys\u0142oni\u0107 prawdziwe znaczenie Bo\u017cego Narodzenia, Niedziela Gaudete zaprasza nas, aby zapali\u0107 wewn\u0119trzne \u015bwiat\u0142o wiary i dzieli\u0107 si\u0119 nim ze \u015bwiatem. Niech ta g\u0142\u0119boka rado\u015b\u0107 towarzyszy nam nie tylko w Adwencie, ale przez ca\u0142e nasze chrze\u015bcija\u0144skie \u017cycie.<\/p>\n\n\n\n<p>A zatem, zapalaj\u0105c r\u00f3\u017cow\u0105 \u015bwiec\u0119 w t\u0119 niedziel\u0119, pozw\u00f3lmy, aby rado\u015b\u0107 Gaudete wype\u0142ni\u0142a nasze serca i prowadzi\u0142a nas na drodze do \u015bwi\u0119towania narodzin Chrystusa. <strong>Radujcie si\u0119 zawsze w Panu. Powtarzam: radujcie si\u0119!<\/strong><\/p>\n","protected":false},"excerpt":{"rendered":"<p>Adwent to czas oczekiwania i przygotowania, czas refleksji i nadziei, w kt\u00f3rym chrze\u015bcijanie przygotowuj\u0105 si\u0119 na przyj\u015bcie Pana. W tym uroczystym kontek\u015bcie wyr\u00f3\u017cnia si\u0119 trzecia niedziela Adwentu, znana jako Niedziela Gaudete, ze wzgl\u0119du na szczeg\u00f3ln\u0105 nut\u0119 rado\u015bci. Ale co dok\u0142adnie oznacza ten dzie\u0144 i dlaczego jest tak wa\u017cny? Czym jest Niedziela Gaudete? Nazwa \u201eGaudete\u201d pochodzi &hellip;<\/p>\n","protected":false},"author":3,"featured_media":1687,"comment_status":"open","ping_status":"open","sticky":false,"template":"","format":"standard","meta":{"_seopress_robots_primary_cat":"","_seopress_titles_title":"","_seopress_titles_desc":"","_seopress_robots_index":"","footnotes":""},"categories":[38,52],"tags":[280,297],"class_list":["post-1686","post","type-post","status-publish","format-standard","has-post-thumbnail","","category-historia-i-tradycja","category-liturgia-i-rok-liturgiczny","tag-adwentu","tag-gaudete"],"_links":{"self":[{"href":"https:\/\/catholicus.eu\/pl\/wp-json\/wp\/v2\/posts\/1686","targetHints":{"allow":["GET"]}}],"collection":[{"href":"https:\/\/catholicus.eu\/pl\/wp-json\/wp\/v2\/posts"}],"about":[{"href":"https:\/\/catholicus.eu\/pl\/wp-json\/wp\/v2\/types\/post"}],"author":[{"embeddable":true,"href":"https:\/\/catholicus.eu\/pl\/wp-json\/wp\/v2\/users\/3"}],"replies":[{"embeddable":true,"href":"https:\/\/catholicus.eu\/pl\/wp-json\/wp\/v2\/comments?post=1686"}],"version-history":[{"count":1,"href":"https:\/\/catholicus.eu\/pl\/wp-json\/wp\/v2\/posts\/1686\/revisions"}],"predecessor-version":[{"id":1688,"href":"https:\/\/catholicus.eu\/pl\/wp-json\/wp\/v2\/posts\/1686\/revisions\/1688"}],"wp:featuredmedia":[{"embeddable":true,"href":"https:\/\/catholicus.eu\/pl\/wp-json\/wp\/v2\/media\/1687"}],"wp:attachment":[{"href":"https:\/\/catholicus.eu\/pl\/wp-json\/wp\/v2\/media?parent=1686"}],"wp:term":[{"taxonomy":"category","embeddable":true,"href":"https:\/\/catholicus.eu\/pl\/wp-json\/wp\/v2\/categories?post=1686"},{"taxonomy":"post_tag","embeddable":true,"href":"https:\/\/catholicus.eu\/pl\/wp-json\/wp\/v2\/tags?post=1686"}],"curies":[{"name":"wp","href":"https:\/\/api.w.org\/{rel}","templated":true}]}}