{"id":1672,"date":"2024-12-13T12:27:04","date_gmt":"2024-12-13T11:27:04","guid":{"rendered":"https:\/\/catholicus.eu\/pl\/?p=1672"},"modified":"2024-12-13T12:27:05","modified_gmt":"2024-12-13T11:27:05","slug":"ewangelizacja-w-czasach-cancel-culture-byc-katolikiem-w-podzielonym-swiecie","status":"publish","type":"post","link":"https:\/\/catholicus.eu\/pl\/ewangelizacja-w-czasach-cancel-culture-byc-katolikiem-w-podzielonym-swiecie\/","title":{"rendered":"Ewangelizacja w Czasach \u201eCancel Culture\u201d: By\u0107 Katolikiem w Podzielonym \u015awiecie"},"content":{"rendered":"\n<p>W czasach, gdy media spo\u0142eczno\u015bciowe kszta\u0142tuj\u0105 globalne rozmowy, a r\u00f3\u017cnice zda\u0144 szybko przeradzaj\u0105 si\u0119 w publiczne konflikty, katolicy staj\u0105 przed pilnym wyzwaniem: jak g\u0142osi\u0107 Ewangeli\u0119 w \u015bwiecie naznaczonym polaryzacj\u0105 i tzw. \u201ecancel culture\u201d? To zjawisko, charakteryzuj\u0105ce si\u0119 publicznym odrzuceniem os\u00f3b, idei lub instytucji uznanych za obra\u017aliwe, stawia przed nami g\u0142\u0119bokie pytania dotycz\u0105ce chrze\u015bcija\u0144skiej mi\u0142o\u015bci bli\u017aniego, prawdy i dialogu.<\/p>\n\n\n\n<h3 class=\"wp-block-heading\"><strong>Historia Chrze\u015bcija\u0144skich Wyzwa\u0144<\/strong><\/h3>\n\n\n\n<p>Misja ewangelizacji nigdy nie by\u0142a \u0142atwa. Od pierwszych m\u0119czennik\u00f3w, kt\u00f3rzy g\u0142osili Chrystusa w nieprzyjaznym \u015bwiecie, po misjonarzy nios\u0105cych Ewangeli\u0119 do nieznanych kraj\u00f3w, chrze\u015bcijanie zawsze napotykali op\u00f3r. Tym, co wyr\u00f3\u017cnia nasze czasy, jest szybko\u015b\u0107, z jak\u0105 odmienne g\u0142osy mog\u0105 zosta\u0107 wyciszone lub zmarginalizowane. Jednym klikni\u0119ciem idea mo\u017ce rozprzestrzeni\u0107 si\u0119 na ca\u0142y \u015bwiat lub ca\u0142kowicie znikn\u0105\u0107.<\/p>\n\n\n\n<p>Sam Jezus do\u015bwiadczy\u0142 \u201ecancel culture\u201d swoich czas\u00f3w. Zosta\u0142 odrzucony przez przyw\u00f3dc\u00f3w religijnych, niezrozumiany przez wielu i ukrzy\u017cowany za g\u0142oszenie prawdy. Jednak Jego odpowiedzi\u0105 nigdy nie by\u0142a uraza czy pot\u0119pienie, lecz radykalna mi\u0142o\u015b\u0107: \u201eOjcze, przebacz im, bo nie wiedz\u0105, co czyni\u0105\u201d (\u0141k 23,34).<\/p>\n\n\n\n<h3 class=\"wp-block-heading\"><strong>Znaczenie Teologiczne \u201eCancel Culture\u201d<\/strong><\/h3>\n\n\n\n<p>Z teologicznego punktu widzenia \u201ecancel culture\u201d zmusza nas do refleksji nad napi\u0119ciem mi\u0119dzy prawd\u0105 a mi\u0142osierdziem. Jako chrze\u015bcijanie jeste\u015bmy powo\u0142ani do g\u0142oszenia prawdy Ewangelii, nawet gdy jest niewygodna lub kontrkulturowa. Jednak to g\u0142oszenie musi by\u0107 przepe\u0142nione mi\u0142o\u015bci\u0105 i unika\u0107 pokusy odpowiadania tym samym bezlitosnym os\u0105dem, kt\u00f3ry krytykujemy.<\/p>\n\n\n\n<p>\u015awi\u0119ty Pawe\u0142 przypomina nam: \u201eGdybym m\u00f3wi\u0142 j\u0119zykami ludzi i anio\u0142\u00f3w, a mi\u0142o\u015bci bym nie mia\u0142, sta\u0142bym si\u0119 jak mied\u017a brz\u0119cz\u0105ca albo cymba\u0142 brzmi\u0105cy\u201d (1 Kor 13,1). Ewangelizacja nie mo\u017ce by\u0107 jedynie g\u0142oszeniem prawd; musi by\u0107 aktem mi\u0142o\u015bci, kt\u00f3ry pragnie nawr\u00f3cenia serca.<\/p>\n\n\n\n<h3 class=\"wp-block-heading\"><strong>\u015awiadectwo w Podzielonym \u015awiecie<\/strong><\/h3>\n\n\n\n<p>Dzisiejsze podzia\u0142y s\u0105 nie tylko ideologiczne, ale r\u00f3wnie\u017c g\u0142\u0119boko osobiste. Rodziny, przyjaciele i wsp\u00f3lnoty s\u0105 rozdzielone r\u00f3\u017cnicami zda\u0144 na temat polityki, religii i warto\u015bci kulturowych. W tym kontek\u015bcie katolicy maj\u0105 unikaln\u0105 szans\u0119 by\u0107 mostami pojednania.<\/p>\n\n\n\n<h4 class=\"wp-block-heading\">1. <strong>S\u0142uchanie z Pokor\u0105<\/strong><\/h4>\n\n\n\n<p>Ewangelizacja zaczyna si\u0119 od s\u0142uchania. W \u015bwiecie, w kt\u00f3rym wszyscy chc\u0105 m\u00f3wi\u0107, gotowo\u015b\u0107 do s\u0142uchania \u2013 zw\u0142aszcza tych, kt\u00f3rzy si\u0119 z nami nie zgadzaj\u0105 \u2013 mo\u017ce by\u0107 pot\u0119\u017cnym \u015bwiadectwem. S\u0142uchanie nie oznacza kompromisu z prawd\u0105, ale uznanie godno\u015bci drugiego cz\u0142owieka.<\/p>\n\n\n\n<h4 class=\"wp-block-heading\">2. <strong>G\u0142oszenie Prawdy z Mi\u0142o\u015bci\u0105<\/strong><\/h4>\n\n\n\n<p>\u201eCancel culture\u201d cz\u0119sto opiera si\u0119 na uproszczonych etykietach, kt\u00f3re dehumanizuj\u0105 innych. Katolicy s\u0105 wezwani, aby i\u015b\u0107 dalej ni\u017c te etykiety i g\u0142osi\u0107 prawd\u0119 w spos\u00f3b, kt\u00f3ry buduje. Jak powiedzia\u0142 \u015bw. Jan Pawe\u0142 II: \u201eNie l\u0119kajcie si\u0119. Otw\u00f3rzcie na o\u015bcie\u017c drzwi Chrystusowi.\u201d M\u00f3wienie o Chrystusie i Jego nauce moralnej nie jest narzucaniem, lecz oferowaniem drogi do prawdziwej wolno\u015bci.<\/p>\n\n\n\n<h4 class=\"wp-block-heading\">3. <strong>\u017bycie Mi\u0142osierdziem<\/strong><\/h4>\n\n\n\n<p>Zmierzenie si\u0119 z \u201ecancel culture\u201d nie jest wym\u00f3wk\u0105 do reagowania z uraz\u0105. Wr\u0119cz przeciwnie, chrze\u015bcijanie s\u0105 wezwani do przebaczania i modlitwy za tych, kt\u00f3rzy ich prze\u015bladuj\u0105. Wymaga to g\u0142\u0119bokiego \u017cycia duchowego i gotowo\u015bci, aby ufa\u0107, \u017ce B\u00f3g dzia\u0142a nawet w obliczu odrzucenia.<\/p>\n\n\n\n<h3 class=\"wp-block-heading\"><strong>Praktyczne Zastosowania w Codziennym \u017byciu<\/strong><\/h3>\n\n\n\n<p>Ewangelizacja w czasach \u201ecancel culture\u201d wymaga konkretnych dzia\u0142a\u0144, kt\u00f3re odzwierciedlaj\u0105 nasz\u0105 wiar\u0119:<\/p>\n\n\n\n<h4 class=\"wp-block-heading\">&#8211; <strong>Pog\u0142\u0119bianie Wiedzy o Wierze<\/strong><\/h4>\n\n\n\n<p>Katolik, kt\u00f3ry chce ewangelizowa\u0107, musi zna\u0107 swoj\u0105 wiar\u0119. Oznacza to studiowanie Pisma \u015awi\u0119tego, Katechizmu i dokument\u00f3w Ko\u015bcio\u0142a, aby m\u00f3c zda\u0107 spraw\u0119 z nadziei, kt\u00f3ra w nas jest (por. 1 P 3,15).<\/p>\n\n\n\n<h4 class=\"wp-block-heading\">&#8211; <strong>\u015awiadectwo w Mediach Spo\u0142eczno\u015bciowych<\/strong><\/h4>\n\n\n\n<p>Media spo\u0142eczno\u015bciowe s\u0105 nowoczesnym polem misyjnym. Zanim co\u015b opublikujesz, zapytaj: Czy ta wiadomo\u015b\u0107 buduje? Czy odzwierciedla mi\u0142o\u015b\u0107 Chrystusa? B\u0105d\u017a wzorem szacunkowego dialogu i unikaj dyskusji, kt\u00f3re tylko podsycaj\u0105 nienawi\u015b\u0107.<\/p>\n\n\n\n<h4 class=\"wp-block-heading\">&#8211; <strong>Tworzenie Go\u015bcinnych Wsp\u00f3lnot<\/strong><\/h4>\n\n\n\n<p>W \u015bwiecie, kt\u00f3ry wyklucza, chrze\u015bcijanie s\u0105 wezwani do w\u0142\u0105czania. Otw\u00f3rz sw\u00f3j dom, swoj\u0105 parafi\u0119 lub swoje serce dla tych, kt\u00f3rzy szukaj\u0105 pocieszenia. Ko\u015bci\u00f3\u0142 powinien by\u0107 miejscem, gdzie wszyscy, zw\u0142aszcza zranieni przez \u201ecancel culture\u201d, znajduj\u0105 nadziej\u0119.<\/p>\n\n\n\n<h4 class=\"wp-block-heading\">&#8211; <strong>Modlitwa o Jedno\u015b\u0107<\/strong><\/h4>\n\n\n\n<p>Podzia\u0142y w spo\u0142ecze\u0144stwie znajduj\u0105 odzwierciedlenie r\u00f3wnie\u017c w Ko\u015bciele. M\u00f3dl si\u0119 o jedno\u015b\u0107 w\u015br\u00f3d chrze\u015bcijan i o uzdrowienie ran spowodowanych grzechem i egoizmem.<\/p>\n\n\n\n<h3 class=\"wp-block-heading\"><strong>Zako\u0144czenie: Nadzieja, Kt\u00f3ra Nie Zawodzi<\/strong><\/h3>\n\n\n\n<p>Ewangelizacja w czasach \u201ecancel culture\u201d to wyzwanie, ale tak\u017ce okazja, aby autentycznie \u017cy\u0107 nasz\u0105 wiar\u0105. \u015awiat potrzebuje \u015bwiadectwa m\u0119\u017cczyzn i kobiet, kt\u00f3rzy, jak Chrystus, s\u0105 gotowi kocha\u0107 do ko\u0144ca, nawet gdy s\u0105 odrzucani.<\/p>\n\n\n\n<p>Jak m\u00f3wi papie\u017c Franciszek: \u201eKo\u015bci\u00f3\u0142 nie wzrasta poprzez prozelityzm, ale przez przyci\u0105ganie.\u201d To przyci\u0105ganie rodzi si\u0119 z \u017cycia przemienionego mi\u0142o\u015bci\u0105 Chrystusa. Je\u015bli b\u0119dziemy \u017cy\u0107 z rado\u015bci\u0105, mi\u0142o\u015bci\u0105 i prawd\u0105, b\u0119dziemy \u015bwiat\u0142em w podzielonym \u015bwiecie. I tak jak pierwsi chrze\u015bcijanie, b\u0119dziemy mogli z ufno\u015bci\u0105 g\u0142osi\u0107: \u201eJezus Chrystus jest Panem\u201d (Flp 2,11).<\/p>\n\n\n\n<p>To jest nasz czas, nasza misja. Czy jeste\u015b gotowy, aby podj\u0105\u0107 wyzwanie?<\/p>\n","protected":false},"excerpt":{"rendered":"<p>W czasach, gdy media spo\u0142eczno\u015bciowe kszta\u0142tuj\u0105 globalne rozmowy, a r\u00f3\u017cnice zda\u0144 szybko przeradzaj\u0105 si\u0119 w publiczne konflikty, katolicy staj\u0105 przed pilnym wyzwaniem: jak g\u0142osi\u0107 Ewangeli\u0119 w \u015bwiecie naznaczonym polaryzacj\u0105 i tzw. \u201ecancel culture\u201d? To zjawisko, charakteryzuj\u0105ce si\u0119 publicznym odrzuceniem os\u00f3b, idei lub instytucji uznanych za obra\u017aliwe, stawia przed nami g\u0142\u0119bokie pytania dotycz\u0105ce chrze\u015bcija\u0144skiej mi\u0142o\u015bci bli\u017aniego, &hellip;<\/p>\n","protected":false},"author":3,"featured_media":1673,"comment_status":"open","ping_status":"open","sticky":false,"template":"","format":"standard","meta":{"_seopress_robots_primary_cat":"","_seopress_titles_title":"","_seopress_titles_desc":"","_seopress_robots_index":"","footnotes":""},"categories":[65,41],"tags":[293],"class_list":["post-1672","post","type-post","status-publish","format-standard","has-post-thumbnail","","category-ewangelizacja-i-nowe-technologie","category-wiara-i-kultura","tag-cancel-culture"],"_links":{"self":[{"href":"https:\/\/catholicus.eu\/pl\/wp-json\/wp\/v2\/posts\/1672","targetHints":{"allow":["GET"]}}],"collection":[{"href":"https:\/\/catholicus.eu\/pl\/wp-json\/wp\/v2\/posts"}],"about":[{"href":"https:\/\/catholicus.eu\/pl\/wp-json\/wp\/v2\/types\/post"}],"author":[{"embeddable":true,"href":"https:\/\/catholicus.eu\/pl\/wp-json\/wp\/v2\/users\/3"}],"replies":[{"embeddable":true,"href":"https:\/\/catholicus.eu\/pl\/wp-json\/wp\/v2\/comments?post=1672"}],"version-history":[{"count":1,"href":"https:\/\/catholicus.eu\/pl\/wp-json\/wp\/v2\/posts\/1672\/revisions"}],"predecessor-version":[{"id":1674,"href":"https:\/\/catholicus.eu\/pl\/wp-json\/wp\/v2\/posts\/1672\/revisions\/1674"}],"wp:featuredmedia":[{"embeddable":true,"href":"https:\/\/catholicus.eu\/pl\/wp-json\/wp\/v2\/media\/1673"}],"wp:attachment":[{"href":"https:\/\/catholicus.eu\/pl\/wp-json\/wp\/v2\/media?parent=1672"}],"wp:term":[{"taxonomy":"category","embeddable":true,"href":"https:\/\/catholicus.eu\/pl\/wp-json\/wp\/v2\/categories?post=1672"},{"taxonomy":"post_tag","embeddable":true,"href":"https:\/\/catholicus.eu\/pl\/wp-json\/wp\/v2\/tags?post=1672"}],"curies":[{"name":"wp","href":"https:\/\/api.w.org\/{rel}","templated":true}]}}