{"id":1648,"date":"2024-12-09T22:37:30","date_gmt":"2024-12-09T21:37:30","guid":{"rendered":"https:\/\/catholicus.eu\/pl\/?p=1648"},"modified":"2024-12-09T22:37:31","modified_gmt":"2024-12-09T21:37:31","slug":"dlaczego-zydzi-odrzucaja-jezusa-analiza-teologiczna-historyczna-i-duchowa","status":"publish","type":"post","link":"https:\/\/catholicus.eu\/pl\/dlaczego-zydzi-odrzucaja-jezusa-analiza-teologiczna-historyczna-i-duchowa\/","title":{"rendered":"Dlaczego \u017bydzi odrzucaj\u0105 Jezusa? Analiza teologiczna, historyczna i duchowa"},"content":{"rendered":"\n<h3 class=\"wp-block-heading\">Wprowadzenie: Spotkanie wiary z pytaniami<\/h3>\n\n\n\n<p>Kwestia, dlaczego \u017bydzi jako spo\u0142eczno\u015b\u0107 religijna nie uznaj\u0105 Jezusa za Mesjasza, jest centralnym punktem w dialogu mi\u0119dzyreligijnym i teologii katolickiej. Dla chrze\u015bcijan Jezus jest wype\u0142nieniem mesja\u0144skich obietnic Starego Testamentu, wcieleniem S\u0142owa Bo\u017cego i \u017cyw\u0105 nadziej\u0105 na zbawienie. Jednak to przekonanie nie jest podzielane przez judaizm, religi\u0119 g\u0142\u0119boko zakorzenion\u0105 w oczekiwaniu na Mesjasza. Ten artyku\u0142 bada historyczne i teologiczne przyczyny tej rozbie\u017cno\u015bci, jej znaczenie dla chrze\u015bcijan oraz to, jak ta \u015bwiadomo\u015b\u0107 mo\u017ce o\u015bwieca\u0107 nasze relacje z Bogiem i bli\u017animi.<\/p>\n\n\n\n<hr class=\"wp-block-separator has-alpha-channel-opacity\"\/>\n\n\n\n<h3 class=\"wp-block-heading\">Kontekst biblijny i historyczny: Korzenie rozbie\u017cno\u015bci<\/h3>\n\n\n\n<h4 class=\"wp-block-heading\"><strong>Mesjasz w judaizmie<\/strong><\/h4>\n\n\n\n<p>W Starym Testamencie Mesjasz to obiecana posta\u0107, Namaszczony Bo\u017cy, kt\u00f3ry przyniesie zbawienie, sprawiedliwo\u015b\u0107 i pok\u00f3j Izraelowi (Iz 9,6-7; Jr 23,5-6). Oczekiwania co do tego, kim mia\u0142by by\u0107 Mesjasz i jak mia\u0142by wype\u0142ni\u0107 swoj\u0105 misj\u0119, nie by\u0142y jednak jednolite. Niekt\u00f3re teksty prorockie przedstawiaj\u0105 Mesjasza jako pot\u0119\u017cnego kr\u00f3la, kt\u00f3ry przywr\u00f3ci tron Dawida, inne opisuj\u0105 go jako cierpi\u0105cego s\u0142ug\u0119 (Iz 53).<\/p>\n\n\n\n<p>W czasach Jezusa Izrael znajdowa\u0142 si\u0119 pod okupacj\u0105 rzymsk\u0105, a wielu oczekiwa\u0142o lidera politycznego i wojskowego, kt\u00f3ry wyzwoli nar\u00f3d spod obcej opresji. Jezus natomiast g\u0142osi\u0142 Kr\u00f3lestwo Bo\u017ce, kt\u00f3re nie jest z tego \u015bwiata (J 18,36), skoncentrowane na nawr\u00f3ceniu serc i pojednaniu z Bogiem. To by\u0142o sprzeczne z popularnymi oczekiwaniami i interpretacj\u0105 Pisma \u015awi\u0119tego przez \u00f3wczesnych przyw\u00f3dc\u00f3w religijnych.<\/p>\n\n\n\n<h4 class=\"wp-block-heading\"><strong>Konflikty z faryzeuszami i kap\u0142anami<\/strong><\/h4>\n\n\n\n<p>Podczas swojej dzia\u0142alno\u015bci Jezus kwestionowa\u0142 ustalone praktyki i tradycje, wzywaj\u0105c do g\u0142\u0119bokiej odnowy duchowej. Jego nauki i dzia\u0142ania \u2013 takie jak odpuszczanie grzech\u00f3w, uzdrawianie w szabat i twierdzenie, \u017ce jest jedno z Ojcem (J 10,30) \u2013 by\u0142y postrzegane przez wielu przyw\u00f3dc\u00f3w religijnych jako blu\u017aniercze i jako zagro\u017cenie dla porz\u0105dku religijnego. Wed\u0142ug wiary chrze\u015bcija\u0144skiej ukrzy\u017cowanie Jezusa wype\u0142ni\u0142o proroctwa dotycz\u0105ce Cierpi\u0105cego S\u0142ugi. Jednak dla \u017byd\u00f3w jego epoki jego \u015bmier\u0107 jako przest\u0119pcy potwierdzi\u0142a, \u017ce nie m\u00f3g\u0142 by\u0107 Mesjaszem, poniewa\u017c nie przyni\u00f3s\u0142 oczekiwanego zwyci\u0119stwa.<\/p>\n\n\n\n<h4 class=\"wp-block-heading\"><strong>Rozw\u00f3j chrze\u015bcija\u0144stwa i roz\u0142am z judaizmem<\/strong><\/h4>\n\n\n\n<p>Po zmartwychwstaniu Jezusa pierwsi chrze\u015bcijanie (g\u0142\u00f3wnie \u017bydzi) zacz\u0119li g\u0142osi\u0107, \u017ce Jezus jest obiecanym Mesjaszem. Jednak napi\u0119cia narasta\u0142y, gdy nowa wiara zacz\u0119\u0142a oddala\u0107 si\u0119 od tradycyjnego judaizmu. Zburzenie \u015awi\u0105tyni w 70 roku po Chr. by\u0142o momentem prze\u0142omowym: judaizm rabiniczny i chrze\u015bcija\u0144stwo posz\u0142y r\u00f3\u017cnymi drogami, rozwijaj\u0105c r\u00f3\u017cne interpretacje Pisma \u015awi\u0119tego.<\/p>\n\n\n\n<hr class=\"wp-block-separator has-alpha-channel-opacity\"\/>\n\n\n\n<h3 class=\"wp-block-heading\">Znaczenie teologiczne: Chrystus jako wype\u0142nienie obietnic<\/h3>\n\n\n\n<h4 class=\"wp-block-heading\"><strong>Jezus, Mesjasz dla wszystkich narod\u00f3w<\/strong><\/h4>\n\n\n\n<p>Dla chrze\u015bcijan Jezus nie tylko wype\u0142ni\u0142 proroctwa mesja\u0144skie, ale tak\u017ce objawi\u0142 ich pe\u0142ne znaczenie. Jego misja wykracza\u0142a poza wyzwolenie polityczne, oferuj\u0105c wieczne zbawienie ca\u0142ej ludzko\u015bci. \u015awi\u0119ty Pawe\u0142 wyja\u015bnia to w swoich listach: \u201eChrystus nas wykupi\u0142 z przekle\u0144stwa Prawa, stawszy si\u0119 za nas przekle\u0144stwem\u201d (Ga 3,13), wskazuj\u0105c, \u017ce krzy\u017c by\u0142 \u015brodkiem, przez kt\u00f3ry B\u00f3g pojedna\u0142 \u015bwiat ze sob\u0105.<\/p>\n\n\n\n<h4 class=\"wp-block-heading\"><strong>Relacja mi\u0119dzy Starym a Nowym Testamentem<\/strong><\/h4>\n\n\n\n<p>Odrzucenie Jezusa przez \u017byd\u00f3w mo\u017ce wydawa\u0107 si\u0119 paradoksalne, ale ma swoje miejsce w Bo\u017cym planie zbawienia. \u015awi\u0119ty Pawe\u0142 w Li\u015bcie do Rzymian 11 opisuje to odrzucenie jako cz\u0119\u015b\u0107 tajemnicy Boga, kt\u00f3ry pozwoli\u0142, by zbawienie dotar\u0142o do pogan. Pawe\u0142 jednak r\u00f3wnie\u017c stwierdza, \u017ce \u201eB\u00f3g nie odrzuci\u0142 swojego ludu\u201d (Rz 11,1) i \u017ce w ko\u0144cu \u201eca\u0142y Izrael b\u0119dzie zbawiony\u201d (Rz 11,26), wyra\u017caj\u0105c nadziej\u0119 na przysz\u0142e pojednanie.<\/p>\n\n\n\n<hr class=\"wp-block-separator has-alpha-channel-opacity\"\/>\n\n\n\n<h3 class=\"wp-block-heading\">Zastosowania praktyczne: Lekcje dla naszej wiary<\/h3>\n\n\n\n<ol class=\"wp-block-list\">\n<li><strong>Pokora w \u015bwiadectwie<\/strong><br>Odrzucenie Jezusa przez wielu \u017byd\u00f3w sk\u0142ania nas do refleksji nad tym, jak \u015bwiadczymy o naszej wierze. Czy \u017cyjemy jak prawdziwi uczniowie Chrystusa, okazuj\u0105c mi\u0142o\u015b\u0107, sprawiedliwo\u015b\u0107 i wsp\u00f3\u0142czucie? Autentyczne \u015bwiadectwo cz\u0119sto przemawia g\u0142o\u015bniej ni\u017c jakiekolwiek argumenty teologiczne.<\/li>\n\n\n\n<li><strong>Modlitwa o jedno\u015b\u0107<\/strong><br>Jako chrze\u015bcijanie jeste\u015bmy wezwani do modlitwy o jedno\u015b\u0107 wszystkich wierz\u0105cych. Modlitwa za naszych \u201estarszych braci w wierze\u201d, jak okre\u015bla\u0142 \u017byd\u00f3w \u015bw. Jan Pawe\u0142 II, jest aktem mi\u0142o\u015bci i nadziei w Bo\u017cy plan.<\/li>\n\n\n\n<li><strong>Rozpoznawanie Chrystusa w codziennym \u017cyciu<\/strong><br>Podobnie jak wielu nie rozpozna\u0142o Jezusa jako Mesjasza w jego czasach, r\u00f3wnie\u017c my mo\u017cemy nie dostrzega\u0107 Go w naszym codziennym \u017cyciu. On jest obecny w ubogich, potrzebuj\u0105cych, w chwilach cierpienia i w Eucharystii. Czy Go rozpoznajemy?<\/li>\n<\/ol>\n\n\n\n<hr class=\"wp-block-separator has-alpha-channel-opacity\"\/>\n\n\n\n<h3 class=\"wp-block-heading\">Wsp\u00f3\u0142czesna refleksja: Wyzwania i szanse dzi\u015b<\/h3>\n\n\n\n<p>W pluralistycznym \u015bwiecie dialog mi\u0119dzyreligijny jest wa\u017cniejszy ni\u017c kiedykolwiek. Zrozumienie korzeni odrzucenia Jezusa przez \u017byd\u00f3w nie powinno prowadzi\u0107 nas do pot\u0119pienia, ale do empatii i wzajemnego szacunku. Jak stwierdza Sob\u00f3r Watyka\u0144ski II w <em>Nostra Aetate<\/em>, Ko\u015bci\u00f3\u0142 \u201epot\u0119pia wszelkie przejawy nienawi\u015bci, prze\u015bladowa\u0144 i antysemityzmu skierowane przeciwko \u017bydom w jakimkolwiek czasie i przez kogokolwiek\u201d.<\/p>\n\n\n\n<p>Ta refleksja stawia r\u00f3wnie\u017c wyzwanie, by\u015bmy \u017cyli nasz\u0105 wiar\u0105 w spos\u00f3b sp\u00f3jny i autentyczny. Czy okazujemy mi\u0142o\u015b\u0107 Chrystusa innym? Czy potrafimy rozmawia\u0107 z tymi, kt\u00f3rzy my\u015bl\u0105 inaczej, szukaj\u0105c punkt\u00f3w wsp\u00f3lnych zamiast podzia\u0142\u00f3w?<\/p>\n\n\n\n<hr class=\"wp-block-separator has-alpha-channel-opacity\"\/>\n\n\n\n<h3 class=\"wp-block-heading\">Zako\u0144czenie: Zaproszenie do pojednania i \u015bwiadectwa<\/h3>\n\n\n\n<p>Tajemnica odrzucenia Jezusa przez \u017byd\u00f3w jest zaproszeniem do pog\u0142\u0119bienia naszej wiary i uznania Bo\u017cego planu, kt\u00f3ry zawsze zmierza ku zbawieniu wszystkich. Jako chrze\u015bcijanie jeste\u015bmy wezwani do budowania most\u00f3w pojednania, do modlitwy o jedno\u015b\u0107 i do \u015bwiadczenia o mi\u0142o\u015bci Chrystusa w \u015bwiecie.<\/p>\n\n\n\n<p>Ta droga nie jest \u0142atwa, ale to droga, kt\u00f3r\u0105 sam Jezus nam ukaza\u0142: mi\u0142owanie wszystkich ludzi, nawet tych, kt\u00f3rzy nie podzielaj\u0105 naszej wiary, i ufanie, \u017ce B\u00f3g wype\u0142ni swoje obietnice w swoim doskona\u0142ym czasie. \u017byjmy nasz\u0105 wiar\u0105 z pokor\u0105, wdzi\u0119czno\u015bci\u0105 i nadziej\u0105, wiedz\u0105c, \u017ce jeste\u015bmy cz\u0119\u015bci\u0105 historii odkupienia obejmuj\u0105cej ca\u0142\u0105 ludzko\u015b\u0107.<\/p>\n","protected":false},"excerpt":{"rendered":"<p>Wprowadzenie: Spotkanie wiary z pytaniami Kwestia, dlaczego \u017bydzi jako spo\u0142eczno\u015b\u0107 religijna nie uznaj\u0105 Jezusa za Mesjasza, jest centralnym punktem w dialogu mi\u0119dzyreligijnym i teologii katolickiej. Dla chrze\u015bcijan Jezus jest wype\u0142nieniem mesja\u0144skich obietnic Starego Testamentu, wcieleniem S\u0142owa Bo\u017cego i \u017cyw\u0105 nadziej\u0105 na zbawienie. Jednak to przekonanie nie jest podzielane przez judaizm, religi\u0119 g\u0142\u0119boko zakorzenion\u0105 w oczekiwaniu &hellip;<\/p>\n","protected":false},"author":3,"featured_media":1649,"comment_status":"open","ping_status":"open","sticky":false,"template":"","format":"standard","meta":{"_seopress_robots_primary_cat":"","_seopress_titles_title":"","_seopress_titles_desc":"","_seopress_robots_index":"","footnotes":""},"categories":[38,48],"tags":[209],"class_list":["post-1648","post","type-post","status-publish","format-standard","has-post-thumbnail","","category-historia-i-tradycja","category-historia-kosciola","tag-jezusa"],"_links":{"self":[{"href":"https:\/\/catholicus.eu\/pl\/wp-json\/wp\/v2\/posts\/1648","targetHints":{"allow":["GET"]}}],"collection":[{"href":"https:\/\/catholicus.eu\/pl\/wp-json\/wp\/v2\/posts"}],"about":[{"href":"https:\/\/catholicus.eu\/pl\/wp-json\/wp\/v2\/types\/post"}],"author":[{"embeddable":true,"href":"https:\/\/catholicus.eu\/pl\/wp-json\/wp\/v2\/users\/3"}],"replies":[{"embeddable":true,"href":"https:\/\/catholicus.eu\/pl\/wp-json\/wp\/v2\/comments?post=1648"}],"version-history":[{"count":1,"href":"https:\/\/catholicus.eu\/pl\/wp-json\/wp\/v2\/posts\/1648\/revisions"}],"predecessor-version":[{"id":1650,"href":"https:\/\/catholicus.eu\/pl\/wp-json\/wp\/v2\/posts\/1648\/revisions\/1650"}],"wp:featuredmedia":[{"embeddable":true,"href":"https:\/\/catholicus.eu\/pl\/wp-json\/wp\/v2\/media\/1649"}],"wp:attachment":[{"href":"https:\/\/catholicus.eu\/pl\/wp-json\/wp\/v2\/media?parent=1648"}],"wp:term":[{"taxonomy":"category","embeddable":true,"href":"https:\/\/catholicus.eu\/pl\/wp-json\/wp\/v2\/categories?post=1648"},{"taxonomy":"post_tag","embeddable":true,"href":"https:\/\/catholicus.eu\/pl\/wp-json\/wp\/v2\/tags?post=1648"}],"curies":[{"name":"wp","href":"https:\/\/api.w.org\/{rel}","templated":true}]}}