{"id":1603,"date":"2024-12-06T16:01:13","date_gmt":"2024-12-06T15:01:13","guid":{"rendered":"https:\/\/catholicus.eu\/pl\/?p=1603"},"modified":"2024-12-06T16:01:14","modified_gmt":"2024-12-06T15:01:14","slug":"symbolika-kadzidla-w-liturgii-wiecej-niz-dym-i-zapach","status":"publish","type":"post","link":"https:\/\/catholicus.eu\/pl\/symbolika-kadzidla-w-liturgii-wiecej-niz-dym-i-zapach\/","title":{"rendered":"Symbolika kadzid\u0142a w liturgii: wi\u0119cej ni\u017c dym i zapach"},"content":{"rendered":"\n<p>Od zarania dziej\u00f3w kadzid\u0142o by\u0142o czym\u015b wi\u0119cej ni\u017c tylko substancj\u0105 aromatyczn\u0105 palon\u0105 dla nadania zapachu powietrzu. W liturgii katolickiej kadzid\u0142o ma g\u0142\u0119bokie znaczenie symboliczne i duchowe, \u0142\u0105cz\u0105ce histori\u0119, teologi\u0119 oraz nasz\u0105 osobist\u0105 drog\u0119 wiary. Ten artyku\u0142 zg\u0142\u0119bia t\u0119 bogat\u0105 symbolik\u0119, od staro\u017cytnych pocz\u0105tk\u00f3w a\u017c po jej wsp\u00f3\u0142czesne znaczenie w naszej relacji z Bogiem.<\/p>\n\n\n\n<hr class=\"wp-block-separator has-alpha-channel-opacity\"\/>\n\n\n\n<h2 class=\"wp-block-heading\"><strong>Podr\u00f3\u017c w przesz\u0142o\u015b\u0107: Kadzid\u0142o w historii \u015bwi\u0119tej<\/strong><\/h2>\n\n\n\n<h3 class=\"wp-block-heading\"><strong>Dar godny kr\u00f3l\u00f3w<\/strong><\/h3>\n\n\n\n<p>Historia kadzid\u0142a si\u0119ga najstarszych cywilizacji. By\u0142o ono cennym darem w kulturach takich jak egipska, babilo\u0144ska czy perska. Biblia wspomina o kadzidle wielokrotnie, pocz\u0105wszy od m\u0119drc\u00f3w, kt\u00f3rzy przynie\u015bli z\u0142oto, kadzid\u0142o i mirr\u0119 Dzieci\u0105tku Jezus (Mt 2,11). Ka\u017cdy z tych dar\u00f3w mia\u0142 g\u0142\u0119bokie znaczenie symboliczne: kadzid\u0142o by\u0142o ho\u0142dem sk\u0142adanym bosko\u015bci Chrystusa.<\/p>\n\n\n\n<h3 class=\"wp-block-heading\"><strong>Akt adoracji w Starym Testamencie<\/strong><\/h3>\n\n\n\n<p>Liturgiczne u\u017cycie kadzid\u0142a pojawia si\u0119 w <em>Ksi\u0119dze Wyj\u015bcia<\/em>, kiedy B\u00f3g daje Moj\u017ceszowi wskaz\u00f3wki dotycz\u0105ce budowy Przybytku, miejsca spotkania Boga z Jego ludem. O\u0142tarz kadzielny, wykonany z drewna akacjowego i pokryty z\u0142otem, znajdowa\u0142 si\u0119 przed zas\u0142on\u0105 oddzielaj\u0105c\u0105 Miejsce \u015awi\u0119te od Miejsca Naj\u015bwi\u0119tszego (Wj 30,1-10). Na tym o\u0142tarzu codziennie rano i wieczorem spalano kadzid\u0142o jako symbol modlitw wznosz\u0105cych si\u0119 do Boga.<\/p>\n\n\n\n<p>Psalmy r\u00f3wnie\u017c oddaj\u0105 t\u0119 poetyck\u0105 wizj\u0119. W Psalmie 141 psalmista wo\u0142a: \u201eNiech moja modlitwa b\u0119dzie przed Tob\u0105 jak kadzid\u0142o\u201d (Ps 141,2). Ten fragment ukazuje zwi\u0105zek mi\u0119dzy unosz\u0105cym si\u0119 dymem kadzid\u0142a a naszymi modlitwami wznosz\u0105cymi si\u0119 ku niebu.<\/p>\n\n\n\n<hr class=\"wp-block-separator has-alpha-channel-opacity\"\/>\n\n\n\n<h2 class=\"wp-block-heading\"><strong>Kadzid\u0142o w liturgii chrze\u015bcija\u0144skiej: Most mi\u0119dzy ziemi\u0105 a niebem<\/strong><\/h2>\n\n\n\n<h3 class=\"wp-block-heading\"><strong>J\u0119zyk symboli<\/strong><\/h3>\n\n\n\n<p>Liturgia katolicka jest bogata w symbole, a kadzid\u0142o jest jednym z najpot\u0119\u017cniejszych. Gdy kap\u0142an okadza o\u0142tarz, Ewangeliarz, krzy\u017c czy wiernych, nie chodzi tylko o stworzenie uroczystej atmosfery. Ka\u017cdy gest ma g\u0142\u0119bsze znaczenie:<\/p>\n\n\n\n<ol class=\"wp-block-list\">\n<li><strong>Oczyszczenie<\/strong>: Dym kadzid\u0142a symbolizuje oczyszczenie os\u00f3b i przedmiot\u00f3w, przygotowuj\u0105c je na spotkanie z sacrum.<\/li>\n\n\n\n<li><strong>Obecno\u015b\u0107 Boga<\/strong>: Tak jak dym wype\u0142nia przestrze\u0144, kadzid\u0142o przypomina nam, \u017ce B\u00f3g jest po\u015br\u00f3d nas.<\/li>\n\n\n\n<li><strong>Modlitwa<\/strong>: Kadzid\u0142o symbolizuje nasze modlitwy wznosz\u0105ce si\u0119 ku niebu, nios\u0105ce chwa\u0142\u0119 i pro\u015bby do Stw\u00f3rcy.<\/li>\n<\/ol>\n\n\n\n<h3 class=\"wp-block-heading\"><strong>Liturgia jako przedsmak nieba<\/strong><\/h3>\n\n\n\n<p><em>Apokalipsa \u015bw. Jana<\/em>, ukazuj\u0105ca wizj\u0119 nieba, wspomina kadzid\u0142o jako istotny element niebia\u0144skiej adoracji. Anio\u0142owie sk\u0142adaj\u0105 kadzid\u0142o razem z modlitwami \u015bwi\u0119tych (Ap 8,3-4). Za ka\u017cdym razem, gdy uczestniczymy w ziemskiej liturgii, zw\u0142aszcza we Mszy \u015awi\u0119tej, bierzemy udzia\u0142 w tej niebia\u0144skiej adoracji.<\/p>\n\n\n\n<hr class=\"wp-block-separator has-alpha-channel-opacity\"\/>\n\n\n\n<h2 class=\"wp-block-heading\"><strong>Teologia kadzid\u0142a: Czego nas uczy o naszej relacji z Bogiem<\/strong><\/h2>\n\n\n\n<h3 class=\"wp-block-heading\"><strong>Transcendencja Boga<\/strong><\/h3>\n\n\n\n<p>Kadzid\u0142o przypomina nam, \u017ce B\u00f3g jest transcendentny, przekraczaj\u0105cy nasze zrozumienie, a jednocze\u015bnie bliski nam. Obserwuj\u0105c unosz\u0105cy si\u0119 dym, jeste\u015bmy zaproszeni, by wznie\u015b\u0107 wzrok i serce ku g\u00f3rze, porzucaj\u0105c ziemskie rozproszenia.<\/p>\n\n\n\n<h3 class=\"wp-block-heading\"><strong>Ofiara z samego siebie<\/strong><\/h3>\n\n\n\n<p>Kadzid\u0142o spalane na ogniu symbolizuje nasze w\u0142asne \u017cycie ofiarowane Bogu. Tak jak kadzid\u0142o jest poch\u0142aniane przez p\u0142omie\u0144, tak i my jeste\u015bmy wezwani, by odda\u0107 wszystko Panu, \u0142\u0105cznie z naszymi trudno\u015bciami i cierpieniami. \u015awi\u0119ty Pawe\u0142 zach\u0119ca nas, by\u015bmy \u017cyli jako \u201eofiara \u017cywa, \u015bwi\u0119ta, Bogu przyjemna\u201d (Rz 12,1).<\/p>\n\n\n\n<h3 class=\"wp-block-heading\"><strong>Wsp\u00f3lnota i jedno\u015b\u0107<\/strong><\/h3>\n\n\n\n<p>Kiedy dym kadzid\u0142a wype\u0142nia przestrze\u0144, jednoczy wszystkich obecnych w atmosferze adoracji. W \u015bwiecie, w kt\u00f3rym indywidualizm cz\u0119sto nas izoluje, kadzid\u0142o przypomina nam, \u017ce jeste\u015bmy cz\u0119\u015bci\u0105 czego\u015b wi\u0119kszego: Ko\u015bcio\u0142a, Cia\u0142a Chrystusa.<\/p>\n\n\n\n<hr class=\"wp-block-separator has-alpha-channel-opacity\"\/>\n\n\n\n<h2 class=\"wp-block-heading\"><strong>Kadzid\u0142o w codziennym \u017cyciu: Wi\u0119cej ni\u017c symbol liturgiczny<\/strong><\/h2>\n\n\n\n<h3 class=\"wp-block-heading\"><strong>Modlitwa osobista<\/strong><\/h3>\n\n\n\n<p>W\u0142\u0105czenie kadzid\u0142a do modlitwy osobistej mo\u017ce g\u0142\u0119boko wzbogaci\u0107 nasze \u017cycie duchowe. Palenie kadzid\u0142a podczas modlitwy pomaga stworzy\u0107 przestrze\u0144 \u015bwi\u0119t\u0105 w domu, miejsce, gdzie mo\u017cemy ca\u0142kowicie skupi\u0107 si\u0119 na Bogu.<\/p>\n\n\n\n<h3 class=\"wp-block-heading\"><strong>Przypomnienie o sacrum<\/strong><\/h3>\n\n\n\n<p>W zsekularyzowanym \u015bwiecie potrzebujemy ci\u0105g\u0142ych przypomnie\u0144 o obecno\u015bci Boga. Ma\u0142e kadzielnice w domu lub miejscu pracy mog\u0105 by\u0107 wizualnym i zapachowym znakiem naszej wi\u0119zi z Bogiem.<\/p>\n\n\n\n<h3 class=\"wp-block-heading\"><strong>Zaproszenie do ciszy<\/strong><\/h3>\n\n\n\n<p>Kadzid\u0142o ma zdolno\u015b\u0107 otaczania nas atmosfer\u0105 ciszy i kontemplacji. Jego delikatny zapach i hipnotyczny ruch dymu zach\u0119caj\u0105 nas do zatrzymania si\u0119 i ws\u0142uchania w g\u0142os Boga po\u015br\u00f3d ha\u0142asu codziennego \u017cycia.<\/p>\n\n\n\n<hr class=\"wp-block-separator has-alpha-channel-opacity\"\/>\n\n\n\n<h2 class=\"wp-block-heading\"><strong>My\u015bli ko\u0144cowe: \u017bycie jako mi\u0142a wonno\u015b\u0107 dla Boga<\/strong><\/h2>\n\n\n\n<p>Kadzid\u0142o w liturgii to znacznie wi\u0119cej ni\u017c ozdoba czy tradycja. Jest namacalnym i zmys\u0142owym przypomnieniem g\u0142\u0119bokich rzeczywisto\u015bci duchowych. Zaprasza nas do modlitwy, adoracji i ca\u0142kowitego ofiarowania naszego \u017cycia Panu. Przede wszystkim przypomina nam, \u017ce nasze \u017cycie, jak kadzid\u0142o, ma by\u0107 mi\u0142\u0105 wonno\u015bci\u0105 dla Boga (2 Kor 2,15).<\/p>\n\n\n\n<p>W \u015bwiecie, kt\u00f3ry nieustannie poszukuje tego, co ulotne i powierzchowne, kadzid\u0142o wzywa nas do tego, co wieczne i transcendentne. Przypomina nam, \u017ce nasze modlitwy, cho\u0107by ma\u0142e czy niepozorne, s\u0105 wys\u0142uchiwane przez Boga, kt\u00f3ry nas kocha i na nas czeka. Nast\u0119pnym razem, gdy zobaczysz unosz\u0105ce si\u0119 kadzid\u0142o podczas Mszy \u015awi\u0119tej, pozw\u00f3l, aby tak\u017ce twoje serce wznios\u0142o si\u0119 do Boga, nios\u0105c chwa\u0142\u0119, zmagania i nadzieje.<\/p>\n\n\n\n<hr class=\"wp-block-separator has-alpha-channel-opacity\"\/>\n\n\n\n<p><strong>Niech nasze \u017cycie b\u0119dzie jak kadzid\u0142o \u2014 czysta i \u015bwi\u0119ta ofiara, kt\u00f3ra wznosi si\u0119 do nieba jako wieczna pie\u015b\u0144 mi\u0142o\u015bci.<\/strong><\/p>\n","protected":false},"excerpt":{"rendered":"<p>Od zarania dziej\u00f3w kadzid\u0142o by\u0142o czym\u015b wi\u0119cej ni\u017c tylko substancj\u0105 aromatyczn\u0105 palon\u0105 dla nadania zapachu powietrzu. W liturgii katolickiej kadzid\u0142o ma g\u0142\u0119bokie znaczenie symboliczne i duchowe, \u0142\u0105cz\u0105ce histori\u0119, teologi\u0119 oraz nasz\u0105 osobist\u0105 drog\u0119 wiary. Ten artyku\u0142 zg\u0142\u0119bia t\u0119 bogat\u0105 symbolik\u0119, od staro\u017cytnych pocz\u0105tk\u00f3w a\u017c po jej wsp\u00f3\u0142czesne znaczenie w naszej relacji z Bogiem. Podr\u00f3\u017c w &hellip;<\/p>\n","protected":false},"author":3,"featured_media":1604,"comment_status":"open","ping_status":"open","sticky":false,"template":"","format":"standard","meta":{"_seopress_robots_primary_cat":"","_seopress_titles_title":"","_seopress_titles_desc":"","_seopress_robots_index":"","footnotes":""},"categories":[38,52],"tags":[263,264],"class_list":["post-1603","post","type-post","status-publish","format-standard","has-post-thumbnail","","category-historia-i-tradycja","category-liturgia-i-rok-liturgiczny","tag-kadzidla","tag-liturgii"],"_links":{"self":[{"href":"https:\/\/catholicus.eu\/pl\/wp-json\/wp\/v2\/posts\/1603","targetHints":{"allow":["GET"]}}],"collection":[{"href":"https:\/\/catholicus.eu\/pl\/wp-json\/wp\/v2\/posts"}],"about":[{"href":"https:\/\/catholicus.eu\/pl\/wp-json\/wp\/v2\/types\/post"}],"author":[{"embeddable":true,"href":"https:\/\/catholicus.eu\/pl\/wp-json\/wp\/v2\/users\/3"}],"replies":[{"embeddable":true,"href":"https:\/\/catholicus.eu\/pl\/wp-json\/wp\/v2\/comments?post=1603"}],"version-history":[{"count":1,"href":"https:\/\/catholicus.eu\/pl\/wp-json\/wp\/v2\/posts\/1603\/revisions"}],"predecessor-version":[{"id":1605,"href":"https:\/\/catholicus.eu\/pl\/wp-json\/wp\/v2\/posts\/1603\/revisions\/1605"}],"wp:featuredmedia":[{"embeddable":true,"href":"https:\/\/catholicus.eu\/pl\/wp-json\/wp\/v2\/media\/1604"}],"wp:attachment":[{"href":"https:\/\/catholicus.eu\/pl\/wp-json\/wp\/v2\/media?parent=1603"}],"wp:term":[{"taxonomy":"category","embeddable":true,"href":"https:\/\/catholicus.eu\/pl\/wp-json\/wp\/v2\/categories?post=1603"},{"taxonomy":"post_tag","embeddable":true,"href":"https:\/\/catholicus.eu\/pl\/wp-json\/wp\/v2\/tags?post=1603"}],"curies":[{"name":"wp","href":"https:\/\/api.w.org\/{rel}","templated":true}]}}