{"id":1594,"date":"2024-12-04T22:19:57","date_gmt":"2024-12-04T21:19:57","guid":{"rendered":"https:\/\/catholicus.eu\/pl\/?p=1594"},"modified":"2024-12-04T22:19:57","modified_gmt":"2024-12-04T21:19:57","slug":"pisma-swietego-tomasza-z-akwinu-o-mahomecie-i-islamie-studium-historyczne","status":"publish","type":"post","link":"https:\/\/catholicus.eu\/pl\/pisma-swietego-tomasza-z-akwinu-o-mahomecie-i-islamie-studium-historyczne\/","title":{"rendered":"Pisma \u015awi\u0119tego Tomasza z Akwinu o Mahomecie i islamie: Studium historyczne"},"content":{"rendered":"\n<p>\u015awi\u0119ty Tomasz z Akwinu, znany jako \u201eDoktor Anielski\u201d, jest jedn\u0105 z najbardziej wp\u0142ywowych postaci w historii teologii katolickiej. Jego ogromny dorobek intelektualny obejmuje zar\u00f3wno podstawowe kwestie filozoficzne, jak i z\u0142o\u017cone debaty teologiczne. W\u015br\u00f3d jego mniej znanych, lecz historycznie istotnych dzie\u0142 znajduj\u0105 si\u0119 rozwa\u017cania na temat Mahometa i islamu. Niniejszy artyku\u0142 bada kontekst historyczny, tre\u015b\u0107 i aktualno\u015b\u0107 tych pism, oferuj\u0105c g\u0142\u0119bok\u0105, ale przyst\u0119pn\u0105 analiz\u0119, kt\u00f3ra ma na celu o\u015bwiecenie i duchowe prowadzenie czytelnik\u00f3w.<\/p>\n\n\n\n<hr class=\"wp-block-separator has-alpha-channel-opacity\"\/>\n\n\n\n<h3 class=\"wp-block-heading\"><strong>Historyczny kontekst \u015awi\u0119tego Tomasza i islamu<\/strong><\/h3>\n\n\n\n<p>\u015awi\u0119ty Tomasz \u017cy\u0142 w XIII wieku, w czasie intensywnych kontakt\u00f3w mi\u0119dzy \u015bwiatem chrze\u015bcija\u0144skim a muzu\u0142ma\u0144skim. Wyprawy krzy\u017cowe, wymiana kulturowa i konflikty terytorialne stworzy\u0142y przestrze\u0144, w kt\u00f3rej chrze\u015bcija\u0144stwo i islam spotyka\u0142y si\u0119 nie tylko militarnie, ale tak\u017ce intelektualnie.<br>W tym kontek\u015bcie Tomasz mia\u0142 dost\u0119p do \u0142aci\u0144skich t\u0142umacze\u0144 filozoficznych i teologicznych dzie\u0142 islamskich, zw\u0142aszcza autor\u00f3w takich jak Awicenna i Awerroes. Te wp\u0142ywy, w po\u0142\u0105czeniu z ekspansj\u0105 islamu na terytoria wcze\u015bniej chrze\u015bcija\u0144skie, sk\u0142oni\u0142y Doktora Anielskiego do refleksji nad postaci\u0105 Mahometa i doktrynami islamu.<\/p>\n\n\n\n<hr class=\"wp-block-separator has-alpha-channel-opacity\"\/>\n\n\n\n<h3 class=\"wp-block-heading\"><strong>Krytyka Mahometa i islamu przez \u015awi\u0119tego Tomasza<\/strong><\/h3>\n\n\n\n<p>W swoich pismach, zw\u0142aszcza w <em>Summa Contra Gentiles<\/em>, \u015awi\u0119ty Tomasz podejmuje temat islamu z perspektywy apologetycznej, broni\u0105c wiary chrze\u015bcija\u0144skiej wobec innych religii. Jego g\u0142\u00f3wne krytyczne uwagi koncentruj\u0105 si\u0119 na trzech kluczowych aspektach:<\/p>\n\n\n\n<h4 class=\"wp-block-heading\"><strong>1. Autorytet Mahometa jako proroka<\/strong><\/h4>\n\n\n\n<p>Tomasz kwestionuje autentyczno\u015b\u0107 Mahometa jako prawdziwego proroka, argumentuj\u0105c, \u017ce jego przes\u0142anie nie opiera si\u0119 na oczywistych znakach Bo\u017cych, takich jak cuda, lecz na sile militarnej i ekspansji terytorialnej. Wed\u0142ug Tomasza prawdziwy prorok musi potwierdzi\u0107 swoje przes\u0142anie nadprzyrodzonymi czynami, kt\u00f3re jednoznacznie wskazuj\u0105 na ich boskie pochodzenie.<\/p>\n\n\n\n<h4 class=\"wp-block-heading\"><strong>2. Charakter objawienia koranicznego<\/strong><\/h4>\n\n\n\n<p>Doktor Anielski zauwa\u017ca, \u017ce Koran \u0142\u0105czy elementy wcze\u015bniejszych religii, takich jak judaizm i chrze\u015bcija\u0144stwo, i argumentuje, \u017ce ta synteza brakuje teologicznej sp\u00f3jno\u015bci. W jego opinii objawienie powinno by\u0107 konsekwentne i odzwierciedla\u0107 bosk\u0105 doskona\u0142o\u015b\u0107, czego nie dostrzega w islamie.<\/p>\n\n\n\n<h4 class=\"wp-block-heading\"><strong>3. Normy etyczne i prawne islamu<\/strong><\/h4>\n\n\n\n<p>Tomasz krytykuje tak\u017ce niekt\u00f3re zasady etyczne i prawne islamu, kt\u00f3re w jego czasach postrzegano jako zbyt pob\u0142a\u017cliwe w kwestiach moralno\u015bci seksualnej i stosowania przemocy. Por\u00f3wnuje te nauki z chrze\u015bcija\u0144stwem, kt\u00f3re, jego zdaniem, podnosi godno\u015b\u0107 cz\u0142owieka i d\u0105\u017cy do duchowej doskona\u0142o\u015bci.<\/p>\n\n\n\n<hr class=\"wp-block-separator has-alpha-channel-opacity\"\/>\n\n\n\n<h3 class=\"wp-block-heading\"><strong>Teologiczne znaczenie jego pism<\/strong><\/h3>\n\n\n\n<p>Chocia\u017c krytyka \u015awi\u0119tego Tomasza odzwierciedla jego historyczny kontekst, zawiera r\u00f3wnie\u017c elementy o trwa\u0142ej warto\u015bci dla wsp\u00f3\u0142czesnego dialogu mi\u0119dzyreligijnego i apologetyki.<\/p>\n\n\n\n<h4 class=\"wp-block-heading\"><strong>1. Poszukiwanie prawdy<\/strong><\/h4>\n\n\n\n<p>Tomasz podkre\u015bla, \u017ce prawda nie boi si\u0119 dialogu i \u017ce badanie twierdze\u0144 innych religii z intelektualn\u0105 rzetelno\u015bci\u0105 jest kluczowe. Jest to szczeg\u00f3lnie istotne dzi\u015b, w \u015bwiecie charakteryzuj\u0105cym si\u0119 religijnym pluralizmem.<\/p>\n\n\n\n<h4 class=\"wp-block-heading\"><strong>2. Rola rozumu i wiary<\/strong><\/h4>\n\n\n\n<p>Jednym z wielkich osi\u0105gni\u0119\u0107 Tomasza jest jego przekonanie, \u017ce rozum mo\u017ce i powinien s\u0142u\u017cy\u0107 wierze. Jego analizy islamu pokazuj\u0105, jak u\u017cywa\u0142 racjonalnych argument\u00f3w do obrony wiary chrze\u015bcija\u0144skiej, nie opieraj\u0105c si\u0119 wy\u0142\u0105cznie na objawieniu.<\/p>\n\n\n\n<h4 class=\"wp-block-heading\"><strong>3. Jedno\u015b\u0107 ludzko\u015bci pod Bogiem<\/strong><\/h4>\n\n\n\n<p>Mimo krytyki islamu Tomasz nie wyklucza idei, \u017ce muzu\u0142manie, jak wszyscy ludzie, poszukuj\u0105 Boga. Jego teologia sugeruje, \u017ce ka\u017cde szczere poszukiwanie prawdy mo\u017ce ostatecznie prowadzi\u0107 do Chrystusa.<\/p>\n\n\n\n<hr class=\"wp-block-separator has-alpha-channel-opacity\"\/>\n\n\n\n<h3 class=\"wp-block-heading\"><strong>Znaczenie i symbole w historii Mahometa wed\u0142ug Tomasza<\/strong><\/h3>\n\n\n\n<p>Tomasz interpretuje elementy \u017cycia Mahometa i islamu jako symbole teologiczne, kt\u00f3re w jego opinii podkre\u015blaj\u0105 konieczno\u015b\u0107 prawdziwego objawienia w Chrystusie:<\/p>\n\n\n\n<ul class=\"wp-block-list\">\n<li><strong>Ekspansja militarna islamu<\/strong> symbolizuje, wed\u0142ug Tomasza, pokus\u0119 d\u0105\u017cenia do ziemskiej w\u0142adzy zamiast do wiecznego zbawienia.<\/li>\n\n\n\n<li><strong>Hybrida natura Koranu<\/strong>, czerpi\u0105ca z innych religii, jest postrzegana jako symbol ludzkiego poszukiwania bosko\u015bci, ale bez pe\u0142ni objawienia w Chrystusie.<\/li>\n\n\n\n<li><strong>Centralno\u015b\u0107 prawa islamskiego<\/strong> odzwierciedla, w opinii Tomasza, sk\u0142onno\u015b\u0107 do ludzkich i praktycznych trosk, w przeciwie\u0144stwie do duchowej pe\u0142ni oferowanej przez \u0142ask\u0119 chrze\u015bcija\u0144sk\u0105.<\/li>\n<\/ul>\n\n\n\n<hr class=\"wp-block-separator has-alpha-channel-opacity\"\/>\n\n\n\n<h3 class=\"wp-block-heading\"><strong>Praktyczne zastosowanie dzi\u015b<\/strong><\/h3>\n\n\n\n<p>Studium pism \u015awi\u0119tego Tomasza o islamie mo\u017ce inspirowa\u0107 nas na r\u00f3\u017cne sposoby we wsp\u00f3\u0142czesnym kontek\u015bcie:<\/p>\n\n\n\n<h4 class=\"wp-block-heading\"><strong>1. Zaproszenie do pe\u0142nego szacunku dialogu<\/strong><\/h4>\n\n\n\n<p>Cho\u0107 krytyczny, Tomasz dog\u0142\u0119bnie bada\u0142 islam, przypominaj\u0105c nam o znaczeniu poznawania i rozumienia innych religii przed wydawaniem s\u0105d\u00f3w.<\/p>\n\n\n\n<h4 class=\"wp-block-heading\"><strong>2. Obrona wiary we wsp\u00f3\u0142czesnym \u015bwiecie<\/strong><\/h4>\n\n\n\n<p>W pluralistycznym spo\u0142ecze\u0144stwie chrze\u015bcijanie s\u0105 wezwani do dawania \u015bwiadectwa swojej wierze z mi\u0142o\u015bci\u0105 i jasno\u015bci\u0105, na wz\u00f3r intelektualny \u015awi\u0119tego Tomasza.<\/p>\n\n\n\n<h4 class=\"wp-block-heading\"><strong>3. Poszukiwanie prawdy jako droga do Boga<\/strong><\/h4>\n\n\n\n<p>Zaanga\u017cowanie Tomasza w poszukiwanie prawdy inspiruje nas, by nie obawia\u0107 si\u0119 trudnych pyta\u0144 ani dialogu mi\u0119dzyreligijnego, ufaj\u0105c, \u017ce ka\u017cda prawda pochodzi od Boga.<\/p>\n\n\n\n<hr class=\"wp-block-separator has-alpha-channel-opacity\"\/>\n\n\n\n<h3 class=\"wp-block-heading\"><strong>Wniosek<\/strong><\/h3>\n\n\n\n<p>Pisma \u015awi\u0119tego Tomasza z Akwinu o Mahomecie i islamie, cho\u0107 osadzone w specyficznym kontek\u015bcie historycznym, pozostaj\u0105 cennym \u017ar\u00f3d\u0142em refleksji nad relacjami mi\u0119dzy chrze\u015bcija\u0144stwem a islamem. Zach\u0119caj\u0105 nas do obrony naszej wiary z rozumem i mi\u0142o\u015bci\u0105, do pokornego poszukiwania prawdy i dostrzegania w ka\u017cdym cz\u0142owieku, niezale\u017cnie od jego religii, dziecka Bo\u017cego.<\/p>\n\n\n\n<p>W czasach napi\u0119\u0107 religijnych i kulturowych nauki \u015awi\u0119tego Tomasza mog\u0105 s\u0142u\u017cy\u0107 jako duchowy przewodnik, przypominaj\u0105c nam, \u017ce nasz\u0105 ostateczn\u0105 misj\u0105 jako chrze\u015bcijan jest by\u0107 \u015bwiat\u0142em \u015bwiata i sol\u0105 ziemi.<\/p>\n","protected":false},"excerpt":{"rendered":"<p>\u015awi\u0119ty Tomasz z Akwinu, znany jako \u201eDoktor Anielski\u201d, jest jedn\u0105 z najbardziej wp\u0142ywowych postaci w historii teologii katolickiej. Jego ogromny dorobek intelektualny obejmuje zar\u00f3wno podstawowe kwestie filozoficzne, jak i z\u0142o\u017cone debaty teologiczne. W\u015br\u00f3d jego mniej znanych, lecz historycznie istotnych dzie\u0142 znajduj\u0105 si\u0119 rozwa\u017cania na temat Mahometa i islamu. Niniejszy artyku\u0142 bada kontekst historyczny, tre\u015b\u0107 i &hellip;<\/p>\n","protected":false},"author":3,"featured_media":1595,"comment_status":"open","ping_status":"open","sticky":false,"template":"","format":"standard","meta":{"_seopress_robots_primary_cat":"","_seopress_titles_title":"","_seopress_titles_desc":"","_seopress_robots_index":"","footnotes":""},"categories":[38,49],"tags":[259,260],"class_list":["post-1594","post","type-post","status-publish","format-standard","has-post-thumbnail","","category-historia-i-tradycja","category-ojcowie-kosciola-i-doktorzy-kosciola","tag-islamie","tag-tomasza-z-akwinu"],"_links":{"self":[{"href":"https:\/\/catholicus.eu\/pl\/wp-json\/wp\/v2\/posts\/1594","targetHints":{"allow":["GET"]}}],"collection":[{"href":"https:\/\/catholicus.eu\/pl\/wp-json\/wp\/v2\/posts"}],"about":[{"href":"https:\/\/catholicus.eu\/pl\/wp-json\/wp\/v2\/types\/post"}],"author":[{"embeddable":true,"href":"https:\/\/catholicus.eu\/pl\/wp-json\/wp\/v2\/users\/3"}],"replies":[{"embeddable":true,"href":"https:\/\/catholicus.eu\/pl\/wp-json\/wp\/v2\/comments?post=1594"}],"version-history":[{"count":1,"href":"https:\/\/catholicus.eu\/pl\/wp-json\/wp\/v2\/posts\/1594\/revisions"}],"predecessor-version":[{"id":1596,"href":"https:\/\/catholicus.eu\/pl\/wp-json\/wp\/v2\/posts\/1594\/revisions\/1596"}],"wp:featuredmedia":[{"embeddable":true,"href":"https:\/\/catholicus.eu\/pl\/wp-json\/wp\/v2\/media\/1595"}],"wp:attachment":[{"href":"https:\/\/catholicus.eu\/pl\/wp-json\/wp\/v2\/media?parent=1594"}],"wp:term":[{"taxonomy":"category","embeddable":true,"href":"https:\/\/catholicus.eu\/pl\/wp-json\/wp\/v2\/categories?post=1594"},{"taxonomy":"post_tag","embeddable":true,"href":"https:\/\/catholicus.eu\/pl\/wp-json\/wp\/v2\/tags?post=1594"}],"curies":[{"name":"wp","href":"https:\/\/api.w.org\/{rel}","templated":true}]}}