{"id":1573,"date":"2024-12-03T00:11:01","date_gmt":"2024-12-02T23:11:01","guid":{"rendered":"https:\/\/catholicus.eu\/pl\/?p=1573"},"modified":"2024-12-03T00:11:01","modified_gmt":"2024-12-02T23:11:01","slug":"obmycie-stop-pokora-sluzba-i-milosc-w-dzialaniu","status":"publish","type":"post","link":"https:\/\/catholicus.eu\/pl\/obmycie-stop-pokora-sluzba-i-milosc-w-dzialaniu\/","title":{"rendered":"Obmycie st\u00f3p: Pokora, S\u0142u\u017cba i Mi\u0142o\u015b\u0107 w Dzia\u0142aniu"},"content":{"rendered":"\n<p>Obmycie st\u00f3p, opisane w Ewangelii wed\u0142ug \u015bw. Jana (J 13,1-17), jest jednym z najbardziej symbolicznych i g\u0142\u0119bokich gest\u00f3w Jezusa podczas Jego ziemskiego \u017cycia. Ten z pozoru prosty akt, pe\u0142en jednak bogatej symboliki, niesie fundamentalne przes\u0142anie o pokorze, bezinteresownej s\u0142u\u017cbie i braterskiej mi\u0142o\u015bci. To wydarzenie streszcza istot\u0119 Ewangelii i zaprasza chrze\u015bcijan do konkretnego, przemieniaj\u0105cego prze\u017cywania swojej wiary.<\/p>\n\n\n\n<p>W tym artykule zg\u0142\u0119bimy teologiczne znaczenie obmycia st\u00f3p, jego historyczny i biblijny kontekst oraz to, jak ten gest pozostaje istotny w naszym \u017cyciu duchowym i wobec wyzwa\u0144 wsp\u00f3\u0142czesnego \u015bwiata.<\/p>\n\n\n\n<hr class=\"wp-block-separator has-alpha-channel-opacity\"\/>\n\n\n\n<h2 class=\"wp-block-heading\">Kontekst historyczny i biblijny<\/h2>\n\n\n\n<p>Obmycie st\u00f3p mia\u0142o miejsce podczas Ostatniej Wieczerzy, w noc, gdy Jezus zosta\u0142 zdradzony. Wed\u0142ug Ewangelii \u015bw. Jana Jezus wsta\u0142 od sto\u0142u, zdj\u0105\u0142 p\u0142aszcz, wzi\u0105\u0142 r\u0119cznik, nala\u0142 wody do misy i zacz\u0105\u0142 obmywa\u0107 stopy uczni\u00f3w. Ten gest, zwykle wykonywany przez niewolnik\u00f3w lub najni\u017cszych s\u0142u\u017c\u0105cych, zaskoczy\u0142 i zdezorientowa\u0142 aposto\u0142\u00f3w. Piotr w szczeg\u00f3lno\u015bci stanowczo odm\u00f3wi\u0142, m\u00f3wi\u0105c: <em>\u201eNie, nigdy nie b\u0119dziesz mi n\u00f3g umywa\u0142!\u201d<\/em> (J 13,8). Na co Jezus odpowiedzia\u0142 proroczymi s\u0142owami: <em>\u201eJe\u015bli ci\u0119 nie umyj\u0119, nie b\u0119dziesz mia\u0142 udzia\u0142u ze Mn\u0105\u201d<\/em> (J 13,8).<\/p>\n\n\n\n<h3 class=\"wp-block-heading\">Kulturowe znaczenie obmycia st\u00f3p w judaizmie<\/h3>\n\n\n\n<p>W czasach Jezusa obmywanie st\u00f3p by\u0142o zwyczajnym gestem go\u015bcinno\u015bci, poniewa\u017c ludzie przemierzali d\u0142ugie dystanse w sanda\u0142ach po zakurzonych drogach. Jednak fakt, \u017ce to mistrz wykonuje t\u0119 czynno\u015b\u0107, a nie s\u0142uga, by\u0142 ca\u0142kowicie nieoczekiwany i szokuj\u0105cy. Jezus \u0142amie spo\u0142eczne konwencje, aby przekaza\u0107 ponadczasowe przes\u0142anie.<\/p>\n\n\n\n<h3 class=\"wp-block-heading\">Zwi\u0105zek z Pasch\u0105<\/h3>\n\n\n\n<p>Obmycie st\u00f3p mia\u0142o miejsce w kontek\u015bcie \u017cydowskiej Paschy, upami\u0119tniaj\u0105cej wyzwolenie Izraela z niewoli egipskiej. Jezus, Baranek Paschalny, mia\u0142 wkr\u00f3tce ofiarowa\u0107 swoje \u017cycie dla zbawienia ludzko\u015bci. Obmycie st\u00f3p zapowiada Jego ofiar\u0119 na krzy\u017cu i zaproszenie, by na\u015bladowa\u0107 Jego przyk\u0142ad mi\u0142o\u015bci i s\u0142u\u017cby.<\/p>\n\n\n\n<hr class=\"wp-block-separator has-alpha-channel-opacity\"\/>\n\n\n\n<h2 class=\"wp-block-heading\">Znaczenie teologiczne<\/h2>\n\n\n\n<p>Obmycie st\u00f3p to znacznie wi\u0119cej ni\u017c akt pokory; jest to \u017cywa katecheza o Kr\u00f3lestwie Bo\u017cym.<\/p>\n\n\n\n<h3 class=\"wp-block-heading\">1. <strong>Pokora jako podstawowa cnota<\/strong><\/h3>\n\n\n\n<p>Jezus, Mistrz i Pan, pochyla si\u0119, by wykona\u0107 zadanie zarezerwowane dla s\u0142ug. Ten gest podwa\u017ca ludzkie hierarchie i przypomina, \u017ce w Kr\u00f3lestwie Bo\u017cym najwi\u0119kszy jest ten, kto s\u0142u\u017cy wszystkim (por. Mt 23,11).<\/p>\n\n\n\n<h3 class=\"wp-block-heading\">2. <strong>S\u0142u\u017cba jako droga do \u015bwi\u0119to\u015bci<\/strong><\/h3>\n\n\n\n<p>Obmycie st\u00f3p to nie tylko symboliczny gest; to przykazanie. Jezus m\u00f3wi: <em>\u201eJe\u017celi Ja, Pan i Nauczyciel, umy\u0142em wam nogi, to i wy\u015bcie powinni sobie nawzajem umywa\u0107 nogi\u201d<\/em> (J 13,14). W ten spos\u00f3b Jezus ustanawia s\u0142u\u017cb\u0119 jako nieodzowny warunek bycia Jego uczniem.<\/p>\n\n\n\n<h3 class=\"wp-block-heading\">3. <strong>Duchowe oczyszczenie<\/strong><\/h3>\n\n\n\n<p>Gdy Piotr sprzeciwia si\u0119 obmyciu, Jezus wyja\u015bnia, \u017ce ten akt ma r\u00f3wnie\u017c duchowe znaczenie: <em>\u201eKto za\u017cy\u0142 k\u0105pieli, potrzebuje tylko nogi sobie umy\u0107, bo ca\u0142y jest czysty\u201d<\/em> (J 13,10). To oczyszczenie nawi\u0105zuje do sakramentu pojednania, kt\u00f3ry odnawia nasz\u0105 przyja\u017a\u0144 z Bogiem.<\/p>\n\n\n\n<h3 class=\"wp-block-heading\">4. <strong>Mi\u0142o\u015b\u0107 a\u017c do ko\u0144ca<\/strong><\/h3>\n\n\n\n<p>Obmycie st\u00f3p zapowiada ca\u0142kowite oddanie Jezusa na krzy\u017cu. Jest to gest mi\u0142o\u015bci do samego ko\u0144ca, mi\u0142o\u015bci, kt\u00f3ra daje siebie, nie oczekuj\u0105c niczego w zamian.<\/p>\n\n\n\n<hr class=\"wp-block-separator has-alpha-channel-opacity\"\/>\n\n\n\n<h2 class=\"wp-block-heading\">Praktyczne zastosowanie<\/h2>\n\n\n\n<p>Obmycie st\u00f3p wzywa nas do konkretnego prze\u017cywania naszej wiary. Jak mo\u017cemy wprowadzi\u0107 ten gest do naszego codziennego \u017cycia?<\/p>\n\n\n\n<h3 class=\"wp-block-heading\">1. <strong>Praktykowanie pokory w relacjach<\/strong><\/h3>\n\n\n\n<p>Pokora nie jest s\u0142abo\u015bci\u0105, ale zdolno\u015bci\u0105 do uznania, \u017ce wszyscy jeste\u015bmy dzie\u0107mi Bo\u017cymi. W rodzinie, w pracy czy w spo\u0142eczno\u015bci mo\u017cemy uczy\u0107 si\u0119 ust\u0119powania, s\u0142uchania i doceniania innych, odk\u0142adaj\u0105c na bok dum\u0119 i samowystarczalno\u015b\u0107.<\/p>\n\n\n\n<h3 class=\"wp-block-heading\">2. <strong>S\u0142u\u017cba z mi\u0142o\u015bci\u0105<\/strong><\/h3>\n\n\n\n<p>S\u0142u\u017cba nie ogranicza si\u0119 do wielkich gest\u00f3w; przejawia si\u0119 tak\u017ce w ma\u0142ych rzeczach: pomaganiu s\u0105siadowi, opiece nad chorymi, s\u0142uchaniu potrzebuj\u0105cych. Te codzienne akty odzwierciedlaj\u0105 obmycie st\u00f3p i przybli\u017caj\u0105 nas do Boga.<\/p>\n\n\n\n<h3 class=\"wp-block-heading\">3. <strong>Promowanie pojednania<\/strong><\/h3>\n\n\n\n<p>Obmycie przypomina nam o potrzebie oczyszczenia \u201eplam\u201d naszej duszy. Oznacza to regularne korzystanie z sakramentu spowiedzi i praktykowanie przebaczenia wobec innych.<\/p>\n\n\n\n<h3 class=\"wp-block-heading\">4. <strong>\u015awiadectwo chrze\u015bcija\u0144skiej mi\u0142o\u015bci<\/strong><\/h3>\n\n\n\n<p>W \u015bwiecie podzielonym egoizmem gest Jezusa zaprasza nas do dawania \u015bwiadectwa mi\u0142o\u015bci, kt\u00f3ra \u0142\u0105czy, pojednuje i buduje mosty.<\/p>\n\n\n\n<hr class=\"wp-block-separator has-alpha-channel-opacity\"\/>\n\n\n\n<h2 class=\"wp-block-heading\">Wsp\u00f3\u0142czesna refleksja<\/h2>\n\n\n\n<p>W dzisiejszym spo\u0142ecze\u0144stwie, naznaczonym indywidualizmem i rywalizacj\u0105, obmycie st\u00f3p zaprasza nas do przemy\u015blenia naszych priorytet\u00f3w. Czy jeste\u015bmy gotowi s\u0142u\u017cy\u0107 innym, nawet je\u015bli nie przynosi nam to korzy\u015bci? Jak mo\u017cemy by\u0107 znakami pokory i mi\u0142o\u015bci w \u015bwiecie, kt\u00f3ry bardziej ceni w\u0142adz\u0119 i presti\u017c?<\/p>\n\n\n\n<p>Papie\u017c Franciszek, powtarzaj\u0105c ten gest w ka\u017cdy Wielki Czwartek, obmywa\u0142 stopy ludziom zmarginalizowanym, takim jak wi\u0119\u017aniowie, uchod\u017acy i kobiety. Ten przyk\u0142ad zaprasza nas, by wyj\u015b\u0107 ze swojej strefy komfortu i s\u0142u\u017cy\u0107 tym, kt\u00f3rzy s\u0105 na marginesach spo\u0142ecze\u0144stwa.<\/p>\n\n\n\n<p>Ponadto w zglobalizowanym \u015bwiecie wezwanie do obmywania sobie nawzajem st\u00f3p nabiera nowego znaczenia. Chodzi o uznanie godno\u015bci ka\u017cdej osoby, niezale\u017cnie od jej pochodzenia, kultury czy religii, i o d\u0105\u017cenie do bardziej sprawiedliwego i solidarnego \u015bwiata.<\/p>\n\n\n\n<hr class=\"wp-block-separator has-alpha-channel-opacity\"\/>\n\n\n\n<h2 class=\"wp-block-heading\">Zako\u0144czenie<\/h2>\n\n\n\n<p>Obmycie st\u00f3p to g\u0142\u0119bokie wezwanie do \u017cycia w pokorze, s\u0142u\u017cbie i mi\u0142o\u015bci we wszystkich wymiarach naszego \u017cycia. To nie tylko rytua\u0142 z przesz\u0142o\u015bci, ale \u017cywe nauczanie, kt\u00f3re inspiruje nas do przemiany naszych relacji, naszych wsp\u00f3lnot i naszego \u015bwiata.<\/p>\n\n\n\n<p>Jezus pozostawia nam to zadanie: <em>\u201eDa\u0142em wam bowiem przyk\u0142ad, aby\u015bcie i wy tak czynili, jak Ja wam uczyni\u0142em\u201d<\/em> (J 13,15). Niech ta lekcja zainspiruje nas do bycia autentycznymi uczniami, gotowymi pochyli\u0107 si\u0119, by umy\u0107 nogi innym, rozpoznaj\u0105c w nich oblicze Chrystusa. Tylko w ten spos\u00f3b mo\u017cemy budowa\u0107 spo\u0142ecze\u0144stwo bardziej ludzkie, bardziej chrze\u015bcija\u0144skie i bli\u017csze Kr\u00f3lestwu Bo\u017cemu.<\/p>\n\n\n\n<p><strong>Czyje stopy dzi\u015b umyjesz?<\/strong><\/p>\n","protected":false},"excerpt":{"rendered":"<p>Obmycie st\u00f3p, opisane w Ewangelii wed\u0142ug \u015bw. Jana (J 13,1-17), jest jednym z najbardziej symbolicznych i g\u0142\u0119bokich gest\u00f3w Jezusa podczas Jego ziemskiego \u017cycia. Ten z pozoru prosty akt, pe\u0142en jednak bogatej symboliki, niesie fundamentalne przes\u0142anie o pokorze, bezinteresownej s\u0142u\u017cbie i braterskiej mi\u0142o\u015bci. To wydarzenie streszcza istot\u0119 Ewangelii i zaprasza chrze\u015bcijan do konkretnego, przemieniaj\u0105cego prze\u017cywania swojej &hellip;<\/p>\n","protected":false},"author":3,"featured_media":1574,"comment_status":"open","ping_status":"open","sticky":false,"template":"","format":"standard","meta":{"_seopress_robots_primary_cat":"","_seopress_titles_title":"","_seopress_titles_desc":"","_seopress_robots_index":"","footnotes":""},"categories":[37,45],"tags":[253],"class_list":["post-1573","post","type-post","status-publish","format-standard","has-post-thumbnail","","category-doktryna-i-wiara","category-pismo-swiete","tag-obmycie-stop"],"_links":{"self":[{"href":"https:\/\/catholicus.eu\/pl\/wp-json\/wp\/v2\/posts\/1573","targetHints":{"allow":["GET"]}}],"collection":[{"href":"https:\/\/catholicus.eu\/pl\/wp-json\/wp\/v2\/posts"}],"about":[{"href":"https:\/\/catholicus.eu\/pl\/wp-json\/wp\/v2\/types\/post"}],"author":[{"embeddable":true,"href":"https:\/\/catholicus.eu\/pl\/wp-json\/wp\/v2\/users\/3"}],"replies":[{"embeddable":true,"href":"https:\/\/catholicus.eu\/pl\/wp-json\/wp\/v2\/comments?post=1573"}],"version-history":[{"count":1,"href":"https:\/\/catholicus.eu\/pl\/wp-json\/wp\/v2\/posts\/1573\/revisions"}],"predecessor-version":[{"id":1575,"href":"https:\/\/catholicus.eu\/pl\/wp-json\/wp\/v2\/posts\/1573\/revisions\/1575"}],"wp:featuredmedia":[{"embeddable":true,"href":"https:\/\/catholicus.eu\/pl\/wp-json\/wp\/v2\/media\/1574"}],"wp:attachment":[{"href":"https:\/\/catholicus.eu\/pl\/wp-json\/wp\/v2\/media?parent=1573"}],"wp:term":[{"taxonomy":"category","embeddable":true,"href":"https:\/\/catholicus.eu\/pl\/wp-json\/wp\/v2\/categories?post=1573"},{"taxonomy":"post_tag","embeddable":true,"href":"https:\/\/catholicus.eu\/pl\/wp-json\/wp\/v2\/tags?post=1573"}],"curies":[{"name":"wp","href":"https:\/\/api.w.org\/{rel}","templated":true}]}}