{"id":1451,"date":"2024-11-22T23:56:42","date_gmt":"2024-11-22T22:56:42","guid":{"rendered":"https:\/\/catholicus.eu\/pl\/?p=1451"},"modified":"2024-11-22T23:56:42","modified_gmt":"2024-11-22T22:56:42","slug":"czy-spotkamy-sie-z-naszymi-zwierzetami-domowymi-w-zyciu-wiecznym-refleksje-teologiczne","status":"publish","type":"post","link":"https:\/\/catholicus.eu\/pl\/czy-spotkamy-sie-z-naszymi-zwierzetami-domowymi-w-zyciu-wiecznym-refleksje-teologiczne\/","title":{"rendered":"Czy Spotkamy Si\u0119 z Naszymi Zwierz\u0119tami Domowymi w \u017byciu Wiecznym? Refleksje Teologiczne"},"content":{"rendered":"\n<p>Zwierz\u0119ta domowe od zawsze by\u0142y wiernymi towarzyszami cz\u0142owieka. Od psa strzeg\u0105cego domu po kota mrucz\u0105cego na naszych kolanach \u2013 te stworzenia daj\u0105 nam mi\u0142o\u015b\u0107, lojalno\u015b\u0107 i pocieszenie. Nic wi\u0119c dziwnego, \u017ce pytanie, czy spotkamy si\u0119 z naszymi zwierz\u0119tami w niebie, porusza wiele os\u00f3b emocjonalnie i duchowo. Co jednak m\u00f3wi na ten temat teologia katolicka? W tym artykule przyjrzymy si\u0119 tej kwestii z r\u00f3\u017cnych perspektyw: biblijnej, teologicznej, historycznej i pastoralnej.<\/p>\n\n\n\n<hr class=\"wp-block-separator has-alpha-channel-opacity\"\/>\n\n\n\n<h3 class=\"wp-block-heading\"><strong>Zwierz\u0119ta w Biblii: Stworzenia Bo\u017ce i Cz\u0119\u015b\u0107 Jego Planu<\/strong><\/h3>\n\n\n\n<p>Pismo \u015awi\u0119te przedstawia zwierz\u0119ta jako integraln\u0105 cz\u0119\u015b\u0107 Bo\u017cego stworzenia. W Ksi\u0119dze Rodzaju, po stworzeniu nieba i ziemi, B\u00f3g stworzy\u0142 zwierz\u0119ta l\u0105dowe, morskie i ptaki, a potem stwierdzi\u0142, \u017ce &#8222;by\u0142o to dobre&#8221; (Rdz 1,24-25). Uznanie tej dobroci zwierz\u0105t podkre\u015bla ich warto\u015b\u0107 jako cz\u0119\u015bci Bo\u017cego dzie\u0142a.<\/p>\n\n\n\n<p>W historii o Arce Noego B\u00f3g pokazuje swoje troskliwe podej\u015bcie do zwierz\u0105t, nakazuj\u0105c Noemu zabranie &#8222;po parze z ka\u017cdego gatunku&#8221; w celu zapewnienia ich przetrwania po potopie (Rdz 6,19-20). Historia ta symbolizuje nie tylko wsp\u00f3\u0142zale\u017cno\u015b\u0107 ludzi i zwierz\u0105t, ale tak\u017ce trosk\u0119 Boga o ca\u0142e swoje stworzenie.<\/p>\n\n\n\n<p>Prorok Izajasz w swojej wizji Kr\u00f3lestwa Bo\u017cego przedstawia przysz\u0142o\u015b\u0107, w kt\u00f3rej zwierz\u0119ta \u017cyj\u0105 w harmonii: &#8222;Wilk zamieszka wraz z barankiem, pantera po\u0142o\u017cy si\u0119 obok ko\u017al\u0119cia&#8221; (Iz 11,6). Chocia\u017c te obrazy maj\u0105 charakter symboliczny, wyra\u017caj\u0105 eschatologiczn\u0105 nadziej\u0119 na uniwersalne pojednanie, kt\u00f3re obejmuje ca\u0142e stworzenie.<\/p>\n\n\n\n<hr class=\"wp-block-separator has-alpha-channel-opacity\"\/>\n\n\n\n<h3 class=\"wp-block-heading\"><strong>Czy Zwierz\u0119ta Maj\u0105 Dusz\u0119? Pytanie Filozoficzne i Teologiczne<\/strong><\/h3>\n\n\n\n<p>Kluczowym aspektem tej debaty jest kwestia, czy zwierz\u0119ta maj\u0105 dusz\u0119. Zgodnie z nauczaniem Ko\u015bcio\u0142a katolickiego wszystkie istoty \u017cywe maj\u0105 dusz\u0119, cho\u0107 nie tego samego rodzaju. \u015awi\u0119ty Tomasz z Akwinu wyr\u00f3\u017cnia trzy rodzaje duszy:<\/p>\n\n\n\n<ol class=\"wp-block-list\">\n<li><strong>Wegetatywn\u0105<\/strong>: Obecn\u0105 w ro\u015blinach, kt\u00f3ra umo\u017cliwia im wzrost i od\u017cywianie.<\/li>\n\n\n\n<li><strong>Zmys\u0142ow\u0105<\/strong>: Obecn\u0105 u zwierz\u0105t, kt\u00f3ra pozwala im na poruszanie si\u0119, odczuwanie i prze\u017cywanie emocji.<\/li>\n\n\n\n<li><strong>Rozumn\u0105<\/strong>: Obecn\u0105 wy\u0142\u0105cznie u ludzi, kt\u00f3ra obejmuje inteligencj\u0119, woln\u0105 wol\u0119 i zdolno\u015b\u0107 poznania Boga.<\/li>\n<\/ol>\n\n\n\n<p>Dusza rozumna cz\u0142owieka jest nie\u015bmiertelna, podczas gdy dusze wegetatywne i zmys\u0142owe s\u0105 \u015bmiertelne. W \u015bwietle tego rozr\u00f3\u017cnienia zwierz\u0119ta nie posiadaj\u0105 tej samej zdolno\u015bci co ludzie do \u015bwiadomego nawi\u0105zywania relacji z Bogiem. Jednak nie oznacza to, \u017ce s\u0105 wykluczone z Bo\u017cego planu wiecznego.<\/p>\n\n\n\n<hr class=\"wp-block-separator has-alpha-channel-opacity\"\/>\n\n\n\n<h3 class=\"wp-block-heading\"><strong>Odkupienie Ca\u0142ego Stworzenia<\/strong><\/h3>\n\n\n\n<p>\u015awi\u0119ty Pawe\u0142 pisze w Li\u015bcie do Rzymian: &#8222;Wiemy przecie\u017c, \u017ce ca\u0142e stworzenie a\u017c dot\u0105d j\u0119czy i wzdycha w b\u00f3lach rodzenia&#8221; (Rz 8,22). Ten fragment wskazuje na kosmiczne odkupienie, kt\u00f3re obejmuje ca\u0142e stworzenie, a nie tylko ludzi.<\/p>\n\n\n\n<p>Sob\u00f3r Watyka\u0144ski II r\u00f3wnie\u017c podkre\u015bla godno\u015b\u0107 stworzenia, stwierdzaj\u0105c, \u017ce &#8222;wszech\u015bwiat stworzony przez Boga ma by\u0107 odnowiony i przywr\u00f3cony do chwa\u0142y swojego Stw\u00f3rcy&#8221; (<em>Gaudium et Spes<\/em>, 39). To uznanie sk\u0142oni\u0142o wsp\u00f3\u0142czesnych teolog\u00f3w do refleksji nad tym, jak zwierz\u0119ta, jako cz\u0119\u015b\u0107 stworzenia, mog\u0105 uczestniczy\u0107 w tym odnowieniu.<\/p>\n\n\n\n<p>Papie\u017c Franciszek w encyklice <em>Laudato Si\u2019<\/em> przypomina, \u017ce &#8222;ka\u017cde stworzenie ma swoj\u0105 w\u0142asn\u0105 warto\u015b\u0107&#8221; i \u017ce &#8222;ostatecznym celem innych stworze\u0144 nie jeste\u015bmy my. Wszystkie one zmierzaj\u0105 wraz z nami i przez nas ku wsp\u00f3lnemu celowi, kt\u00f3rym jest B\u00f3g.&#8221; Perspektywa ta wzmacnia ide\u0119, \u017ce zwierz\u0119ta nie s\u0105 jedynie narz\u0119dziami dla cz\u0142owieka, lecz towarzyszami w drodze do Kr\u00f3lestwa Bo\u017cego.<\/p>\n\n\n\n<hr class=\"wp-block-separator has-alpha-channel-opacity\"\/>\n\n\n\n<h3 class=\"wp-block-heading\"><strong>Czy Spotkamy Nasze Zwierz\u0119ta Domowe w Niebie?<\/strong><\/h3>\n\n\n\n<p>Cho\u0107 Ko\u015bci\u00f3\u0142 nie ma ostatecznego nauczania w tej sprawie, istniej\u0105 pewne argumenty teologiczne, kt\u00f3re mog\u0105 dawa\u0107 nadziej\u0119.<\/p>\n\n\n\n<ol class=\"wp-block-list\">\n<li><strong>Bo\u017ca mi\u0142o\u015b\u0107 jest wszechogarniaj\u0105ca<\/strong>: Je\u015bli nasze zwierz\u0119ta by\u0142y cz\u0119\u015bci\u0105 naszego \u017cycia i pomaga\u0142y nam do\u015bwiadczy\u0107 Bo\u017cej mi\u0142o\u015bci i dobroci, dlaczego nie mog\u0142yby by\u0107 obecne w \u017cyciu wiecznym w tajemniczy spos\u00f3b?<\/li>\n\n\n\n<li><strong>Niebo jako pe\u0142nia szcz\u0119\u015bcia<\/strong>: Teologia uczy, \u017ce niebo jest stanem pe\u0142ni szcz\u0119\u015bcia w komunii z Bogiem. Je\u015bli nasze zwierz\u0119ta przyczynia\u0142y si\u0119 do tego szcz\u0119\u015bcia na ziemi, niekt\u00f3rzy teologowie sugeruj\u0105, \u017ce mog\u0142yby one mie\u0107 swoje miejsce w niebie jako cz\u0119\u015b\u0107 tej pe\u0142ni.<\/li>\n\n\n\n<li><strong>Symbolika harmonii eschatologicznej<\/strong>: Wizja Izajasza i inne teksty biblijne sugeruj\u0105, \u017ce Kr\u00f3lestwo Bo\u017ce obejmuje pojednanie wszystkich stworze\u0144. W tym kontek\u015bcie nasze wi\u0119zi ze zwierz\u0119tami mog\u0105 by\u0107 cz\u0119\u015bci\u0105 tego uniwersalnego odnowienia.<\/li>\n<\/ol>\n\n\n\n<hr class=\"wp-block-separator has-alpha-channel-opacity\"\/>\n\n\n\n<h3 class=\"wp-block-heading\"><strong>Znaczenie Praktyczne: \u017bycie w Wierze z Naszymi Zwierz\u0119tami<\/strong><\/h3>\n\n\n\n<p>Debata o zwierz\u0119tach w niebie nie jest jedynie abstrakcyjnym pytaniem teologicznym, lecz ma r\u00f3wnie\u017c praktyczne zastosowania w naszym codziennym \u017cyciu:<\/p>\n\n\n\n<ol class=\"wp-block-list\">\n<li><strong>Etyczne traktowanie zwierz\u0105t<\/strong>: Je\u015bli wierzymy, \u017ce zwierz\u0119ta s\u0105 cz\u0119\u015bci\u0105 Bo\u017cego planu, jeste\u015bmy wezwani do traktowania ich z szacunkiem i trosk\u0105. Obejmuje to przeciwdzia\u0142anie okrucie\u0144stwu wobec zwierz\u0105t i promowanie harmonijnego wsp\u00f3\u0142istnienia.<\/li>\n\n\n\n<li><strong>Pocieszenie w \u017ca\u0142obie<\/strong>: Utrata zwierz\u0119cia domowego mo\u017ce by\u0107 bolesnym do\u015bwiadczeniem. Pami\u0119\u0107 o tym, \u017ce wszystkie stworzenia s\u0105 cz\u0119\u015bci\u0105 Bo\u017cej mi\u0142o\u015bci, mo\u017ce przynie\u015b\u0107 pocieszenie osobom op\u0142akuj\u0105cym ich odej\u015bcie.<\/li>\n\n\n\n<li><strong>Wychowanie w wierze<\/strong>: Nauczanie dzieci szacunku do zwierz\u0105t mo\u017ce by\u0107 sposobem na zaszczepienie warto\u015bci chrze\u015bcija\u0144skich, takich jak dobro\u0107, wsp\u00f3\u0142czucie i troska o stworzenie.<\/li>\n<\/ol>\n\n\n\n<hr class=\"wp-block-separator has-alpha-channel-opacity\"\/>\n\n\n\n<h3 class=\"wp-block-heading\"><strong>Podsumowanie: Nadzieja w Tajemnicy Boga<\/strong><\/h3>\n\n\n\n<p>Cho\u0107 nie mo\u017cemy z ca\u0142\u0105 pewno\u015bci\u0105 powiedzie\u0107, czy nasze zwierz\u0119ta b\u0119d\u0105 w niebie, mo\u017cemy zaufa\u0107 Bo\u017cej dobroci i m\u0105dro\u015bci. Jak powiedzia\u0142 papie\u017c Benedykt XVI: &#8222;Niebo jest miejscem, gdzie nasze pragnienie mi\u0142o\u015bci zostanie w pe\u0142ni zaspokojone.&#8221; Je\u015bli nasze zwierz\u0119ta by\u0142y cz\u0119\u015bci\u0105 tej mi\u0142o\u015bci, mo\u017cemy mie\u0107 nadziej\u0119, \u017ce B\u00f3g uwzgl\u0119dni je w swoim wiecznym planie.<\/p>\n\n\n\n<p>Kwestia zwierz\u0105t w niebie zaprasza nas do refleksji nie tylko nad naszym wiecznym przeznaczeniem, ale tak\u017ce nad tym, jak \u017cyjemy nasz\u0105 wiar\u0105 na co dzie\u0144. Dbajmy o nasze zwierz\u0119ta z mi\u0142o\u015bci\u0105, dostrzegaj\u0105c w nich odbicie dobroci Stw\u00f3rcy, i z ufno\u015bci\u0105 oczekujmy dnia, w kt\u00f3rym ca\u0142e stworzenie zostanie przemienione w Bo\u017cej mi\u0142o\u015bci.<\/p>\n","protected":false},"excerpt":{"rendered":"<p>Zwierz\u0119ta domowe od zawsze by\u0142y wiernymi towarzyszami cz\u0142owieka. Od psa strzeg\u0105cego domu po kota mrucz\u0105cego na naszych kolanach \u2013 te stworzenia daj\u0105 nam mi\u0142o\u015b\u0107, lojalno\u015b\u0107 i pocieszenie. Nic wi\u0119c dziwnego, \u017ce pytanie, czy spotkamy si\u0119 z naszymi zwierz\u0119tami w niebie, porusza wiele os\u00f3b emocjonalnie i duchowo. Co jednak m\u00f3wi na ten temat teologia katolicka? W &hellip;<\/p>\n","protected":false},"author":3,"featured_media":1452,"comment_status":"open","ping_status":"open","sticky":false,"template":"","format":"standard","meta":{"_seopress_robots_primary_cat":"","_seopress_titles_title":"","_seopress_titles_desc":"","_seopress_robots_index":"","footnotes":""},"categories":[66,41],"tags":[],"class_list":["post-1451","post","type-post","status-publish","format-standard","has-post-thumbnail","","category-kultura-popularna-i-katolicyzm","category-wiara-i-kultura"],"_links":{"self":[{"href":"https:\/\/catholicus.eu\/pl\/wp-json\/wp\/v2\/posts\/1451","targetHints":{"allow":["GET"]}}],"collection":[{"href":"https:\/\/catholicus.eu\/pl\/wp-json\/wp\/v2\/posts"}],"about":[{"href":"https:\/\/catholicus.eu\/pl\/wp-json\/wp\/v2\/types\/post"}],"author":[{"embeddable":true,"href":"https:\/\/catholicus.eu\/pl\/wp-json\/wp\/v2\/users\/3"}],"replies":[{"embeddable":true,"href":"https:\/\/catholicus.eu\/pl\/wp-json\/wp\/v2\/comments?post=1451"}],"version-history":[{"count":1,"href":"https:\/\/catholicus.eu\/pl\/wp-json\/wp\/v2\/posts\/1451\/revisions"}],"predecessor-version":[{"id":1453,"href":"https:\/\/catholicus.eu\/pl\/wp-json\/wp\/v2\/posts\/1451\/revisions\/1453"}],"wp:featuredmedia":[{"embeddable":true,"href":"https:\/\/catholicus.eu\/pl\/wp-json\/wp\/v2\/media\/1452"}],"wp:attachment":[{"href":"https:\/\/catholicus.eu\/pl\/wp-json\/wp\/v2\/media?parent=1451"}],"wp:term":[{"taxonomy":"category","embeddable":true,"href":"https:\/\/catholicus.eu\/pl\/wp-json\/wp\/v2\/categories?post=1451"},{"taxonomy":"post_tag","embeddable":true,"href":"https:\/\/catholicus.eu\/pl\/wp-json\/wp\/v2\/tags?post=1451"}],"curies":[{"name":"wp","href":"https:\/\/api.w.org\/{rel}","templated":true}]}}