{"id":1448,"date":"2024-11-22T11:49:21","date_gmt":"2024-11-22T10:49:21","guid":{"rendered":"https:\/\/catholicus.eu\/pl\/?p=1448"},"modified":"2024-11-22T11:49:21","modified_gmt":"2024-11-22T10:49:21","slug":"obalanie-mitow-na-temat-kosciola-katolickiego-prawda-historia-i-wiara-w-kontekscie-wspolczesnym","status":"publish","type":"post","link":"https:\/\/catholicus.eu\/pl\/obalanie-mitow-na-temat-kosciola-katolickiego-prawda-historia-i-wiara-w-kontekscie-wspolczesnym\/","title":{"rendered":"Obalanie mit\u00f3w na temat Ko\u015bcio\u0142a Katolickiego: Prawda, historia i wiara w kontek\u015bcie wsp\u00f3\u0142czesnym"},"content":{"rendered":"\n<p>Ko\u015bci\u00f3\u0142 Katolicki, instytucja, kt\u00f3ra g\u0142\u0119boko ukszta\u0142towa\u0142a histori\u0119, kultur\u0119 i duchowo\u015b\u0107 milion\u00f3w ludzi, nie jest wolny od kontrowersji i nieporozumie\u0144. Na przestrzeni wiek\u00f3w powsta\u0142y mity i b\u0142\u0119dne przekonania, kt\u00f3re wywo\u0142ywa\u0142y zamieszanie co do tego, czego Ko\u015bci\u00f3\u0142 naprawd\u0119 naucza, broni i czym \u017cyje. W tym artykule zajmiemy si\u0119 najpowszechniejszymi mitami na temat Ko\u015bcio\u0142a Katolickiego, zg\u0142\u0119biaj\u0105c jego histori\u0119, teologi\u0119 oraz aktualno\u015b\u0107 jego nauczania w naszym codziennym \u017cyciu.<\/p>\n\n\n\n<hr class=\"wp-block-separator has-alpha-channel-opacity\"\/>\n\n\n\n<h2 class=\"wp-block-heading\"><strong>Mit 1: &#8222;Ko\u015bci\u00f3\u0142 Katolicki jest przeciwny nauce&#8221;<\/strong><\/h2>\n\n\n\n<h3 class=\"wp-block-heading\"><strong>Mit<\/strong><\/h3>\n\n\n\n<p>Jednym z najcz\u0119\u015bciej powtarzanych mit\u00f3w jest przekonanie, \u017ce Ko\u015bci\u00f3\u0142 Katolicki i nauka s\u0105 nie do pogodzenia. Nieporozumienie to cz\u0119sto wynika z historii, szczeg\u00f3lnie z przypadku Galileusza, kt\u00f3ry jest przywo\u0142ywany jako przyk\u0142ad rzekomej wrogo\u015bci Ko\u015bcio\u0142a wobec wiedzy naukowej.<\/p>\n\n\n\n<h3 class=\"wp-block-heading\"><strong>Prawda historyczna<\/strong><\/h3>\n\n\n\n<p>Nic bardziej mylnego. Ko\u015bci\u00f3\u0142 Katolicki by\u0142 jednym z g\u0142\u00f3wnych promotor\u00f3w nauki na przestrzeni dziej\u00f3w. Od za\u0142o\u017cenia pierwszych uniwersytet\u00f3w w Europie po prac\u0119 duchownych-naukowc\u00f3w, takich jak Georges Lema\u00eetre, tw\u00f3rca teorii Wielkiego Wybuchu, relacja mi\u0119dzy wiar\u0105 a rozumem zawsze by\u0142a kluczowa dla my\u015bli katolickiej.<\/p>\n\n\n\n<p>Katechizm Ko\u015bcio\u0142a Katolickiego stwierdza wyra\u017anie: <em>\u201eChocia\u017c wiara g\u00f3ruje nad rozumem, to jednak nigdy nie mo\u017ce by\u0107 prawdziwej sprzeczno\u015bci mi\u0119dzy wiar\u0105 a rozumem\u201d<\/em> (KKK, 159). Odbija to g\u0142\u0119bok\u0105 ufno\u015b\u0107 w Boga, Stw\u00f3rc\u0119 wszech\u015bwiata, kt\u00f3ry stworzy\u0142 \u015bwiat zrozumia\u0142y dla ludzkiego intelektu.<\/p>\n\n\n\n<h3 class=\"wp-block-heading\"><strong>Praktyczne zastosowanie<\/strong><\/h3>\n\n\n\n<p>Dla wsp\u00f3\u0142czesnych katolik\u00f3w mit ten jest zaproszeniem, aby nie ba\u0107 si\u0119 poszukiwania wiedzy. Wiara i rozum nie s\u0105 w sprzeczno\u015bci; uzupe\u0142niaj\u0105 si\u0119. Studiowanie nauki lub zg\u0142\u0119bianie cud\u00f3w wszech\u015bwiata nie tylko wsp\u00f3\u0142gra z wiar\u0105, ale mo\u017ce by\u0107 sposobem na oddanie chwa\u0142y Bogu.<\/p>\n\n\n\n<hr class=\"wp-block-separator has-alpha-channel-opacity\"\/>\n\n\n\n<h2 class=\"wp-block-heading\"><strong>Mit 2: &#8222;Ko\u015bci\u00f3\u0142 uciska kobiety&#8221;<\/strong><\/h2>\n\n\n\n<h3 class=\"wp-block-heading\"><strong>Mit<\/strong><\/h3>\n\n\n\n<p>Kolejnym popularnym przekonaniem jest to, \u017ce Ko\u015bci\u00f3\u0142 Katolicki dyskryminuje kobiety i wyklucza je z istotnych r\u00f3l w swojej strukturze i misji.<\/p>\n\n\n\n<h3 class=\"wp-block-heading\"><strong>Prawda historyczna i teologiczna<\/strong><\/h3>\n\n\n\n<p>Rzeczywisto\u015b\u0107 jest taka, \u017ce Ko\u015bci\u00f3\u0142 Katolicki od pocz\u0105tku podnosi\u0142 godno\u015b\u0107 kobiet w wyj\u0105tkowy spos\u00f3b. W czasach, gdy kobiety cz\u0119sto by\u0142y traktowane jak w\u0142asno\u015b\u0107, chrze\u015bcija\u0144stwo g\u0142osi\u0142o, \u017ce wszyscy s\u0105 r\u00f3wni przed Bogiem (Ga 3,28). Cze\u015b\u0107 oddawana Maryi, Matce Jezusa, jako najwy\u017cszemu wzorowi \u015bwi\u0119to\u015bci ludzkiej, jest dowodem na to, jak Ko\u015bci\u00f3\u0142 uznaje i celebruje kluczow\u0105 rol\u0119 kobiet w historii zbawienia.<\/p>\n\n\n\n<p>Ponadto wiele kobiet odegra\u0142o kluczowe role w historii Ko\u015bcio\u0142a: \u015bw. Katarzyna ze Sieny i \u015bw. Teresa z \u00c1vili s\u0105 Doktorami Ko\u015bcio\u0142a; \u015bw. Matka Teresa z Kalkuty pokaza\u0142a \u015bwiatu oblicze mi\u0142o\u015bci Chrystusa; a w lokalnych wsp\u00f3lnotach, parafiach i zakonach kobiety s\u0105 \u017cywym sercem Ko\u015bcio\u0142a.<\/p>\n\n\n\n<h3 class=\"wp-block-heading\"><strong>Praktyczne zastosowanie<\/strong><\/h3>\n\n\n\n<p>Dla wierz\u0105cych wsp\u00f3\u0142cze\u015bnie mit ten zach\u0119ca nas do refleksji nad tym, jak honorujemy i promujemy godno\u015b\u0107 wszystkich ludzi, a szczeg\u00f3lnie kobiet. Prawdziwa r\u00f3wno\u015b\u0107, jak uczy Ko\u015bci\u00f3\u0142, nie polega na ujednolicaniu r\u00f3l, ale na uznaniu unikalnego i godnego powo\u0142ania ka\u017cdej osoby.<\/p>\n\n\n\n<hr class=\"wp-block-separator has-alpha-channel-opacity\"\/>\n\n\n\n<h2 class=\"wp-block-heading\"><strong>Mit 3: &#8222;Ko\u015bci\u00f3\u0142 jest obsesyjnie skoncentrowany na zasadach&#8221;<\/strong><\/h2>\n\n\n\n<h3 class=\"wp-block-heading\"><strong>Mit<\/strong><\/h3>\n\n\n\n<p>Dla niekt\u00f3rych Ko\u015bci\u00f3\u0142 wydaje si\u0119 instytucj\u0105 zimn\u0105 i legalistyczn\u0105, skupion\u0105 wy\u0142\u0105cznie na narzucaniu zasad i ogranicze\u0144.<\/p>\n\n\n\n<h3 class=\"wp-block-heading\"><strong>Prawda teologiczna<\/strong><\/h3>\n\n\n\n<p>Rzeczywisto\u015b\u0107 jest taka, \u017ce zasady Ko\u015bcio\u0142a nie s\u0105 celem samym w sobie, ale \u015brodkami do prowadzenia pe\u0142nego \u017cycia w Chrystusie. Sam Jezus powiedzia\u0142: <em>\u201eJa przyszed\u0142em po to, aby owce mia\u0142y \u017cycie i mia\u0142y je w obfito\u015bci\u201d<\/em> (J 10,10). Przykazania i nakazy Ko\u015bcio\u0142a nie s\u0105 ci\u0119\u017carem, ale przewodnikami, kt\u00f3re uwalniaj\u0105 nas od grzechu i prowadz\u0105 do prawdziwej wolno\u015bci.<\/p>\n\n\n\n<p>Na przyk\u0142ad nauczanie dotycz\u0105ce moralno\u015bci seksualnej nie neguje szcz\u0119\u015bcia, ale zaprasza do prze\u017cywania mi\u0142o\u015bci w spos\u00f3b g\u0142\u0119bszy i autentyczny. Eucharystia, centrum \u017cycia katolickiego, nie jest \u201ezasad\u0105\u201d, ale darem, kt\u00f3ry karmi nasz\u0105 relacj\u0119 z Chrystusem.<\/p>\n\n\n\n<h3 class=\"wp-block-heading\"><strong>Praktyczne zastosowanie<\/strong><\/h3>\n\n\n\n<p>Ten mit wyzywa nas, aby\u015bmy spojrzeli poza zasady i odkryli ducha, kt\u00f3ry je o\u017cywia. Zadaj sobie pytanie: w jaki spos\u00f3b nauczanie Ko\u015bcio\u0142a pomaga mi wzrasta\u0107 w \u015bwi\u0119to\u015bci i wolno\u015bci? Rozwa\u017c, jak modlitwa i sakramenty mog\u0105 przemieni\u0107 \u201ezasady\u201d w \u017cywe spotkania z mi\u0142o\u015bci\u0105 Boga.<\/p>\n\n\n\n<hr class=\"wp-block-separator has-alpha-channel-opacity\"\/>\n\n\n\n<h2 class=\"wp-block-heading\"><strong>Mit 4: &#8222;Ko\u015bci\u00f3\u0142 jest oderwany od wsp\u00f3\u0142czesnych problem\u00f3w&#8221;<\/strong><\/h2>\n\n\n\n<h3 class=\"wp-block-heading\"><strong>Mit<\/strong><\/h3>\n\n\n\n<p>Cz\u0119sto m\u00f3wi si\u0119, \u017ce Ko\u015bci\u00f3\u0142 Katolicki nie rozumie lub nie zajmuje si\u0119 wyzwaniami wsp\u00f3\u0142czesnego \u015bwiata, takimi jak sprawiedliwo\u015b\u0107 spo\u0142eczna czy kwestie ekologiczne.<\/p>\n\n\n\n<h3 class=\"wp-block-heading\"><strong>Prawda<\/strong><\/h3>\n\n\n\n<p>Spo\u0142eczna nauka Ko\u015bcio\u0142a dowodzi czego\u015b zupe\u0142nie innego. Encykliki, takie jak <em>Laudato Si\u2019<\/em> papie\u017ca Franciszka, podejmuj\u0105 kryzys ekologiczny, wzywaj\u0105c do troski o nasz \u201ewsp\u00f3lny dom\u201d. Dokumenty, takie jak <em>Rerum Novarum<\/em> i <em>Caritas in Veritate<\/em>, by\u0142y latarniami w obronie praw pracownik\u00f3w, godno\u015bci ludzkiej i sprawiedliwo\u015bci ekonomicznej.<\/p>\n\n\n\n<p>Ponadto miliony katolik\u00f3w na ca\u0142ym \u015bwiecie pracuj\u0105 w szpitalach, szko\u0142ach i misjach, s\u0142u\u017c\u0105c najbardziej potrzebuj\u0105cym. Od Caritas Internationalis po ma\u0142e lokalne parafie, Ko\u015bci\u00f3\u0142 jest g\u0142\u0119boko zaanga\u017cowany w problemy wsp\u00f3\u0142czesne.<\/p>\n\n\n\n<h3 class=\"wp-block-heading\"><strong>Praktyczne zastosowanie<\/strong><\/h3>\n\n\n\n<p>Dla nas ten mit jest zaproszeniem do aktywnego uczestnictwa w naszej spo\u0142eczno\u015bci. Wiara katolicka nie ogranicza si\u0119 do osobistej modlitwy; jest dzia\u0142aniem. Jak mo\u017cesz by\u0107 agentem zmiany w swoim otoczeniu? Kt\u00f3re nauki Ko\u015bcio\u0142a mo\u017cesz zastosowa\u0107, aby promowa\u0107 sprawiedliwo\u015b\u0107, pok\u00f3j i trosk\u0119 o stworzenie?<\/p>\n\n\n\n<hr class=\"wp-block-separator has-alpha-channel-opacity\"\/>\n\n\n\n<h2 class=\"wp-block-heading\"><strong>Mit 5: &#8222;Ko\u015bci\u00f3\u0142 jest ludzk\u0105 instytucj\u0105, a nie bosk\u0105&#8221;<\/strong><\/h2>\n\n\n\n<h3 class=\"wp-block-heading\"><strong>Mit<\/strong><\/h3>\n\n\n\n<p>Niekt\u00f3rzy twierdz\u0105, \u017ce Ko\u015bci\u00f3\u0142 jest jedynie niedoskona\u0142\u0105 ludzk\u0105 konstrukcj\u0105, a zatem nie posiada boskiego autorytetu.<\/p>\n\n\n\n<h3 class=\"wp-block-heading\"><strong>Prawda teologiczna<\/strong><\/h3>\n\n\n\n<p>Prawd\u0105 jest, \u017ce Ko\u015bci\u00f3\u0142 sk\u0142ada si\u0119 z grzesznych ludzi, ale r\u00f3wnie prawdziwe jest to, \u017ce zosta\u0142 za\u0142o\u017cony przez samego Chrystusa. Jezus obieca\u0142 Piotrowi: <em>\u201eTy jeste\u015b Piotr [czyli Ska\u0142a], i na tej Skale zbuduj\u0119 m\u00f3j Ko\u015bci\u00f3\u0142, a bramy piekielne go nie przemog\u0105\u201d<\/em> (Mt 16,18). Ko\u015bci\u00f3\u0142 jest \u015bwi\u0119ty, poniewa\u017c jego g\u0142ow\u0105 jest Chrystus i poniewa\u017c jest prowadzony przez Ducha \u015awi\u0119tego, mimo niedoskona\u0142o\u015bci jego cz\u0142onk\u00f3w.<\/p>\n\n\n\n<p>Historia pokazuje, \u017ce pomimo ludzkich b\u0142\u0119d\u00f3w Ko\u015bci\u00f3\u0142 przetrwa\u0142 ponad dwa tysi\u0105ce lat, co jest \u015bwiadectwem jego boskiego charakteru.<\/p>\n\n\n\n<h3 class=\"wp-block-heading\"><strong>Praktyczne zastosowanie<\/strong><\/h3>\n\n\n\n<p>Ten mit zach\u0119ca nas, aby\u015bmy spojrzeli poza ludzkie niedoskona\u0142o\u015bci i pok\u0142adali nasz\u0105 ufno\u015b\u0107 w Chrystusie, kt\u00f3ry jest prawdziwym fundamentem naszej wiary. Je\u015bli Ko\u015bci\u00f3\u0142 przetrwa\u0142 prze\u015bladowania, schizmy i skandale, co powstrzymuje nas, jako cz\u0142onk\u00f3w Cia\u0142a Chrystusa, przed odnowieniem naszej wiary i zaanga\u017cowania?<\/p>\n\n\n\n<hr class=\"wp-block-separator has-alpha-channel-opacity\"\/>\n\n\n\n<h2 class=\"wp-block-heading\"><strong>Podsumowanie: Prawda was wyzwoli<\/strong><\/h2>\n\n\n\n<p>Obalenie tych mit\u00f3w nie tylko pomaga nam lepiej zrozumie\u0107 Ko\u015bci\u00f3\u0142 Katolicki, ale tak\u017ce otwiera drzwi do g\u0142\u0119bszej wiary. Ko\u015bci\u00f3\u0142 nie jest doskona\u0142y, ale jest narz\u0119dziem zbawienia, wsp\u00f3lnot\u0105 wiary i miejscem, gdzie miliony ludzi odnajduj\u0105 sens, cel i mi\u0142o\u015b\u0107.<\/p>\n\n\n\n<p>Dzi\u015b bardziej ni\u017c kiedykolwiek \u015bwiat potrzebuje przes\u0142ania nadziei i prawdy, kt\u00f3re g\u0142osi Ko\u015bci\u00f3\u0142. Ucz\u0105c si\u0119 i dziel\u0105c jego prawdziwym obliczem, tak\u017ce Ty mo\u017cesz sta\u0107 si\u0119 cz\u0119\u015bci\u0105 tej przemieniaj\u0105cej misji.<\/p>\n","protected":false},"excerpt":{"rendered":"<p>Ko\u015bci\u00f3\u0142 Katolicki, instytucja, kt\u00f3ra g\u0142\u0119boko ukszta\u0142towa\u0142a histori\u0119, kultur\u0119 i duchowo\u015b\u0107 milion\u00f3w ludzi, nie jest wolny od kontrowersji i nieporozumie\u0144. Na przestrzeni wiek\u00f3w powsta\u0142y mity i b\u0142\u0119dne przekonania, kt\u00f3re wywo\u0142ywa\u0142y zamieszanie co do tego, czego Ko\u015bci\u00f3\u0142 naprawd\u0119 naucza, broni i czym \u017cyje. W tym artykule zajmiemy si\u0119 najpowszechniejszymi mitami na temat Ko\u015bcio\u0142a Katolickiego, zg\u0142\u0119biaj\u0105c jego histori\u0119, &hellip;<\/p>\n","protected":false},"author":3,"featured_media":1449,"comment_status":"open","ping_status":"open","sticky":false,"template":"","format":"standard","meta":{"_seopress_robots_primary_cat":"","_seopress_titles_title":"","_seopress_titles_desc":"","_seopress_robots_index":"","footnotes":""},"categories":[54,39],"tags":[207],"class_list":["post-1448","post","type-post","status-publish","format-standard","has-post-thumbnail","","category-bioetyka-i-wspolczesne-problemy","category-moralnosc-i-zycie-chrzescijanskie","tag-mitow"],"_links":{"self":[{"href":"https:\/\/catholicus.eu\/pl\/wp-json\/wp\/v2\/posts\/1448","targetHints":{"allow":["GET"]}}],"collection":[{"href":"https:\/\/catholicus.eu\/pl\/wp-json\/wp\/v2\/posts"}],"about":[{"href":"https:\/\/catholicus.eu\/pl\/wp-json\/wp\/v2\/types\/post"}],"author":[{"embeddable":true,"href":"https:\/\/catholicus.eu\/pl\/wp-json\/wp\/v2\/users\/3"}],"replies":[{"embeddable":true,"href":"https:\/\/catholicus.eu\/pl\/wp-json\/wp\/v2\/comments?post=1448"}],"version-history":[{"count":1,"href":"https:\/\/catholicus.eu\/pl\/wp-json\/wp\/v2\/posts\/1448\/revisions"}],"predecessor-version":[{"id":1450,"href":"https:\/\/catholicus.eu\/pl\/wp-json\/wp\/v2\/posts\/1448\/revisions\/1450"}],"wp:featuredmedia":[{"embeddable":true,"href":"https:\/\/catholicus.eu\/pl\/wp-json\/wp\/v2\/media\/1449"}],"wp:attachment":[{"href":"https:\/\/catholicus.eu\/pl\/wp-json\/wp\/v2\/media?parent=1448"}],"wp:term":[{"taxonomy":"category","embeddable":true,"href":"https:\/\/catholicus.eu\/pl\/wp-json\/wp\/v2\/categories?post=1448"},{"taxonomy":"post_tag","embeddable":true,"href":"https:\/\/catholicus.eu\/pl\/wp-json\/wp\/v2\/tags?post=1448"}],"curies":[{"name":"wp","href":"https:\/\/api.w.org\/{rel}","templated":true}]}}