{"id":1276,"date":"2024-11-10T09:41:37","date_gmt":"2024-11-10T08:41:37","guid":{"rendered":"https:\/\/catholicus.eu\/pl\/?p=1276"},"modified":"2024-11-10T09:41:37","modified_gmt":"2024-11-10T08:41:37","slug":"co-oznacza-ekumenizm-i-jak-promuje-jednosc-miedzy-chrzescijanami","status":"publish","type":"post","link":"https:\/\/catholicus.eu\/pl\/co-oznacza-ekumenizm-i-jak-promuje-jednosc-miedzy-chrzescijanami\/","title":{"rendered":"Co oznacza ekumenizm i jak promuje jedno\u015b\u0107 mi\u0119dzy chrze\u015bcijanami?"},"content":{"rendered":"\n<p>Ekumenizm jest poj\u0119ciem fundamentalnym w \u017cyciu i misji Ko\u015bcio\u0142a, ale co naprawd\u0119 oznacza i dlaczego jest tak wa\u017cny dzisiaj? W miar\u0119 jak \u015bwiat staje si\u0119 coraz bardziej po\u0142\u0105czony i skomplikowany, wezwanie do jedno\u015bci chrze\u015bcijan staje si\u0119 bardziej pilne. Podzia\u0142y mi\u0119dzy r\u00f3\u017cnymi tradycjami chrze\u015bcija\u0144skimi nie tylko pozostawi\u0142y historyczne rany, ale tak\u017ce os\u0142abi\u0142y \u015bwiadectwo wiary na \u015bwiecie. Ekumenizm staje si\u0119 wi\u0119c duchowym, teologicznym i praktycznym wysi\u0142kiem, by odpowiedzie\u0107 na modlitw\u0119 Jezusa: &#8222;Aby wszyscy byli jedno&#8221; (Jana 17:21).<\/p>\n\n\n\n<p>Artyku\u0142 ten bada znaczenie ekumenizmu, jego histori\u0119, teologiczn\u0105 wag\u0119 oraz to, jak mo\u017cemy zastosowa\u0107 jego zasady w naszym codziennym \u017cyciu, odpowiadaj\u0105c na zaproszenie do \u017cycia w zjednoczonej wierze w mi\u0142o\u015bci Chrystusa.<\/p>\n\n\n\n<hr class=\"wp-block-separator has-alpha-channel-opacity\"\/>\n\n\n\n<h3 class=\"wp-block-heading\">1. Czym jest ekumenizm?<\/h3>\n\n\n\n<p>Ekumenizm to ruch, kt\u00f3ry ma na celu promowanie jedno\u015bci wszystkich wyzna\u0144 chrze\u015bcija\u0144skich, pracuj\u0105c na rzecz pojednania i wsp\u00f3\u0142pracy mi\u0119dzy katolikami, prawos\u0142awnymi, protestantami, anglikanami i innymi wsp\u00f3lnotami chrze\u015bcija\u0144skimi. S\u0142owo &#8222;ekumenizm&#8221; pochodzi od greckiego terminu <em>oikoumene<\/em>, co oznacza &#8222;zamieszka\u0142y \u015bwiat&#8221; lub &#8222;ca\u0142\u0105 ziemi\u0119&#8221;. W kontek\u015bcie religijnym wyra\u017ca intencj\u0119 budowania Ko\u015bcio\u0142a, kt\u00f3ry obejmuje ca\u0142\u0105 ludzko\u015b\u0107 w jej r\u00f3\u017cnorodno\u015bci i wsp\u00f3lnocie.<\/p>\n\n\n\n<p>Ekumenizm nie oznacza jednolito\u015bci, ani nie wymaga od wszystkich Ko\u015bcio\u0142\u00f3w porzucenia swoich specyficznych tradycji. Skupia si\u0119 raczej na uznaniu i docenieniu bogactw ka\u017cdej tradycji, sprzyjaj\u0105c szczerej rozmowie, kt\u00f3ra pozwala na wsp\u00f3\u0142prac\u0119 i zbli\u017cenie w tym, co \u0142\u0105czy nas w Chrystusie.<\/p>\n\n\n\n<h3 class=\"wp-block-heading\">2. Historia ekumenizmu: droga do jedno\u015bci<\/h3>\n\n\n\n<p>Historia nowoczesnego ekumenizmu ma swoje korzenie w XX wieku, chocia\u017c pragnienie jedno\u015bci istnia\u0142o ju\u017c od pierwszych wiek\u00f3w chrze\u015bcija\u0144stwa. Podzia\u0142y w chrze\u015bcija\u0144stwie zacz\u0119\u0142y si\u0119 ju\u017c w pierwszych wiekach, osi\u0105gaj\u0105c krytyczne momenty, takie jak Wielka Schizma mi\u0119dzy Wschodem a Zachodem w 1054 roku oraz Reformacja protestancka w XVI wieku.<\/p>\n\n\n\n<p>Przez wieki te podzia\u0142y by\u0142y \u017ar\u00f3d\u0142em konflikt\u00f3w i konfrontacji mi\u0119dzy r\u00f3\u017cnymi wsp\u00f3lnotami chrze\u015bcija\u0144skimi. Jednak pod koniec XIX i na pocz\u0105tku XX wieku pojawi\u0142a si\u0119 nowa \u015bwiadomo\u015b\u0107 potrzeby jedno\u015bci, zw\u0142aszcza w kontek\u015bcie misji i ewangelizacji. \u015awiatowa Konferencja Misyjna w Edynburgu w 1910 roku jest uwa\u017cana za kluczowy moment nowoczesnego ekumenizmu, kiedy to przedstawiciele r\u00f3\u017cnych wyzna\u0144 chrze\u015bcija\u0144skich spotkali si\u0119, aby wsp\u00f3lnie dzia\u0142a\u0107 na rzecz misji ewangelizacyjnej.<\/p>\n\n\n\n<p>P\u00f3\u017aniej, w 1948 roku, powsta\u0142a \u015awiatowa Rada Ko\u015bcio\u0142\u00f3w (SRC), organizacja ekumeniczna, kt\u00f3ra zrzesza r\u00f3\u017cne Ko\u015bcio\u0142y protestanckie, prawos\u0142awne i anglika\u0144skie z ca\u0142ego \u015bwiata. Ko\u015bci\u00f3\u0142 katolicki nie jest oficjalnym cz\u0142onkiem SRC, ale utrzymuje bliskie relacje i bierze udzia\u0142 w licznych dialogach i projektach ekumenicznych.<\/p>\n\n\n\n<p>Sob\u00f3r Watyka\u0144ski II (1962-1965) by\u0142 wa\u017cnym punktem zwrotnym dla Ko\u015bcio\u0142a katolickiego w jego zaanga\u017cowaniu ekumenicznym. Dokumenty takie jak dekret <em>Unitatis Redintegratio<\/em> wyra\u017caj\u0105 intencj\u0119 Ko\u015bcio\u0142a katolickiego, by aktywnie pracowa\u0107 na rzecz jedno\u015bci chrze\u015bcijan. Ten tekst, wraz z encyklik\u0105 <em>Ut Unum Sint<\/em> Jana Paw\u0142a II, stanowi\u0142 fundament do dialogu i pojednania z r\u00f3\u017cnymi tradycjami chrze\u015bcija\u0144skimi.<\/p>\n\n\n\n<hr class=\"wp-block-separator has-alpha-channel-opacity\"\/>\n\n\n\n<h3 class=\"wp-block-heading\">3. Teologiczne znaczenie ekumenizmu<\/h3>\n\n\n\n<p>Z teologicznego punktu widzenia ekumenizm jest czym\u015b znacznie wi\u0119cej ni\u017c tylko wysi\u0142kiem dyplomatycznym lub organizacyjnym. Jest odpowiedzi\u0105 na pragnienie Chrystusa wyra\u017cone w Ewangelii Jana: &#8222;Aby wszyscy byli jedno, jak Ty, Ojcze, we Mnie, a Ja w Tobie, aby i oni w Nas byli, i aby \u015bwiat uwierzy\u0142, \u017ce Ty Mnie pos\u0142a\u0142e\u015b&#8221; (Jana 17:21).<\/p>\n\n\n\n<p>Podzia\u0142 mi\u0119dzy chrze\u015bcijanami jest zaprzeczeniem tego pragnienia jedno\u015bci i rozbija \u015bwiadectwo mi\u0142o\u015bci Boga na \u015bwiecie. Teologia ekumeniczna d\u0105\u017cy wi\u0119c do budowania most\u00f3w, pracy na rzecz pojednania i promowania wzajemnego zrozumienia mi\u0119dzy Ko\u015bcio\u0142ami. Ka\u017cda tradycja chrze\u015bcija\u0144ska posiada bogactwa duchowe, teologiczne i liturgiczne, kt\u00f3re wzbogacaj\u0105 ca\u0142\u0105 wsp\u00f3lnot\u0119 wierz\u0105cych, a dialog ekumeniczny pozwala na nauk\u0119 z tych wyraz\u00f3w.<\/p>\n\n\n\n<p>Jedno\u015b\u0107 nie oznacza sztywnej jednolito\u015bci, ale wsp\u00f3lnot\u0119 w r\u00f3\u017cnorodno\u015bci. W sercu ekumenizmu le\u017cy zrozumienie, \u017ce cho\u0107 r\u00f3\u017cne wyznania maj\u0105 odmienne praktyki i podej\u015bcia, to wszystkie \u0142\u0105cz\u0105 si\u0119 w wierze w Chrystusa i w pragnieniu pod\u0105\u017cania za Jego naukami.<\/p>\n\n\n\n<hr class=\"wp-block-separator has-alpha-channel-opacity\"\/>\n\n\n\n<h3 class=\"wp-block-heading\">4. Ekumenizm w praktyce: jak pracowa\u0107 na rzecz jedno\u015bci w codziennym \u017cyciu<\/h3>\n\n\n\n<p>Chocia\u017c ekumenizm mo\u017ce wydawa\u0107 si\u0119 dziedzin\u0105 zarezerwowan\u0105 dla teologii i dyplomacji, wszyscy chrze\u015bcijanie s\u0105 wezwani do pracy na rzecz jedno\u015bci w swoim w\u0142asnym kontek\u015bcie. Ekumenizm nie jest zadaniem zarezerwowanym tylko dla lider\u00f3w religijnych; ka\u017cdy wierz\u0105cy mo\u017ce przyczyni\u0107 si\u0119 do tego wysi\u0142ku w swoim codziennym \u017cyciu.<\/p>\n\n\n\n<h4 class=\"wp-block-heading\">4.1. Modlitwa o jedno\u015b\u0107<\/h4>\n\n\n\n<p>Modlitwa jest jednym z najpot\u0119\u017cniejszych narz\u0119dzi ekumenizmu. Mo\u017cemy si\u0119 jednoczy\u0107 w modlitwie o jedno\u015b\u0107 chrze\u015bcijan, prosz\u0105c Boga o otwarte i pokorne serce, by\u015bmy mogli si\u0119 nawzajem uczy\u0107. Co roku, w styczniu, obchodzona jest Tydzie\u0144 Modlitw o Jedno\u015b\u0107 Chrze\u015bcijan, szczeg\u00f3lny moment, w kt\u00f3rym wsp\u00f3lnoty chrze\u015bcija\u0144skie na ca\u0142ym \u015bwiecie modl\u0105 si\u0119 razem o pojednanie i wsp\u00f3lnot\u0119.<\/p>\n\n\n\n<h4 class=\"wp-block-heading\">4.2. Szczerze prowadzone rozmowy i otwarto\u015b\u0107 na zrozumienie<\/h4>\n\n\n\n<p>Ekumenizm wymaga, by ka\u017cdy z nas by\u0142 got\u00f3w s\u0142ucha\u0107 i uczy\u0107 si\u0119 od innych chrze\u015bcijan, bez os\u0105dzania lub narzucania. Oznacza to prawdziwe zainteresowanie wierzeniami, praktykami i perspektywami innych wyzna\u0144. Dialog z chrze\u015bcijanami innych tradycji mo\u017ce nas wzbogaci\u0107 i pom\u00f3c lepiej zrozumie\u0107 nasz\u0105 w\u0142asn\u0105 wiar\u0119.<\/p>\n\n\n\n<h4 class=\"wp-block-heading\">4.3. Wsp\u00f3\u0142praca w dzie\u0142ach mi\u0142osierdzia i sprawiedliwo\u015bci spo\u0142ecznej<\/h4>\n\n\n\n<p>Jednym z najskuteczniejszych sposob\u00f3w budowania most\u00f3w mi\u0119dzy wyznaniami chrze\u015bcija\u0144skimi jest wsp\u00f3lna praca nad projektami s\u0142u\u017cby i sprawiedliwo\u015bci spo\u0142ecznej. Ub\u00f3stwo, g\u0142\u00f3d, wykluczenie spo\u0142eczne i kryzysy ekologiczne dotykaj\u0105 ca\u0142\u0105 ludzko\u015b\u0107 i wymagaj\u0105 wsp\u00f3lnej odpowiedzi wszystkich chrze\u015bcijan. Wsp\u00f3\u0142pracuj\u0105c na rzecz dobra wsp\u00f3lnego, sk\u0142adamy \u015bwiatu autentyczne \u015bwiadectwo mi\u0142o\u015bci Chrystusa.<\/p>\n\n\n\n<h4 class=\"wp-block-heading\">4.4. Formacja w duchowo\u015bci ekumenicznej<\/h4>\n\n\n\n<p>Aby \u017cy\u0107 ekumenizmem, wa\u017cne jest, by poznawa\u0107 r\u00f3\u017cne tradycje chrze\u015bcija\u0144skie oraz histori\u0119 ruchu ekumenicznego. Czytanie dokument\u00f3w takich jak <em>Unitatis Redintegratio<\/em> i innych tekst\u00f3w ekumenicznych pomaga pog\u0142\u0119bi\u0107 nasz\u0105 wiedz\u0119 o jedno\u015bci chrze\u015bcija\u0144skiej i znale\u017a\u0107 inspiracj\u0119 w drodze pojednania.<\/p>\n\n\n\n<hr class=\"wp-block-separator has-alpha-channel-opacity\"\/>\n\n\n\n<h3 class=\"wp-block-heading\">5. Wyzwania i nadzieje dla ekumenizmu dzisiaj<\/h3>\n\n\n\n<p>Droga ekumenizmu nie jest pozbawiona wyzwa\u0144. R\u00f3\u017cnice doktrynalne dotycz\u0105ce Eucharystii, roli Maryi, autorytetu Papie\u017ca i innych kwestii pozostaj\u0105 istotnymi przeszkodami. Niemniej jednak, zamiast nas zniech\u0119ca\u0107, te wyzwania mog\u0105 motywowa\u0107 do g\u0142\u0119bszego zrozumienia i wi\u0119kszej pokory w dialogu.<\/p>\n\n\n\n<p>Jednym z najwi\u0119kszych wyzwa\u0144 ekumenizmu jest przezwyci\u0119\u017cenie wiek\u00f3w nieufno\u015bci i uprzedze\u0144. Podzia\u0142y pozostawi\u0142y g\u0142\u0119bokie rany w wielu wsp\u00f3lnotach chrze\u015bcija\u0144skich, a pojednanie wymaga procesu uzdrowienia i przebaczenia, kt\u00f3ry wymaga czasu i cierpliwo\u015bci.<\/p>\n\n\n\n<p>Pomimo tych wyzwa\u0144, ekumenizm jest \u017ar\u00f3d\u0142em nadziei. Otwarto\u015b\u0107 na dialog i zaanga\u017cowanie wielu Ko\u015bcio\u0142\u00f3w w wysi\u0142ki ekumeniczne pokazuj\u0105, \u017ce jedno\u015b\u0107 jest mo\u017cliwa i \u017ce jest to cel, kt\u00f3ry dziel\u0105 miliony chrze\u015bcijan na ca\u0142ym \u015bwiecie. Rosn\u0105ca wsp\u00f3\u0142praca w inicjatywach na rzecz pokoju, sprawiedliwo\u015bci spo\u0142ecznej i obrony godno\u015bci ludzkiej \u015bwiadczy o \u017cywotno\u015bci i znaczeniu ekumenizmu.<\/p>\n\n\n\n<hr class=\"wp-block-separator has-alpha-channel-opacity\"\/>\n\n\n\n<h3 class=\"wp-block-heading\">6. Zako\u0144czenie: Wezwanie do jedno\u015bci jako \u015bwiadectwo mi\u0142o\u015bci<\/h3>\n\n\n\n<p>Ekumenizm przypomina nam, \u017ce wszyscy chrze\u015bcijanie, mimo naszych r\u00f3\u017cnic, jeste\u015bmy bra\u0107mi i siostrami w Chrystusie. Jedno\u015b\u0107, kt\u00f3rej szukamy, nie jest celem samym w sobie, ale \u015bwiadectwem przekszta\u0142caj\u0105cej mi\u0142o\u015bci Boga. Podzia\u0142 jest ran\u0105, ale mi\u0142o\u015b\u0107 Boga ma moc, by uzdrowi\u0107 i odbudowa\u0107.<\/p>\n\n\n\n<p>Ka\u017cdy z nas mo\u017ce \u017cy\u0107 duchem ekumenizmu w swoim codziennym \u017cyciu: przez modlitw\u0119, otwarto\u015b\u0107 na dialog, wsp\u00f3\u0142prac\u0119 w mi\u0142osierdziu i formacj\u0119 w wiedzy o wierze. Je\u015bli ka\u017cdy z nas, jako jednostki i jako wsp\u00f3lnoty, przyjmie wezwanie do jedno\u015bci, \u015bwiadectwo chrze\u015bcijan b\u0119dzie silniejsze i bardziej autentyczne.<\/p>\n\n\n\n<p>Niech ta refleksja o ekumenizmie zainspiruje nas do pracy, z cierpliwo\u015bci\u0105 i wytrwa\u0142o\u015bci\u0105, na rzecz jedno\u015bci, a nasza mi\u0142o\u015b\u0107 i szacunek dla wszystkich tradycji chrze\u015bcija\u0144skich b\u0119d\u0105 wyra\u017anym znakiem, \u017ce w Chrystusie jeste\u015bmy jedno, jak On jest jedno z Ojcem.<\/p>\n","protected":false},"excerpt":{"rendered":"<p>Ekumenizm jest poj\u0119ciem fundamentalnym w \u017cyciu i misji Ko\u015bcio\u0142a, ale co naprawd\u0119 oznacza i dlaczego jest tak wa\u017cny dzisiaj? W miar\u0119 jak \u015bwiat staje si\u0119 coraz bardziej po\u0142\u0105czony i skomplikowany, wezwanie do jedno\u015bci chrze\u015bcijan staje si\u0119 bardziej pilne. Podzia\u0142y mi\u0119dzy r\u00f3\u017cnymi tradycjami chrze\u015bcija\u0144skimi nie tylko pozostawi\u0142y historyczne rany, ale tak\u017ce os\u0142abi\u0142y \u015bwiadectwo wiary na \u015bwiecie. &hellip;<\/p>\n","protected":false},"author":3,"featured_media":1277,"comment_status":"open","ping_status":"open","sticky":false,"template":"","format":"standard","meta":{"_seopress_robots_primary_cat":"","_seopress_titles_title":"","_seopress_titles_desc":"","_seopress_robots_index":"","footnotes":""},"categories":[38,48],"tags":[156],"class_list":["post-1276","post","type-post","status-publish","format-standard","has-post-thumbnail","","category-historia-i-tradycja","category-historia-kosciola","tag-ekumenizm"],"_links":{"self":[{"href":"https:\/\/catholicus.eu\/pl\/wp-json\/wp\/v2\/posts\/1276","targetHints":{"allow":["GET"]}}],"collection":[{"href":"https:\/\/catholicus.eu\/pl\/wp-json\/wp\/v2\/posts"}],"about":[{"href":"https:\/\/catholicus.eu\/pl\/wp-json\/wp\/v2\/types\/post"}],"author":[{"embeddable":true,"href":"https:\/\/catholicus.eu\/pl\/wp-json\/wp\/v2\/users\/3"}],"replies":[{"embeddable":true,"href":"https:\/\/catholicus.eu\/pl\/wp-json\/wp\/v2\/comments?post=1276"}],"version-history":[{"count":1,"href":"https:\/\/catholicus.eu\/pl\/wp-json\/wp\/v2\/posts\/1276\/revisions"}],"predecessor-version":[{"id":1278,"href":"https:\/\/catholicus.eu\/pl\/wp-json\/wp\/v2\/posts\/1276\/revisions\/1278"}],"wp:featuredmedia":[{"embeddable":true,"href":"https:\/\/catholicus.eu\/pl\/wp-json\/wp\/v2\/media\/1277"}],"wp:attachment":[{"href":"https:\/\/catholicus.eu\/pl\/wp-json\/wp\/v2\/media?parent=1276"}],"wp:term":[{"taxonomy":"category","embeddable":true,"href":"https:\/\/catholicus.eu\/pl\/wp-json\/wp\/v2\/categories?post=1276"},{"taxonomy":"post_tag","embeddable":true,"href":"https:\/\/catholicus.eu\/pl\/wp-json\/wp\/v2\/tags?post=1276"}],"curies":[{"name":"wp","href":"https:\/\/api.w.org\/{rel}","templated":true}]}}