{"id":1264,"date":"2024-11-08T23:46:41","date_gmt":"2024-11-08T22:46:41","guid":{"rendered":"https:\/\/catholicus.eu\/pl\/?p=1264"},"modified":"2024-11-08T23:46:41","modified_gmt":"2024-11-08T22:46:41","slug":"kosciol-katolicki-maronicki-historia-wiara-i-duchowosc-we-wspolczesnym-swiecie","status":"publish","type":"post","link":"https:\/\/catholicus.eu\/pl\/kosciol-katolicki-maronicki-historia-wiara-i-duchowosc-we-wspolczesnym-swiecie\/","title":{"rendered":"Ko\u015bci\u00f3\u0142 Katolicki Maronicki: Historia, Wiara i Duchowo\u015b\u0107 we Wsp\u00f3\u0142czesnym \u015awiecie"},"content":{"rendered":"\n<p>W tak r\u00f3\u017cnorodnym i po\u0142\u0105czonym \u015bwiecie, jak nasz, chrze\u015bcija\u0144stwo wyra\u017ca si\u0119 poprzez r\u00f3\u017cnorodne tradycje i rytua\u0142y, kt\u00f3re wzbogacaj\u0105 jego dziedzictwo i wyra\u017caj\u0105 wiar\u0119 w autentyczny spos\u00f3b. Jedn\u0105 z takich tradycji jest Ko\u015bci\u00f3\u0142 Katolicki Maronicki, wsp\u00f3lnota g\u0142\u0119boko zakorzeniona w duchowo\u015bci i kulturze Bliskiego Wschodu. Przez wieki Ko\u015bci\u00f3\u0142 ten zachowa\u0142 swoj\u0105 unikaln\u0105 to\u017csamo\u015b\u0107 wiary i kultury, \u015bci\u015ble zwi\u0105zan\u0105 z histori\u0105 swojego za\u0142o\u017cyciela, \u015bw. Marona, oraz z osobami, kt\u00f3re odwa\u017cnie broni\u0142y swojej wiary wobec wielkich wyzwa\u0144.<\/p>\n\n\n\n<p>W tym artykule przyjrzymy si\u0119 temu, czym jest Ko\u015bci\u00f3\u0142 Katolicki Maronicki, jego teologicznemu i duchowemu znaczeniu, fascynuj\u0105cej historii oraz temu, jak jego nauki mog\u0105 inspirowa\u0107 nas dzisiaj, zar\u00f3wno w \u017cyciu duchowym, jak i w codziennych zobowi\u0105zaniach.<\/p>\n\n\n\n<hr class=\"wp-block-separator has-alpha-channel-opacity\"\/>\n\n\n\n<h3 class=\"wp-block-heading\">Czym jest Ko\u015bci\u00f3\u0142 Katolicki Maronicki?<\/h3>\n\n\n\n<p>Ko\u015bci\u00f3\u0142 Katolicki Maronicki jest jednym z dwudziestu czterech autonomicznych Ko\u015bcio\u0142\u00f3w, kt\u00f3re tworz\u0105 Ko\u015bci\u00f3\u0142 katolicki powszechny. Nale\u017cy do wschodniego rytua\u0142u i, cho\u0107 posiada w\u0142asn\u0105 hierarchi\u0119 i tradycje, jest w pe\u0142nej \u0142\u0105czno\u015bci z papie\u017cem i Watykanem. Ko\u015bci\u00f3\u0142 ten powsta\u0142 w g\u00f3rach Libanu, gdzie zapu\u015bci\u0142 korzenie i rozkwit\u0142, zachowuj\u0105c charakterystyczn\u0105 to\u017csamo\u015b\u0107, kt\u00f3ra \u0142\u0105czy zasady katolickie z siln\u0105 to\u017csamo\u015bci\u0105 kulturow\u0105 arabsk\u0105 i semick\u0105.<\/p>\n\n\n\n<p>Ko\u015bci\u00f3\u0142 Maronicki jest jednym z ko\u015bcio\u0142\u00f3w Bliskiego Wschodu, kt\u00f3ry zdo\u0142a\u0142 zachowa\u0107 swoj\u0105 wiar\u0119 i autonomi\u0119 w regionie, gdzie chrze\u015bcija\u0144stwo jest mniejszo\u015bci\u0105 i cz\u0119sto poddawane spo\u0142ecznym i politycznym presjom. Z oko\u0142o trzema milionami wiernych na ca\u0142ym \u015bwiecie, Ko\u015bci\u00f3\u0142 Maronicki jest wsp\u00f3lnot\u0105 \u017cyw\u0105 i aktywn\u0105, obecn\u0105 zar\u00f3wno na Bliskim Wschodzie, jak i w diasporze, szczeg\u00f3lnie w krajach takich jak Stany Zjednoczone, Australia, Brazylia i Argentyna.<\/p>\n\n\n\n<hr class=\"wp-block-separator has-alpha-channel-opacity\"\/>\n\n\n\n<h3 class=\"wp-block-heading\">\u015awi\u0119ty Maron i Duchowa Geneza<\/h3>\n\n\n\n<p>Aby zrozumie\u0107 to\u017csamo\u015b\u0107 maronick\u0105, niezb\u0119dne jest poznanie \u017cycia i dzie\u0142a jej za\u0142o\u017cyciela, \u015bw. Marona. \u015awi\u0119ty Maron by\u0142 eremit\u0105 i ascet\u0105, kt\u00f3ry \u017cy\u0142 w IV wieku w regionie Syrii. Tradycja przedstawia go jako cz\u0142owieka g\u0142\u0119bokiej modlitwy, kt\u00f3ry prowadzi\u0142 \u017cycie ascetyczne z wielk\u0105 pobo\u017cno\u015bci\u0105, a tak\u017ce by\u0142 znany ze swojej charytatywno\u015bci i cud\u00f3w uzdrowienia. Dzi\u0119ki swojemu \u017cyciu i naukom \u015bw. Maron zainspirowa\u0142 wielu, tworz\u0105c wsp\u00f3lnot\u0119 swoich uczni\u00f3w, znan\u0105 jako \u201emaronici\u201d.<\/p>\n\n\n\n<p>Po \u015bmierci \u015bw. Marona jego uczniowie stawili czo\u0142a licznym prze\u015bladowaniom, a wielu z nich wyemigrowa\u0142o do Libanu, gdzie zak\u0142ada\u0142o klasztory i wsp\u00f3lnoty w g\u00f3rach, zachowuj\u0105c duchowo\u015b\u0107 i nauki swojego mistrza. To dziedzictwo sta\u0142o si\u0119 fundamentem tego, co dzi\u015b nazywamy Ko\u015bcio\u0142em Maronickim, charakteryzuj\u0105cym si\u0119 swoj\u0105 liturgi\u0105, duchowo\u015bci\u0105 i g\u0142\u0119bokim poczuciem to\u017csamo\u015bci.<\/p>\n\n\n\n<hr class=\"wp-block-separator has-alpha-channel-opacity\"\/>\n\n\n\n<h3 class=\"wp-block-heading\">Liturgia Maronicka: \u0141\u0105cze z Wczesnym Chrze\u015bcija\u0144stwem<\/h3>\n\n\n\n<p>Jednym z najbardziej wyr\u00f3\u017cniaj\u0105cych si\u0119 aspekt\u00f3w Ko\u015bcio\u0142a Maronickiego jest jego liturgia, oparta na rytuale antyoche\u0144skim. Liturgia ta odprawiana jest w syryjskim, dialekcie aramejskim, j\u0119zyku, kt\u00f3rym pos\u0142ugiwa\u0142 si\u0119 Jezus. Ten aspekt \u0142\u0105czy maronit\u00f3w bezpo\u015brednio z korzeniami chrze\u015bcija\u0144stwa i z samym j\u0119zykiem, w kt\u00f3rym Chrystus g\u0142osi\u0142 swoj\u0105 nauk\u0119.<\/p>\n\n\n\n<p>Liturgia maronicka jest g\u0142\u0119bokim do\u015bwiadczeniem spotkania z sacrum, w kt\u00f3rym tajemnica Eucharystii jest prze\u017cywana w spos\u00f3b intensywny i wsp\u00f3lnotowy. Centralne miejsce Eucharystii w wierzeniach maronit\u00f3w zaprasza wiernych do ci\u0105g\u0142ego \u017cycia sakramentalnego i bliskiej wi\u0119zi z Chrystusem, kt\u00f3ry jest postrzegany jako duchowe pokarm i znak jedno\u015bci z innymi wiernymi. Ponadto struktura i symbolika tej liturgii zawiera elementy tradycji prawos\u0142awnej, podczas gdy pobo\u017cno\u015b\u0107 w odniesieniu do postaci \u015bw. Piotra i \u0142\u0105czno\u015b\u0107 z papie\u017cem podkre\u015blaj\u0105 przynale\u017cno\u015b\u0107 do Ko\u015bcio\u0142a katolickiego.<\/p>\n\n\n\n<p>Dla katolik\u00f3w maronit\u00f3w liturgia nie jest jedynie rytua\u0142em lub seri\u0105 modlitw, lecz duchowym do\u015bwiadczeniem, kt\u00f3re przypomina o naszej \u0142\u0105czno\u015bci z ca\u0142ym Ko\u015bcio\u0142em przez sakramenty, a zw\u0142aszcza z Chrystusem w Eucharystii, \u201e\u017ar\u00f3dle i szczycie\u201d \u017cycia chrze\u015bcija\u0144skiego, jak naucza\u0142 Sob\u00f3r Watyka\u0144ski II.<\/p>\n\n\n\n<hr class=\"wp-block-separator has-alpha-channel-opacity\"\/>\n\n\n\n<h3 class=\"wp-block-heading\">Duchowo\u015b\u0107 Maronicka: Asceza i Wsp\u00f3lnota<\/h3>\n\n\n\n<p>Duchowo\u015b\u0107 maronicka charakteryzuje si\u0119 poczuciem ascezy i g\u0142\u0119bok\u0105 wi\u0119zi\u0105 z stworzeniem. Zainspirowani \u017cyciem monastycznym \u015bw. Marona i jego pierwszych uczni\u00f3w, maronici ceni\u0105 prostot\u0119, wyrzeczenie i s\u0142u\u017cb\u0119 bli\u017aniemu. Duchowo\u015b\u0107 maronicka nie polega tylko na modlitwie i pobo\u017cno\u015bci, ale tak\u017ce na aktywnym zaanga\u017cowaniu na rzecz sprawiedliwo\u015bci i pokoju w obliczu trudno\u015bci.<\/p>\n\n\n\n<p>Ta duchowo\u015b\u0107 ma szczeg\u00f3lne znaczenie dzisiaj, w \u015bwiecie, kt\u00f3ry coraz bardziej ceni konsumpcjonizm i indywidualizm. Maronici znajduj\u0105 w \u017cyciu wsp\u00f3lnotowym i s\u0142u\u017cbie innym spos\u00f3b na przeciwdzia\u0142anie tym tendencjom i promowanie egzystencji opartej na wiecznych warto\u015bciach, takich jak mi\u0142osierdzie, dobroczynno\u015b\u0107 i pok\u00f3j.<\/p>\n\n\n\n<p>Ponadto bliskie zwi\u0105zki maronit\u00f3w z ich rodzinn\u0105 ziemi\u0105, Libanem, zainspirowa\u0142y ich mi\u0142o\u015b\u0107 do stworzenia i duchowo\u015b\u0107 ekologiczn\u0105. \u017byj\u0105 oni w wdzi\u0119czno\u015bci i szacunku dla natury, pami\u0119taj\u0105c, \u017ce jest ona darem Bo\u017cym, kt\u00f3ry nale\u017cy chroni\u0107 i piel\u0119gnowa\u0107.<\/p>\n\n\n\n<hr class=\"wp-block-separator has-alpha-channel-opacity\"\/>\n\n\n\n<h3 class=\"wp-block-heading\">M\u0119cze\u0144stwo i Zaanga\u017cowanie w Wiar\u0119<\/h3>\n\n\n\n<p>Historia Ko\u015bcio\u0142a Maronickiego jest naznaczona wiekami prze\u015bladowa\u0144, zw\u0142aszcza w okresach dominacji osma\u0144skiej oraz podczas ostatnich konflikt\u00f3w w Libanie. Te cierpienia by\u0142y dla Ko\u015bcio\u0142a Maronickiego szko\u0142\u0105 wiary i wytrwa\u0142o\u015bci. Wiara maronicka przetrwa\u0142a dzi\u0119ki po\u015bwi\u0119ceniu wielu os\u00f3b, kt\u00f3re by\u0142y gotowe utrzyma\u0107 swoj\u0105 to\u017csamo\u015b\u0107 i wiar\u0119 w Chrystusa, nawet je\u015bli mia\u0142o to kosztowa\u0107 ich \u017cycie.<\/p>\n\n\n\n<p>Dla chrze\u015bcijan dzisiaj historia Ko\u015bcio\u0142a Maronickiego jest przypomnieniem, \u017ce prawdziwa wiara cz\u0119sto wymaga po\u015bwi\u0119ce\u0144 i wyrzecze\u0144. W \u015bwiecie, kt\u00f3ry szuka \u0142atwych dr\u00f3g, tradycja maronicka wzywa wiernych do odwa\u017cnego \u017cycia swoj\u0105 wiar\u0105 i gotowo\u015bci do jej obrony, nawet w trudnych czasach.<\/p>\n\n\n\n<hr class=\"wp-block-separator has-alpha-channel-opacity\"\/>\n\n\n\n<h3 class=\"wp-block-heading\">Ko\u015bci\u00f3\u0142 Maronicki we Wsp\u00f3\u0142czesnym Kontek\u015bcie<\/h3>\n\n\n\n<p>W dzisiejszym \u015bwiecie Ko\u015bci\u00f3\u0142 Katolicki Maronicki nadal jest g\u0142osem wiary, nadziei i pojednania. Wsp\u00f3\u0142czesne wyzwania Ko\u015bcio\u0142a Maronickiego obejmuj\u0105 zachowanie swojej kultury i wiary w diasporze, prace na rzecz pokoju w regionie, kt\u00f3ry jest historycznie naznaczony konfliktami, oraz pomoc prze\u015bladowanym chrze\u015bcijanom na Bliskim Wschodzie.<\/p>\n\n\n\n<p>Ponadto Ko\u015bci\u00f3\u0142 Maronicki ma szczeg\u00f3ln\u0105 misj\u0119 ekumeniczn\u0105, poniewa\u017c jego historia sprawi\u0142a, \u017ce sta\u0142 si\u0119 pomostem mi\u0119dzy tradycjami chrze\u015bcija\u0144skimi Wschodu i Zachodu. Jako Ko\u015bci\u00f3\u0142 w jedno\u015bci z Rzymem, ale g\u0142\u0119boko zakorzeniony na Bliskim Wschodzie, maronici pomagaj\u0105 budowa\u0107 jedno\u015b\u0107 w\u015br\u00f3d chrze\u015bcijan i promuj\u0105 dialog z innymi religiami, szczeg\u00f3lnie z islamem.<\/p>\n\n\n\n<hr class=\"wp-block-separator has-alpha-channel-opacity\"\/>\n\n\n\n<h3 class=\"wp-block-heading\">Praktyczne Zastosowania w Naszym \u017byciu Duchowym<\/h3>\n\n\n\n<p><strong>1. Eucharystia jako Centrum \u017bycia:<\/strong> Pobo\u017cno\u015b\u0107 maronicka wobec Eucharystii zach\u0119ca nas do priorytetowego traktowania tego sakramentu w naszym \u017cyciu, znajduj\u0105c w nim duchow\u0105 si\u0142\u0119 i jedno\u015b\u0107 wsp\u00f3lnoty. Uczestnicz\u0105c cz\u0119\u015bciej w Eucharystii, mo\u017cemy znale\u017a\u0107 pok\u00f3j i wsparcie, kt\u00f3re s\u0105 nam potrzebne, by \u017cy\u0107 nasz\u0105 wiar\u0105 w codziennym \u017cyciu.<\/p>\n\n\n\n<p><strong>2. \u017bycie Proste i S\u0142u\u017cba:<\/strong> Zainspirowani \u017cyciem ascetycznym \u015bw. Marona, mo\u017cemy praktykowa\u0107 prostszy styl \u017cycia, uwalniaj\u0105c si\u0119 od tego, co zb\u0119dne, i dziel\u0105c si\u0119 z tymi, kt\u00f3rzy maj\u0105 mniej. To wyrzeczenie si\u0119 rzeczy materialnych pozwala nam otworzy\u0107 serca na Boga i na innych.<\/p>\n\n\n\n<p><strong>3. Zaanga\u017cowanie w Sprawiedliwo\u015b\u0107 i Pok\u00f3j:<\/strong> Ko\u015bci\u00f3\u0142 Maronicki przypomina, \u017ce wiara nie jest ucieczk\u0105 od problem\u00f3w, lecz aktywnym zaanga\u017cowaniem w \u015bwiecie. W naszych wsp\u00f3lnotach mo\u017cemy pracowa\u0107 na rzecz pokoju, sprawiedliwo\u015bci i solidarno\u015bci, staraj\u0105c si\u0119 by\u0107 narz\u0119dziami pojednania i mi\u0142o\u015bci w naszych rodzinach, miejscach pracy i miastach.<\/p>\n\n\n\n<p><strong>4. Mi\u0142o\u015b\u0107 i Dba\u0142o\u015b\u0107 o Stworzenie:<\/strong> Podobnie jak maronici, mo\u017cemy rozwija\u0107 duchowo\u015b\u0107 ekologiczn\u0105, kt\u00f3ra ceni i szanuje \u015brodowisko, pami\u0119taj\u0105c, \u017ce stworzenie jest darem od Boga, kt\u00f3ry nale\u017cy chroni\u0107.<\/p>\n\n\n\n<hr class=\"wp-block-separator has-alpha-channel-opacity\"\/>\n\n\n\n<h3 class=\"wp-block-heading\">Zako\u0144czenie: Wiara, Kt\u00f3ra Inspirowa\u0142a i Wzywa do Bycia Lepszymi<\/h3>\n\n\n\n<p>Ko\u015bci\u00f3\u0142 Katolicki Maronicki jest \u017cywym \u015bwiadectwem wytrwa\u0142o\u015bci, wiary i mi\u0142o\u015bci. Przez swoj\u0105 histori\u0119 i duchowo\u015b\u0107 ten Ko\u015bci\u00f3\u0142 inspiruje nas do \u017cycia prawdziw\u0105, zaanga\u017cowan\u0105 wiar\u0105, szukaj\u0105c komunii z Bogiem i z innymi. W \u015bwiecie, kt\u00f3ry nieustannie si\u0119 zmienia i cz\u0119sto jest niepewny, przyk\u0142ad Ko\u015bcio\u0142a Maronickiego przypomina nam, \u017ce mi\u0142o\u015b\u0107 Chrystusa przekracza kultury, j\u0119zyki i granice.<\/p>\n\n\n\n<p>Zach\u0119ta Ko\u015bcio\u0142a Maronickiego, by \u017cy\u0107 wiar\u0105 pe\u0142n\u0105 mi\u0142o\u015bci, wyzwa\u0144 i nadziei, stawia przed nami wszystkich \u2013 niezale\u017cnie od pochodzenia \u2013 zadanie, by pog\u0142\u0119bia\u0107 nasz\u0105 relacj\u0119 z Bogiem i \u017cy\u0107 w wi\u0119kszej wdzi\u0119czno\u015bci, hojno\u015bci i pokoju. Niech to maronickie dziedzictwo inspiruje nasz\u0105 chrze\u015bcija\u0144sk\u0105 drog\u0119 i umacnia nas w postanowieniu \u017cycia w wierze i nadziei.<\/p>\n","protected":false},"excerpt":{"rendered":"<p>W tak r\u00f3\u017cnorodnym i po\u0142\u0105czonym \u015bwiecie, jak nasz, chrze\u015bcija\u0144stwo wyra\u017ca si\u0119 poprzez r\u00f3\u017cnorodne tradycje i rytua\u0142y, kt\u00f3re wzbogacaj\u0105 jego dziedzictwo i wyra\u017caj\u0105 wiar\u0119 w autentyczny spos\u00f3b. Jedn\u0105 z takich tradycji jest Ko\u015bci\u00f3\u0142 Katolicki Maronicki, wsp\u00f3lnota g\u0142\u0119boko zakorzeniona w duchowo\u015bci i kulturze Bliskiego Wschodu. Przez wieki Ko\u015bci\u00f3\u0142 ten zachowa\u0142 swoj\u0105 unikaln\u0105 to\u017csamo\u015b\u0107 wiary i kultury, \u015bci\u015ble &hellip;<\/p>\n","protected":false},"author":3,"featured_media":1265,"comment_status":"open","ping_status":"open","sticky":false,"template":"","format":"standard","meta":{"_seopress_robots_primary_cat":"","_seopress_titles_title":"","_seopress_titles_desc":"","_seopress_robots_index":"","footnotes":""},"categories":[38,48],"tags":[152],"class_list":["post-1264","post","type-post","status-publish","format-standard","has-post-thumbnail","","category-historia-i-tradycja","category-historia-kosciola","tag-kosciol-katolicki-maronicki"],"_links":{"self":[{"href":"https:\/\/catholicus.eu\/pl\/wp-json\/wp\/v2\/posts\/1264","targetHints":{"allow":["GET"]}}],"collection":[{"href":"https:\/\/catholicus.eu\/pl\/wp-json\/wp\/v2\/posts"}],"about":[{"href":"https:\/\/catholicus.eu\/pl\/wp-json\/wp\/v2\/types\/post"}],"author":[{"embeddable":true,"href":"https:\/\/catholicus.eu\/pl\/wp-json\/wp\/v2\/users\/3"}],"replies":[{"embeddable":true,"href":"https:\/\/catholicus.eu\/pl\/wp-json\/wp\/v2\/comments?post=1264"}],"version-history":[{"count":1,"href":"https:\/\/catholicus.eu\/pl\/wp-json\/wp\/v2\/posts\/1264\/revisions"}],"predecessor-version":[{"id":1266,"href":"https:\/\/catholicus.eu\/pl\/wp-json\/wp\/v2\/posts\/1264\/revisions\/1266"}],"wp:featuredmedia":[{"embeddable":true,"href":"https:\/\/catholicus.eu\/pl\/wp-json\/wp\/v2\/media\/1265"}],"wp:attachment":[{"href":"https:\/\/catholicus.eu\/pl\/wp-json\/wp\/v2\/media?parent=1264"}],"wp:term":[{"taxonomy":"category","embeddable":true,"href":"https:\/\/catholicus.eu\/pl\/wp-json\/wp\/v2\/categories?post=1264"},{"taxonomy":"post_tag","embeddable":true,"href":"https:\/\/catholicus.eu\/pl\/wp-json\/wp\/v2\/tags?post=1264"}],"curies":[{"name":"wp","href":"https:\/\/api.w.org\/{rel}","templated":true}]}}