{"id":1261,"date":"2024-11-08T23:20:30","date_gmt":"2024-11-08T22:20:30","guid":{"rendered":"https:\/\/catholicus.eu\/pl\/?p=1261"},"modified":"2024-11-08T23:20:30","modified_gmt":"2024-11-08T22:20:30","slug":"swiety-marcin-de-porres-swiety-wspolczucia-i-pokory-na-nasze-czasy","status":"publish","type":"post","link":"https:\/\/catholicus.eu\/pl\/swiety-marcin-de-porres-swiety-wspolczucia-i-pokory-na-nasze-czasy\/","title":{"rendered":"\u015awi\u0119ty Marcin de Porres: \u015awi\u0119ty Wsp\u00f3\u0142czucia i Pokory na Nasze Czasy"},"content":{"rendered":"\n<p>\u015awi\u0119ty Marcin de Porres, znany jako \u201e\u015awi\u0119ty od Miot\u0142y,\u201d jest jednym z najbardziej ukochanych \u015bwi\u0119tych Ko\u015bcio\u0142a katolickiego. Ten skromny peruwia\u0144ski brat dominika\u0144ski, syn hiszpa\u0144skiego szlachcica i niewolnicy pochodzenia afryka\u0144skiego, \u017cy\u0142 w XVI wieku w Limie, w Peru. Jego \u017cycie jest \u015bwiadectwem mi\u0142o\u015bci i pokory w dzia\u0142aniu, a jego historia g\u0142\u0119boko porusza wsp\u00f3\u0142czesny \u015bwiat, naznaczony podzia\u0142ami i nier\u00f3wno\u015bciami. \u015awi\u0119ty Marcin jest przyk\u0142adem na to, \u017ce mi\u0142o\u015b\u0107 i wsp\u00f3\u0142czucie mog\u0105 przezwyci\u0119\u017cy\u0107 wszelkie bariery rasowe, spo\u0142eczne czy ekonomiczne.<\/p>\n\n\n\n<p>W tym artykule przyjrzymy si\u0119 jego \u017cyciu i dziedzictwu, rozwa\u017caj\u0105c jego znaczenie teologiczne oraz to, jak mo\u017cemy zastosowa\u0107 jego nauki w naszym codziennym \u017cyciu, aby \u017cy\u0107 zaanga\u017cowan\u0105 i g\u0142\u0119bok\u0105 wiar\u0105.<\/p>\n\n\n\n<h3 class=\"wp-block-heading\">1. \u017bycie \u015awi\u0119tego Marcina de Porres: Pokora i S\u0142u\u017cba<\/h3>\n\n\n\n<p>Marcin de Porres urodzi\u0142 si\u0119 w Limie w 1579 roku. Od najm\u0142odszych lat musia\u0142 zmierzy\u0107 si\u0119 ze stygmatem dyskryminacji rasowej, gdy\u017c jego ojciec, hiszpa\u0144ski szlachcic, pocz\u0105tkowo nie uzna\u0142 swoich dzieci o mieszanym pochodzeniu. Jego matka, by\u0142a niewolnica pochodzenia afryka\u0144skiego, pracowa\u0142a jako praczka, a Marcin dorasta\u0142 w ub\u00f3stwie. Jednak zamiast zniech\u0119ca\u0107 si\u0119 przeciwno\u015bciami losu, Marcin widzia\u0142 w nich okazj\u0119 do zbli\u017cenia si\u0119 do Boga przez pokor\u0119 i s\u0142u\u017cb\u0119 bli\u017anim.<\/p>\n\n\n\n<p>Od dzieci\u0144stwa Marcin przejawia\u0142 g\u0142\u0119bok\u0105 pobo\u017cno\u015b\u0107 i szczeg\u00f3lne sk\u0142onno\u015bci do opieki nad chorymi. W wieku pi\u0119tnastu lat wst\u0105pi\u0142 do zakonu dominikan\u00f3w jako brat zakonny, gdzie po\u015bwi\u0119ca\u0142 si\u0119 najskromniejszym pracom, takim jak sprz\u0105tanie i dbanie o klasztor, zyskuj\u0105c przydomek \u201eBrat Miot\u0142a\u201d. Jego pokora i zdolno\u015b\u0107 niesienia pomocy potrzebuj\u0105cym szybko go jednak wyr\u00f3\u017cni\u0142y, a jego s\u0142awa \u015bwi\u0119to\u015bci rozprzestrzeni\u0142a si\u0119 w\u015br\u00f3d mieszka\u0144c\u00f3w Limy.<\/p>\n\n\n\n<h4 class=\"wp-block-heading\">Oddanie Ubogim i Chorym<\/h4>\n\n\n\n<p>\u015awi\u0119ty Marcin po\u015bwi\u0119ci\u0142 swoje \u017cycie opiece nad najbiedniejszymi i chorymi. W czasach, gdy tr\u0105d i inne choroby zaka\u017ane powodowa\u0142y wykluczenie spo\u0142eczne, oferowa\u0142 mi\u0142o\u015b\u0107 i opiek\u0119, buduj\u0105c nawet ma\u0142y szpital, aby pomaga\u0107 potrzebuj\u0105cym. Mia\u0142 tak\u017ce szczeg\u00f3lne uczucie dla zwierz\u0105t i natury, okazuj\u0105c szacunek i mi\u0142o\u015b\u0107 dla ca\u0142ego stworzenia Bo\u017cego.<\/p>\n\n\n\n<p>Marcin by\u0142 r\u00f3wnie\u017c obro\u0144c\u0105 r\u00f3wno\u015bci, traktuj\u0105c wszystkich, niezale\u017cnie od rasy czy pozycji spo\u0142ecznej, z jednakow\u0105 mi\u0142o\u015bci\u0105 i szacunkiem. Jego zdolno\u015b\u0107 do godzenia ludzi w konfliktach i dar doradztwa uczyni\u0142y go mediatorem i cz\u0142owiekiem pokoju.<\/p>\n\n\n\n<h3 class=\"wp-block-heading\">2. Teologiczne Znaczenie \u015awi\u0119tego Marcina de Porres<\/h3>\n\n\n\n<p>\u015awi\u0119ty Marcin de Porres przedstawia istotn\u0105 dla \u017cycia chrze\u015bcija\u0144skiego warto\u015b\u0107: wsp\u00f3\u0142czuj\u0105c\u0105 i bezinteresown\u0105 mi\u0142o\u015b\u0107, kt\u00f3ra dostrzega w pokornych oblicze Chrystusa. Jego \u017cycie przypomina nam, \u017ce wszyscy jeste\u015bmy powo\u0142ani do bycia \u201e\u015bwi\u0119tymi codzienno\u015bci,\u201d jak m\u00f3wi\u0142 papie\u017c Franciszek, kochaj\u0105c i s\u0142u\u017c\u0105c ludziom wok\u00f3\u0142 nas, niezale\u017cnie od ich warunk\u00f3w.<\/p>\n\n\n\n<h4 class=\"wp-block-heading\">\u015awi\u0119to\u015b\u0107 w Codzienno\u015bci<\/h4>\n\n\n\n<p>Jednym z wielkich przes\u0142a\u0144 \u015awi\u0119tego Marcina jest jego przyk\u0142ad \u015bwi\u0119to\u015bci w codzienno\u015bci. W czasach, gdy cz\u0119sto kojarzymy \u015bwi\u0119to\u015b\u0107 z wielkimi czynami lub publicznym uznaniem, \u015awi\u0119ty Marcin uczy nas, \u017ce prawdziwa wielko\u015b\u0107 tkwi w s\u0142u\u017cbie bli\u017anim w spos\u00f3b prosty, bez szukania chwa\u0142y. Jego przyk\u0142ad pokazuje, \u017ce ka\u017cdy ma\u0142y akt mi\u0142o\u015bci, cho\u0107by najskromniejszy, ma niesko\u0144czon\u0105 warto\u015b\u0107 w oczach Boga.<\/p>\n\n\n\n<h4 class=\"wp-block-heading\">Mi\u0142o\u015b\u0107 i R\u00f3wno\u015b\u0107<\/h4>\n\n\n\n<p>Mi\u0142o\u015b\u0107 do ubogich i zaanga\u017cowanie na rzecz sprawiedliwo\u015bci spo\u0142ecznej to fundamentalne aspekty \u017cycia \u015awi\u0119tego Marcina. W \u015bwiecie nadal naznaczonym dyskryminacj\u0105 rasow\u0105 i nier\u00f3wno\u015bciami ekonomicznymi, jego \u017cycie zaprasza nas, by\u015bmy dostrzegali w ka\u017cdej osobie dziecko Bo\u017ce i anga\u017cowali si\u0119 na rzecz sprawiedliwo\u015bci. Marcin nie waha\u0142 si\u0119 podej\u015b\u0107 do najbardziej wykluczonych i odrzuconych, a jego \u017cycie odzwierciedla uniwersalno\u015b\u0107 mi\u0142o\u015bci chrze\u015bcija\u0144skiej.<\/p>\n\n\n\n<h4 class=\"wp-block-heading\">Modlitwa i Wewn\u0119trzny Spok\u00f3j<\/h4>\n\n\n\n<p>Chocia\u017c \u015awi\u0119ty Marcin by\u0142 znany ze swojej s\u0142u\u017cby innym, by\u0142 r\u00f3wnie\u017c cz\u0142owiekiem g\u0142\u0119bokiej modlitwy. Sp\u0119dza\u0142 d\u0142ugie godziny na adoracji Naj\u015bwi\u0119tszego Sakramentu i w osobistej modlitwie, szukaj\u0105c w ciszy si\u0142y do kontynuowania swojej misji. Ten aspekt jego \u017cycia pokazuje nam, \u017ce dzia\u0142anie i kontemplacja nie s\u0105 dwoma odr\u0119bnymi drogami, lecz wzajemnie si\u0119 wzbogacaj\u0105. Aby s\u0142u\u017cy\u0107 z hojno\u015bci\u0105, potrzebujemy blisko\u015bci z Bogiem, kt\u00f3ry daje nam si\u0142\u0119 i mi\u0142o\u015b\u0107, by dawa\u0107 siebie innym.<\/p>\n\n\n\n<h3 class=\"wp-block-heading\">3. Lekcje \u015awi\u0119tego Marcina de Porres dla Naszego Codziennego \u017bycia<\/h3>\n\n\n\n<p>\u017bycie \u015awi\u0119tego Marcina oferuje praktyczne nauki, kt\u00f3re mog\u0105 przemieni\u0107 nasze \u017cycie i przybli\u017cy\u0107 nas do Boga. Oto kilka sposob\u00f3w, w jakie mo\u017cemy zastosowa\u0107 jego przyk\u0142ad na co dzie\u0144.<\/p>\n\n\n\n<h4 class=\"wp-block-heading\">Praktykowanie Pokory i Prostoty<\/h4>\n\n\n\n<p>\u015awi\u0119ty Marcin uczy nas, \u017ce nie potrzebujemy wielkich rzeczy, aby by\u0107 szcz\u0119\u015bliwymi lub zbli\u017cy\u0107 si\u0119 do Boga. Jego przyk\u0142ad prostoty i pokory zach\u0119ca nas, by \u017cy\u0107 bez przywi\u0105zania do d\u00f3br materialnych i cieszy\u0107 si\u0119 ma\u0142ymi rzeczami. Mo\u017cemy zastosowa\u0107 t\u0119 nauk\u0119, staraj\u0105c si\u0119 o pokor\u0119 w naszych dzia\u0142aniach i b\u0119d\u0105c wdzi\u0119cznymi za to, co mamy, zamiast ci\u0105gle martwi\u0107 si\u0119 tym, czego nam brakuje.<\/p>\n\n\n\n<h4 class=\"wp-block-heading\">S\u0142u\u017cba Innym, Zw\u0142aszcza Najbardziej Potrzebuj\u0105cym<\/h4>\n\n\n\n<p>S\u0142u\u017cba ubogim i chorym by\u0142a priorytetem w \u017cyciu \u015awi\u0119tego Marcina. W naszym kontek\u015bcie mo\u017cemy na\u015bladowa\u0107 jego przyk\u0142ad, zbli\u017caj\u0105c si\u0119 do ludzi potrzebuj\u0105cych, oferuj\u0105c nasz czas, zasoby i wsparcie. Nie zawsze oznacza to wielkie akty mi\u0142osierdzia; czasem proste s\u0142owo wsparcia lub drobna pomoc mog\u0105 mie\u0107 ogromne znaczenie.<\/p>\n\n\n\n<h4 class=\"wp-block-heading\">Widzie\u0107 Chrystusa w Ka\u017cdej Osobie<\/h4>\n\n\n\n<p>Jedn\u0105 z najg\u0142\u0119bszych lekcji \u015awi\u0119tego Marcina jest jego zdolno\u015b\u0107 dostrzegania Chrystusa w ka\u017cdej osobie, niezale\u017cnie od rasy, statusu spo\u0142ecznego czy wygl\u0105du. W \u015bwiecie, kt\u00f3ry cz\u0119sto os\u0105dza i dyskryminuje, mo\u017cemy praktykowa\u0107 t\u0119 cnot\u0119, staraj\u0105c si\u0119 dostrzega\u0107 godno\u015b\u0107 i warto\u015b\u0107 ka\u017cdej osoby, traktuj\u0105c j\u0105 z tak\u0105 sam\u0105 mi\u0142o\u015bci\u0105 i szacunkiem, jak\u0105 okazaliby\u015bmy samemu Chrystusowi.<\/p>\n\n\n\n<h4 class=\"wp-block-heading\">Poszukiwanie Boga w Ciszy i Modlitwie<\/h4>\n\n\n\n<p>\u015awi\u0119ty Marcin by\u0142 cz\u0142owiekiem g\u0142\u0119bokiej modlitwy i wewn\u0119trznego spokoju. Mimo swego pe\u0142nego obowi\u0105zk\u00f3w \u017cycia zawsze znajdowa\u0142 czas, aby przebywa\u0107 w obecno\u015bci Boga. Jego przyk\u0142ad zaprasza nas, by\u015bmy zatrzymali si\u0119 w naszej codziennej rutynie, by po\u015bwi\u0119ci\u0107 czas na modlitw\u0119, cisz\u0119 i refleksj\u0119. Dzi\u0119ki modlitwie mo\u017cemy umacnia\u0107 nasz\u0105 wi\u0119\u017a z Bogiem i odnajdywa\u0107 w Nim pok\u00f3j oraz m\u0105dro\u015b\u0107, aby sprosta\u0107 wyzwaniom \u017cycia.<\/p>\n\n\n\n<h3 class=\"wp-block-heading\">4. \u015awi\u0119ty Marcin de Porres Dzisiaj: Wz\u00f3r dla Ko\u015bcio\u0142a i \u015awiata<\/h3>\n\n\n\n<p>Dzisiaj \u017cycie i przyk\u0142ad \u015awi\u0119tego Marcina de Porres pozostaj\u0105 aktualne. W \u015bwiecie pe\u0142nym konflikt\u00f3w, nier\u00f3wno\u015bci i podzia\u0142\u00f3w, jego przyk\u0142ad mi\u0142o\u015bci, pokory i s\u0142u\u017cby pokazuje nam drog\u0119 do bardziej sprawiedliwego i braterskiego spo\u0142ecze\u0144stwa. Przypomina nam, \u017ce \u015bwi\u0119to\u015b\u0107 nie jest zarezerwowana dla nielicznych, ale jest powo\u0142aniem dla ka\u017cdego, szczeg\u00f3lnie dla tych, kt\u00f3rzy, jak on, po\u015bwi\u0119caj\u0105 si\u0119 innym z pokor\u0105 i hojno\u015bci\u0105.<\/p>\n\n\n\n<p>\u015awi\u0119ty Marcin zach\u0119ca nas tak\u017ce do zaanga\u017cowania na rzecz najubo\u017cszych i wykluczonych, do niesienia pomocy tym, kt\u00f3rzy cierpi\u0105, i do dzia\u0142ania z mi\u0142osierdziem i sprawiedliwo\u015bci\u0105. W jego \u017cyciu znajdujemy dow\u00f3d na to, \u017ce prawdziwa mi\u0142o\u015b\u0107 nie zna granic, a ka\u017cdy z nas mo\u017ce by\u0107 narz\u0119dziem pokoju i pojednania w swoim otoczeniu.<\/p>\n\n\n\n<h3 class=\"wp-block-heading\">Zako\u0144czenie: \u017bycie Dziedzictwem \u015awi\u0119tego Marcina de Porres<\/h3>\n\n\n\n<p>\u015awi\u0119ty Marcin de Porres inspiruje nas do \u017cycia naznaczonego mi\u0142o\u015bci\u0105, pokor\u0105 i s\u0142u\u017cb\u0105. Jego historia przypomina nam, \u017ce niezale\u017cnie od naszej sytuacji spo\u0142ecznej czy przesz\u0142o\u015bci, mo\u017cemy zmienia\u0107 \u015bwiat, je\u015bli pozwolimy, aby mi\u0142o\u015b\u0107 Boga przemienia\u0142a nasze \u017cycie.<\/p>\n\n\n\n<p>Dzi\u015b \u015awi\u0119ty Marcin zaprasza nas, aby\u015bmy poszli za jego przyk\u0142adem i uczynili nasze \u017cycie ofiar\u0105 mi\u0142o\u015bci dla innych, s\u0142u\u017cyli z pokor\u0105 i rado\u015bci\u0105, dostrzegali Chrystusa w ka\u017cdej osobie oraz odnajdywali w modlitwie si\u0142\u0119 do dalszej drogi. Jak w XVI wieku, tak i dzi\u015b jego \u017cycie pokazuje nam, \u017ce prawdziwa wielko\u015b\u0107 tkwi w s\u0142u\u017cbie, a \u015bwi\u0119to\u015b\u0107 mo\u017cna osi\u0105gn\u0105\u0107 w codziennych gestach, oddaj\u0105c codziennie co\u015b z siebie innym.<\/p>\n","protected":false},"excerpt":{"rendered":"<p>\u015awi\u0119ty Marcin de Porres, znany jako \u201e\u015awi\u0119ty od Miot\u0142y,\u201d jest jednym z najbardziej ukochanych \u015bwi\u0119tych Ko\u015bcio\u0142a katolickiego. Ten skromny peruwia\u0144ski brat dominika\u0144ski, syn hiszpa\u0144skiego szlachcica i niewolnicy pochodzenia afryka\u0144skiego, \u017cy\u0142 w XVI wieku w Limie, w Peru. Jego \u017cycie jest \u015bwiadectwem mi\u0142o\u015bci i pokory w dzia\u0142aniu, a jego historia g\u0142\u0119boko porusza wsp\u00f3\u0142czesny \u015bwiat, naznaczony podzia\u0142ami &hellip;<\/p>\n","protected":false},"author":3,"featured_media":1262,"comment_status":"open","ping_status":"open","sticky":false,"template":"","format":"standard","meta":{"_seopress_robots_primary_cat":"","_seopress_titles_title":"","_seopress_titles_desc":"","_seopress_robots_index":"","footnotes":""},"categories":[40,61],"tags":[151],"class_list":["post-1261","post","type-post","status-publish","format-standard","has-post-thumbnail","","category-modlitwa-i-duchowosc","category-swieci-i-kalendarz-liturgiczny","tag-swiety-marcin-de-porres"],"_links":{"self":[{"href":"https:\/\/catholicus.eu\/pl\/wp-json\/wp\/v2\/posts\/1261","targetHints":{"allow":["GET"]}}],"collection":[{"href":"https:\/\/catholicus.eu\/pl\/wp-json\/wp\/v2\/posts"}],"about":[{"href":"https:\/\/catholicus.eu\/pl\/wp-json\/wp\/v2\/types\/post"}],"author":[{"embeddable":true,"href":"https:\/\/catholicus.eu\/pl\/wp-json\/wp\/v2\/users\/3"}],"replies":[{"embeddable":true,"href":"https:\/\/catholicus.eu\/pl\/wp-json\/wp\/v2\/comments?post=1261"}],"version-history":[{"count":1,"href":"https:\/\/catholicus.eu\/pl\/wp-json\/wp\/v2\/posts\/1261\/revisions"}],"predecessor-version":[{"id":1263,"href":"https:\/\/catholicus.eu\/pl\/wp-json\/wp\/v2\/posts\/1261\/revisions\/1263"}],"wp:featuredmedia":[{"embeddable":true,"href":"https:\/\/catholicus.eu\/pl\/wp-json\/wp\/v2\/media\/1262"}],"wp:attachment":[{"href":"https:\/\/catholicus.eu\/pl\/wp-json\/wp\/v2\/media?parent=1261"}],"wp:term":[{"taxonomy":"category","embeddable":true,"href":"https:\/\/catholicus.eu\/pl\/wp-json\/wp\/v2\/categories?post=1261"},{"taxonomy":"post_tag","embeddable":true,"href":"https:\/\/catholicus.eu\/pl\/wp-json\/wp\/v2\/tags?post=1261"}],"curies":[{"name":"wp","href":"https:\/\/api.w.org\/{rel}","templated":true}]}}