{"id":1258,"date":"2024-11-08T22:36:13","date_gmt":"2024-11-08T21:36:13","guid":{"rendered":"https:\/\/catholicus.eu\/pl\/?p=1258"},"modified":"2024-11-08T22:36:13","modified_gmt":"2024-11-08T21:36:13","slug":"codzienna-rutyna-dla-pelnego-zycia-katolickiego","status":"publish","type":"post","link":"https:\/\/catholicus.eu\/pl\/codzienna-rutyna-dla-pelnego-zycia-katolickiego\/","title":{"rendered":"Codzienna rutyna dla pe\u0142nego \u017cycia katolickiego"},"content":{"rendered":"\n<p>W coraz bardziej zabieganym \u015bwiecie pe\u0142nym rozprosze\u0144 wielu katolik\u00f3w poszukuje sposobu na nie tylko praktykowanie swojej wiary, ale na \u017cycie ni\u0105 w pe\u0142ni. Jak jednak prowadzi\u0107 autentyczne, katolickie \u017cycie na co dzie\u0144? Ko\u015bci\u00f3\u0142 daje nam bogactwo nauk, praktyk duchowych i wskaz\u00f3wek, kt\u00f3re pomagaj\u0105 nam \u017cy\u0107 nasz\u0105 wiar\u0105 w spos\u00f3b autentyczny. W tym artykule przedstawiamy codzienn\u0105 rutyn\u0119 zakorzenion\u0105 w tradycji i dostosowan\u0105 do dzisiejszych czas\u00f3w, dla tych, kt\u00f3rzy chc\u0105 piel\u0119gnowa\u0107 g\u0142\u0119bokie i znacz\u0105ce \u017cycie katolickie.<\/p>\n\n\n\n<hr class=\"wp-block-separator has-alpha-channel-opacity\"\/>\n\n\n\n<h3 class=\"wp-block-heading\">1. <strong>Rozpocznij dzie\u0144 modlitw\u0105 i wdzi\u0119czno\u015bci\u0105<\/strong><\/h3>\n\n\n\n<p>Od pierwszych wiek\u00f3w tradycja chrze\u015bcija\u0144ska podkre\u015bla\u0142a znaczenie rozpoczynania dnia z Bogiem. Modlitwa poranna jest kluczowa, aby powierzy\u0107 Bogu nasze \u017cycie. Ko\u015bci\u00f3\u0142 zaleca rozpocz\u0119cie dnia Znakiem Krzy\u017ca, kr\u00f3tk\u0105, ale pot\u0119\u017cn\u0105 modlitw\u0105, kt\u00f3ra przypomina nam o naszej to\u017csamo\u015bci i celu jako dzieci Bo\u017cych.<\/p>\n\n\n\n<p><strong>Przyk\u0142ad modlitwy porannej:<\/strong><\/p>\n\n\n\n<blockquote class=\"wp-block-quote is-layout-flow wp-block-quote-is-layout-flow\">\n<p>&#8222;Panie, dzi\u0119kuj\u0119 za ten nowy dzie\u0144. Powierzam Tobie moje \u017cycie, my\u015bli i dzia\u0142ania. Prowad\u017a mnie ka\u017cdym krokiem i pom\u00f3\u017c mi spe\u0142nia\u0107 Twoj\u0105 wol\u0119.&#8221;<\/p>\n<\/blockquote>\n\n\n\n<p><strong>Praktyczna wskaz\u00f3wka:<\/strong> Po przebudzeniu po\u015bwi\u0119\u0107 kilka minut na modlitw\u0119. Je\u015bli masz trudno\u015bci, mo\u017cesz skorzysta\u0107 z aplikacji takich jak \u201eLaudate\u201d lub \u201eClick to Pray\u201d, kt\u00f3re oferuj\u0105 codzienne modlitwy i fragmenty Ewangelii.<\/p>\n\n\n\n<hr class=\"wp-block-separator has-alpha-channel-opacity\"\/>\n\n\n\n<h3 class=\"wp-block-heading\">2. <strong>Czytanie i medytacja nad S\u0142owem Bo\u017cym<\/strong><\/h3>\n\n\n\n<p>Biblia jest sercem \u017cycia chrze\u015bcija\u0144skiego, duchowym pokarmem wzmacniaj\u0105cym nasz\u0105 wiar\u0119. Codzienne czytanie i rozwa\u017canie kr\u00f3tkiego fragmentu jest kluczowe, aby pozna\u0107 Chrystusa i karmi\u0107 nasz\u0105 duchowo\u015b\u0107. \u015awi\u0119ty Hieronim mawia\u0142: \u201eNieznajomo\u015b\u0107 Pisma \u015awi\u0119tego jest nieznajomo\u015bci\u0105 Chrystusa\u201d.<\/p>\n\n\n\n<p><strong>Przyk\u0142ad codziennego czytania:<\/strong> Pod\u0105\u017caj za codziennym czytaniem Ewangelii, kt\u00f3re mo\u017cna znale\u017a\u0107 na wielu katolickich stronach internetowych lub w aplikacjach takich jak \u201eiBrewiarz\u201d.<\/p>\n\n\n\n<p><strong>Jak medytowa\u0107:<\/strong> Przeczytaj fragment powoli. Rozwa\u017c s\u0142owa, kt\u00f3re najbardziej Ci\u0119 poruszaj\u0105, i zadaj sobie pytanie: <em>Co B\u00f3g chce mi dzisiaj przez to powiedzie\u0107?<\/em> Ta praktyka Lectio Divina pomaga przyj\u0105\u0107 S\u0142owo Bo\u017ce i uczyni\u0107 je osobistym.<\/p>\n\n\n\n<hr class=\"wp-block-separator has-alpha-channel-opacity\"\/>\n\n\n\n<h3 class=\"wp-block-heading\">3. <strong>Eucharystia: \u0179r\u00f3d\u0142o i szczyt \u017cycia chrze\u015bcija\u0144skiego<\/strong><\/h3>\n\n\n\n<p>Dla tych, kt\u00f3rzy mog\u0105, uczestnictwo w codziennej Mszy \u015awi\u0119tej jest ogromnym skarbem. Eucharystia jest \u017ar\u00f3d\u0142em i szczytem \u017cycia chrze\u015bcija\u0144skiego, gdzie otrzymujemy Chrystusa i odnawiamy nasze zobowi\u0105zanie, by by\u0107 Jego uczniami. Chocia\u017c codzienne uczestnictwo mo\u017ce nie zawsze by\u0107 mo\u017cliwe, staranie si\u0119 o udzia\u0142 przynajmniej raz lub dwa razy w tygodniu mo\u017ce g\u0142\u0119boko przemieni\u0107 \u017cycie duchowe.<\/p>\n\n\n\n<p><strong>Praktyczna wskaz\u00f3wka:<\/strong> Je\u015bli masz napi\u0119ty grafik, poszukaj ko\u015bcio\u0142\u00f3w, kt\u00f3re oferuj\u0105 Msz\u0119 wcze\u015bnie rano lub w po\u0142udnie. Wiele parafii transmituje r\u00f3wnie\u017c Msze online, co jest dodatkow\u0105 opcj\u0105 dla tych, kt\u00f3rzy maj\u0105 ma\u0142o czasu.<\/p>\n\n\n\n<hr class=\"wp-block-separator has-alpha-channel-opacity\"\/>\n\n\n\n<h3 class=\"wp-block-heading\">4. <strong>Wieczorny rachunek sumienia<\/strong><\/h3>\n\n\n\n<p>Rachunek sumienia jest star\u0105 praktyk\u0105 duchow\u0105, kt\u00f3ra pomaga przegl\u0105da\u0107 nasz dzie\u0144 w \u015bwietle Ewangelii, rozpoznawa\u0107 nasze b\u0142\u0119dy i dzi\u0119kowa\u0107 za otrzymane \u0142aski. \u015awi\u0119ty Ignacy Loyola uczy\u0142, \u017ce ten rachunek pozwala nam dostrzega\u0107 poruszenia Ducha w naszym \u017cyciu.<\/p>\n\n\n\n<p><strong>Przewodnik do rachunku sumienia:<\/strong><\/p>\n\n\n\n<ol class=\"wp-block-list\">\n<li>Podzi\u0119kuj Bogu za b\u0142ogos\u0142awie\u0144stwa danego dnia.<\/li>\n\n\n\n<li>Popro\u015b o \u0142ask\u0119 dostrze\u017cenia swoich b\u0142\u0119d\u00f3w.<\/li>\n\n\n\n<li>Przejrzyj sw\u00f3j dzie\u0144 w modlitwie: my\u015bli, s\u0142owa i czyny.<\/li>\n\n\n\n<li>Pro\u015b o przebaczenie za swoje uchybienia.<\/li>\n\n\n\n<li>Zako\u0144cz modlitw\u0105, oddaj\u0105c nast\u0119pny dzie\u0144 Bogu.<\/li>\n<\/ol>\n\n\n\n<p><strong>Praktyczna wskaz\u00f3wka:<\/strong> Po\u015bwi\u0119\u0107 pi\u0119\u0107 do dziesi\u0119ciu minut na to \u0107wiczenie przed snem. Z czasem zauwa\u017cysz, jak poprawia to Twoj\u0105 relacj\u0119 z Bogiem i innymi lud\u017ami.<\/p>\n\n\n\n<hr class=\"wp-block-separator has-alpha-channel-opacity\"\/>\n\n\n\n<h3 class=\"wp-block-heading\">5. <strong>Znaczenie R\u00f3\u017ca\u0144ca i nabo\u017ce\u0144stwo do Matki Bo\u017cej<\/strong><\/h3>\n\n\n\n<p>Nabo\u017ce\u0144stwo do Matki Bo\u017cej jest fundamentaln\u0105 cz\u0119\u015bci\u0105 duchowo\u015bci katolickiej na przestrzeni dziej\u00f3w. Modlitwa r\u00f3\u017ca\u0144cowa nie tylko przypomina nam o tajemnicach \u017cycia Chrystusa, ale r\u00f3wnie\u017c \u0142\u0105czy nas z Matk\u0105 Bo\u017c\u0105, kt\u00f3ra zawsze wstawia si\u0119 za nami.<\/p>\n\n\n\n<p><strong>Jak w\u0142\u0105czy\u0107 R\u00f3\u017caniec do swojego dnia:<\/strong> Mo\u017cesz odmawia\u0107 go w drodze do pracy, podczas przerwy lub wieczorem z rodzin\u0105. Je\u015bli ca\u0142y R\u00f3\u017caniec wydaje si\u0119 zbyt d\u0142ugi, odmawiaj tylko jedn\u0105 tajemnic\u0119 i rozwa\u017caj j\u0105.<\/p>\n\n\n\n<p><strong>Aktualne znaczenie:<\/strong> Matka Bo\u017ca jest wzorem pokory, pos\u0142usze\u0144stwa i zaufania do Boga \u2014 cn\u00f3t kluczowych we wsp\u00f3\u0142czesnym spo\u0142ecze\u0144stwie. Odmawianie R\u00f3\u017ca\u0144ca pozwala nam nie tylko prosi\u0107 j\u0105 o pomoc, ale tak\u017ce upodobni\u0107 nasze \u017cycie do Chrystusa przez jej przyk\u0142ad.<\/p>\n\n\n\n<hr class=\"wp-block-separator has-alpha-channel-opacity\"\/>\n\n\n\n<h3 class=\"wp-block-heading\">6. <strong>Dzie\u0142a mi\u0142osierdzia i s\u0142u\u017cba bli\u017anim<\/strong><\/h3>\n\n\n\n<p>\u017bycie chrze\u015bcija\u0144skie to nie tylko modlitwa, ale i dzia\u0142anie. Wiara bez uczynk\u00f3w jest martwa (por. Jk 2,26). Mi\u0142osierdzie znajduje si\u0119 w centrum \u017cycia chrze\u015bcija\u0144skiego, tak jak uczy\u0142 nas Chrystus przez swoje s\u0142owa i przyk\u0142ad. W dzisiejszym \u015bwiecie, pe\u0142nym oboj\u0119tno\u015bci, pomoc innym jest odwa\u017cnym \u015bwiadectwem wiary.<\/p>\n\n\n\n<p><strong>Praktyczne przyk\u0142ady:<\/strong><\/p>\n\n\n\n<ul class=\"wp-block-list\">\n<li>Po\u015bwi\u0119\u0107 troch\u0119 czasu na s\u0142u\u017cb\u0119 co tydzie\u0144: odwiedzaj chorych, wspieraj organizacje charytatywne, pomagaj w parafii.<\/li>\n\n\n\n<li>B\u0105d\u017a uwa\u017cny w ka\u017cdej interakcji. U\u015bmiech, s\u0142owo zach\u0119ty lub \u017cyczliwy gest mog\u0105 by\u0107 Twoim wk\u0142adem w bardziej ludzkie spo\u0142ecze\u0144stwo.<\/li>\n<\/ul>\n\n\n\n<p><strong>Inspiracja:<\/strong> \u015awi\u0119ty Wincenty \u00e0 Paulo m\u00f3wi\u0142, \u017ce powinni\u015bmy znale\u017a\u0107 Chrystusa w ubogich. A co, je\u015bli ka\u017cde spotkanie jest okazj\u0105 do mi\u0142o\u015bci tak, jak zrobi\u0142by to On?<\/p>\n\n\n\n<hr class=\"wp-block-separator has-alpha-channel-opacity\"\/>\n\n\n\n<h3 class=\"wp-block-heading\">7. <strong>Ewangelizacja w mediach spo\u0142eczno\u015bciowych: Niesienie wiary do \u015bwiata cyfrowego<\/strong><\/h3>\n\n\n\n<p>\u015awiat cyfrowy to dzisiaj miejsce spotka\u0144, a zatem tak\u017ce pole misyjne. Ewangelizacja w mediach spo\u0142eczno\u015bciowych jest wsp\u00f3\u0142czesnym sposobem dawania \u015bwiadectwa wiary. Udost\u0119pnianie inspiruj\u0105cych tre\u015bci i uczestniczenie w rozmowach z szacunkiem i mi\u0142o\u015bci\u0105 mo\u017ce by\u0107 aktem ewangelizacji.<\/p>\n\n\n\n<p><strong>Codzienne przyk\u0142ady ewangelizacji:<\/strong><\/p>\n\n\n\n<ul class=\"wp-block-list\">\n<li>Udost\u0119pnij fragment Pisma \u015awi\u0119tego, refleksj\u0119 lub inspiruj\u0105c\u0105 grafik\u0119.<\/li>\n\n\n\n<li>B\u0105d\u017a \u015bwiat\u0142em w komentarzach: unikaj spor\u00f3w, a je\u015bli konieczna jest poprawa, zr\u00f3b to \u0142agodnie.<\/li>\n\n\n\n<li>Uczestnicz w grupach lub wsp\u00f3lnotach wiary, gdzie mo\u017cesz wzrasta\u0107 duchowo i pomaga\u0107 innym na ich drodze.<\/li>\n<\/ul>\n\n\n\n<p><strong>Znaczenie teologiczne:<\/strong> Papie\u017c Franciszek okre\u015bli\u0142 media spo\u0142eczno\u015bciowe jako wsp\u00f3\u0142czesne \u201eambony\u201d do g\u0142oszenia Chrystusa. Dzi\u015b ka\u017cdy katolik ma mo\u017cliwo\u015b\u0107 i obowi\u0105zek by\u0107 misjonarzem w przestrzeni cyfrowej.<\/p>\n\n\n\n<hr class=\"wp-block-separator has-alpha-channel-opacity\"\/>\n\n\n\n<h3 class=\"wp-block-heading\">8. <strong>Zjednoczenie z wsp\u00f3lnot\u0105 i rodzin\u0105: Wzrost w wierze razem<\/strong><\/h3>\n\n\n\n<p>Pe\u0142ne \u017cycie katolickie nie jest samotn\u0105 w\u0119dr\u00f3wk\u0105. Wsp\u00f3lnota i rodzina s\u0105 kluczowe dla wzrastania w wierze. Dziel\u0105c \u017cycie z innymi chrze\u015bcijanami, wzmacniamy i wzbogacamy nasz\u0105 drog\u0119 duchow\u0105.<\/p>\n\n\n\n<p><strong>Wskaz\u00f3wki, aby promowa\u0107 wsp\u00f3lnot\u0119:<\/strong><\/p>\n\n\n\n<ul class=\"wp-block-list\">\n<li>Uczestnicz w grupach parafialnych, czy to m\u0142odzie\u017cowych, rodzinnych czy doros\u0142ych.<\/li>\n\n\n\n<li>Organizuj chwile modlitwy z rodzin\u0105, takie jak odmawianie R\u00f3\u017ca\u0144ca czy czytanie Ewangelii dnia.<\/li>\n\n\n\n<li>Bierz udzia\u0142 w rekolekcjach lub wydarzeniach duchowych, aby od\u0142\u0105czy\u0107 si\u0119 od \u015bwiata i po\u0142\u0105czy\u0107 si\u0119 z Bogiem i innymi w wierze.<\/li>\n<\/ul>\n\n\n\n<p><strong>Aktualne znaczenie:<\/strong> Rodzina i wsp\u00f3lnota to filary Ko\u015bcio\u0142a. Dzisiejsze problemy zwi\u0105zane z izolacj\u0105 i brakiem poczucia sensu znajduj\u0105 odpowied\u017a w katolickim \u017cyciu wsp\u00f3lnotowym, w kt\u00f3rym ka\u017cdy cz\u0142onek jest \u017cywym \u015bwiadkiem wiary.<\/p>\n\n\n\n<hr class=\"wp-block-separator has-alpha-channel-opacity\"\/>\n\n\n\n<h3 class=\"wp-block-heading\">Ko\u0144cowa refleksja: Budowanie pe\u0142nego \u017cycia katolickiego dzie\u0144 po dniu<\/h3>\n\n\n\n<p>\u015awi\u0119to\u015b\u0107 nie jest nieosi\u0105galnym idea\u0142em. Jak ucz\u0105 nas \u015bwi\u0119ci, znajduje si\u0119 w codzienno\u015bci: w prostej modlitwie, pracy wykonywanej z mi\u0142o\u015bci\u0105, s\u0142u\u017cbie bli\u017anim. Ta rutyna nie jest sztywn\u0105 list\u0105, ale elastycznym przewodnikiem dla tych, kt\u00f3rzy pragn\u0105 ka\u017cdego dnia zbli\u017ca\u0107 si\u0119 do Boga.<\/p>\n\n\n\n<p>Dzi\u0119ki ma\u0142ym gestom i solidnemu zaanga\u017cowaniu ka\u017cdy dzie\u0144 staje si\u0119 okazj\u0105 do prowadzenia pe\u0142nego \u017cycia katolickiego, w kt\u00f3rym B\u00f3g jest w centrum, a nasza wiara przemienia ka\u017cdy aspekt naszej egzystencji.<\/p>\n","protected":false},"excerpt":{"rendered":"<p>W coraz bardziej zabieganym \u015bwiecie pe\u0142nym rozprosze\u0144 wielu katolik\u00f3w poszukuje sposobu na nie tylko praktykowanie swojej wiary, ale na \u017cycie ni\u0105 w pe\u0142ni. Jak jednak prowadzi\u0107 autentyczne, katolickie \u017cycie na co dzie\u0144? Ko\u015bci\u00f3\u0142 daje nam bogactwo nauk, praktyk duchowych i wskaz\u00f3wek, kt\u00f3re pomagaj\u0105 nam \u017cy\u0107 nasz\u0105 wiar\u0105 w spos\u00f3b autentyczny. W tym artykule przedstawiamy codzienn\u0105 &hellip;<\/p>\n","protected":false},"author":3,"featured_media":1259,"comment_status":"open","ping_status":"open","sticky":false,"template":"","format":"standard","meta":{"_seopress_robots_primary_cat":"","_seopress_titles_title":"","_seopress_titles_desc":"","_seopress_robots_index":"","footnotes":""},"categories":[66,41],"tags":[150,149],"class_list":["post-1258","post","type-post","status-publish","format-standard","has-post-thumbnail","","category-kultura-popularna-i-katolicyzm","category-wiara-i-kultura","tag-katolickiego","tag-rutyna"],"_links":{"self":[{"href":"https:\/\/catholicus.eu\/pl\/wp-json\/wp\/v2\/posts\/1258","targetHints":{"allow":["GET"]}}],"collection":[{"href":"https:\/\/catholicus.eu\/pl\/wp-json\/wp\/v2\/posts"}],"about":[{"href":"https:\/\/catholicus.eu\/pl\/wp-json\/wp\/v2\/types\/post"}],"author":[{"embeddable":true,"href":"https:\/\/catholicus.eu\/pl\/wp-json\/wp\/v2\/users\/3"}],"replies":[{"embeddable":true,"href":"https:\/\/catholicus.eu\/pl\/wp-json\/wp\/v2\/comments?post=1258"}],"version-history":[{"count":1,"href":"https:\/\/catholicus.eu\/pl\/wp-json\/wp\/v2\/posts\/1258\/revisions"}],"predecessor-version":[{"id":1260,"href":"https:\/\/catholicus.eu\/pl\/wp-json\/wp\/v2\/posts\/1258\/revisions\/1260"}],"wp:featuredmedia":[{"embeddable":true,"href":"https:\/\/catholicus.eu\/pl\/wp-json\/wp\/v2\/media\/1259"}],"wp:attachment":[{"href":"https:\/\/catholicus.eu\/pl\/wp-json\/wp\/v2\/media?parent=1258"}],"wp:term":[{"taxonomy":"category","embeddable":true,"href":"https:\/\/catholicus.eu\/pl\/wp-json\/wp\/v2\/categories?post=1258"},{"taxonomy":"post_tag","embeddable":true,"href":"https:\/\/catholicus.eu\/pl\/wp-json\/wp\/v2\/tags?post=1258"}],"curies":[{"name":"wp","href":"https:\/\/api.w.org\/{rel}","templated":true}]}}