{"id":1201,"date":"2024-11-03T09:48:04","date_gmt":"2024-11-03T08:48:04","guid":{"rendered":"https:\/\/catholicus.eu\/pl\/?p=1201"},"modified":"2024-11-03T09:48:04","modified_gmt":"2024-11-03T08:48:04","slug":"czym-jest-rok-jubileuszowy-znaczenie-historia-i-duchowe-znaczenie-na-dzis","status":"publish","type":"post","link":"https:\/\/catholicus.eu\/pl\/czym-jest-rok-jubileuszowy-znaczenie-historia-i-duchowe-znaczenie-na-dzis\/","title":{"rendered":"Czym jest Rok Jubileuszowy? Znaczenie, Historia i Duchowe Znaczenie na Dzi\u015b"},"content":{"rendered":"\n<p>W d\u0142ugiej i bogatej tradycji Ko\u015bcio\u0142a katolickiego istniej\u0105 specjalne momenty odnowy, \u0142aski i pojednania. Jednym z takich moment\u00f3w jest Rok Jubileuszowy \u2014 czas wyj\u0105tkowy, po\u015bwi\u0119cony nawr\u00f3ceniu, mi\u0142osierdziu i umocnieniu naszej wiary. Ale czym naprawd\u0119 jest Rok Jubileuszowy? Co oznacza? Dlaczego jest wa\u017cny dla naszego \u017cycia duchowego? Odkryjmy razem jego histori\u0119 i g\u0142\u0119bok\u0105 teologiczn\u0105 wag\u0119, aby zrozumie\u0107, jak ten czas \u0142aski mo\u017cna prze\u017cywa\u0107 w codziennym \u017cyciu.<\/p>\n\n\n\n<h3 class=\"wp-block-heading\">Co to jest Rok Jubileuszowy? Definicja i Znaczenie Duchowe<\/h3>\n\n\n\n<p>Rok Jubileuszowy to szczeg\u00f3lny czas ustanowiony przez Ko\u015bci\u00f3\u0142 katolicki, po\u015bwi\u0119cony pojednaniu, nawr\u00f3ceniu i duchowej odnowie. W tym roku wierni maj\u0105 okazj\u0119 uzyska\u0107 odpust zupe\u0142ny, uczestniczy\u0107 w wydarzeniach i aktywno\u015bciach duchowych oraz zbli\u017cy\u0107 si\u0119 do swojej wiary w g\u0142\u0119bszy spos\u00f3b. To czas \u0142aski, w kt\u00f3rym B\u00f3g oferuje tym, kt\u00f3rzy zbli\u017caj\u0105 si\u0119 do Niego otwartym sercem, szczeg\u00f3ln\u0105 szans\u0119 na przebaczenie i b\u0142ogos\u0142awie\u0144stwo.<\/p>\n\n\n\n<p>Termin \u201ejubileusz\u201d wywodzi si\u0119 z hebrajskiego s\u0142owa <em>yobel<\/em>, odnosz\u0105cego si\u0119 do \u201eroku jubileuszowego\u201d w Starym Testamencie. By\u0142 to czas wyzwolenia i przywr\u00f3cenia, kiedy umarzano d\u0142ugi, zwracano ziemie pierwotnym w\u0142a\u015bcicielom, a niewolnik\u00f3w wyzwalano. W kontek\u015bcie katolickim Rok Jubileuszowy nawi\u0105zuje do tych poj\u0119\u0107 duchowej odnowy i pojednania, wzbogacaj\u0105c je chrze\u015bcija\u0144skim znaczeniem.<\/p>\n\n\n\n<h3 class=\"wp-block-heading\">Kr\u00f3tka Historia Lat Jubileuszowych w Ko\u015bciele Katolickim<\/h3>\n\n\n\n<p>Pierwszy katolicki Rok Jubileuszowy ustanowi\u0142 papie\u017c Bonifacy VIII w 1300 roku. Zainspirowany biblijn\u0105 koncepcj\u0105 jubileuszu, Bonifacy VIII zaprosi\u0142 wiernych do odbycia pielgrzymki do Rzymu, aby uzyska\u0107 odpust zupe\u0142ny, czyli ca\u0142kowite odpuszczenie kar doczesnych za grzechy ju\u017c wyznane i odpuszczone. Sukces tego wydarzenia by\u0142 tak wielki, \u017ce jubileusze zacz\u0119\u0142y by\u0107 obchodzone w odst\u0119pach 25 lub 50 lat.<\/p>\n\n\n\n<p>Jubileusze zwyczajne s\u0105 obchodzone w regularnych odst\u0119pach, jak na przyk\u0142ad Wielki Jubileusz roku 2000, og\u0142oszony przez papie\u017ca Jana Paw\u0142a II jako przygotowanie na nowe tysi\u0105clecie. Istniej\u0105 r\u00f3wnie\u017c jubileusze nadzwyczajne, og\u0142aszane przez papie\u017ca w odpowiedzi na szczeg\u00f3lne sytuacje lub potrzeby Ko\u015bcio\u0142a czy spo\u0142ecze\u0144stwa. Przyk\u0142adem jest Rok Mi\u0142osierdzia og\u0142oszony przez papie\u017ca Franciszka w 2015 roku, skoncentrowany na temacie przebaczenia i mi\u0142osierdzia.<\/p>\n\n\n\n<h3 class=\"wp-block-heading\">Teologiczne Znaczenie Roku Jubileuszowego: Mi\u0142osierdzie i Przebaczenie<\/h3>\n\n\n\n<p>Z teologicznego punktu widzenia Rok Jubileuszowy ma szczeg\u00f3lne znaczenie, gdy\u017c podkre\u015bla wezwanie do mi\u0142osierdzia i przebaczenia. Jest to zasadniczo zaproszenie do do\u015bwiadczenia bezwarunkowej mi\u0142o\u015bci Boga, do przyj\u0119cia Jego mi\u0142osierdzia i pozwolenia, by ono zmienia\u0142o nasze \u017cycie. To czas pokuty i nawr\u00f3cenia, w kt\u00f3rym jeste\u015bmy wezwani do przemy\u015blenia swojego \u017cycia, uznania swoich b\u0142\u0119d\u00f3w i otwarcia si\u0119 na przebaczenie Boga.<\/p>\n\n\n\n<p>Odpust zupe\u0142ny jest centralnym elementem Roku Jubileuszowego. Dzi\u0119ki niemu Ko\u015bci\u00f3\u0142 udziela ca\u0142kowitego odpuszczenia kar doczesnych za grzechy ju\u017c wyznane i odpuszczone. Ten akt to nie tylko rytualna praktyka, lecz wyraz g\u0142\u0119bokiego nawr\u00f3cenia i wewn\u0119trznej odnowy. Aby uzyska\u0107 odpust, konieczne s\u0105 szczera skrucha, spowied\u017a sakramentalna, uczestnictwo w Eucharystii oraz modlitwa w intencjach papie\u017ca.<\/p>\n\n\n\n<p>Papie\u017c Franciszek stwierdzi\u0142: \u201eMi\u0142osierdzie jest fundamentem, kt\u00f3ry podtrzymuje \u017cycie Ko\u015bcio\u0142a\u201d \u2014 a Rok Jubileuszowy jest okazj\u0105 do \u017cycia tym mi\u0142osierdziem w naszych relacjach, w naszym otoczeniu i w naszym codziennym \u017cyciu. Mi\u0142osierdzie nie jest tylko aktem indywidualnym; jest wezwaniem do tworzenia kultury pokoju i pojednania na \u015bwiecie.<\/p>\n\n\n\n<h3 class=\"wp-block-heading\">Drzwi \u015awi\u0119te: Symbol Nawr\u00f3cenia i Droga do Chrystusa<\/h3>\n\n\n\n<p>Charakterystycznym elementem Roku Jubileuszowego jest otwarcie Drzwi \u015awi\u0119tych. W Rzymie cztery g\u0142\u00f3wne bazyliki \u2014 \u015bw. Piotra, \u015bw. Jana na Lateranie, \u015bw. Paw\u0142a za Murami i Matki Bo\u017cej Wi\u0119kszej \u2014 posiadaj\u0105 Drzwi \u015awi\u0119te, kt\u00f3re s\u0105 otwierane jedynie podczas Lat Jubileuszowych. Przej\u015bcie przez Drzwi \u015awi\u0119te to gest symboliczny, kt\u00f3ry reprezentuje przej\u015bcie od \u017cycia w grzechu do \u017cycia w \u0142asce, drog\u0119 nawr\u00f3cenia i zaanga\u017cowania w relacj\u0119 z Chrystusem.<\/p>\n\n\n\n<p>Dla pielgrzym\u00f3w przej\u015bcie przez Drzwi \u015awi\u0119te to akt wiary i osobistego zobowi\u0105zania. Ten gest symbolizuje pragnienie porzucenia ci\u0119\u017car\u00f3w przesz\u0142o\u015bci i rozpocz\u0119cia nowego rozdzia\u0142u w relacji z Bogiem. Aby uzyska\u0107 odpust, wierni musz\u0105 tak\u017ce przyj\u0105\u0107 sakrament pokuty, uczestniczy\u0107 w Eucharystii, wykonywa\u0107 uczynki mi\u0142osierdzia oraz modli\u0107 si\u0119 w intencjach papie\u017ca, pokazuj\u0105c swoj\u0105 gotowo\u015b\u0107 na przyj\u0119cie Bo\u017cej \u0142aski.<\/p>\n\n\n\n<h3 class=\"wp-block-heading\">Jak \u017by\u0107 Rok Jubileuszowy w Codziennym \u017byciu?<\/h3>\n\n\n\n<p>Prze\u017cywanie Roku Jubileuszowego nie oznacza konieczno\u015bci odbycia fizycznej pielgrzymki, chocia\u017c wielu wybiera t\u0119 praktyk\u0119, by pog\u0142\u0119bi\u0107 swoje duchowe do\u015bwiadczenie. Istnieje wiele sposob\u00f3w na prze\u017cywanie tego szczeg\u00f3lnego czasu w codziennym \u017cyciu:<\/p>\n\n\n\n<ol class=\"wp-block-list\">\n<li><strong>Pojednanie i Przebaczenie<\/strong>: Rok Jubileuszowy zaprasza nas do szukania pojednania zar\u00f3wno z Bogiem, jak i z innymi. Sakrament spowiedzi jest istotn\u0105 cz\u0119\u015bci\u0105 tego procesu, gdy\u017c ofiarowuje nam \u0142ask\u0119 przebaczenia i duchowej odnowy. Mo\u017cemy r\u00f3wnie\u017c pracowa\u0107 nad wybaczaniem tym, kt\u00f3rzy nas zranili, i szuka\u0107 pokoju w naszych osobistych relacjach.<\/li>\n\n\n\n<li><strong>Uczynki Mi\u0142osierdzia<\/strong>: Uczynki mi\u0142osierdzia to konkretny spos\u00f3b na praktykowanie naszej wiary. Obejmuj\u0105 one zar\u00f3wno uczynki mi\u0142osierdzia cielesnego (jak nakarmienie g\u0142odnych i odwiedzanie chorych), jak i duchowego (jak pocieszanie smutnych i wybaczanie krzywd). Praktykowanie tych uczynk\u00f3w w codziennym \u017cyciu pomaga nam odzwierciedla\u0107 Bo\u017c\u0105 mi\u0142o\u015b\u0107 i wsp\u00f3\u0142czucie.<\/li>\n\n\n\n<li><strong>Modlitwa i Refleksja<\/strong>: Modlitwa jest fundamentalnym \u015brodkiem zbli\u017cania si\u0119 do Boga i otwierania si\u0119 na Jego \u0142ask\u0119. W kontek\u015bcie Roku Jubileuszowego mo\u017cemy po\u015bwi\u0119ci\u0107 wi\u0119cej czasu na modlitw\u0119, refleksj\u0119 nad naszym \u017cyciem i poszukiwanie Bo\u017cego prowadzenia. Czytanie Biblii, medytacja i adoracja eucharystyczna to praktyki polecane w tym czasie.<\/li>\n\n\n\n<li><strong>Pielgrzymka Duchowa<\/strong>: Cho\u0107 wielu wybiera fizyczne podr\u00f3\u017ce do \u015bwi\u0119tych miejsc, mo\u017cemy tak\u017ce odby\u0107 \u201epielgrzymk\u0119 wewn\u0119trzn\u0105\u201d \u2014 duchow\u0105 podr\u00f3\u017c, podczas kt\u00f3rej badamy nasze serce i pog\u0142\u0119biamy relacj\u0119 z Bogiem. Ta pielgrzymka obejmuje przemy\u015blenie naszych priorytet\u00f3w, intencji i zobowi\u0105za\u0144, zapraszaj\u0105c nas do dostosowania naszego \u017cycia do Chrystusa.<\/li>\n\n\n\n<li><strong>Zaanga\u017cowanie w Spo\u0142eczno\u015b\u0107<\/strong>: Rok Jubileuszowy jest tak\u017ce wezwaniem do wyj\u015bcia z siebie i zaanga\u017cowania si\u0119 na rzecz innych. Mo\u017cemy zaanga\u017cowa\u0107 si\u0119 w dzia\u0142alno\u015b\u0107 s\u0142u\u017cebn\u0105 na rzecz naszej wsp\u00f3lnoty, wsp\u00f3\u0142pracowa\u0107 z nasz\u0105 parafi\u0105 lub pomaga\u0107 organizacjom charytatywnym. \u017byj\u0105c tym zobowi\u0105zaniem, odzwierciedlamy mi\u0142o\u015b\u0107 Boga i aktywnie uczestniczymy w misji Ko\u015bcio\u0142a.<\/li>\n<\/ol>\n\n\n\n<p><strong>Czas Nadziei i Odnowy dla Wszystkich<\/strong><br>Rok Jubileuszowy nie jest tylko dla tych, kt\u00f3rzy ju\u017c praktykuj\u0105 wiar\u0119 w spos\u00f3b zaanga\u017cowany; to otwarte zaproszenie dla wszystkich, czas, w kt\u00f3rym Ko\u015bci\u00f3\u0142 wyci\u0105ga r\u0119k\u0119 powitania do wszystkich pragn\u0105cych zbli\u017cy\u0107 si\u0119 do Boga. Ten czas \u0142aski to okazja do odkrycia na nowo bezwarunkowej mi\u0142o\u015bci Boga i Jego wezwania do \u017cycia w pokoju, sprawiedliwo\u015bci i pojednaniu. W \u015bwiecie tak naznaczonym podzia\u0142ami, przemoc\u0105 i rozpacz\u0105, Rok Jubileuszowy stanowi latarni\u0119 nadziei, przypominaj\u0105c\u0105 nam, \u017ce zawsze jest mo\u017cliwo\u015b\u0107 zmiany, przebaczenia i przywr\u00f3cenia naszych \u017cy\u0107.<\/p>\n\n\n\n<p><strong>Ostateczna Refleksja: Rok Jubileuszowy jako Szansa na Wzrost Duchowy<\/strong><br>W podsumowaniu, Rok Jubileuszowy to znacznie wi\u0119cej ni\u017c tylko \u015bwi\u0119towanie lub seria rytua\u0142\u00f3w. To g\u0142\u0119bokie i transformuj\u0105ce zaproszenie do odnowienia naszego zobowi\u0105zania wobec Boga i innych. W czasach, gdy szybko\u015b\u0107 codziennego \u017cycia mo\u017ce nas oddala\u0107 od tego, co istotne, Rok Jubileuszowy oferuje nam chwil\u0119 wytchnienia, przestrze\u0144 na refleksj\u0119 i dzia\u0142anie, przypomnienie, \u017ce jeste\u015bmy wezwani do bycia nosicielami pokoju i mi\u0142osierdzia w \u015bwiecie.<\/p>\n\n\n\n<p>Niech ten wyj\u0105tkowy czas zainspiruje w ka\u017cdym z nas odnowion\u0105 mi\u0142o\u015b\u0107 do Boga i wi\u0119ksz\u0105 gotowo\u015b\u0107 do \u017cycia Ewangeli\u0105 we wszystkich aspektach naszego \u017cycia. Na tej drodze jeste\u015bmy wezwani do przekroczenia naszej w\u0142asnej \u201e\u015awi\u0119tej Bramy\u201d, zostawiaj\u0105c za sob\u0105 to, co nas oddala od Boga, i zmierzaj\u0105c ku \u017cyciu w wierze, nadziei i mi\u0142o\u015bci, zawsze ufaj\u0105c Jego niesko\u0144czonemu mi\u0142osierdziu i dobroci.<\/p>\n\n\n\n<p>Ostatecznie Rok Jubileuszowy przypomina nam, \u017ce B\u00f3g nigdy nie m\u0119czy si\u0119 przebaczaniem i dawaniem nam nowych szans. Z otwartym i gotowym sercem mo\u017cemy wykorzysta\u0107 ten czas do duchowego wzrostu, umocnienia naszej wiary oraz zobowi\u0105zania do budowania sprawiedliwego i pe\u0142nego mi\u0142o\u015bci \u015bwiata, zawsze prowadzeni \u015bwiat\u0142em Chrystusa.<\/p>\n","protected":false},"excerpt":{"rendered":"<p>W d\u0142ugiej i bogatej tradycji Ko\u015bcio\u0142a katolickiego istniej\u0105 specjalne momenty odnowy, \u0142aski i pojednania. Jednym z takich moment\u00f3w jest Rok Jubileuszowy \u2014 czas wyj\u0105tkowy, po\u015bwi\u0119cony nawr\u00f3ceniu, mi\u0142osierdziu i umocnieniu naszej wiary. Ale czym naprawd\u0119 jest Rok Jubileuszowy? Co oznacza? Dlaczego jest wa\u017cny dla naszego \u017cycia duchowego? Odkryjmy razem jego histori\u0119 i g\u0142\u0119bok\u0105 teologiczn\u0105 wag\u0119, aby &hellip;<\/p>\n","protected":false},"author":3,"featured_media":1202,"comment_status":"open","ping_status":"open","sticky":false,"template":"","format":"standard","meta":{"_seopress_robots_primary_cat":"","_seopress_titles_title":"","_seopress_titles_desc":"","_seopress_robots_index":"","footnotes":""},"categories":[40,62],"tags":[130],"class_list":["post-1201","post","type-post","status-publish","format-standard","has-post-thumbnail","","category-modlitwa-i-duchowosc","category-sakramentalia-i-pielgrzymki","tag-jubileuszowy"],"_links":{"self":[{"href":"https:\/\/catholicus.eu\/pl\/wp-json\/wp\/v2\/posts\/1201","targetHints":{"allow":["GET"]}}],"collection":[{"href":"https:\/\/catholicus.eu\/pl\/wp-json\/wp\/v2\/posts"}],"about":[{"href":"https:\/\/catholicus.eu\/pl\/wp-json\/wp\/v2\/types\/post"}],"author":[{"embeddable":true,"href":"https:\/\/catholicus.eu\/pl\/wp-json\/wp\/v2\/users\/3"}],"replies":[{"embeddable":true,"href":"https:\/\/catholicus.eu\/pl\/wp-json\/wp\/v2\/comments?post=1201"}],"version-history":[{"count":1,"href":"https:\/\/catholicus.eu\/pl\/wp-json\/wp\/v2\/posts\/1201\/revisions"}],"predecessor-version":[{"id":1203,"href":"https:\/\/catholicus.eu\/pl\/wp-json\/wp\/v2\/posts\/1201\/revisions\/1203"}],"wp:featuredmedia":[{"embeddable":true,"href":"https:\/\/catholicus.eu\/pl\/wp-json\/wp\/v2\/media\/1202"}],"wp:attachment":[{"href":"https:\/\/catholicus.eu\/pl\/wp-json\/wp\/v2\/media?parent=1201"}],"wp:term":[{"taxonomy":"category","embeddable":true,"href":"https:\/\/catholicus.eu\/pl\/wp-json\/wp\/v2\/categories?post=1201"},{"taxonomy":"post_tag","embeddable":true,"href":"https:\/\/catholicus.eu\/pl\/wp-json\/wp\/v2\/tags?post=1201"}],"curies":[{"name":"wp","href":"https:\/\/api.w.org\/{rel}","templated":true}]}}