{"id":1030,"date":"2024-10-18T23:24:46","date_gmt":"2024-10-18T21:24:46","guid":{"rendered":"https:\/\/catholicus.eu\/pl\/?p=1030"},"modified":"2024-10-18T23:25:14","modified_gmt":"2024-10-18T21:25:14","slug":"czym-jest-tradycja-i-gdzie-sa-zawarte-jej-nauki","status":"publish","type":"post","link":"https:\/\/catholicus.eu\/pl\/czym-jest-tradycja-i-gdzie-sa-zawarte-jej-nauki\/","title":{"rendered":"Czym jest Tradycja i gdzie s\u0105 zawarte jej nauki?"},"content":{"rendered":"\n<p>Tradycja katolicka to poj\u0119cie, kt\u00f3re wielu wierz\u0105cych mo\u017ce kojarzy\u0107 z przesz\u0142o\u015bci\u0105, z dawnymi praktykami i naukami. Jednak, w rzeczywisto\u015bci, Tradycja to \u017cywy i dynamiczny element Ko\u015bcio\u0142a, kt\u00f3ry ma g\u0142\u0119bokie znaczenie zar\u00f3wno dla zrozumienia naszej wiary, jak i dla jej prze\u017cywania w codziennym \u017cyciu. Ale co dok\u0142adnie oznacza Tradycja w Ko\u015bciele katolickim? Gdzie s\u0105 zawarte jej nauki i jak mo\u017cemy czerpa\u0107 z niej w naszej duchowej drodze?<\/p>\n\n\n\n<p>Ten artyku\u0142 postara si\u0119 przybli\u017cy\u0107 Ci te wa\u017cne pytania, zag\u0142\u0119biaj\u0105c si\u0119 w istot\u0119 Tradycji katolickiej, jej fundamenty teologiczne oraz spos\u00f3b, w jaki ka\u017cdy z nas mo\u017ce \u017cy\u0107 ni\u0105 na co dzie\u0144.<\/p>\n\n\n\n<h2 class=\"wp-block-heading\">Definicja Tradycji: Czym jest?<\/h2>\n\n\n\n<p>Na pocz\u0105tek warto zrozumie\u0107, czym jest sama <strong>Tradycja<\/strong> w kontek\u015bcie Ko\u015bcio\u0142a katolickiego. W przeciwie\u0144stwie do potocznego rozumienia tego s\u0142owa, kt\u00f3re odnosi si\u0119 do przekazywanych z pokolenia na pokolenie zwyczaj\u00f3w czy obyczaj\u00f3w, Tradycja w Ko\u015bciele katolickim ma znacznie g\u0142\u0119bsze znaczenie.<\/p>\n\n\n\n<p>W nauczaniu Ko\u015bcio\u0142a, Tradycja to nie tylko zbi\u00f3r praktyk czy rytua\u0142\u00f3w, ale spos\u00f3b przekazywania Objawienia Bo\u017cego, kt\u00f3re rozpocz\u0119\u0142o si\u0119 wraz z nauczaniem Jezusa Chrystusa i Jego aposto\u0142\u00f3w. Tradycja, razem z Pismem \u015awi\u0119tym, tworzy jedno \u017ar\u00f3d\u0142o Objawienia Bo\u017cego. Nie jest to co\u015b statycznego ani martwego, ale \u017cywy przekaz wiary, kt\u00f3ry od wiek\u00f3w jest prowadzony przez Ko\u015bci\u00f3\u0142 pod kierownictwem Ducha \u015awi\u0119tego.<\/p>\n\n\n\n<p>Sob\u00f3r Watyka\u0144ski II w swojej konstytucji <em>Dei Verbum<\/em> jasno m\u00f3wi o Tradycji jako o czym\u015b, co \u201ewywodzi si\u0119 od aposto\u0142\u00f3w, obejmuje wszystko, co przyczynia si\u0119 do \u015bwi\u0119to\u015bci \u017cycia i wzrostu wiary ludu Bo\u017cego\u201d. Tradycja, podobnie jak Pismo \u015awi\u0119te, jest prowadzona przez Ducha \u015awi\u0119tego i, cho\u0107 nie jest zapisana na kartach Biblii, zawiera to samo Bo\u017ce objawienie. To dzi\u0119ki Tradycji wiemy, jak interpretowa\u0107 Pismo i jak stosowa\u0107 je w naszym \u017cyciu.<\/p>\n\n\n\n<h2 class=\"wp-block-heading\">Historia i znaczenie Tradycji<\/h2>\n\n\n\n<p>Tradycja ma swoje korzenie w samym pocz\u0105tku chrze\u015bcija\u0144stwa. Jezus Chrystus, zanim wst\u0105pi\u0142 do nieba, nie zostawi\u0142 po sobie zapisanej ksi\u0105\u017cki, ale przekaza\u0142 nauki swoim aposto\u0142om, polecaj\u0105c im g\u0142osi\u0107 Dobr\u0105 Nowin\u0119 \u201ea\u017c po kra\u0144ce ziemi\u201d (Dz 1, 8). To, co aposto\u0142owie przekazali s\u0142owem, przyk\u0142adem i ustanowionymi instytucjami, sta\u0142o si\u0119 fundamentem Tradycji.<\/p>\n\n\n\n<p>Pierwsze wsp\u00f3lnoty chrze\u015bcija\u0144skie nie mia\u0142y jeszcze Nowego Testamentu w formie, jak\u0105 znamy dzisiaj. Ich \u017cycie duchowe i liturgiczne opiera\u0142o si\u0119 na ustnym przekazie aposto\u0142\u00f3w oraz na praktykach, kt\u00f3re by\u0142y przekazywane z pokolenia na pokolenie. Z biegiem czasu niekt\u00f3re z tych nauk zosta\u0142y zapisane w formie list\u00f3w, ewangelii i innych tekst\u00f3w, kt\u00f3re ostatecznie z\u0142o\u017cy\u0142y si\u0119 na kanon Pisma \u015awi\u0119tego. Jednak nie wszystko zosta\u0142o zapisane. Pewne aspekty wiary, takie jak spos\u00f3b sprawowania liturgii czy sakrament\u00f3w, by\u0142y przekazywane ustnie i praktycznie \u2013 i to w\u0142a\u015bnie one tworz\u0105 cz\u0119\u015b\u0107 Tradycji.<\/p>\n\n\n\n<p>Na przestrzeni wiek\u00f3w Ko\u015bci\u00f3\u0142 piel\u0119gnowa\u0142 Tradycj\u0119, nieustannie wyja\u015bniaj\u0105c, pog\u0142\u0119biaj\u0105c i rozwijaj\u0105c to, co zosta\u0142o przekazane przez aposto\u0142\u00f3w. Sobory, Ojc\u00f3w Ko\u015bcio\u0142a, \u015bwi\u0119ci i teologowie przyczynili si\u0119 do tego, \u017ce Tradycja katolicka sta\u0142a si\u0119 bogatym skarbem duchowym, kt\u00f3ry nadal prowadzi Ko\u015bci\u00f3\u0142 ku pe\u0142ni prawdy.<\/p>\n\n\n\n<h2 class=\"wp-block-heading\">Gdzie jest zawarta Tradycja?<\/h2>\n\n\n\n<p>Mo\u017cemy zapyta\u0107, gdzie w\u0142a\u015bciwie jest zawarta ta Tradycja, skoro nie jest w pe\u0142ni zapisana w Biblii? Odpowied\u017a na to pytanie wymaga szerszego spojrzenia na \u017cycie Ko\u015bcio\u0142a. Tradycja objawia si\u0119 i jest przekazywana na r\u00f3\u017cne sposoby:<\/p>\n\n\n\n<ol class=\"wp-block-list\">\n<li><strong>Liturgia<\/strong> \u2013 Jednym z g\u0142\u00f3wnych miejsc, w kt\u00f3rym Tradycja jest obecna, jest liturgia Ko\u015bcio\u0142a. Spos\u00f3b, w jaki sprawowane s\u0105 sakramenty, modlitwy u\u017cywane podczas Mszy \u015bwi\u0119tej, obrz\u0119dy i rytua\u0142y \u2013 wszystko to jest cz\u0119\u015bci\u0105 Tradycji. Na przyk\u0142ad, modlitwa eucharystyczna, kt\u00f3r\u0105 s\u0142yszymy podczas ka\u017cdej Mszy, ma swoje korzenie w pierwszych wiekach chrze\u015bcija\u0144stwa.<\/li>\n\n\n\n<li><strong>Nauczanie Ojc\u00f3w Ko\u015bcio\u0142a<\/strong> \u2013 W pismach Ojc\u00f3w Ko\u015bcio\u0142a, takich jak \u015bw. Augustyn, \u015bw. Atanazy czy \u015bw. Bazyli, znajduje si\u0119 wiele kluczowych element\u00f3w Tradycji. To oni, jako pierwsi teologowie, wyja\u015bniali i bronili wiary chrze\u015bcija\u0144skiej w obliczu herezji i b\u0142\u0119dnych nauk.<\/li>\n\n\n\n<li><strong>Sobory Ko\u015bcio\u0142a<\/strong> \u2013 Sobory powszechne, takie jak Sob\u00f3r Nicejski, Sob\u00f3r Chalcedo\u0144ski czy Sob\u00f3r Trydencki, s\u0105 kluczowymi momentami w historii Ko\u015bcio\u0142a, kiedy to prawdy wiary by\u0142y wyja\u015bniane i definiowane. To, co ustalono na tych soborach, jest cz\u0119\u015bci\u0105 Tradycji i nadal obowi\u0105zuje wiernych.<\/li>\n\n\n\n<li><strong>Dokumenty Magisterium<\/strong> \u2013 Nauczanie papie\u017cy i biskup\u00f3w, zwane Magisterium, tak\u017ce stanowi wa\u017cn\u0105 cz\u0119\u015b\u0107 Tradycji. Papieskie encykliki, adhortacje, listy apostolskie i inne dokumenty s\u0105 cz\u0119\u015bci\u0105 tego \u017cywego przekazu wiary.<\/li>\n\n\n\n<li><strong>\u017bycie \u015bwi\u0119tych<\/strong> \u2013 \u015awi\u0119ci, kt\u00f3rzy \u017cyli i \u015bwiadczyli o wierze w r\u00f3\u017cnych epokach, tak\u017ce s\u0105 cz\u0119\u015bci\u0105 Tradycji. Ich \u017cycie, pisma i przyk\u0142ady pobo\u017cno\u015bci pokazuj\u0105 nam, jak wciela\u0107 w \u017cycie nauki Chrystusa.<\/li>\n<\/ol>\n\n\n\n<h2 class=\"wp-block-heading\">Jak Tradycja wp\u0142ywa na nasze \u017cycie duchowe?<\/h2>\n\n\n\n<p>Mo\u017cesz si\u0119 zastanawia\u0107, jak Tradycja, b\u0119d\u0105ca czym\u015b, co rozwin\u0119\u0142o si\u0119 przez wieki, mo\u017ce mie\u0107 wp\u0142yw na twoje codzienne \u017cycie duchowe. Odpowied\u017a jest prosta: Tradycja jest drogowskazem, kt\u00f3ry pokazuje nam, jak \u017cy\u0107 w zgodzie z wiar\u0105, kt\u00f3rej \u017ar\u00f3d\u0142em jest Chrystus.<\/p>\n\n\n\n<p>Tradycja przypomina nam, \u017ce nasza wiara nie jest czym\u015b subiektywnym ani wymy\u015blonym na nowo w ka\u017cdej epoce. Jest zakorzeniona w historii, w nauczaniu aposto\u0142\u00f3w i w do\u015bwiadczeniu \u015bwi\u0119tych. To daje nam pewno\u015b\u0107, \u017ce to, w co wierzymy, jest prawdziwe i prowadzi nas ku zbawieniu.<\/p>\n\n\n\n<h3 class=\"wp-block-heading\">W jaki spos\u00f3b mo\u017cemy \u017cy\u0107 Tradycj\u0105 na co dzie\u0144?<\/h3>\n\n\n\n<p>Tradycja mo\u017ce wydawa\u0107 si\u0119 czym\u015b odleg\u0142ym, zw\u0142aszcza w dzisiejszym \u015bwiecie, kt\u00f3ry cz\u0119sto podkre\u015bla indywidualizm i nowoczesno\u015b\u0107. Jednak to w\u0142a\u015bnie ona oferuje nam g\u0142\u0119bokie, duchowe wskaz\u00f3wki dla naszego \u017cycia dzi\u015b. Oto kilka sposob\u00f3w, w jakie mo\u017cemy zastosowa\u0107 zasady Tradycji w naszym codziennym \u017cyciu:<\/p>\n\n\n\n<h3 class=\"wp-block-heading\">1. \u017bycie w komunii z Ko\u015bcio\u0142em<\/h3>\n\n\n\n<p>Tradycja zaprasza nas do prze\u017cywania naszej wiary w jedno\u015bci z Ko\u015bcio\u0142em powszechnym. Oznacza to uznanie, \u017ce nasza wiara nie jest tylko spraw\u0105 indywidualn\u0105, ale jest cz\u0119\u015bci\u0105 wi\u0119kszej historii. Udzia\u0142 w sakramentach Ko\u015bcio\u0142a, bycie w zgodzie z nauczaniem Magisterium i otwarto\u015b\u0107 na nauki \u015bwi\u0119tych to sposoby na \u017cycie w komunii z Tradycj\u0105.<\/p>\n\n\n\n<h3 class=\"wp-block-heading\">2. \u015awiadczy\u0107 o wierze na co dzie\u0144<\/h3>\n\n\n\n<p>Tradycja uczy nas, \u017ce wiara nie powinna by\u0107 prze\u017cywana tylko prywatnie, ale powinna by\u0107 widocznym \u015bwiadectwem w \u015bwiecie. Tak jak aposto\u0142owie i pierwsi chrze\u015bcijanie, jeste\u015bmy powo\u0142ani do przekazywania tego, co otrzymali\u015bmy. Mo\u017ce to by\u0107 poprzez nasze osobiste \u015bwiadectwo w rodzinach, miejscach pracy i wsp\u00f3lnotach.<\/p>\n\n\n\n<h3 class=\"wp-block-heading\">3. Kultywowa\u0107 bogate \u017cycie duchowe<\/h3>\n\n\n\n<p>Praktyki duchowe, takie jak modlitwa, medytacja, udzia\u0142 we Mszy \u015bwi\u0119tej i sakramenty, s\u0105 g\u0142\u0119boko zakorzenione w Tradycji. Korzystaj\u0105c z tych praktyk, otwieramy si\u0119 na dzia\u0142anie Ducha \u015awi\u0119tego, kt\u00f3ry prowadzi nas ku g\u0142\u0119bszej relacji z Bogiem.<\/p>\n\n\n\n<h2 class=\"wp-block-heading\">Podsumowanie<\/h2>\n\n\n\n<p>Tradycja katolicka jest darem, kt\u00f3ry pomaga nam zrozumie\u0107 nasz\u0105 wiar\u0119 w spos\u00f3b pe\u0142niejszy i g\u0142\u0119bszy. Jest to \u017cywe przekazywanie S\u0142owa Bo\u017cego, kt\u00f3re nie ko\u0144czy si\u0119 na zapisanych s\u0142owach Pisma, ale obejmuje tak\u017ce wszystkie te prawdy i do\u015bwiadczenia, kt\u00f3re Ko\u015bci\u00f3\u0142 zgromadzi\u0142 przez wieki.<\/p>\n\n\n\n<p>Dla nas, wsp\u00f3\u0142czesnych wierz\u0105cych, Tradycja nie jest tylko reliktem przesz\u0142o\u015bci, ale realnym i dynamicznym przewodnikiem duchowym. Pomaga nam \u017cy\u0107 w komunii z Bogiem i Ko\u015bcio\u0142em, odkrywa\u0107 bogactwo naszej wiary, a tak\u017ce odnajdywa\u0107 sens i nadziej\u0119 w naszej codziennej egzystencji.<\/p>\n\n\n\n<p>Ka\u017cdy z nas jest wezwany, aby odkrywa\u0107 Tradycj\u0119, \u017cy\u0107 ni\u0105 i przekazywa\u0107 j\u0105 innym, wierz\u0105c, \u017ce to, co zosta\u0142o nam przekazane przez wieki, jest nieocenionym skarbem, kt\u00f3ry prowadzi nas ku \u017cyciu wiecznemu.<\/p>\n","protected":false},"excerpt":{"rendered":"<p>Tradycja katolicka to poj\u0119cie, kt\u00f3re wielu wierz\u0105cych mo\u017ce kojarzy\u0107 z przesz\u0142o\u015bci\u0105, z dawnymi praktykami i naukami. Jednak, w rzeczywisto\u015bci, Tradycja to \u017cywy i dynamiczny element Ko\u015bcio\u0142a, kt\u00f3ry ma g\u0142\u0119bokie znaczenie zar\u00f3wno dla zrozumienia naszej wiary, jak i dla jej prze\u017cywania w codziennym \u017cyciu. Ale co dok\u0142adnie oznacza Tradycja w Ko\u015bciele katolickim? Gdzie s\u0105 zawarte jej &hellip;<\/p>\n","protected":false},"author":3,"featured_media":1032,"comment_status":"open","ping_status":"open","sticky":false,"template":"","format":"standard","meta":{"_seopress_robots_primary_cat":"37","_seopress_titles_title":"","_seopress_titles_desc":"","_seopress_robots_index":"","footnotes":""},"categories":[44,37],"tags":[],"class_list":["post-1030","post","type-post","status-publish","format-standard","has-post-thumbnail","","category-dogmaty-wiary","category-doktryna-i-wiara"],"_links":{"self":[{"href":"https:\/\/catholicus.eu\/pl\/wp-json\/wp\/v2\/posts\/1030","targetHints":{"allow":["GET"]}}],"collection":[{"href":"https:\/\/catholicus.eu\/pl\/wp-json\/wp\/v2\/posts"}],"about":[{"href":"https:\/\/catholicus.eu\/pl\/wp-json\/wp\/v2\/types\/post"}],"author":[{"embeddable":true,"href":"https:\/\/catholicus.eu\/pl\/wp-json\/wp\/v2\/users\/3"}],"replies":[{"embeddable":true,"href":"https:\/\/catholicus.eu\/pl\/wp-json\/wp\/v2\/comments?post=1030"}],"version-history":[{"count":0,"href":"https:\/\/catholicus.eu\/pl\/wp-json\/wp\/v2\/posts\/1030\/revisions"}],"wp:featuredmedia":[{"embeddable":true,"href":"https:\/\/catholicus.eu\/pl\/wp-json\/wp\/v2\/media\/1032"}],"wp:attachment":[{"href":"https:\/\/catholicus.eu\/pl\/wp-json\/wp\/v2\/media?parent=1030"}],"wp:term":[{"taxonomy":"category","embeddable":true,"href":"https:\/\/catholicus.eu\/pl\/wp-json\/wp\/v2\/categories?post=1030"},{"taxonomy":"post_tag","embeddable":true,"href":"https:\/\/catholicus.eu\/pl\/wp-json\/wp\/v2\/tags?post=1030"}],"curies":[{"name":"wp","href":"https:\/\/api.w.org\/{rel}","templated":true}]}}