{"id":63,"count":40,"description":"Dialog mi\u0119dzy wiar\u0105 a rozumem, z uwzgl\u0119dnieniem wielkich katolickich my\u015blicieli.","link":"https:\/\/catholicus.eu\/pl\/wiara-i-kultura\/filozofia-i-wiara\/","name":"Filozofia i Wiara","slug":"filozofia-i-wiara","taxonomy":"category","parent":41,"meta":[],"_links":{"self":[{"href":"https:\/\/catholicus.eu\/pl\/wp-json\/wp\/v2\/categories\/63","targetHints":{"allow":["GET"]}}],"collection":[{"href":"https:\/\/catholicus.eu\/pl\/wp-json\/wp\/v2\/categories"}],"about":[{"href":"https:\/\/catholicus.eu\/pl\/wp-json\/wp\/v2\/taxonomies\/category"}],"up":[{"embeddable":true,"href":"https:\/\/catholicus.eu\/pl\/wp-json\/wp\/v2\/categories\/41"}],"wp:post_type":[{"href":"https:\/\/catholicus.eu\/pl\/wp-json\/wp\/v2\/posts?categories=63"}],"curies":[{"name":"wp","href":"https:\/\/api.w.org\/{rel}","templated":true}]}}