{"id":952,"date":"2024-10-11T00:31:55","date_gmt":"2024-10-10T22:31:55","guid":{"rendered":"https:\/\/catholicus.eu\/it\/?p=952"},"modified":"2024-10-11T00:31:56","modified_gmt":"2024-10-10T22:31:56","slug":"avvento-preparare-la-via-del-signore","status":"publish","type":"post","link":"https:\/\/catholicus.eu\/it\/avvento-preparare-la-via-del-signore\/","title":{"rendered":"Avvento: Preparare la Via del Signore"},"content":{"rendered":"\n<p>Il tempo dell&#8217;Avvento \u00e8 uno dei periodi pi\u00f9 significativi e ricchi di simboli nel calendario liturgico della Chiesa cattolica. Segna l&#8217;inizio del nuovo anno liturgico ed \u00e8 un tempo di attesa, speranza e preparazione per la venuta di Cristo, sia nella sua nascita a Natale che nel suo ritorno alla fine dei tempi. In questo articolo esploreremo il significato teologico dell&#8217;Avvento, la sua storia e le applicazioni pratiche di questo tempo nella nostra vita quotidiana.<\/p>\n\n\n\n<h2 class=\"wp-block-heading\">Storia dell\u2019Avvento<\/h2>\n\n\n\n<p>Le origini dell&#8217;Avvento risalgono ai primi secoli del cristianesimo, e la sua forma attuale \u00e8 stata definita intorno al VI secolo. Inizialmente, l\u2019Avvento era un periodo di digiuno e penitenza, simile alla Quaresima, per prepararsi a celebrare la nascita di Cristo. Col passare del tempo, la Chiesa ha sviluppato ulteriormente la struttura e il significato dell&#8217;Avvento, fino a diventare le quattro settimane che precedono il Natale.<\/p>\n\n\n\n<p>L&#8217;Avvento \u00e8 suddiviso in due parti: la prima parte, dal primo domenica d\u2019Avvento fino al 16 dicembre, ci invita a riflettere sulla seconda venuta di Cristo alla fine dei tempi; la seconda parte, dal 17 al 24 dicembre, ci prepara pi\u00f9 direttamente alla celebrazione della nascita di Ges\u00f9. Questa struttura duale dell&#8217;Avvento riflette uno dei suoi temi centrali: l\u2019attesa attiva e la preparazione spirituale per incontrare Cristo.<\/p>\n\n\n\n<h3 class=\"wp-block-heading\">Simboli dell\u2019Avvento<\/h3>\n\n\n\n<p>L&#8217;Avvento \u00e8 ricco di simboli che ci aiutano a entrare pi\u00f9 profondamente nel suo significato. Uno dei simboli pi\u00f9 noti \u00e8 la <strong>corona dell&#8217;Avvento<\/strong>, composta da rami di abete e quattro candele. Ogni candela rappresenta una delle quattro domeniche d&#8217;Avvento e viene accesa progressivamente man mano che ci avviciniamo al Natale. Anche le candele hanno un significato simbolico: la prima rappresenta la speranza, la seconda la fede, la terza la gioia e la quarta l&#8217;amore.<\/p>\n\n\n\n<p>Un altro simbolo \u00e8 il <strong>colore liturgico<\/strong>: il viola, che simboleggia penitenza e preparazione. Nella terza domenica di Avvento, detta &#8220;Gaudete&#8221; (rallegratevi), il colore cambia in rosa per ricordarci la vicinanza del Natale e la gioia che ci attende.<\/p>\n\n\n\n<h2 class=\"wp-block-heading\">Significato teologico dell\u2019Avvento<\/h2>\n\n\n\n<p>Dal punto di vista teologico, l\u2019Avvento \u00e8 un tempo di grande profondit\u00e0, perch\u00e9 ci invita non solo a prepararci per celebrare la nascita di Ges\u00f9, ma anche a riflettere sulla sua seconda venuta. Questa doppia dimensione dell&#8217;Avvento ci ricorda che il mistero di Cristo non \u00e8 solo un evento passato, ma una realt\u00e0 presente e futura. Cristo \u00e8 venuto pi\u00f9 di 2000 anni fa nel mondo, ma continua a venire nelle nostre vite, e verr\u00e0 alla fine dei tempi per portare a compimento il Regno di Dio.<\/p>\n\n\n\n<p>In questo senso, l&#8217;Avvento \u00e8 un invito a rinnovare la nostra fede e a vivere in speranza attiva. Non \u00e8 un tempo di attesa passiva, ma di preparazione interiore. Cos\u00ec come Giovanni Battista gridava nel deserto: &#8220;Preparate la via del Signore&#8221; (Matteo 3,3), anche noi siamo chiamati a preparare i nostri cuori per l\u2019incontro con Cristo.<\/p>\n\n\n\n<h3 class=\"wp-block-heading\">Attesa attiva: Cosa significa \u201cpreparare\u201d?<\/h3>\n\n\n\n<p>Prepararsi alla venuta di Cristo significa molto di pi\u00f9 che aspettare passivamente una data sul calendario. Significa creare spazio nelle nostre vite affinch\u00e9 Ges\u00f9 possa entrare e trasformarci. Significa riconsiderare le nostre priorit\u00e0, mettere da parte le distrazioni mondane e rafforzare il nostro rapporto con Dio attraverso la preghiera, i sacramenti e le opere di carit\u00e0.<\/p>\n\n\n\n<p>L&#8217;Avvento \u00e8 un tempo di conversione. Cos\u00ec come gli Israeliti aspettavano con ansia il Messia, anche noi siamo chiamati ad attendere attivamente, vivendo il Vangelo e permettendo a Cristo di rinnovare la nostra vita. Questa attesa attiva si estende anche alla nostra relazione con gli altri. L\u2019amore di Dio si manifesta nell\u2019amore per il prossimo, e l\u2019Avvento \u00e8 un&#8217;opportunit\u00e0 speciale per dimostrare generosit\u00e0 e solidariet\u00e0 verso i bisognosi.<\/p>\n\n\n\n<h2 class=\"wp-block-heading\">L&#8217;Avvento nella vita quotidiana: Applicazioni pratiche<\/h2>\n\n\n\n<p>Nel nostro quotidiano, l&#8217;Avvento pu\u00f2 essere vissuto in molti modi. Ecco alcuni suggerimenti su come possiamo vivere questo tempo santo e prepararci spiritualmente:<\/p>\n\n\n\n<ol class=\"wp-block-list\">\n<li><strong>Dedicare tempo alla preghiera<\/strong>: L&#8217;Avvento \u00e8 un&#8217;ottima occasione per rinnovare la nostra vita di preghiera. Possiamo dedicare ogni giorno alcuni minuti a leggere le letture bibliche quotidiane, riflettere su di esse e chiedere a Dio di aiutarci a prepararci per la venuta di Cristo.<\/li>\n\n\n\n<li><strong>Confessione<\/strong>: L&#8217;Avvento \u00e8 un tempo di penitenza e conversione. La Chiesa ci incoraggia a ricevere il sacramento della Riconciliazione per purificare i nostri cuori in preparazione alla nascita di Ges\u00f9. Questo sacramento purifica le nostre anime e ci mette in sintonia con la volont\u00e0 di Dio.<\/li>\n\n\n\n<li><strong>Opere di carit\u00e0<\/strong>: Ges\u00f9 ci chiama ad amare il prossimo, e l&#8217;Avvento \u00e8 un&#8217;ottima occasione per vivere concretamente questa chiamata. Possiamo aiutare le persone in difficolt\u00e0, fare donazioni a organizzazioni caritative o offrire il nostro tempo in volontariato.<\/li>\n\n\n\n<li><strong>Vivere l\u2019Avvento in famiglia<\/strong>: L&#8217;Avvento \u00e8 un\u2019opportunit\u00e0 speciale per vivere la fede in famiglia. Possiamo allestire una corona d&#8217;Avvento a casa, accendere una candela ogni domenica, pregare insieme e riflettere sul significato di questo tempo. Anche partecipare alla Messa in famiglia o prendere parte a iniziative comunitarie pu\u00f2 rafforzare la spiritualit\u00e0 in famiglia.<\/li>\n\n\n\n<li><strong>Digiuno e penitenza<\/strong>: Anche se l\u2019Avvento non \u00e8 un tempo di digiuno rigoroso come la Quaresima, siamo invitati a vivere con sobriet\u00e0 e moderazione, evitando l&#8217;eccessivo consumismo che spesso accompagna questo periodo. Piccoli sacrifici e rinunce possono essere un modo per preparare il nostro cuore alla venuta di Cristo.<\/li>\n<\/ol>\n\n\n\n<h2 class=\"wp-block-heading\">Avvento: Speranza in mezzo all&#8217;incertezza<\/h2>\n\n\n\n<p>Viviamo in un mondo pieno di sfide: pandemie, crisi economiche, conflitti sociali e molte altre realt\u00e0 che spesso ci fanno perdere la speranza. In questo contesto, il messaggio dell&#8217;Avvento ha una particolare rilevanza. Ci ricorda che, nonostante tutte le difficolt\u00e0, Dio \u00e8 sempre presente e che il suo piano di salvezza si compie.<\/p>\n\n\n\n<p>L&#8217;Avvento ci invita a guardare oltre le tenebre e a fidarci che la luce di Cristo illuminer\u00e0 la nostra vita. \u00c8 un tempo per ricordarci che nelle nostre lotte non siamo soli e che il Signore viene a portarci la pace che il mondo non pu\u00f2 dare.<\/p>\n\n\n\n<h3 class=\"wp-block-heading\">Avvento nel contesto globale<\/h3>\n\n\n\n<p>In un mondo globalizzato, l&#8217;Avvento pu\u00f2 anche ispirarci a riflettere sulla nostra responsabilit\u00e0 verso gli altri, specialmente verso coloro che soffrono per l&#8217;ingiustizia, la povert\u00e0 e l&#8217;emarginazione. La venuta di Cristo \u00e8 un invito a lavorare per un mondo pi\u00f9 giusto e solidale, costruendo ponti di solidariet\u00e0 tra popoli e nazioni.<\/p>\n\n\n\n<h2 class=\"wp-block-heading\">Conclusione<\/h2>\n\n\n\n<p>L&#8217;Avvento \u00e8 molto pi\u00f9 che una preparazione al Natale; \u00e8 un invito a rinnovare la nostra fede, convertirci e vivere in speranza attiva. Da secoli, questo tempo liturgico aiuta i cristiani a approfondire il loro rapporto con Dio e a prepararsi per l&#8217;arrivo di Cristo, sia nella sua nascita che nel suo ritorno glorioso.<\/p>\n\n\n\n<p>Oggi pi\u00f9 che mai, il messaggio dell&#8217;Avvento ci invita ad aprire i nostri cuori a Cristo, a vivere con pi\u00f9 generosit\u00e0 e a portare speranza in un mondo che ne ha tanto bisogno. Che questo Avvento sia per tutti noi un&#8217;opportunit\u00e0 per preparare la via del Signore nella nostra vita, affinch\u00e9, quando arriver\u00e0 il Natale, siamo pronti ad accoglierlo con un cuore rinnovato e pieno di amore.<\/p>\n","protected":false},"excerpt":{"rendered":"<p>Il tempo dell&#8217;Avvento \u00e8 uno dei periodi pi\u00f9 significativi e ricchi di simboli nel calendario liturgico della Chiesa cattolica. Segna l&#8217;inizio del nuovo anno liturgico ed \u00e8 un tempo di attesa, speranza e preparazione per la venuta di Cristo, sia nella sua nascita a Natale che nel suo ritorno alla fine dei tempi. In questo &hellip;<\/p>\n","protected":false},"author":3,"featured_media":953,"comment_status":"open","ping_status":"open","sticky":false,"template":"","format":"standard","meta":{"_seopress_robots_primary_cat":"38","_seopress_titles_title":"","_seopress_titles_desc":"","_seopress_robots_index":"","footnotes":""},"categories":[52,38],"tags":[],"class_list":["post-952","post","type-post","status-publish","format-standard","has-post-thumbnail","","category-liturgia-e-anno-liturgico","category-storia-e-tradizione"],"_links":{"self":[{"href":"https:\/\/catholicus.eu\/it\/wp-json\/wp\/v2\/posts\/952","targetHints":{"allow":["GET"]}}],"collection":[{"href":"https:\/\/catholicus.eu\/it\/wp-json\/wp\/v2\/posts"}],"about":[{"href":"https:\/\/catholicus.eu\/it\/wp-json\/wp\/v2\/types\/post"}],"author":[{"embeddable":true,"href":"https:\/\/catholicus.eu\/it\/wp-json\/wp\/v2\/users\/3"}],"replies":[{"embeddable":true,"href":"https:\/\/catholicus.eu\/it\/wp-json\/wp\/v2\/comments?post=952"}],"version-history":[{"count":0,"href":"https:\/\/catholicus.eu\/it\/wp-json\/wp\/v2\/posts\/952\/revisions"}],"wp:featuredmedia":[{"embeddable":true,"href":"https:\/\/catholicus.eu\/it\/wp-json\/wp\/v2\/media\/953"}],"wp:attachment":[{"href":"https:\/\/catholicus.eu\/it\/wp-json\/wp\/v2\/media?parent=952"}],"wp:term":[{"taxonomy":"category","embeddable":true,"href":"https:\/\/catholicus.eu\/it\/wp-json\/wp\/v2\/categories?post=952"},{"taxonomy":"post_tag","embeddable":true,"href":"https:\/\/catholicus.eu\/it\/wp-json\/wp\/v2\/tags?post=952"}],"curies":[{"name":"wp","href":"https:\/\/api.w.org\/{rel}","templated":true}]}}