{"id":885,"date":"2024-10-06T09:37:04","date_gmt":"2024-10-06T07:37:04","guid":{"rendered":"https:\/\/catholicus.eu\/it\/?p=885"},"modified":"2024-10-06T09:37:05","modified_gmt":"2024-10-06T07:37:05","slug":"lanno-liturgico-un-viaggio-spirituale-lungo-lanno","status":"publish","type":"post","link":"https:\/\/catholicus.eu\/it\/lanno-liturgico-un-viaggio-spirituale-lungo-lanno\/","title":{"rendered":"L&#8217;Anno Liturgico: Un Viaggio Spirituale lungo l&#8217;Anno"},"content":{"rendered":"\n<p>L&#8217;anno liturgico \u00e8 uno dei tesori pi\u00f9 preziosi della Chiesa cattolica. Attraverso i suoi ritmi e le sue stagioni, la Chiesa ci invita a immergerci nei misteri della fede, a camminare con Cristo e a vivere una vera conversione del cuore. Pi\u00f9 di una semplice struttura cronologica, l&#8217;anno liturgico \u00e8 un viaggio spirituale che offre ai cattolici un percorso chiaro per crescere nella loro relazione con Dio. \u00c8 un&#8217;occasione per unire la nostra vita quotidiana al grande dramma della salvezza che si dispiega nel corso del tempo.<\/p>\n\n\n\n<p>In questo articolo esploreremo in dettaglio le diverse stagioni liturgiche, il loro significato e come ciascuna di esse offra un&#8217;opportunit\u00e0 unica per approfondire la nostra fede e trasformare la nostra vita. Unitevi a noi in questo viaggio attraverso le stagioni spirituali dell&#8217;anno liturgico.<\/p>\n\n\n\n<h3 class=\"wp-block-heading\">Cos&#8217;\u00e8 l&#8217;Anno Liturgico?<\/h3>\n\n\n\n<p>L&#8217;anno liturgico \u00e8 il ciclo annuale di celebrazioni organizzato dalla Chiesa per commemorare i grandi misteri della vita di Ges\u00f9 Cristo, dalla sua incarnazione alla sua ascensione, passando per la vita della Vergine Maria e dei santi. Questo calendario sacro non segue rigorosamente il calendario civile, ma si concentra sugli eventi fondamentali della fede cristiana.<\/p>\n\n\n\n<p>Lo scopo dell&#8217;anno liturgico \u00e8 che, attraverso la preghiera, la celebrazione dei sacramenti e l&#8217;ascolto della Parola, i fedeli possano camminare spiritualmente con Cristo lungo l&#8217;anno. \u00c8 un modo in cui la Chiesa ci aiuta a rimanere concentrati su ci\u00f2 che conta veramente: la nostra relazione con Dio e il nostro impegno nella fede.<\/p>\n\n\n\n<h3 class=\"wp-block-heading\">Le Stagioni Liturgiche: Tappe Fondamentali del Nostro Viaggio Spirituale<\/h3>\n\n\n\n<p>L&#8217;anno liturgico \u00e8 diviso in diverse stagioni, ognuna con il proprio colore liturgico, simboli, preghiere e letture bibliche. Ogni stagione possiede una ricchezza spirituale unica e offre un invito particolare ai fedeli a rinnovare la propria vita in Cristo.<\/p>\n\n\n\n<h4 class=\"wp-block-heading\">1. <strong>Avvento: Un Tempo di Speranza e Preparazione<\/strong><\/h4>\n\n\n\n<p>L&#8217;anno liturgico inizia con l&#8217;<strong>Avvento<\/strong>, un periodo di quattro settimane che ci prepara alla venuta di Cristo. \u00c8 un tempo di <strong>speranza<\/strong> e di <strong>attesa<\/strong>, durante il quale ricordiamo la prima venuta di Ges\u00f9 nell&#8217;umilt\u00e0 di Betlemme e ci prepariamo anche alla sua seconda venuta gloriosa alla fine dei tempi.<\/p>\n\n\n\n<p>Il colore liturgico dell&#8217;Avvento \u00e8 il <strong>viola<\/strong>, simbolo di penitenza e conversione. Sebbene sia un tempo di preparazione, l&#8217;Avvento non \u00e8 austero come la Quaresima. Ci invita a guardare al futuro con gioia, sapendo che il Salvatore \u00e8 vicino. Le letture della Messa durante questo periodo ci chiamano alla <strong>vigilanza, alla conversione e alla gioia<\/strong>, ricordandoci che dobbiamo essere sempre pronti ad accogliere Cristo nelle nostre vite.<\/p>\n\n\n\n<p>L&#8217;Avvento \u00e8 un&#8217;occasione unica per riflettere su come prepariamo i nostri cuori ad accogliere Ges\u00f9. Siamo pronti a fargli spazio nelle nostre vite, o siamo troppo assorbiti dalle preoccupazioni mondane? Questa stagione ci invita a creare questo spazio interiore, a purificare le nostre intenzioni e ad attendere con un cuore colmo di speranza.<\/p>\n\n\n\n<h4 class=\"wp-block-heading\">2. <strong>Natale: Celebrare la Nascita del Salvatore<\/strong><\/h4>\n\n\n\n<p>Dopo l&#8217;Avvento viene la gioia del <strong>Natale<\/strong>, la stagione in cui celebriamo la nascita di Ges\u00f9 Cristo, il Verbo fatto carne. Il Natale non \u00e8 solo un giorno, ma una stagione che dura fino alla festa del Battesimo del Signore. Il colore liturgico \u00e8 il <strong>bianco<\/strong>, simbolo di <strong>purezza, luce e gloria<\/strong>.<\/p>\n\n\n\n<p>Durante il Natale, la Chiesa ci invita a contemplare il mistero dell&#8217;incarnazione: <strong>Dio si \u00e8 fatto uomo<\/strong>, ha condiviso la nostra natura umana e ci ha portato la salvezza. Le letture e le preghiere di questo periodo ci incoraggiano a meditare sull&#8217;umilt\u00e0 di Cristo, che ha scelto di nascere nella povert\u00e0 e nella semplicit\u00e0 di una mangiatoia. Questo ci ricorda l&#8217;immenso amore di Dio, che non ha esitato a mandare suo Figlio per salvarci.<\/p>\n\n\n\n<p>\u00c8 un tempo di <strong>profonda gioia<\/strong>, ma anche di riflessione su come rispondiamo a questo immenso dono. Accogliamo Cristo nelle nostre vite con lo stesso entusiasmo e gioia dei pastori e dei magi, o abbiamo lasciato che la routine e le distrazioni attenuassero il nostro fervore?<\/p>\n\n\n\n<h4 class=\"wp-block-heading\">3. <strong>Quaresima: Un Cammino di Conversione e Rinuncia<\/strong><\/h4>\n\n\n\n<p>La <strong>Quaresima<\/strong> \u00e8 un periodo di quaranta giorni che ci prepara alla Pasqua, il cuore dell&#8217;anno liturgico. Inizia con il <strong>Mercoled\u00ec delle Ceneri<\/strong> e ci invita a un tempo di <strong>penitenza, preghiera e digiuno<\/strong>. Il colore liturgico \u00e8 il <strong>viola<\/strong>, simbolo di pentimento e preparazione spirituale.<\/p>\n\n\n\n<p>Questa stagione si ispira ai quaranta giorni che Ges\u00f9 ha trascorso nel deserto prima di iniziare il suo ministero pubblico. Ci chiama a imitare Cristo nella sua lotta contro la tentazione e a rinnovarci spiritualmente attraverso la rinuncia e il sacrificio. Durante la Quaresima, la Chiesa ci incoraggia a <strong>esaminare le nostre vite, confessare i nostri peccati e tornare a Dio<\/strong>.<\/p>\n\n\n\n<p>Il richiamo centrale della Quaresima \u00e8 alla <strong>conversione<\/strong>. \u00c8 un tempo per rivedere le nostre priorit\u00e0, allontanare ci\u00f2 che ci allontana da Dio e rafforzare la nostra vita spirituale attraverso pratiche come il digiuno, l&#8217;elemosina e la preghiera intensa. \u00c8 anche un momento di <strong>solidariet\u00e0<\/strong> con coloro che soffrono, per ricordare i bisognosi e impegnarsi nella giustizia e nella carit\u00e0.<\/p>\n\n\n\n<h4 class=\"wp-block-heading\">4. <strong>Pasqua: La Vittoria di Cristo Risorto<\/strong><\/h4>\n\n\n\n<p>Dopo la preparazione della Quaresima, arriva la gloriosa celebrazione della <strong>Pasqua<\/strong>, che commemora la <strong>risurrezione di Ges\u00f9 Cristo<\/strong>. La Pasqua \u00e8 il centro dell&#8217;anno liturgico, l&#8217;evento che d\u00e0 senso a tutta la nostra fede. Il colore liturgico \u00e8 il <strong>bianco<\/strong>, simbolo di <strong>gloria e trionfo<\/strong>.<\/p>\n\n\n\n<p>La <strong>Veglia Pasquale<\/strong> \u00e8 il momento pi\u00f9 solenne del calendario liturgico, in cui proclamiamo con gioia che <strong>Cristo ha vinto la morte<\/strong> e ci ha dato la vita eterna. La Pasqua non \u00e8 solo un giorno, ma una stagione di cinquanta giorni, che si conclude con la festa della Pentecoste, in cui celebriamo il dono dello Spirito Santo.<\/p>\n\n\n\n<p>Il tempo pasquale ci invita a vivere nella <strong>gioia della risurrezione<\/strong>. Cristo ha trionfato, e noi, come suoi discepoli, siamo chiamati a condividere questa vittoria. Egli ci invita a vivere con una <strong>speranza incrollabile<\/strong> e a essere testimoni del potere trasformante della risurrezione nella nostra vita quotidiana.<\/p>\n\n\n\n<h4 class=\"wp-block-heading\">5. <strong>Tempo Ordinario: Vivere la Fede nella Vita Quotidiana<\/strong><\/h4>\n\n\n\n<p>Il <strong>Tempo Ordinario<\/strong> occupa gran parte del calendario liturgico e rappresenta il momento in cui non celebriamo un mistero specifico, come il Natale o la Pasqua. Tuttavia, il Tempo Ordinario non \u00e8 meno importante. \u00c8 il tempo in cui siamo chiamati a <strong>vivere la nostra fede quotidianamente<\/strong>, applicando ci\u00f2 che abbiamo imparato e vissuto durante le stagioni pi\u00f9 solenni.<\/p>\n\n\n\n<p>Il colore liturgico \u00e8 il <strong>verde<\/strong>, simbolo di <strong>speranza e vita<\/strong>. Durante questo periodo, le letture della Messa ci invitano a riflettere sulla vita e sugli insegnamenti di Ges\u00f9 durante il suo ministero pubblico e a considerare come possiamo essere suoi discepoli nella nostra vita di ogni giorno.<\/p>\n\n\n\n<p>Il Tempo Ordinario ci ricorda che la santit\u00e0 non si vive solo in momenti straordinari, ma nelle piccole decisioni e azioni di ogni giorno. \u00c8 un tempo per crescere nelle virt\u00f9, per seguire l&#8217;esempio di Cristo nelle nostre relazioni con gli altri e per mantenere viva la nostra fede durante tutto l&#8217;anno.<\/p>\n\n\n\n<h3 class=\"wp-block-heading\">Conclusione: Un Viaggio Continuo di Fede<\/h3>\n\n\n\n<p>L&#8217;anno liturgico \u00e8 molto pi\u00f9 di una struttura di date e celebrazioni. \u00c8 un <strong>viaggio spirituale<\/strong>, un&#8217;opportunit\u00e0 per crescere nella nostra fede, avvicinarci a Cristo e trasformare le nostre vite alla luce del Vangelo. Ogni stagione liturgica offre una <strong>grazia particolare<\/strong> e un <strong>invito unico<\/strong>: che sia la speranza dell&#8217;Avvento, la gioia del Natale, la penitenza della Quaresima, la vittoria della Pasqua o la vita quotidiana del Tempo Ordinario.<\/p>\n\n\n\n<p>Abbracciare pienamente l&#8217;anno liturg<\/p>\n","protected":false},"excerpt":{"rendered":"<p>L&#8217;anno liturgico \u00e8 uno dei tesori pi\u00f9 preziosi della Chiesa cattolica. Attraverso i suoi ritmi e le sue stagioni, la Chiesa ci invita a immergerci nei misteri della fede, a camminare con Cristo e a vivere una vera conversione del cuore. Pi\u00f9 di una semplice struttura cronologica, l&#8217;anno liturgico \u00e8 un viaggio spirituale che offre &hellip;<\/p>\n","protected":false},"author":3,"featured_media":886,"comment_status":"open","ping_status":"open","sticky":false,"template":"","format":"standard","meta":{"_seopress_robots_primary_cat":"38","_seopress_titles_title":"","_seopress_titles_desc":"","_seopress_robots_index":"","footnotes":""},"categories":[52,38],"tags":[],"class_list":["post-885","post","type-post","status-publish","format-standard","has-post-thumbnail","","category-liturgia-e-anno-liturgico","category-storia-e-tradizione"],"_links":{"self":[{"href":"https:\/\/catholicus.eu\/it\/wp-json\/wp\/v2\/posts\/885","targetHints":{"allow":["GET"]}}],"collection":[{"href":"https:\/\/catholicus.eu\/it\/wp-json\/wp\/v2\/posts"}],"about":[{"href":"https:\/\/catholicus.eu\/it\/wp-json\/wp\/v2\/types\/post"}],"author":[{"embeddable":true,"href":"https:\/\/catholicus.eu\/it\/wp-json\/wp\/v2\/users\/3"}],"replies":[{"embeddable":true,"href":"https:\/\/catholicus.eu\/it\/wp-json\/wp\/v2\/comments?post=885"}],"version-history":[{"count":0,"href":"https:\/\/catholicus.eu\/it\/wp-json\/wp\/v2\/posts\/885\/revisions"}],"wp:featuredmedia":[{"embeddable":true,"href":"https:\/\/catholicus.eu\/it\/wp-json\/wp\/v2\/media\/886"}],"wp:attachment":[{"href":"https:\/\/catholicus.eu\/it\/wp-json\/wp\/v2\/media?parent=885"}],"wp:term":[{"taxonomy":"category","embeddable":true,"href":"https:\/\/catholicus.eu\/it\/wp-json\/wp\/v2\/categories?post=885"},{"taxonomy":"post_tag","embeddable":true,"href":"https:\/\/catholicus.eu\/it\/wp-json\/wp\/v2\/tags?post=885"}],"curies":[{"name":"wp","href":"https:\/\/api.w.org\/{rel}","templated":true}]}}