{"id":845,"date":"2024-10-02T12:07:43","date_gmt":"2024-10-02T10:07:43","guid":{"rendered":"https:\/\/catholicus.eu\/it\/?p=845"},"modified":"2024-10-02T12:07:44","modified_gmt":"2024-10-02T10:07:44","slug":"san-tommaso-daquino-e-larmonia-tra-fede-e-ragione-una-prospettiva-attuale","status":"publish","type":"post","link":"https:\/\/catholicus.eu\/it\/san-tommaso-daquino-e-larmonia-tra-fede-e-ragione-una-prospettiva-attuale\/","title":{"rendered":"San Tommaso d\u2019Aquino e l\u2019armonia tra fede e ragione: Una prospettiva attuale"},"content":{"rendered":"\n<p>San Tommaso d\u2019Aquino (1225-1274), uno dei pi\u00f9 grandi teologi e filosofi della Chiesa cattolica, \u00e8 una figura chiave per comprendere il dialogo tra fede e ragione. Nella sua opera monumentale, Tommaso dimostr\u00f2 che la fede in Dio e la ragione umana non solo sono compatibili, ma si completano a vicenda. I suoi pensieri rimangono rilevanti ancora oggi, in un mondo che spesso separa o contrappone fede e ragione. Questo articolo esamina come la sintesi tra fede e ragione proposta da Tommaso d\u2019Aquino possa offrire una prospettiva rinnovata e attuale sulle sfide del nostro tempo.<\/p>\n\n\n\n<h4 class=\"wp-block-heading\">1. Contesto storico: San Tommaso e la riscoperta di Aristotele<\/h4>\n\n\n\n<p>Nel Medioevo, i filosofi greci, in particolare le opere di Aristotele, erano state in gran parte dimenticate in Europa. Tuttavia, nel XII secolo, grazie all\u2019influenza di studiosi arabi ed ebrei, gli scritti di Aristotele furono reintrodotti in Europa, provocando una rivoluzione intellettuale. San Tommaso d\u2019Aquino svolse un ruolo cruciale nella riconciliazione della filosofia aristotelica con la teologia cristiana.<\/p>\n\n\n\n<p>Contrariamente a molti dei suoi contemporanei, che temevano che la ragione umana potesse contraddire la fede rivelata, Tommaso considerava la ragione un dono divino che poteva approfondire la nostra comprensione della verit\u00e0 di Dio. Il suo approccio fu di sintesi: credeva che sia la filosofia che la teologia cercassero la verit\u00e0 e che, poich\u00e9 la verit\u00e0 \u00e8 unica, non poteva esserci un reale conflitto tra ragione e fede.<\/p>\n\n\n\n<h4 class=\"wp-block-heading\">2. La relazione tra fede e ragione secondo San Tommaso<\/h4>\n\n\n\n<p>Nella sua opera <strong>Summa Theologica<\/strong>, Tommaso sviluppa la sua visione del rapporto tra fede e ragione. Per lui, la fede \u00e8 una virt\u00f9 teologale, un dono di Dio che ci permette di credere in ci\u00f2 che Egli ha rivelato, anche quando non possiamo comprenderlo completamente. Tuttavia, questo non significa che la fede contraddica la ragione. Tommaso sostiene anzi che la ragione pu\u00f2 e deve essere usata per esplorare, comprendere e difendere la fede.<\/p>\n\n\n\n<ul class=\"wp-block-list\">\n<li><strong>Fede e ragione: Vie alla verit\u00e0<\/strong>: San Tommaso sottolinea che fede e ragione hanno la stessa origine: Dio. La ragione ci permette di comprendere il mondo creato e le verit\u00e0 naturali, mentre la fede ci introduce nei misteri soprannaturali, cio\u00e8 in quegli aspetti di Dio e della realt\u00e0 che sfuggono alla ragione, come la Trinit\u00e0 o l\u2019Incarnazione di Cristo. Sebbene la ragione non possa raggiungere queste verit\u00e0 soprannaturali da sola, esse non le sono contrarie. Al contrario, la ragione pu\u00f2 aiutarci a comprendere meglio ci\u00f2 che accettiamo nella fede.<\/li>\n\n\n\n<li><strong>La complementariet\u00e0 di fede e ragione<\/strong>: Per Tommaso, fede e ragione sono come due ali che permettono alla mente umana di innalzarsi verso la verit\u00e0. La ragione, se correttamente utilizzata, pu\u00f2 condurci a una conoscenza naturale di Dio osservando la creazione. Nei suoi famosi <strong>cinque modi<\/strong>, ad esempio, Tommaso offre cinque argomenti razionali che dimostrano l\u2019esistenza di Dio sulla base dell\u2019osservazione del mondo naturale, come il movimento, la causalit\u00e0 o l\u2019ordine dell\u2019universo.<\/li>\n<\/ul>\n\n\n\n<h4 class=\"wp-block-heading\">3. L\u2019attualit\u00e0 del pensiero di San Tommaso nel XXI secolo<\/h4>\n\n\n\n<p>Oggi, il rapporto tra fede e ragione rimane un tema attuale, soprattutto in un mondo in cui il secolarismo e la scienza sono spesso visti come opposti alla religione. Tuttavia, il pensiero di San Tommaso offre una risposta profonda a questo conflitto apparente.<\/p>\n\n\n\n<ul class=\"wp-block-list\">\n<li><strong>Il dialogo tra scienza e fede<\/strong>: Oggi molti considerano la scienza come l\u2019unica via alla verit\u00e0, relegando la religione alla sfera privata. Tommaso ci ricorda che la verit\u00e0 \u00e8 unica e che sia la scienza che la religione cercano di rispondere a domande fondamentali sulla realt\u00e0. La scienza ci aiuta a comprendere il \u201ccome\u201d del mondo, mentre la religione risponde al \u201cperch\u00e9\u201d. L\u2019approccio di San Tommaso dimostra che non esiste un conflitto tra i due ambiti, ma una profonda complementariet\u00e0.<\/li>\n\n\n\n<li><strong>La sfida del relativismo<\/strong>: Nella nostra cultura contemporanea, il relativismo \u2013 l\u2019idea che non esista una verit\u00e0 assoluta \u2013 \u00e8 ampiamente diffuso. Il pensiero di San Tommaso, con la sua fiducia nella capacit\u00e0 della ragione di conoscere verit\u00e0 oggettive, offre un antidoto a questa tendenza. Tommaso sostiene che l\u2019uomo, dotato di natura razionale, pu\u00f2, attraverso l\u2019uso corretto della ragione, giungere a una conoscenza oggettiva del mondo e di Dio. In un mondo che spesso mette in dubbio la possibilit\u00e0 di conoscere la verit\u00e0, la filosofia tomista fornisce una base solida per affermare l\u2019esistenza di verit\u00e0 universali.<\/li>\n\n\n\n<li><strong>La difesa razionale della fede<\/strong>: In un\u2019epoca di crescente scetticismo verso la religione, la teologia di San Tommaso offre strumenti per difendere razionalmente la fede cristiana. Nei suoi scritti, mostra che la fede non \u00e8 irrazionale, ma profondamente radicata nella verit\u00e0 e pu\u00f2 essere difesa attraverso argomentazioni logiche. Ci\u00f2 \u00e8 particolarmente rilevante oggi, quando i cristiani si trovano spesso di fronte a critiche basate su incomprensioni riguardo alla natura della fede.<\/li>\n<\/ul>\n\n\n\n<h4 class=\"wp-block-heading\">4. L\u2019influenza di San Tommaso sul pensiero contemporaneo<\/h4>\n\n\n\n<p>L\u2019eredit\u00e0 di San Tommaso d\u2019Aquino \u00e8 stata immensa nel corso dei secoli. La sua opera ha profondamente influenzato non solo la teologia cattolica, ma anche la filosofia occidentale. Nel XX secolo, Papa Leone XIII, nella sua enciclica <strong>Aeterni Patris<\/strong> (1879), promosse la riscoperta della filosofia tomista come risposta alle sfide del mondo moderno. Da allora, il tomismo \u00e8 rimasto un importante filone all\u2019interno del cattolicesimo.<\/p>\n\n\n\n<p>Anche in ambiti come l\u2019etica, il diritto naturale e la filosofia politica, il pensiero tomista mantiene la sua rilevanza. La sua idea di diritto naturale \u2013 l\u2019idea che certi principi morali siano radicati nella natura umana e possano essere scoperti attraverso la ragione \u2013 offre ancora oggi un utile quadro di riferimento per i dibattiti contemporanei su questioni etiche e legali, come i diritti umani o la giustizia sociale.<\/p>\n\n\n\n<h4 class=\"wp-block-heading\">5. Applicazioni pratiche del pensiero di San Tommaso nella vita cristiana<\/h4>\n\n\n\n<p>Il pensiero di San Tommaso non \u00e8 solo una riflessione teorica, ma ha anche applicazioni pratiche nella vita quotidiana di un cristiano. L\u2019armonia tra fede e ragione ci invita a vivere la nostra fede in modo coerente, utilizzando la ragione per approfondire la nostra conoscenza di Dio e del mondo che ci circonda. Ci incoraggia anche a difendere la verit\u00e0 con umilt\u00e0, sapendo che la ragione umana \u00e8 limitata e ha sempre bisogno dell\u2019illuminazione della fede.<\/p>\n\n\n\n<p>Nella vita quotidiana, la sintesi tomista ci ricorda che la fede non \u00e8 un atto cieco, ma una risposta razionale e libera alla chiamata di Dio. Ci invita a cercare la conoscenza, a porci domande sui motivi della nostra fede e a non avere paura di dialogare con la scienza, la filosofia o la cultura contemporanea.<\/p>\n\n\n\n<h4 class=\"wp-block-heading\">Conclusione<\/h4>\n\n\n\n<p>San Tommaso d\u2019Aquino ci offre una visione profonda ed equilibrata del rapporto tra fede e ragione. In un mondo in cui queste due dimensioni sono spesso percepite come opposte, il suo pensiero rimane una fonte di luce e saggezza. L\u2019armonia che propone tra fede e ragione ci ricorda che entrambe sono vie alla verit\u00e0 e che, utilizzate insieme, possono aiutarci a avvicinarci al mistero di Dio. Oggi, pi\u00f9 che mai, \u00e8 necessario riscoprire l\u2019eredit\u00e0 di San Tommaso e applicare la sua visione alle sfide del nostro tempo.<\/p>\n","protected":false},"excerpt":{"rendered":"<p>San Tommaso d\u2019Aquino (1225-1274), uno dei pi\u00f9 grandi teologi e filosofi della Chiesa cattolica, \u00e8 una figura chiave per comprendere il dialogo tra fede e ragione. Nella sua opera monumentale, Tommaso dimostr\u00f2 che la fede in Dio e la ragione umana non solo sono compatibili, ma si completano a vicenda. I suoi pensieri rimangono rilevanti &hellip;<\/p>\n","protected":false},"author":3,"featured_media":846,"comment_status":"open","ping_status":"open","sticky":false,"template":"","format":"standard","meta":{"_seopress_robots_primary_cat":"41","_seopress_titles_title":"","_seopress_titles_desc":"","_seopress_robots_index":"","footnotes":""},"categories":[41,63],"tags":[],"class_list":["post-845","post","type-post","status-publish","format-standard","has-post-thumbnail","","category-fede-e-cultura","category-filosofia-e-fede"],"_links":{"self":[{"href":"https:\/\/catholicus.eu\/it\/wp-json\/wp\/v2\/posts\/845","targetHints":{"allow":["GET"]}}],"collection":[{"href":"https:\/\/catholicus.eu\/it\/wp-json\/wp\/v2\/posts"}],"about":[{"href":"https:\/\/catholicus.eu\/it\/wp-json\/wp\/v2\/types\/post"}],"author":[{"embeddable":true,"href":"https:\/\/catholicus.eu\/it\/wp-json\/wp\/v2\/users\/3"}],"replies":[{"embeddable":true,"href":"https:\/\/catholicus.eu\/it\/wp-json\/wp\/v2\/comments?post=845"}],"version-history":[{"count":0,"href":"https:\/\/catholicus.eu\/it\/wp-json\/wp\/v2\/posts\/845\/revisions"}],"wp:featuredmedia":[{"embeddable":true,"href":"https:\/\/catholicus.eu\/it\/wp-json\/wp\/v2\/media\/846"}],"wp:attachment":[{"href":"https:\/\/catholicus.eu\/it\/wp-json\/wp\/v2\/media?parent=845"}],"wp:term":[{"taxonomy":"category","embeddable":true,"href":"https:\/\/catholicus.eu\/it\/wp-json\/wp\/v2\/categories?post=845"},{"taxonomy":"post_tag","embeddable":true,"href":"https:\/\/catholicus.eu\/it\/wp-json\/wp\/v2\/tags?post=845"}],"curies":[{"name":"wp","href":"https:\/\/api.w.org\/{rel}","templated":true}]}}