{"id":813,"date":"2024-09-30T19:02:41","date_gmt":"2024-09-30T17:02:41","guid":{"rendered":"https:\/\/catholicus.eu\/it\/?p=813"},"modified":"2024-09-30T19:02:41","modified_gmt":"2024-09-30T17:02:41","slug":"la-fede-come-risposta-comprendere-la-relazione-tra-dio-e-luomo-secondo-il-catechismo","status":"publish","type":"post","link":"https:\/\/catholicus.eu\/it\/la-fede-come-risposta-comprendere-la-relazione-tra-dio-e-luomo-secondo-il-catechismo\/","title":{"rendered":"La fede come risposta: Comprendere la relazione tra Dio e l\u2019uomo secondo il Catechismo"},"content":{"rendered":"\n<p>La relazione tra Dio e l\u2019umanit\u00e0 \u00e8 uno dei pilastri centrali della teologia cristiana, e il <em>Catechismo della Chiesa Cattolica<\/em> descrive questa relazione come un dialogo d\u2019amore, iniziato da Dio, al quale l\u2019uomo risponde con la fede. La fede non \u00e8 semplicemente un atto di credenza cieca, ma una risposta libera, consapevole e ragionata all\u2019amore di Dio, rivelato nella nostra storia. In questo articolo esploreremo in profondit\u00e0 come il Catechismo spiega questa relazione, come la fede agisce come una risposta alla chiamata di Dio e come la ragione completa questa fede, creando armonia tra il divino e l\u2019umano.<\/p>\n\n\n\n<h4 class=\"wp-block-heading\"><strong>Dio, iniziatore del dialogo<\/strong><\/h4>\n\n\n\n<p>Secondo il Catechismo, tutto inizia con Dio. Il paragrafo 27 del Catechismo afferma che &#8220;il desiderio di Dio \u00e8 inscritto nel cuore dell\u2019uomo, perch\u00e9 l\u2019uomo \u00e8 stato creato da Dio e per Dio&#8221;. Questa dichiarazione sottolinea che la ricerca di Dio non \u00e8 un tentativo unilaterale dell\u2019umanit\u00e0, ma una risposta a una chiamata profonda che proviene dallo stesso Dio. L\u2019uomo \u00e8 creato con un desiderio naturale di cercare il suo Creatore, e questo d\u00e0 inizio al dialogo.<\/p>\n\n\n\n<p>Dio, a sua volta, si rivela all\u2019umanit\u00e0 in vari modi: attraverso la creazione, la storia della salvezza, la persona di Ges\u00f9 Cristo e infine attraverso la Chiesa e i sacramenti. Questa autorivelazione divina non \u00e8 un atto distante, ma profondamente personale. <strong>Dio cerca una relazione intima e amorevole con ogni essere umano<\/strong>, come un Padre con i Suoi figli. Questo \u00e8 il primo atto nella relazione tra Dio e l\u2019uomo: <strong>Dio si fa conoscere<\/strong>.<\/p>\n\n\n\n<p>Tuttavia, questa rivelazione non \u00e8 imposta. Dio rispetta la libert\u00e0 umana, invitando l\u2019uomo a rispondere al Suo amore. <strong>Ed \u00e8 qui che entra in gioco la fede<\/strong>.<\/p>\n\n\n\n<h4 class=\"wp-block-heading\"><strong>La fede come risposta libera e personale<\/strong><\/h4>\n\n\n\n<p>La fede, secondo il Catechismo, \u00e8 &#8220;l\u2019adesione personale dell\u2019uomo intero a Dio che si rivela&#8221; (CCC 176). Non \u00e8 solo un atto intellettuale o emotivo, ma un impegno totale della persona umana. La fede implica la fiducia in Dio e l\u2019accettazione della Sua volont\u00e0. Ma, cosa ancora pi\u00f9 importante, la fede \u00e8 una <strong>risposta libera<\/strong>: Dio ci invita a credere, ma rispetta la nostra libert\u00e0 di accettare o rifiutare questo invito.<\/p>\n\n\n\n<p>In questo senso, la fede \u00e8 una relazione, non semplicemente una credenza. Come in ogni relazione umana significativa, la fiducia e l\u2019amore giocano un ruolo cruciale. <strong>Dio ci ama per primo<\/strong>, e la nostra fede \u00e8 una risposta a questo amore. <strong>Non crediamo semplicemente in una serie di dottrine<\/strong>, ma crediamo in una Persona: Ges\u00f9 Cristo, il Figlio di Dio, che ci rivela il volto del Padre.<\/p>\n\n\n\n<p>L\u2019atto di fede non si limita a un singolo momento della vita. \u00c8 un cammino che si svolge lungo tutta la nostra esistenza. Ogni giorno siamo chiamati a rinnovare la nostra fiducia in Dio, soprattutto nei momenti di difficolt\u00e0 o incertezza. <strong>La fede, quindi, non \u00e8 statica, ma dinamica<\/strong>; cresce e matura man mano che approfondiamo la nostra relazione con Dio.<\/p>\n\n\n\n<h4 class=\"wp-block-heading\"><strong>Fede e ragione: due ali per elevarsi verso la verit\u00e0<\/strong><\/h4>\n\n\n\n<p>Uno dei punti chiave che il Catechismo sottolinea \u00e8 l\u2019armonia tra fede e ragione. In un\u2019epoca in cui spesso si contrappongono scienza e religione, il Catechismo ci ricorda che <strong>fede e ragione non solo non si contraddicono, ma si completano a vicenda<\/strong>. Come sottolineato da San Giovanni Paolo II nella sua enciclica <em>Fides et Ratio<\/em>, &#8220;fede e ragione sono come le due ali con le quali lo spirito umano si innalza verso la contemplazione della verit\u00e0&#8221;.<\/p>\n\n\n\n<p>La fede cristiana non \u00e8 n\u00e9 irrazionale n\u00e9 anti-scientifica. Infatti, il Catechismo insegna che la fede cerca di comprendere: &#8220;credo per capire, e capisco per credere meglio&#8221; (CCC 158). La ragione, illuminata dalla fede, ci permette di approfondire i misteri di Dio e della creazione. Allo stesso tempo, la fede ci protegge dal cadere nei limiti di una ragione che, da sola, non pu\u00f2 rispondere alle grandi domande dell\u2019esistenza: l\u2019origine dell\u2019universo, lo scopo della vita, il mistero del male e la speranza nella vita eterna.<\/p>\n\n\n\n<p>Il Catechismo ci insegna anche che, sebbene la nostra conoscenza di Dio sia limitata dalla nostra natura finita, \u00e8 resa possibile grazie alla Sua rivelazione. <strong>Dio non \u00e8 una verit\u00e0 inaccessibile<\/strong>, ma si \u00e8 fatto conoscere in Ges\u00f9 Cristo. Grazie alla ragione, possiamo riconoscere le tracce di Dio nel mondo, ma \u00e8 la fede che ci permette di entrare in relazione personale con Lui. In altre parole, la ragione ci aiuta a &#8220;vedere&#8221;, ma la fede ci consente di &#8220;credere&#8221; e di fidarci di ci\u00f2 che non possiamo comprendere completamente.<\/p>\n\n\n\n<h4 class=\"wp-block-heading\"><strong>La fede nella vita quotidiana: un impegno reale<\/strong><\/h4>\n\n\n\n<p>Una delle grandi lezioni del Catechismo \u00e8 che la fede non \u00e8 solo una questione privata o interiore, ma ha profonde implicazioni nella nostra vita quotidiana. <strong>La fede ha conseguenze pratiche<\/strong>: modella le nostre decisioni, le nostre relazioni e le nostre priorit\u00e0. Se crediamo in un Dio che \u00e8 Amore, allora siamo chiamati a riflettere questo amore nelle nostre azioni.<\/p>\n\n\n\n<p>Il Catechismo sottolinea che la fede senza le opere \u00e8 morta (Giacomo 2,17). Questo significa che non possiamo limitarci a un atto intellettuale di credere in Dio; dobbiamo vivere la nostra fede attraverso la carit\u00e0 e la giustizia. La fede autentica trasforma la nostra vita in modo concreto: ci spinge a perdonare, a servire gli altri, a lottare per la dignit\u00e0 di ogni persona e a testimoniare il Vangelo nel mondo.<\/p>\n\n\n\n<p>Inoltre, la fede ci offre una prospettiva diversa sulla sofferenza e sulle difficolt\u00e0. Non elimina i problemi della vita, ma ci offre una speranza pi\u00f9 profonda: <strong>sappiamo che Dio \u00e8 con noi, anche nei momenti pi\u00f9 oscuri<\/strong>. La fede ci permette di credere che il male non ha l\u2019ultima parola e che l\u2019amore di Dio \u00e8 pi\u00f9 forte di qualsiasi avversit\u00e0.<\/p>\n\n\n\n<h4 class=\"wp-block-heading\"><strong>Il ruolo della Chiesa nella trasmissione della fede<\/strong><\/h4>\n\n\n\n<p>Infine, il Catechismo ci insegna che la fede non \u00e8 solo un\u2019esperienza individuale, ma che si vive in comunione con altri credenti. <strong>La Chiesa \u00e8 il luogo in cui la fede viene trasmessa e celebrata<\/strong>, soprattutto attraverso i sacramenti. La comunit\u00e0 di fede, dagli apostoli fino ad oggi, \u00e8 una testimonianza vivente della presenza di Cristo nel mondo.<\/p>\n\n\n\n<p>Nella Chiesa riceviamo la fede attraverso il Battesimo e la nutriamo attraverso l\u2019Eucaristia, la preghiera e l\u2019insegnamento. La Chiesa non \u00e8 solo un\u2019istituzione, ma il Corpo di Cristo, una famiglia di credenti che camminano insieme verso Dio. \u00c8 qui che impariamo a vivere la nostra fede in comunit\u00e0, sostenendoci l\u2019un l\u2019altro e condividendo la missione di annunciare il Vangelo.<\/p>\n\n\n\n<h4 class=\"wp-block-heading\"><strong>Conclusione: La fede come incontro e risposta<\/strong><\/h4>\n\n\n\n<p>In sintesi, il <em>Catechismo della Chiesa Cattolica<\/em> presenta una visione profonda e completa della relazione tra Dio e l\u2019uomo, in cui la fede \u00e8 la risposta libera e amorevole dell\u2019uomo alla chiamata di Dio. Non si tratta di una fede cieca o irrazionale, ma di una risposta che integra la ragione, l\u2019amore e la fiducia in un Dio che si rivela e che cerca una relazione personale con noi.<\/p>\n\n\n\n<p>La fede, dunque, \u00e8 molto pi\u00f9 di una credenza: <strong>\u00e8 un incontro personale con Dio che trasforma la nostra vita<\/strong>. \u00c8 una luce che guida i nostri passi lungo il cammino della vita, dandoci speranza, senso e scopo. In un mondo pieno di incertezze e sfide, la fede \u00e8 la roccia solida su cui possiamo poggiarci, sapendo che Dio \u00e8 sempre fedele alla sua promessa di essere con noi fino alla fine dei tempi.<\/p>\n","protected":false},"excerpt":{"rendered":"<p>La relazione tra Dio e l\u2019umanit\u00e0 \u00e8 uno dei pilastri centrali della teologia cristiana, e il Catechismo della Chiesa Cattolica descrive questa relazione come un dialogo d\u2019amore, iniziato da Dio, al quale l\u2019uomo risponde con la fede. La fede non \u00e8 semplicemente un atto di credenza cieca, ma una risposta libera, consapevole e ragionata all\u2019amore &hellip;<\/p>\n","protected":false},"author":3,"featured_media":814,"comment_status":"open","ping_status":"open","sticky":false,"template":"","format":"standard","meta":{"_seopress_robots_primary_cat":"37","_seopress_titles_title":"","_seopress_titles_desc":"","_seopress_robots_index":"","footnotes":""},"categories":[43,37],"tags":[],"class_list":["post-813","post","type-post","status-publish","format-standard","has-post-thumbnail","","category-catechismo-della-chiesa-cattolica","category-dottrina-e-fede"],"_links":{"self":[{"href":"https:\/\/catholicus.eu\/it\/wp-json\/wp\/v2\/posts\/813","targetHints":{"allow":["GET"]}}],"collection":[{"href":"https:\/\/catholicus.eu\/it\/wp-json\/wp\/v2\/posts"}],"about":[{"href":"https:\/\/catholicus.eu\/it\/wp-json\/wp\/v2\/types\/post"}],"author":[{"embeddable":true,"href":"https:\/\/catholicus.eu\/it\/wp-json\/wp\/v2\/users\/3"}],"replies":[{"embeddable":true,"href":"https:\/\/catholicus.eu\/it\/wp-json\/wp\/v2\/comments?post=813"}],"version-history":[{"count":0,"href":"https:\/\/catholicus.eu\/it\/wp-json\/wp\/v2\/posts\/813\/revisions"}],"wp:featuredmedia":[{"embeddable":true,"href":"https:\/\/catholicus.eu\/it\/wp-json\/wp\/v2\/media\/814"}],"wp:attachment":[{"href":"https:\/\/catholicus.eu\/it\/wp-json\/wp\/v2\/media?parent=813"}],"wp:term":[{"taxonomy":"category","embeddable":true,"href":"https:\/\/catholicus.eu\/it\/wp-json\/wp\/v2\/categories?post=813"},{"taxonomy":"post_tag","embeddable":true,"href":"https:\/\/catholicus.eu\/it\/wp-json\/wp\/v2\/tags?post=813"}],"curies":[{"name":"wp","href":"https:\/\/api.w.org\/{rel}","templated":true}]}}