{"id":6349,"date":"2026-08-14T23:48:19","date_gmt":"2026-08-14T21:48:19","guid":{"rendered":"https:\/\/catholicus.eu\/it\/?p=6349"},"modified":"2026-08-14T23:48:20","modified_gmt":"2026-08-14T21:48:20","slug":"la-tua-religione-dipende-da-dove-sei-nato-una-fede-per-tutte-le-nazioni-perche-la-verita-cattolica-e-universale-e-trascende-la-geografia","status":"publish","type":"post","link":"https:\/\/catholicus.eu\/it\/la-tua-religione-dipende-da-dove-sei-nato-una-fede-per-tutte-le-nazioni-perche-la-verita-cattolica-e-universale-e-trascende-la-geografia\/","title":{"rendered":"La tua religione dipende da dove sei nato? Una fede per tutte le nazioni: perch\u00e9 la verit\u00e0 cattolica \u00e8 universale e trascende la geografia"},"content":{"rendered":"\n<p class=\"wp-block-paragraph\">C\u2019\u00e8 una domanda che sembra semplice, quasi innocente, ma che racchiude una delle grandi sfide intellettuali e spirituali del nostro tempo:<\/p>\n\n\n\n<p class=\"wp-block-paragraph\"><strong>Se fossi nato in Arabia Saudita, probabilmente saresti musulmano. Se fossi nato in India, forse ind\u00f9. Se fossi nato in Thailandia, forse buddista. E se fossi nato in Spagna, Italia o Polonia, probabilmente saresti cristiano. Questo non dimostra forse che la nostra religione dipende semplicemente dal luogo in cui nasciamo?<\/strong><\/p>\n\n\n\n<p class=\"wp-block-paragraph\">L\u2019argomento possiede una forza intuitiva. Tutti conosciamo persone che appartengono principalmente a una religione perch\u00e9 l\u2019hanno ricevuta dalla famiglia, dal popolo o dalla cultura. La geografia sembra determinare la fede.<\/p>\n\n\n\n<p class=\"wp-block-paragraph\">Ma qui compare una confusione fondamentale: <strong>spiegare sociologicamente perch\u00e9 una persona arriva a conoscere una determinata religione \u00e8 una cosa; dimostrare che quella religione \u00e8 vera \u00e8 un\u2019altra completamente diversa.<\/strong><\/p>\n\n\n\n<p class=\"wp-block-paragraph\">Nascere in un determinato luogo pu\u00f2 influenzare profondamente ci\u00f2 che conosciamo. Ma non determina necessariamente ci\u00f2 che \u00e8 vero.<\/p>\n\n\n\n<p class=\"wp-block-paragraph\">Se la verit\u00e0 dipendesse dalla geografia, allora non esisterebbe alcuna verit\u00e0 universale. La matematica sarebbe diversa a seconda del continente; la natura umana cambierebbe quando attraversiamo una frontiera; e il bene e il male sarebbero soltanto convenzioni locali.<\/p>\n\n\n\n<p class=\"wp-block-paragraph\">La fede cattolica, invece, parte da un\u2019affermazione radicalmente diversa: <strong>Dio non appartiene a nessuna nazione, cultura o regione. Dio \u00e8 il Creatore di tutti gli uomini. E Ges\u00f9 Cristo non \u00e8 venuto a fondare una religione nazionale, ma a salvare il genere umano.<\/strong><\/p>\n\n\n\n<p class=\"wp-block-paragraph\">Per questo la Chiesa \u00e8 precisamente chiamata <strong>cattolica<\/strong>, cio\u00e8 universale.<\/p>\n\n\n\n<h2 class=\"wp-block-heading\">1. Il relativismo geografico: un\u2019obiezione che sembra pi\u00f9 forte di quanto sia realmente<\/h2>\n\n\n\n<p class=\"wp-block-paragraph\">L\u2019argomento viene generalmente formulato cos\u00ec:<\/p>\n\n\n\n<blockquote class=\"wp-block-quote is-layout-flow wp-block-quote-is-layout-flow\">\n<p class=\"wp-block-paragraph\">\u00abSe fossi nato in un altro Paese, avresti un\u2019altra religione. Pertanto, nessuna religione pu\u00f2 pretendere di possedere la verit\u00e0.\u00bb<\/p>\n<\/blockquote>\n\n\n\n<p class=\"wp-block-paragraph\">Ma esaminiamo attentamente questo ragionamento.<\/p>\n\n\n\n<p class=\"wp-block-paragraph\">\u00c8 vero che il luogo in cui nasciamo influenza le nostre convinzioni. Ma che esso determini la verit\u00e0 di tali convinzioni \u00e8 un\u2019altra questione.<\/p>\n\n\n\n<p class=\"wp-block-paragraph\">Immaginiamo un bambino nato in una famiglia che crede che la Terra sia piatta. Quel bambino probabilmente imparer\u00e0, almeno inizialmente, che la Terra \u00e8 piatta. Ma il fatto di essere nato in quella famiglia <strong>non rende vera la convinzione che la Terra sia piatta<\/strong>.<\/p>\n\n\n\n<p class=\"wp-block-paragraph\">Lo stesso vale per la religione.<\/p>\n\n\n\n<p class=\"wp-block-paragraph\">La nascita spiega in larga misura <strong>come arriviamo ad aderire a una determinata convinzione<\/strong>, ma non risponde da sola alla domanda decisiva:<\/p>\n\n\n\n<p class=\"wp-block-paragraph\"><strong>Questa convinzione \u00e8 vera?<\/strong><\/p>\n\n\n\n<p class=\"wp-block-paragraph\">Confondere queste due domande costituisce un errore logico.<\/p>\n\n\n\n<p class=\"wp-block-paragraph\">Il relativismo geografico trasforma un\u2019osservazione sociologica \u2014 \u00abla cultura influenza le nostre convinzioni\u00bb \u2014 in una conclusione metafisica \u2014 \u00abpertanto nessuna convinzione religiosa pu\u00f2 essere universalmente vera\u00bb.<\/p>\n\n\n\n<p class=\"wp-block-paragraph\">La prima affermazione \u00e8 evidente.<\/p>\n\n\n\n<p class=\"wp-block-paragraph\">La seconda non deriva dalla prima.<\/p>\n\n\n\n<p class=\"wp-block-paragraph\">Ed \u00e8 precisamente qui che comincia la questione religiosa.<\/p>\n\n\n\n<h2 class=\"wp-block-heading\">2. La verit\u00e0 non cambia quando attraversiamo una frontiera<\/h2>\n\n\n\n<p class=\"wp-block-paragraph\">Supponiamo che una persona nasca a Madrid e un\u2019altra a Tokyo.<\/p>\n\n\n\n<p class=\"wp-block-paragraph\">Entrambe appartengono a culture diverse, parlano lingue diverse e possono aver ricevuto tradizioni religiose differenti.<\/p>\n\n\n\n<p class=\"wp-block-paragraph\">Ma se esiste un Dio vero, <strong>Dio \u00e8 lo stesso per entrambe<\/strong>.<\/p>\n\n\n\n<p class=\"wp-block-paragraph\">Non esiste un \u00abDio spagnolo\u00bb e un \u00abDio giapponese\u00bb.<\/p>\n\n\n\n<p class=\"wp-block-paragraph\">Non esiste una verit\u00e0 per l\u2019Europa e un\u2019altra verit\u00e0 per l\u2019Asia.<\/p>\n\n\n\n<p class=\"wp-block-paragraph\">Non esiste una morale occidentale e un\u2019altra morale orientale quando parliamo di principi morali realmente universali.<\/p>\n\n\n\n<p class=\"wp-block-paragraph\">La verit\u00e0, per definizione, non dipende dalle nostre coordinate geografiche.<\/p>\n\n\n\n<p class=\"wp-block-paragraph\">Pertanto, la domanda fondamentale non dovrebbe essere:<\/p>\n\n\n\n<p class=\"wp-block-paragraph\"><strong>\u00abDove sei nato?\u00bb<\/strong><\/p>\n\n\n\n<p class=\"wp-block-paragraph\">ma:<\/p>\n\n\n\n<p class=\"wp-block-paragraph\"><strong>\u00abQuale religione corrisponde veramente alla verit\u00e0 su Dio, sull\u2019uomo e sulla salvezza?\u00bb<\/strong><\/p>\n\n\n\n<p class=\"wp-block-paragraph\">La Chiesa cattolica non afferma che il cristianesimo sia vero perch\u00e9 l\u2019Europa \u00e8 stata cristiana per secoli. N\u00e9 perch\u00e9 la Spagna possiede una profonda tradizione cattolica, n\u00e9 perch\u00e9 i nostri genitori ci hanno fatto battezzare.<\/p>\n\n\n\n<p class=\"wp-block-paragraph\">La Chiesa afferma qualcosa di molto pi\u00f9 profondo:<\/p>\n\n\n\n<p class=\"wp-block-paragraph\"><strong>Ges\u00f9 Cristo \u00e8 veramente Dio fatto uomo, \u00e8 veramente morto e risorto e ha fondato una Chiesa destinata a tutti i popoli.<\/strong><\/p>\n\n\n\n<p class=\"wp-block-paragraph\">Se questo \u00e8 vero, allora tale verit\u00e0 non \u00e8 confinata alla Galilea, a Roma, alla Spagna o all\u2019Europa.<\/p>\n\n\n\n<h2 class=\"wp-block-heading\">3. Fin dall\u2019inizio, Ges\u00f9 Cristo supera i confini religiosi e nazionali<\/h2>\n\n\n\n<p class=\"wp-block-paragraph\">Questo appare con straordinaria chiarezza nel Vangelo.<\/p>\n\n\n\n<p class=\"wp-block-paragraph\">Ges\u00f9 \u00e8 storicamente nato all\u2019interno di un popolo particolare: Israele.<\/p>\n\n\n\n<p class=\"wp-block-paragraph\">Parla una lingua particolare.<\/p>\n\n\n\n<p class=\"wp-block-paragraph\">Vive in una cultura particolare.<\/p>\n\n\n\n<p class=\"wp-block-paragraph\">Possiede una genealogia particolare.<\/p>\n\n\n\n<p class=\"wp-block-paragraph\">La sua umanit\u00e0 \u00e8 veramente inserita nella storia.<\/p>\n\n\n\n<p class=\"wp-block-paragraph\">Ma proprio qui incontriamo uno dei grandi misteri del cristianesimo: <strong>il Figlio eterno di Dio entra in una storia particolare per offrire la salvezza universale.<\/strong><\/p>\n\n\n\n<p class=\"wp-block-paragraph\">Cristo non dice ai suoi Apostoli:<\/p>\n\n\n\n<p class=\"wp-block-paragraph\">\u00abAndate soltanto in Israele.\u00bb<\/p>\n\n\n\n<p class=\"wp-block-paragraph\">Dopo la sua Risurrezione affida loro una missione completamente diversa:<\/p>\n\n\n\n<blockquote class=\"wp-block-quote is-layout-flow wp-block-quote-is-layout-flow\">\n<p class=\"wp-block-paragraph\"><strong>\u00abAndate dunque e fate discepoli tutti i popoli, battezzandoli nel nome del Padre e del Figlio e dello Spirito Santo\u00bb<\/strong> (Mt 28,19).<\/p>\n<\/blockquote>\n\n\n\n<p class=\"wp-block-paragraph\">L\u2019espressione \u00e8 decisiva: <strong>tutti i popoli<\/strong>.<\/p>\n\n\n\n<p class=\"wp-block-paragraph\">Il cristianesimo non era destinato a rimanere una setta ebraica.<\/p>\n\n\n\n<p class=\"wp-block-paragraph\">Fin dalla sua origine portava in s\u00e9 una vocazione universale.<\/p>\n\n\n\n<p class=\"wp-block-paragraph\">Il Catechismo spiega che la Chiesa \u00e8 cattolica proprio perch\u00e9 Cristo \u00e8 presente in essa e perch\u00e9 \u00e8 stata da Lui inviata all\u2019intero genere umano.<\/p>\n\n\n\n<p class=\"wp-block-paragraph\">Ed \u00e8 fondamentale per rispondere al relativismo geografico.<\/p>\n\n\n\n<p class=\"wp-block-paragraph\">Se Ges\u00f9 Cristo avesse fondato una religione esclusivamente legata a una nazione, potremmo parlare di una religione etnica.<\/p>\n\n\n\n<p class=\"wp-block-paragraph\">Ma non lo fece.<\/p>\n\n\n\n<h2 class=\"wp-block-heading\">4. La Pentecoste: quando Dio parla a tutti i popoli<\/h2>\n\n\n\n<p class=\"wp-block-paragraph\">Nella Lettera degli Atti degli Apostoli troviamo una scena particolarmente significativa.<\/p>\n\n\n\n<p class=\"wp-block-paragraph\">A Pentecoste, uomini provenienti da popoli differenti ascoltano gli Apostoli proclamare le meraviglie di Dio.<\/p>\n\n\n\n<p class=\"wp-block-paragraph\">Non viene loro chiesto di abbandonare la propria identit\u00e0 culturale.<\/p>\n\n\n\n<p class=\"wp-block-paragraph\">Non viene loro chiesto di diventare culturalmente ebrei.<\/p>\n\n\n\n<p class=\"wp-block-paragraph\">Ci\u00f2 che ricevono \u00e8 il Vangelo.<\/p>\n\n\n\n<p class=\"wp-block-paragraph\">Qui scopriamo una caratteristica straordinaria della Chiesa: <strong>unit\u00e0 senza uniformit\u00e0 culturale<\/strong>.<\/p>\n\n\n\n<p class=\"wp-block-paragraph\">La Chiesa pu\u00f2 parlare spagnolo, latino, greco, arabo, copto, armeno, polacco o qualsiasi altra lingua.<\/p>\n\n\n\n<p class=\"wp-block-paragraph\">Pu\u00f2 essere presente in Africa, Europa, America, Asia o Oceania.<\/p>\n\n\n\n<p class=\"wp-block-paragraph\">Pu\u00f2 legittimamente integrare elementi culturali compatibili con la fede.<\/p>\n\n\n\n<p class=\"wp-block-paragraph\">Ma la verit\u00e0 che proclama rimane la stessa.<\/p>\n\n\n\n<p class=\"wp-block-paragraph\">Questo \u00e8 precisamente ci\u00f2 che significa cattolicit\u00e0.<\/p>\n\n\n\n<p class=\"wp-block-paragraph\">Il Catechismo insegna che la Chiesa \u00e8 chiamata a radicarsi nella diversit\u00e0 degli ambienti culturali, sociali e umani, manifestandosi esteriormente in modi diversi senza perdere la propria unit\u00e0.<\/p>\n\n\n\n<p class=\"wp-block-paragraph\">La cultura cambia.<\/p>\n\n\n\n<p class=\"wp-block-paragraph\">La lingua cambia.<\/p>\n\n\n\n<p class=\"wp-block-paragraph\">L\u2019architettura pu\u00f2 cambiare.<\/p>\n\n\n\n<p class=\"wp-block-paragraph\">La musica pu\u00f2 cambiare.<\/p>\n\n\n\n<p class=\"wp-block-paragraph\">Le usanze possono cambiare.<\/p>\n\n\n\n<p class=\"wp-block-paragraph\"><strong>La Rivelazione di Dio non cambia.<\/strong><\/p>\n\n\n\n<h2 class=\"wp-block-heading\">5. Questo significa che tutte le religioni sono uguali?<\/h2>\n\n\n\n<p class=\"wp-block-paragraph\">Qui dobbiamo essere molto chiari.<\/p>\n\n\n\n<p class=\"wp-block-paragraph\">Il fatto che esistano molte religioni <strong>non dimostra che siano tutte vere<\/strong>.<\/p>\n\n\n\n<p class=\"wp-block-paragraph\">L\u2019esistenza di molte spiegazioni a una domanda non significa che siano tutte ugualmente corrette.<\/p>\n\n\n\n<p class=\"wp-block-paragraph\">Se cinque persone danno cinque risposte diverse a un problema matematico, non concludiamo che tutte e cinque le risposte siano vere.<\/p>\n\n\n\n<p class=\"wp-block-paragraph\">Anche la ricerca di Dio richiede discernimento razionale e teologico.<\/p>\n\n\n\n<p class=\"wp-block-paragraph\">Le religioni possono contenere elementi di verit\u00e0, intuizioni morali, pratiche spirituali e persino una ricerca sincera di Dio.<\/p>\n\n\n\n<p class=\"wp-block-paragraph\">Ma riconoscere elementi di verit\u00e0 nelle altre religioni <strong>non ci obbliga ad affermare che tutte le religioni insegnino esattamente la stessa verit\u00e0<\/strong>.<\/p>\n\n\n\n<p class=\"wp-block-paragraph\">La fede cattolica afferma che la pienezza della Rivelazione si trova in Ges\u00f9 Cristo.<\/p>\n\n\n\n<p class=\"wp-block-paragraph\">Per questo san Paolo pu\u00f2 affermare:<\/p>\n\n\n\n<blockquote class=\"wp-block-quote is-layout-flow wp-block-quote-is-layout-flow\">\n<p class=\"wp-block-paragraph\"><strong>\u00abUn solo Signore, una sola fede, un solo battesimo, un solo Dio e Padre di tutti\u00bb<\/strong> (Ef 4,5-6).<\/p>\n<\/blockquote>\n\n\n\n<p class=\"wp-block-paragraph\">Non dice che esistono molte verit\u00e0 religiose contraddittorie.<\/p>\n\n\n\n<p class=\"wp-block-paragraph\">Parla di <strong>una sola fede<\/strong>.<\/p>\n\n\n\n<h2 class=\"wp-block-heading\">6. Ma allora, che cosa ne \u00e8 di coloro che sono nati in luoghi dove non hanno mai conosciuto il Vangelo?<\/h2>\n\n\n\n<p class=\"wp-block-paragraph\">Questa \u00e8 una delle domande pi\u00f9 importanti e anche una delle pi\u00f9 delicate.<\/p>\n\n\n\n<p class=\"wp-block-paragraph\">Sarebbe profondamente ingiusto presentare la dottrina cattolica come se Dio condannasse automaticamente una persona semplicemente perch\u00e9 \u00e8 nata in un Paese non cristiano.<\/p>\n\n\n\n<p class=\"wp-block-paragraph\">La Chiesa insegna qualcosa di molto pi\u00f9 articolato.<\/p>\n\n\n\n<p class=\"wp-block-paragraph\">Il Catechismo insegna che coloro che, <strong>senza propria colpa<\/strong>, ignorano il Vangelo di Cristo e la sua Chiesa, ma cercano sinceramente Dio e si sforzano di compiere la sua volont\u00e0 sotto l\u2019influsso della grazia, possono conseguire la salvezza eterna.<\/p>\n\n\n\n<p class=\"wp-block-paragraph\">Questo non significa che le religioni siano indifferenti.<\/p>\n\n\n\n<p class=\"wp-block-paragraph\">Significa qualcosa di molto pi\u00f9 bello:<\/p>\n\n\n\n<p class=\"wp-block-paragraph\"><strong>Dio giudica l\u2019uomo con perfetta giustizia e conosce le circostanze, le possibilit\u00e0 e la coscienza di ogni persona.<\/strong><\/p>\n\n\n\n<p class=\"wp-block-paragraph\">La salvezza viene sempre da Cristo.<\/p>\n\n\n\n<p class=\"wp-block-paragraph\">Ma la misericordia di Dio non \u00e8 limitata dalle frontiere geografiche.<\/p>\n\n\n\n<p class=\"wp-block-paragraph\">La persona nata in un villaggio isolato, che non ha mai avuto una reale possibilit\u00e0 di conoscere il Vangelo, non si trova nella stessa situazione morale di colui che conosce la verit\u00e0 cristiana e la rifiuta deliberatamente.<\/p>\n\n\n\n<p class=\"wp-block-paragraph\">Dio non \u00e8 ingiusto.<\/p>\n\n\n\n<h2 class=\"wp-block-heading\">7. L\u2019universalit\u00e0 cattolica non significa imporre una cultura<\/h2>\n\n\n\n<p class=\"wp-block-paragraph\">Esiste qui un\u2019altra confusione contemporanea.<\/p>\n\n\n\n<p class=\"wp-block-paragraph\">Alcune persone identificano il cattolicesimo con una particolare civilt\u00e0 europea.<\/p>\n\n\n\n<p class=\"wp-block-paragraph\">Ma la Chiesa \u00e8 molto pi\u00f9 antica e molto pi\u00f9 universale di qualsiasi progetto culturale particolare.<\/p>\n\n\n\n<p class=\"wp-block-paragraph\">Il cattolicesimo non consiste nel trasformare tutti i popoli in europei.<\/p>\n\n\n\n<p class=\"wp-block-paragraph\">Consiste nel condurre tutti i popoli a Cristo.<\/p>\n\n\n\n<p class=\"wp-block-paragraph\">La differenza \u00e8 enorme.<\/p>\n\n\n\n<p class=\"wp-block-paragraph\">Per questo possiamo contemplare santi provenienti da contesti straordinariamente diversi: europei, africani, asiatici, americani e persone appartenenti a culture completamente differenti.<\/p>\n\n\n\n<p class=\"wp-block-paragraph\">La santit\u00e0 non ha nazionalit\u00e0.<\/p>\n\n\n\n<p class=\"wp-block-paragraph\">Un santo africano non deve diventare culturalmente europeo per essere santo.<\/p>\n\n\n\n<p class=\"wp-block-paragraph\">Un santo giapponese non deve smettere di essere giapponese.<\/p>\n\n\n\n<p class=\"wp-block-paragraph\">Un cristiano orientale non smette di appartenere alla Chiesa conservando espressioni legittime della propria tradizione.<\/p>\n\n\n\n<p class=\"wp-block-paragraph\">La Chiesa pu\u00f2 accogliere tutto ci\u00f2 che \u00e8 vero, buono e compatibile con la fede.<\/p>\n\n\n\n<p class=\"wp-block-paragraph\">Ma esiste anche un limite: <strong>la cultura non pu\u00f2 diventare il criterio supremo della Rivelazione.<\/strong><\/p>\n\n\n\n<p class=\"wp-block-paragraph\">Non \u00e8 la cultura a giudicare Cristo.<\/p>\n\n\n\n<p class=\"wp-block-paragraph\">\u00c8 Cristo che illumina e purifica tutte le culture.<\/p>\n\n\n\n<h2 class=\"wp-block-heading\">8. La Chiesa non \u00e8 una federazione di religioni nazionali<\/h2>\n\n\n\n<p class=\"wp-block-paragraph\">Questa questione \u00e8 di capitale importanza.<\/p>\n\n\n\n<p class=\"wp-block-paragraph\">Il cattolicesimo non consiste nel fatto che ogni popolo abbia \u00abla propria versione\u00bb della fede.<\/p>\n\n\n\n<p class=\"wp-block-paragraph\">Non esiste un cattolicesimo spagnolo essenzialmente diverso dal cattolicesimo giapponese.<\/p>\n\n\n\n<p class=\"wp-block-paragraph\">Possono esistere differenze legittime di disciplina, spiritualit\u00e0, devozione, lingua o rito.<\/p>\n\n\n\n<p class=\"wp-block-paragraph\">Ma la fede ricevuta dagli Apostoli \u00e8 una.<\/p>\n\n\n\n<p class=\"wp-block-paragraph\">Il Catechismo sottolinea precisamente che le diverse Chiese particolari, con le loro legittime ricchezze liturgiche, spirituali e culturali, manifestano la cattolicit\u00e0 dell\u2019unica Chiesa.<\/p>\n\n\n\n<p class=\"wp-block-paragraph\">Questo spiega qualcosa che pu\u00f2 talvolta sorprendere chi scopre il cattolicesimo tradizionale: la liturgia romana tradizionale, per esempio, pu\u00f2 essere celebrata in contesti culturali molto differenti e tuttavia esprimere lo stesso sacrificio di Cristo.<\/p>\n\n\n\n<p class=\"wp-block-paragraph\">L\u2019universalit\u00e0 non richiede di eliminare ogni tradizione.<\/p>\n\n\n\n<p class=\"wp-block-paragraph\">Al contrario.<\/p>\n\n\n\n<p class=\"wp-block-paragraph\">La vera universalit\u00e0 permette a diverse tradizioni legittime di partecipare alla medesima fede.<\/p>\n\n\n\n<h2 class=\"wp-block-heading\">9. Il grande paradosso: la Chiesa \u00e8 universale proprio perch\u00e9 non dipende da alcuna cultura<\/h2>\n\n\n\n<p class=\"wp-block-paragraph\">Forse qui troviamo la risposta pi\u00f9 profonda.<\/p>\n\n\n\n<p class=\"wp-block-paragraph\">Una religione creata esclusivamente da una cultura difficilmente potrebbe pretendere di essere universale.<\/p>\n\n\n\n<p class=\"wp-block-paragraph\">Il cattolicesimo, invece, nasce da un\u2019affermazione straordinaria:<\/p>\n\n\n\n<p class=\"wp-block-paragraph\"><strong>Dio \u00e8 entrato nella storia.<\/strong><\/p>\n\n\n\n<p class=\"wp-block-paragraph\">Cristo appartiene veramente alla storia umana, ma non si riduce ad essa.<\/p>\n\n\n\n<p class=\"wp-block-paragraph\">\u00c8 ebreo secondo la sua umanit\u00e0.<\/p>\n\n\n\n<p class=\"wp-block-paragraph\">Ma \u00e8 anche il Verbo eterno di Dio.<\/p>\n\n\n\n<p class=\"wp-block-paragraph\">Per questo pu\u00f2 essere riconosciuto da tutti i popoli.<\/p>\n\n\n\n<p class=\"wp-block-paragraph\">Lo stesso Cristo che veniva adorato dai primi cristiani a Gerusalemme \u00e8 il Cristo adorato oggi a Madrid, Manila, Nairobi, Citt\u00e0 del Messico, Varsavia o Seul.<\/p>\n\n\n\n<p class=\"wp-block-paragraph\">La Chiesa non ha bisogno di inventare un nuovo Cristo per ogni cultura.<\/p>\n\n\n\n<p class=\"wp-block-paragraph\"><strong>Cristo \u00e8 sufficiente per tutti.<\/strong><\/p>\n\n\n\n<h2 class=\"wp-block-heading\">10. Il relativismo geografico pu\u00f2 anche diventare una scusa<\/h2>\n\n\n\n<p class=\"wp-block-paragraph\">C\u2019\u00e8 qui qualcosa di importante sul piano pastorale che dobbiamo sottolineare.<\/p>\n\n\n\n<p class=\"wp-block-paragraph\">Talvolta l\u2019affermazione \u00abse fossi nato altrove, avrei un\u2019altra religione\u00bb non costituisce realmente una ricerca intellettuale.<\/p>\n\n\n\n<p class=\"wp-block-paragraph\">Pu\u00f2 diventare un modo per evitare la domanda.<\/p>\n\n\n\n<p class=\"wp-block-paragraph\">Perch\u00e9 se accettiamo che la nostra cultura ci influenza, appare una responsabilit\u00e0:<\/p>\n\n\n\n<p class=\"wp-block-paragraph\"><strong>esaminare criticamente ci\u00f2 che abbiamo ricevuto.<\/strong><\/p>\n\n\n\n<p class=\"wp-block-paragraph\">Questo vale tanto per un cattolico quanto per un musulmano, un ateo, un buddista o un agnostico.<\/p>\n\n\n\n<p class=\"wp-block-paragraph\">Se abbiamo ricevuto dai nostri genitori una determinata visione del mondo, dobbiamo domandarci:<\/p>\n\n\n\n<p class=\"wp-block-paragraph\"><strong>\u00c8 vera?<\/strong><\/p>\n\n\n\n<p class=\"wp-block-paragraph\">La fede matura non consiste semplicemente nel ripetere ci\u00f2 che abbiamo ricevuto.<\/p>\n\n\n\n<p class=\"wp-block-paragraph\">Ma non consiste neppure nel rifiutarlo semplicemente perch\u00e9 lo abbiamo ricevuto.<\/p>\n\n\n\n<p class=\"wp-block-paragraph\">Consiste nel cercare la verit\u00e0.<\/p>\n\n\n\n<p class=\"wp-block-paragraph\">Un cattolico tradizionale non dovrebbe avere paura di questa domanda.<\/p>\n\n\n\n<p class=\"wp-block-paragraph\">Al contrario: dovrebbe approfittarne per approfondire la propria fede.<\/p>\n\n\n\n<h2 class=\"wp-block-heading\">11. La Chiesa invita tutti, non soltanto coloro che sono nati cattolici<\/h2>\n\n\n\n<p class=\"wp-block-paragraph\">Qui troviamo una conseguenza spirituale importante.<\/p>\n\n\n\n<p class=\"wp-block-paragraph\">Se la Chiesa fosse soltanto un\u2019eredit\u00e0 culturale europea, la sua missione sarebbe terminata quando l\u2019Europa ha iniziato a secolarizzarsi.<\/p>\n\n\n\n<p class=\"wp-block-paragraph\">Ma la Chiesa non vive della geografia.<\/p>\n\n\n\n<p class=\"wp-block-paragraph\">Vive di Cristo.<\/p>\n\n\n\n<p class=\"wp-block-paragraph\">Per questo continua ad annunciare il Vangelo.<\/p>\n\n\n\n<p class=\"wp-block-paragraph\">Il comandamento di Cristo rimane valido:<\/p>\n\n\n\n<blockquote class=\"wp-block-quote is-layout-flow wp-block-quote-is-layout-flow\">\n<p class=\"wp-block-paragraph\"><strong>\u00abAndate in tutto il mondo e proclamate il Vangelo a ogni creatura\u00bb<\/strong> (Mc 16,15).<\/p>\n<\/blockquote>\n\n\n\n<p class=\"wp-block-paragraph\">La Chiesa \u00e8 missionaria per sua stessa natura. Il Catechismo ricorda che la sua missione trae origine dalla missione del Figlio e dello Spirito Santo e che Dio vuole che tutti gli uomini giungano alla conoscenza della verit\u00e0.<\/p>\n\n\n\n<p class=\"wp-block-paragraph\">Per questo il cristianesimo non pu\u00f2 essere rinchiuso in una sorta di nazionalismo religioso.<\/p>\n\n\n\n<p class=\"wp-block-paragraph\">La Chiesa non dice:<\/p>\n\n\n\n<p class=\"wp-block-paragraph\">\u00abCristo \u00e8 nostro perch\u00e9 \u00e8 nato tra noi.\u00bb<\/p>\n\n\n\n<p class=\"wp-block-paragraph\">Dice:<\/p>\n\n\n\n<p class=\"wp-block-paragraph\"><strong>\u00abCristo \u00e8 per tutti perch\u00e9 \u00e8 il Salvatore di tutti.\u00bb<\/strong><\/p>\n\n\n\n<h2 class=\"wp-block-heading\">12. Che cosa implica questo per un cattolico del XXI secolo?<\/h2>\n\n\n\n<p class=\"wp-block-paragraph\">Questo ha conseguenze molto concrete.<\/p>\n\n\n\n<h3 class=\"wp-block-heading\">Primo: non dobbiamo vergognarci di affermare la verit\u00e0<\/h3>\n\n\n\n<p class=\"wp-block-paragraph\">In un\u2019epoca dominata dal relativismo, pu\u00f2 sembrare arrogante affermare che una religione \u00e8 vera.<\/p>\n\n\n\n<p class=\"wp-block-paragraph\">Ma l\u2019umilt\u00e0 non significa negare la verit\u00e0.<\/p>\n\n\n\n<p class=\"wp-block-paragraph\">Il cattolico non dice:<\/p>\n\n\n\n<p class=\"wp-block-paragraph\">\u00abHo ragione perch\u00e9 sono superiore.\u00bb<\/p>\n\n\n\n<p class=\"wp-block-paragraph\">Dice:<\/p>\n\n\n\n<p class=\"wp-block-paragraph\"><strong>\u00abHo ricevuto una verit\u00e0 che non ho inventato.\u00bb<\/strong><\/p>\n\n\n\n<p class=\"wp-block-paragraph\">La fede non \u00e8 un trofeo culturale.<\/p>\n\n\n\n<p class=\"wp-block-paragraph\">\u00c8 un dono.<\/p>\n\n\n\n<h3 class=\"wp-block-heading\">Secondo: dobbiamo conoscere la nostra fede<\/h3>\n\n\n\n<p class=\"wp-block-paragraph\">Se vogliamo rispondere al relativismo, non basta ripetere delle formule.<\/p>\n\n\n\n<p class=\"wp-block-paragraph\">Dobbiamo conoscere la Sacra Scrittura, il Catechismo, la Tradizione, i Padri della Chiesa, la storia del cristianesimo e le ragioni della credibilit\u00e0 della fede.<\/p>\n\n\n\n<p class=\"wp-block-paragraph\">Una fede ignorante diventa facilmente vulnerabile.<\/p>\n\n\n\n<p class=\"wp-block-paragraph\">Una fede ben formata pu\u00f2 dialogare senza paura.<\/p>\n\n\n\n<h3 class=\"wp-block-heading\">Terzo: dobbiamo distinguere evangelizzazione e imposizione<\/h3>\n\n\n\n<p class=\"wp-block-paragraph\">Evangelizzare non significa costringere.<\/p>\n\n\n\n<p class=\"wp-block-paragraph\">La fede esige una risposta libera.<\/p>\n\n\n\n<p class=\"wp-block-paragraph\">Cristo chiama, invita, converte e trasforma.<\/p>\n\n\n\n<p class=\"wp-block-paragraph\">Il cristiano deve annunciare la verit\u00e0 con carit\u00e0, pazienza e coerenza.<\/p>\n\n\n\n<p class=\"wp-block-paragraph\">La forza del Vangelo non dipende dall\u2019aggressivit\u00e0 dell\u2019evangelizzatore.<\/p>\n\n\n\n<h3 class=\"wp-block-heading\">Quarto: dobbiamo vivere in modo coerente<\/h3>\n\n\n\n<p class=\"wp-block-paragraph\">La migliore risposta al relativismo non \u00e8 soltanto un argomento.<\/p>\n\n\n\n<p class=\"wp-block-paragraph\">\u00c8 una vita trasformata.<\/p>\n\n\n\n<p class=\"wp-block-paragraph\">Se la fede cattolica \u00e8 vera, deve produrre santi.<\/p>\n\n\n\n<p class=\"wp-block-paragraph\">Deve produrre matrimoni fedeli, famiglie solide, giovani casti, sacerdoti santi, lavoratori onesti, persone capaci di perdonare e cristiani capaci di soffrire senza disperare.<\/p>\n\n\n\n<p class=\"wp-block-paragraph\">Una verit\u00e0 che non trasforma la vita finisce per diventare una teoria.<\/p>\n\n\n\n<h2 class=\"wp-block-heading\">13. La tua religione dipende da dove sei nato?<\/h2>\n\n\n\n<p class=\"wp-block-paragraph\">In parte, la tua nascita pu\u00f2 spiegare <strong>come sei arrivato a conoscere una determinata religione<\/strong>.<\/p>\n\n\n\n<p class=\"wp-block-paragraph\">Ma non dimostra <strong>quale religione sia vera<\/strong>.<\/p>\n\n\n\n<p class=\"wp-block-paragraph\">Il luogo in cui sei nato pu\u00f2 aver condizionato le tue prime idee su Dio.<\/p>\n\n\n\n<p class=\"wp-block-paragraph\">Ma non possiede alcuna autorit\u00e0 per decidere chi sia Dio.<\/p>\n\n\n\n<p class=\"wp-block-paragraph\">La geografia spiega la nostra storia personale.<\/p>\n\n\n\n<p class=\"wp-block-paragraph\"><strong>Non determina la realt\u00e0 metafisica.<\/strong><\/p>\n\n\n\n<p class=\"wp-block-paragraph\">Ed \u00e8 qui che risiede la grandezza del cattolicesimo:<\/p>\n\n\n\n<p class=\"wp-block-paragraph\">La Chiesa non appartiene a una sola razza.<\/p>\n\n\n\n<p class=\"wp-block-paragraph\">Non appartiene a un solo continente.<\/p>\n\n\n\n<p class=\"wp-block-paragraph\">Non appartiene a una sola lingua.<\/p>\n\n\n\n<p class=\"wp-block-paragraph\">Non appartiene a una sola epoca.<\/p>\n\n\n\n<p class=\"wp-block-paragraph\">Non appartiene a una sola nazione.<\/p>\n\n\n\n<p class=\"wp-block-paragraph\"><strong>Appartiene a Cristo.<\/strong><\/p>\n\n\n\n<p class=\"wp-block-paragraph\">E Cristo appartiene a tutti gli uomini.<\/p>\n\n\n\n<p class=\"wp-block-paragraph\">Per questo la Chiesa pu\u00f2 attraversare i secoli, gli imperi, le rivoluzioni, i cambiamenti culturali e le frontiere politiche senza cessare di proclamare lo stesso Vangelo.<\/p>\n\n\n\n<p class=\"wp-block-paragraph\">Da Pentecoste fino ai nostri giorni, la Chiesa porta lo stesso annuncio fondamentale:<\/p>\n\n\n\n<p class=\"wp-block-paragraph\"><strong>Ges\u00f9 Cristo \u00e8 il Signore.<\/strong><\/p>\n\n\n\n<h2 class=\"wp-block-heading\">14. Una fede universale perch\u00e9 un solo Dio ha creato tutti gli uomini<\/h2>\n\n\n\n<p class=\"wp-block-paragraph\">In definitiva, la risposta al relativismo geografico si trova nella stessa visione cristiana dell\u2019uomo.<\/p>\n\n\n\n<p class=\"wp-block-paragraph\">Se tutti proveniamo dallo stesso Creatore, se tutti siamo stati creati a immagine di Dio, se tutti abbiamo bisogno della redenzione e se Cristo \u00e8 morto per tutti, allora \u00e8 logico che il Vangelo sia destinato a tutti.<\/p>\n\n\n\n<p class=\"wp-block-paragraph\">San Paolo lo esprime con straordinaria chiarezza:<\/p>\n\n\n\n<blockquote class=\"wp-block-quote is-layout-flow wp-block-quote-is-layout-flow\">\n<p class=\"wp-block-paragraph\"><strong>\u00abNon c\u2019\u00e8 pi\u00f9 Giudeo n\u00e9 Greco, non c\u2019\u00e8 schiavo n\u00e9 libero, non c\u2019\u00e8 maschio e femmina; perch\u00e9 tutti voi siete uno in Cristo Ges\u00f9\u00bb<\/strong> (Gal 3,28).<\/p>\n<\/blockquote>\n\n\n\n<p class=\"wp-block-paragraph\">Questo non elimina le legittime differenze tra i popoli.<\/p>\n\n\n\n<p class=\"wp-block-paragraph\">Le integra in una realt\u00e0 superiore.<\/p>\n\n\n\n<p class=\"wp-block-paragraph\">La Chiesa non distrugge le nazioni.<\/p>\n\n\n\n<p class=\"wp-block-paragraph\"><strong>Le riunisce in Cristo.<\/strong><\/p>\n\n\n\n<p class=\"wp-block-paragraph\">Non distrugge le culture.<\/p>\n\n\n\n<p class=\"wp-block-paragraph\"><strong>Le purifica e le eleva quando contengono la verit\u00e0 e il bene.<\/strong><\/p>\n\n\n\n<p class=\"wp-block-paragraph\">Non distrugge le identit\u00e0.<\/p>\n\n\n\n<p class=\"wp-block-paragraph\"><strong>Le orienta verso un\u2019identit\u00e0 pi\u00f9 profonda: quella di figli di Dio.<\/strong><\/p>\n\n\n\n<h2 class=\"wp-block-heading\">Conclusione: la verit\u00e0 non ha passaporto<\/h2>\n\n\n\n<p class=\"wp-block-paragraph\">Viviamo in un\u2019epoca nella quale si ripete continuamente che ciascuno possiede \u00abla propria verit\u00e0\u00bb.<\/p>\n\n\n\n<p class=\"wp-block-paragraph\">Ma la verit\u00e0 non pu\u00f2 dipendere dalle nostre preferenze.<\/p>\n\n\n\n<p class=\"wp-block-paragraph\">N\u00e9 pu\u00f2 dipendere dalle nostre coordinate geografiche.<\/p>\n\n\n\n<p class=\"wp-block-paragraph\">Se Dio esiste, Dio \u00e8 lo stesso per lo spagnolo e per il cinese, per l\u2019africano e per l\u2019americano, per il credente e per colui che sta ancora cercando.<\/p>\n\n\n\n<p class=\"wp-block-paragraph\">Se Cristo \u00e8 veramente il Figlio di Dio fatto uomo, allora non \u00e8 \u00abil Cristo dell\u2019Occidente\u00bb.<\/p>\n\n\n\n<p class=\"wp-block-paragraph\"><strong>\u00c8 il Cristo di tutti.<\/strong><\/p>\n\n\n\n<p class=\"wp-block-paragraph\">Per questo la Chiesa non pu\u00f2 rinchiudersi in una sola cultura, n\u00e9 diventare una semplice reliquia della civilt\u00e0 europea.<\/p>\n\n\n\n<p class=\"wp-block-paragraph\">La sua vocazione \u00e8 molto pi\u00f9 grande.<\/p>\n\n\n\n<p class=\"wp-block-paragraph\">\u00c8 cattolica perch\u00e9 \u00e8 universale.<\/p>\n\n\n\n<p class=\"wp-block-paragraph\">Ed \u00e8 universale perch\u00e9 ha ricevuto da Cristo una missione destinata a <strong>tutte le nazioni, tutti i popoli e tutti i tempi<\/strong>. Il Catechismo riassume questa cattolicit\u00e0 affermando che la Chiesa proclama la pienezza della fede, possiede la pienezza dei mezzi di salvezza ed \u00e8 inviata a tutti i popoli.<\/p>\n\n\n\n<p class=\"wp-block-paragraph\">Cos\u00ec, quando qualcuno domanda:<\/p>\n\n\n\n<p class=\"wp-block-paragraph\"><strong>\u00abNon apparterresti a un\u2019altra religione se fossi nato altrove?\u00bb<\/strong><\/p>\n\n\n\n<p class=\"wp-block-paragraph\">possiamo rispondere serenamente:<\/p>\n\n\n\n<p class=\"wp-block-paragraph\"><strong>\u00abProbabilmente avrei ricevuto un\u2019educazione religiosa diversa. Ma questo non dimostrerebbe che quella religione \u00e8 vera. La verit\u00e0 non cambia quando attraversiamo una frontiera.\u00bb<\/strong><\/p>\n\n\n\n<p class=\"wp-block-paragraph\">La domanda decisiva non \u00e8 sapere dove siamo nati.<\/p>\n\n\n\n<p class=\"wp-block-paragraph\">\u00c8 <strong>che cosa facciamo dopo aver incontrato la questione della verit\u00e0<\/strong>.<\/p>\n\n\n\n<p class=\"wp-block-paragraph\">Perch\u00e9 Dio non ha nazionalit\u00e0.<\/p>\n\n\n\n<p class=\"wp-block-paragraph\">Cristo non ha frontiere.<\/p>\n\n\n\n<p class=\"wp-block-paragraph\">La salvezza non ha passaporto.<\/p>\n\n\n\n<p class=\"wp-block-paragraph\">E la Chiesa, fedele al comandamento del suo Signore, continua a ripetere a tutti i popoli e a ogni generazione:<\/p>\n\n\n\n<blockquote class=\"wp-block-quote is-layout-flow wp-block-quote-is-layout-flow\">\n<p class=\"wp-block-paragraph\"><strong>\u00abAndate dunque e fate discepoli tutti i popoli\u00bb<\/strong> (Mt 28,19).<\/p>\n<\/blockquote>\n\n\n\n<p class=\"wp-block-paragraph\">Questa \u00e8 la vera universalit\u00e0 cattolica: <strong>un\u2019unica fede, un unico Signore, un\u2019unica Chiesa e un\u2019unica verit\u00e0 offerta a tutti gli uomini.<\/strong><\/p>\n","protected":false},"excerpt":{"rendered":"<p>C\u2019\u00e8 una domanda che sembra semplice, quasi innocente, ma che racchiude una delle grandi sfide intellettuali e spirituali del nostro tempo: Se fossi nato in Arabia Saudita, probabilmente saresti musulmano. Se fossi nato in India, forse ind\u00f9. Se fossi nato in Thailandia, forse buddista. E se fossi nato in Spagna, Italia o Polonia, probabilmente saresti &hellip;<\/p>\n","protected":false},"author":3,"featured_media":6350,"comment_status":"open","ping_status":"closed","sticky":false,"template":"","format":"standard","meta":{"_seopress_titles_title":"","_seopress_titles_desc":"","_seopress_robots_index":"","_seopress_robots_follow":"","_seopress_robots_imageindex":"","_seopress_robots_snippet":"","_seopress_robots_primary_cat":"","_seopress_robots_breadcrumbs":"","_seopress_robots_freeze_modified_date":"","_seopress_robots_custom_modified_date":"","_seopress_robots_canonical":"","_seopress_social_fb_title":"","_seopress_social_fb_desc":"","_seopress_social_fb_img":"","_seopress_social_fb_img_attachment_id":0,"_seopress_social_fb_img_width":0,"_seopress_social_fb_img_height":0,"_seopress_social_twitter_title":"","_seopress_social_twitter_desc":"","_seopress_social_twitter_img":"","_seopress_social_twitter_img_attachment_id":0,"_seopress_social_twitter_img_width":0,"_seopress_social_twitter_img_height":0,"_seopress_redirections_value":"","_seopress_redirections_enabled":"","_seopress_redirections_enabled_regex":"","_seopress_redirections_logged_status":"","_seopress_redirections_param":"","_seopress_redirections_type":0,"_seopress_analysis_target_kw":"","footnotes":""},"categories":[41,67],"tags":[],"class_list":["post-6349","post","type-post","status-publish","format-standard","has-post-thumbnail","","category-fede-e-cultura","category-testimonianze-di-fede"],"_links":{"self":[{"href":"https:\/\/catholicus.eu\/it\/wp-json\/wp\/v2\/posts\/6349","targetHints":{"allow":["GET"]}}],"collection":[{"href":"https:\/\/catholicus.eu\/it\/wp-json\/wp\/v2\/posts"}],"about":[{"href":"https:\/\/catholicus.eu\/it\/wp-json\/wp\/v2\/types\/post"}],"author":[{"embeddable":true,"href":"https:\/\/catholicus.eu\/it\/wp-json\/wp\/v2\/users\/3"}],"replies":[{"embeddable":true,"href":"https:\/\/catholicus.eu\/it\/wp-json\/wp\/v2\/comments?post=6349"}],"version-history":[{"count":1,"href":"https:\/\/catholicus.eu\/it\/wp-json\/wp\/v2\/posts\/6349\/revisions"}],"predecessor-version":[{"id":6351,"href":"https:\/\/catholicus.eu\/it\/wp-json\/wp\/v2\/posts\/6349\/revisions\/6351"}],"wp:featuredmedia":[{"embeddable":true,"href":"https:\/\/catholicus.eu\/it\/wp-json\/wp\/v2\/media\/6350"}],"wp:attachment":[{"href":"https:\/\/catholicus.eu\/it\/wp-json\/wp\/v2\/media?parent=6349"}],"wp:term":[{"taxonomy":"category","embeddable":true,"href":"https:\/\/catholicus.eu\/it\/wp-json\/wp\/v2\/categories?post=6349"},{"taxonomy":"post_tag","embeddable":true,"href":"https:\/\/catholicus.eu\/it\/wp-json\/wp\/v2\/tags?post=6349"}],"curies":[{"name":"wp","href":"https:\/\/api.w.org\/{rel}","templated":true}]}}