{"id":6331,"date":"2026-08-12T11:11:01","date_gmt":"2026-08-12T09:11:01","guid":{"rendered":"https:\/\/catholicus.eu\/it\/?p=6331"},"modified":"2026-08-12T11:11:01","modified_gmt":"2026-08-12T09:11:01","slug":"le-eclissi-nella-bibbia-quando-i-cieli-si-oscurano-e-dio-ci-ricorda-chi-e-il-vero-signore-della-luce","status":"publish","type":"post","link":"https:\/\/catholicus.eu\/it\/le-eclissi-nella-bibbia-quando-i-cieli-si-oscurano-e-dio-ci-ricorda-chi-e-il-vero-signore-della-luce\/","title":{"rendered":"Le eclissi nella Bibbia: quando i cieli si oscurano e Dio ci ricorda chi \u00e8 il vero Signore della luce"},"content":{"rendered":"\n<p class=\"wp-block-paragraph\">Esistono fenomeni naturali che, anche quando la scienza \u00e8 in grado di spiegare esattamente come funzionano, continuano a suscitare in noi un profondo senso di meraviglia. Un&#8217;eclissi \u00e8 uno di questi. Per alcuni istanti, qualcosa che prima sembrava immutabile cambia davanti ai nostri occhi: la luce del giorno assume una strana tonalit\u00e0 oscura, il Sole sembra scomparire e il paesaggio viene avvolto da una luce insolita.<\/p>\n\n\n\n<p class=\"wp-block-paragraph\">Non sorprende quindi che, fin dall&#8217;antichit\u00e0, gli esseri umani abbiano osservato le eclissi con timore, meraviglia e significato religioso.<\/p>\n\n\n\n<p class=\"wp-block-paragraph\">Anche la Sacra Scrittura parla dell&#8217;oscuramento del Sole, della Luna che perde il suo splendore e dei segni celesti che accompagnano alcuni momenti decisivi della storia della salvezza.<\/p>\n\n\n\n<p class=\"wp-block-paragraph\">Ma \u00e8 importante fare fin dall&#8217;inizio una precisazione: <strong>la Bibbia non insegna che ogni eclissi sia un presagio, una punizione divina o un segno immediato della fine del mondo.<\/strong><\/p>\n\n\n\n<p class=\"wp-block-paragraph\">La prospettiva biblica \u00e8 molto pi\u00f9 profonda.<\/p>\n\n\n\n<p class=\"wp-block-paragraph\">Per la fede cattolica, gli astri sono creature di Dio. Un&#8217;eclissi non \u00e8 un messaggio codificato che dobbiamo cercare di decifrare superstiziosamente, ma un evento all&#8217;interno della creazione che, alla luce della Rivelazione, pu\u00f2 diventare un&#8217;occasione privilegiata per contemplare la potenza di Dio, ricordare la nostra piccolezza ed elevare il nostro cuore verso Cristo.<\/p>\n\n\n\n<p class=\"wp-block-paragraph\">E proprio oggi, mentre le eclissi tornano a occupare titoli dei giornali, social network e conversazioni \u2014 in particolare con l&#8217;eclissi solare totale del <strong>12 agosto 2026<\/strong>, il cui percorso raggiunge alcune zone dell&#8217;emisfero settentrionale \u2014 vale la pena chiedersi: <strong>che cosa dice realmente la Bibbia sulle eclissi?<\/strong><\/p>\n\n\n\n<h2 class=\"wp-block-heading\">1. Il Sole, la Luna e le stelle appartengono a Dio<\/h2>\n\n\n\n<p class=\"wp-block-paragraph\">La prima chiave per comprendere qualsiasi riferimento biblico ai fenomeni celesti si trova nella Genesi.<\/p>\n\n\n\n<blockquote class=\"wp-block-quote is-layout-flow wp-block-quote-is-layout-flow\">\n<p class=\"wp-block-paragraph\">\u00abDio fece i due grandi luminari: il luminare maggiore per regolare il giorno e il luminare minore per regolare la notte, e le stelle.\u00bb<br><strong>(Genesi 1,16)<\/strong><\/p>\n<\/blockquote>\n\n\n\n<p class=\"wp-block-paragraph\">Questa affermazione \u00e8 straordinariamente importante.<\/p>\n\n\n\n<p class=\"wp-block-paragraph\">In molte religioni antiche, il Sole, la Luna e le stelle erano associati alle divinit\u00e0. I corpi celesti potevano essere adorati, temuti o considerati potenze soprannaturali.<\/p>\n\n\n\n<p class=\"wp-block-paragraph\">La Bibbia rompe radicalmente con questa mentalit\u00e0.<\/p>\n\n\n\n<p class=\"wp-block-paragraph\">Il Sole <strong>non \u00e8 Dio<\/strong>.<\/p>\n\n\n\n<p class=\"wp-block-paragraph\">La Luna <strong>non \u00e8 una dea<\/strong>.<\/p>\n\n\n\n<p class=\"wp-block-paragraph\">Le stelle <strong>non sono potenze divine che governano il nostro destino<\/strong>.<\/p>\n\n\n\n<p class=\"wp-block-paragraph\">Sono creature.<\/p>\n\n\n\n<p class=\"wp-block-paragraph\">\u00abDio cre\u00f2.\u00bb Questa \u00e8 l&#8217;affermazione fondamentale.<\/p>\n\n\n\n<p class=\"wp-block-paragraph\">Pertanto, un cristiano pu\u00f2 contemplare un&#8217;eclissi con enorme ammirazione senza cadere nella superstizione. Proprio perch\u00e9 sa che ci\u00f2 che sta contemplando non \u00e8 una divinit\u00e0, ma una creatura che manifesta indirettamente la grandezza del suo Creatore.<\/p>\n\n\n\n<p class=\"wp-block-paragraph\">Un&#8217;eclissi pu\u00f2 cos\u00ec diventare una piccola catechesi cosmica: <strong>la creazione \u00e8 grande, ma il Creatore \u00e8 infinitamente pi\u00f9 grande<\/strong>.<\/p>\n\n\n\n<p class=\"wp-block-paragraph\">La scienza spiega come avviene un&#8217;eclissi: durante un&#8217;eclissi solare, la Luna passa tra il Sole e la Terra; durante un&#8217;eclissi lunare, la Terra si trova tra il Sole e la Luna. La straordinaria precisione con cui questi fenomeni possono essere previsti dimostra proprio che l&#8217;universo possiede un ordine intelligibile.<\/p>\n\n\n\n<p class=\"wp-block-paragraph\">La spiegazione scientifica, dunque, non deve necessariamente eliminare la meraviglia religiosa.<\/p>\n\n\n\n<p class=\"wp-block-paragraph\">Pu\u00f2 persino accrescerla.<\/p>\n\n\n\n<h2 class=\"wp-block-heading\">2. Le eclissi compaiono realmente nella Bibbia?<\/h2>\n\n\n\n<p class=\"wp-block-paragraph\">Qui dobbiamo distinguere tra <strong>eclissi in senso astronomico propriamente detto<\/strong> e il linguaggio biblico dell&#8217;oscurit\u00e0 cosmica.<\/p>\n\n\n\n<p class=\"wp-block-paragraph\">La Bibbia utilizza frequentemente immagini legate all&#8217;oscuramento del Sole, della Luna e delle stelle.<\/p>\n\n\n\n<p class=\"wp-block-paragraph\">Uno dei passi pi\u00f9 conosciuti si trova nel profeta Amos:<\/p>\n\n\n\n<blockquote class=\"wp-block-quote is-layout-flow wp-block-quote-is-layout-flow\">\n<p class=\"wp-block-paragraph\">\u00abIn quel giorno \u2014 oracolo del Signore Dio \u2014 far\u00f2 tramontare il sole a mezzogiorno e oscurer\u00f2 la terra in pieno giorno.\u00bb<br><strong>(Amos 8,9)<\/strong><\/p>\n<\/blockquote>\n\n\n\n<p class=\"wp-block-paragraph\">A prima vista, potremmo pensare immediatamente a un&#8217;eclissi solare.<\/p>\n\n\n\n<p class=\"wp-block-paragraph\">Tuttavia, dobbiamo essere prudenti.<\/p>\n\n\n\n<p class=\"wp-block-paragraph\">Il linguaggio profetico non funziona come un moderno manuale di astronomia. I profeti utilizzano immagini cosmiche per esprimere l&#8217;intervento di Dio nella storia, soprattutto il suo giudizio sul peccato.<\/p>\n\n\n\n<p class=\"wp-block-paragraph\">L&#8217;oscuramento del Sole rappresenta l&#8217;arrivo di un momento di profondo sconvolgimento.<\/p>\n\n\n\n<p class=\"wp-block-paragraph\">Il messaggio non \u00e8: \u00abQuando vedrete un&#8217;eclissi, sappiate che Dio sta punendo qualcuno\u00bb.<\/p>\n\n\n\n<p class=\"wp-block-paragraph\">Il messaggio \u00e8 molto pi\u00f9 serio:<\/p>\n\n\n\n<p class=\"wp-block-paragraph\"><strong>l&#8217;uomo pu\u00f2 vivere come se Dio non esistesse, ma verr\u00e0 il momento in cui dovr\u00e0 confrontarsi con la verit\u00e0.<\/strong><\/p>\n\n\n\n<h2 class=\"wp-block-heading\">3. Gioele: il Sole sar\u00e0 oscurato e la Luna diventer\u00e0 sangue<\/h2>\n\n\n\n<p class=\"wp-block-paragraph\">Un altro testo fondamentale si trova nel profeta Gioele:<\/p>\n\n\n\n<blockquote class=\"wp-block-quote is-layout-flow wp-block-quote-is-layout-flow\">\n<p class=\"wp-block-paragraph\">\u00abIl sole si muter\u00e0 in tenebre e la luna in sangue, prima che venga il giorno del Signore, grande e terribile.\u00bb<br><strong>(Gioele 3,4)<\/strong><\/p>\n<\/blockquote>\n\n\n\n<p class=\"wp-block-paragraph\">Questa espressione \u00e8 particolarmente interessante perch\u00e9 ricompare nel Nuovo Testamento.<\/p>\n\n\n\n<p class=\"wp-block-paragraph\">San Pietro la cita nel suo discorso a Pentecoste:<\/p>\n\n\n\n<blockquote class=\"wp-block-quote is-layout-flow wp-block-quote-is-layout-flow\">\n<p class=\"wp-block-paragraph\">\u00abIl sole si muter\u00e0 in tenebre e la luna in sangue, prima che venga il giorno del Signore, grande e glorioso.\u00bb<br><strong>(Atti 2,20)<\/strong><\/p>\n<\/blockquote>\n\n\n\n<p class=\"wp-block-paragraph\">E il libro dell&#8217;Apocalisse utilizza immagini simili:<\/p>\n\n\n\n<blockquote class=\"wp-block-quote is-layout-flow wp-block-quote-is-layout-flow\">\n<p class=\"wp-block-paragraph\">\u00abIl sole divenne nero come un sacco di crine e la luna intera divenne come sangue.\u00bb<br><strong>(Apocalisse 6,12)<\/strong><\/p>\n<\/blockquote>\n\n\n\n<p class=\"wp-block-paragraph\">Qui incontriamo una domanda fondamentale per il lettore moderno.<\/p>\n\n\n\n<p class=\"wp-block-paragraph\">La Bibbia sta parlando letteralmente di eclissi?<\/p>\n\n\n\n<p class=\"wp-block-paragraph\">La risposta cattolica richiede prudenza.<\/p>\n\n\n\n<p class=\"wp-block-paragraph\">La Sacra Scrittura utilizza frequentemente il linguaggio cosmico per descrivere gli eventi escatologici e le manifestazioni straordinarie della potenza di Dio. Il Sole oscurato, la Luna diventata come sangue e le stelle che cadono appartengono a un linguaggio simbolico di grande forza.<\/p>\n\n\n\n<p class=\"wp-block-paragraph\">Non dobbiamo trasformare ogni eclissi che compare nel nostro calendario astronomico in una profezia compiuta.<\/p>\n\n\n\n<p class=\"wp-block-paragraph\"><strong>Questo significherebbe abbandonare l&#8217;interpretazione cristiana della Scrittura per entrare nel campo della superstizione.<\/strong><\/p>\n\n\n\n<h2 class=\"wp-block-heading\">4. E che cosa accadde alla morte di Ges\u00f9 Cristo?<\/h2>\n\n\n\n<p class=\"wp-block-paragraph\">Qui troviamo il passo pi\u00f9 impressionante di tutti.<\/p>\n\n\n\n<p class=\"wp-block-paragraph\">I Vangeli sinottici descrivono un&#8217;oscurit\u00e0 straordinaria durante la Crocifissione.<\/p>\n\n\n\n<p class=\"wp-block-paragraph\">San Matteo scrive:<\/p>\n\n\n\n<blockquote class=\"wp-block-quote is-layout-flow wp-block-quote-is-layout-flow\">\n<p class=\"wp-block-paragraph\">\u00abDall&#8217;ora sesta fino all&#8217;ora nona si fece buio su tutta la terra.\u00bb<br><strong>(Matteo 27,45)<\/strong><\/p>\n<\/blockquote>\n\n\n\n<p class=\"wp-block-paragraph\">Anche san Marco parla delle tre ore di oscurit\u00e0.<\/p>\n\n\n\n<p class=\"wp-block-paragraph\">E san Luca dice:<\/p>\n\n\n\n<blockquote class=\"wp-block-quote is-layout-flow wp-block-quote-is-layout-flow\">\n<p class=\"wp-block-paragraph\">\u00abEra verso mezzogiorno, quando il sole si ecliss\u00f2 e si fece buio su tutta la terra fino alle tre del pomeriggio.\u00bb<br><strong>(Luca 23,44-45)<\/strong><\/p>\n<\/blockquote>\n\n\n\n<p class=\"wp-block-paragraph\">Ci troviamo davanti a uno dei passi biblici pi\u00f9 affascinanti collegati all&#8217;astronomia.<\/p>\n\n\n\n<p class=\"wp-block-paragraph\">Ma proprio qui dobbiamo evitare una confusione molto comune.<\/p>\n\n\n\n<h3 class=\"wp-block-heading\">Fu una normale eclissi solare?<\/h3>\n\n\n\n<p class=\"wp-block-paragraph\">Non possiamo semplicemente identificare l&#8217;oscurit\u00e0 della Crocifissione con una normale eclissi solare.<\/p>\n\n\n\n<p class=\"wp-block-paragraph\">La ragione \u00e8 sia astronomica sia liturgica.<\/p>\n\n\n\n<p class=\"wp-block-paragraph\">Ges\u00f9 mor\u00ec durante la celebrazione della Pasqua ebraica, che avveniva intorno al periodo della Luna piena. Un&#8217;eclissi solare pu\u00f2 verificarsi soltanto intorno alla Luna nuova, quando la Luna si trova tra la Terra e il Sole.<\/p>\n\n\n\n<p class=\"wp-block-paragraph\">Pertanto, <strong>tre ore di oscurit\u00e0 durante la Crocifissione non possono essere semplicemente spiegate come una normale eclissi solare<\/strong>.<\/p>\n\n\n\n<p class=\"wp-block-paragraph\">Questo \u00e8 importante.<\/p>\n\n\n\n<p class=\"wp-block-paragraph\">La fede cristiana non ha bisogno di deformare l&#8217;astronomia per difendere il Vangelo.<\/p>\n\n\n\n<p class=\"wp-block-paragraph\">Al contrario: pu\u00f2 riconoscere pienamente la realt\u00e0 scientifica e, nello stesso tempo, affermare il carattere straordinario di ci\u00f2 che narrano i Vangeli.<\/p>\n\n\n\n<h2 class=\"wp-block-heading\">5. Che cosa significa allora l&#8217;oscurit\u00e0 della Crocifissione?<\/h2>\n\n\n\n<p class=\"wp-block-paragraph\">Qui entriamo nel cuore della teologia.<\/p>\n\n\n\n<p class=\"wp-block-paragraph\">L&#8217;oscurit\u00e0 che avvolge il Calvario non \u00e8 semplicemente un fenomeno meteorologico.<\/p>\n\n\n\n<p class=\"wp-block-paragraph\">I Vangeli presentano la morte di Cristo come un evento cosmico.<\/p>\n\n\n\n<p class=\"wp-block-paragraph\">Il Creatore viene rifiutato dalla sua creatura.<\/p>\n\n\n\n<p class=\"wp-block-paragraph\">L&#8217;Autore della vita viene inchiodato alla Croce.<\/p>\n\n\n\n<p class=\"wp-block-paragraph\">Colui che aveva detto:<\/p>\n\n\n\n<blockquote class=\"wp-block-quote is-layout-flow wp-block-quote-is-layout-flow\">\n<p class=\"wp-block-paragraph\">\u00abSia la luce\u00bb<\/p>\n<\/blockquote>\n\n\n\n<p class=\"wp-block-paragraph\">all&#8217;inizio della creazione, ora appare circondato dalle tenebre.<\/p>\n\n\n\n<p class=\"wp-block-paragraph\">Non siamo di fronte a una semplice coincidenza letteraria.<\/p>\n\n\n\n<p class=\"wp-block-paragraph\">La tradizione cristiana ha sempre contemplato l&#8217;oscurit\u00e0 del Calvario come un segno profondamente teologico.<\/p>\n\n\n\n<p class=\"wp-block-paragraph\">L&#8217;universo sembra tacere davanti alla morte del Figlio di Dio.<\/p>\n\n\n\n<p class=\"wp-block-paragraph\">La terra trema.<\/p>\n\n\n\n<p class=\"wp-block-paragraph\">Le rocce si spaccano.<\/p>\n\n\n\n<p class=\"wp-block-paragraph\">Il velo del Tempio si squarcia.<\/p>\n\n\n\n<p class=\"wp-block-paragraph\">E le tenebre coprono la scena della Crocifissione.<\/p>\n\n\n\n<p class=\"wp-block-paragraph\">Tutta la creazione sembra rispondere al dramma del suo Creatore.<\/p>\n\n\n\n<h2 class=\"wp-block-heading\">6. E che cosa dire della \u00abLuna diventata sangue\u00bb?<\/h2>\n\n\n\n<p class=\"wp-block-paragraph\">Qui incontriamo un altro punto che negli ultimi anni ha suscitato un enorme interesse.<\/p>\n\n\n\n<p class=\"wp-block-paragraph\">I calcoli astronomici indicano che un&#8217;eclissi lunare potrebbe essere stata visibile da Gerusalemme il <strong>3 aprile dell&#8217;anno 33<\/strong>, una delle date proposte per la Crocifissione. La NASA osserva che i riferimenti cristiani alla Luna diventata \u00abcome sangue\u00bb potrebbero essere collegati a un&#8217;eclissi lunare, poich\u00e9 durante questi fenomeni la Luna pu\u00f2 assumere una colorazione rossastra.<\/p>\n\n\n\n<p class=\"wp-block-paragraph\">Questo \u00e8 interessante, ma deve essere espresso correttamente.<\/p>\n\n\n\n<p class=\"wp-block-paragraph\"><strong>Ci\u00f2 non significa che la NASA abbia dimostrato che Ges\u00f9 Cristo sia morto precisamente il 3 aprile dell&#8217;anno 33.<\/strong><\/p>\n\n\n\n<p class=\"wp-block-paragraph\">I calcoli astronomici possono aiutarci a studiare possibili date storiche, ma non trasformano automaticamente un&#8217;ipotesi cronologica in un dogma di fede.<\/p>\n\n\n\n<p class=\"wp-block-paragraph\">E soprattutto, non dobbiamo confondere un&#8217;eclissi lunare con l&#8217;oscurit\u00e0 descritta durante le ore centrali della Crocifissione.<\/p>\n\n\n\n<p class=\"wp-block-paragraph\">Un&#8217;eclissi lunare si verifica quando la Terra proietta la propria ombra sulla Luna e pu\u00f2 avvenire soltanto durante la Luna piena. Un&#8217;eclissi solare avviene invece durante la Luna nuova.<\/p>\n\n\n\n<p class=\"wp-block-paragraph\">Pertanto, un&#8217;eventuale Luna rossastra al tramonto e l&#8217;oscurit\u00e0 durata diverse ore durante la Crocifissione sono due questioni differenti.<\/p>\n\n\n\n<p class=\"wp-block-paragraph\">L&#8217;astronomia pu\u00f2 illuminare alcuni aspetti storici.<\/p>\n\n\n\n<p class=\"wp-block-paragraph\">Ma <strong>il significato ultimo della Crocifissione appartiene alla teologia<\/strong>.<\/p>\n\n\n\n<h2 class=\"wp-block-heading\">7. Giosu\u00e8 e il Sole che \u00absi ferm\u00f2\u00bb<\/h2>\n\n\n\n<p class=\"wp-block-paragraph\">Esiste un altro passo biblico frequentemente associato alle eclissi.<\/p>\n\n\n\n<p class=\"wp-block-paragraph\">In Giosu\u00e8 10,12-13 leggiamo:<\/p>\n\n\n\n<blockquote class=\"wp-block-quote is-layout-flow wp-block-quote-is-layout-flow\">\n<p class=\"wp-block-paragraph\">\u00abSole, fermati su G\u00e0baon, e tu, luna, sulla valle di Aialon!\u00bb<\/p>\n<\/blockquote>\n\n\n\n<p class=\"wp-block-paragraph\">Il testo continua dicendo che il Sole si ferm\u00f2 e la Luna rimase immobile.<\/p>\n\n\n\n<p class=\"wp-block-paragraph\">Nel corso dei secoli sono state proposte diverse interpretazioni e si \u00e8 anche cercato di collegare questo episodio a determinate eclissi storiche. Alcuni studi astronomici moderni hanno proposto candidati specifici, ma queste identificazioni rimangono oggetto di discussione e non costituiscono un&#8217;interpretazione vincolante del testo biblico.<\/p>\n\n\n\n<p class=\"wp-block-paragraph\">Anche qui dobbiamo partire dalla teologia.<\/p>\n\n\n\n<p class=\"wp-block-paragraph\">Lo scopo principale del racconto non \u00e8 insegnarci la meccanica celeste.<\/p>\n\n\n\n<p class=\"wp-block-paragraph\">Il suo obiettivo \u00e8 mostrare l&#8217;intervento straordinario di Dio a favore del suo popolo.<\/p>\n\n\n\n<p class=\"wp-block-paragraph\">La Bibbia non \u00e8 stata scritta per rispondere alle domande contenute in un moderno manuale di astronomia.<\/p>\n\n\n\n<p class=\"wp-block-paragraph\">\u00c8 stata scritta per rivelare chi \u00e8 Dio e quale sia il suo rapporto con l&#8217;uomo.<\/p>\n\n\n\n<h2 class=\"wp-block-heading\">8. Le eclissi non sono oroscopi cristiani<\/h2>\n\n\n\n<p class=\"wp-block-paragraph\">Questo punto \u00e8 particolarmente necessario nel nostro tempo.<\/p>\n\n\n\n<p class=\"wp-block-paragraph\">Ogni volta che si avvicina un&#8217;eclissi, su Internet compaiono ogni genere di interpretazioni:<\/p>\n\n\n\n<p class=\"wp-block-paragraph\">\u00ab\u00c8 un segno dell&#8217;Apocalisse.\u00bb<\/p>\n\n\n\n<p class=\"wp-block-paragraph\">\u00abDio sta annunciando un castigo.\u00bb<\/p>\n\n\n\n<p class=\"wp-block-paragraph\">\u00abQuesta eclissi dimostra che viviamo negli ultimi tempi.\u00bb<\/p>\n\n\n\n<p class=\"wp-block-paragraph\">\u00abLa Bibbia ha predetto esattamente questo evento.\u00bb<\/p>\n\n\n\n<p class=\"wp-block-paragraph\">Il problema \u00e8 che molte di queste affermazioni mescolano frammenti biblici, numerologia, astrologia, teorie del complotto e speculazioni personali.<\/p>\n\n\n\n<p class=\"wp-block-paragraph\">Questo non \u00e8 il cattolicesimo.<\/p>\n\n\n\n<p class=\"wp-block-paragraph\">La Chiesa ci insegna a evitare la superstizione e ogni forma di divinazione.<\/p>\n\n\n\n<p class=\"wp-block-paragraph\">Il cristiano non consulta gli astri per conoscere il proprio destino.<\/p>\n\n\n\n<p class=\"wp-block-paragraph\"><strong>Guarda a Cristo.<\/strong><\/p>\n\n\n\n<p class=\"wp-block-paragraph\">Questa distinzione \u00e8 fondamentale.<\/p>\n\n\n\n<p class=\"wp-block-paragraph\">L&#8217;astrologia chiede:<\/p>\n\n\n\n<p class=\"wp-block-paragraph\"><strong>\u00abChe cosa mi dicono gli astri sul mio futuro?\u00bb<\/strong><\/p>\n\n\n\n<p class=\"wp-block-paragraph\">La fede cristiana chiede:<\/p>\n\n\n\n<p class=\"wp-block-paragraph\"><strong>\u00abChe cosa mi chiede Dio oggi?\u00bb<\/strong><\/p>\n\n\n\n<p class=\"wp-block-paragraph\">Sono due atteggiamenti radicalmente diversi.<\/p>\n\n\n\n<h2 class=\"wp-block-heading\">9. Cristo \u00e8 la vera Luce<\/h2>\n\n\n\n<p class=\"wp-block-paragraph\">Ed \u00e8 qui che troviamo la pi\u00f9 bella chiave spirituale.<\/p>\n\n\n\n<p class=\"wp-block-paragraph\">La Bibbia inizia con la creazione della luce:<\/p>\n\n\n\n<blockquote class=\"wp-block-quote is-layout-flow wp-block-quote-is-layout-flow\">\n<p class=\"wp-block-paragraph\">\u00abE Dio disse: \u201cSia la luce!\u201d. E la luce fu.\u00bb<br><strong>(Genesi 1,3)<\/strong><\/p>\n<\/blockquote>\n\n\n\n<p class=\"wp-block-paragraph\">E il Vangelo di san Giovanni presenta Cristo come la vera Luce:<\/p>\n\n\n\n<blockquote class=\"wp-block-quote is-layout-flow wp-block-quote-is-layout-flow\">\n<p class=\"wp-block-paragraph\">\u00abVeniva nel mondo la luce vera, quella che illumina ogni uomo.\u00bb<br><strong>(Giovanni 1,9)<\/strong><\/p>\n<\/blockquote>\n\n\n\n<p class=\"wp-block-paragraph\">Per questo \u00e8 profondamente significativo contemplare un&#8217;eclissi da una prospettiva cristiana.<\/p>\n\n\n\n<p class=\"wp-block-paragraph\">Per alcuni istanti, il Sole sembra scomparire.<\/p>\n\n\n\n<p class=\"wp-block-paragraph\">Ma Cristo non scompare.<\/p>\n\n\n\n<p class=\"wp-block-paragraph\">Le circostanze possono oscurarsi.<\/p>\n\n\n\n<p class=\"wp-block-paragraph\">La societ\u00e0 pu\u00f2 attraversare delle crisi.<\/p>\n\n\n\n<p class=\"wp-block-paragraph\">La cultura pu\u00f2 allontanarsi da Dio.<\/p>\n\n\n\n<p class=\"wp-block-paragraph\">Possiamo sperimentare dubbi, sofferenze, perdite e momenti di oscurit\u00e0 spirituale.<\/p>\n\n\n\n<p class=\"wp-block-paragraph\">Ma <strong>l&#8217;assenza di luce nella nostra esperienza non significa che Dio abbia cessato di essere la Luce<\/strong>.<\/p>\n\n\n\n<p class=\"wp-block-paragraph\">Esiste una differenza tra il fatto che noi non riusciamo a vedere e il fatto che Dio abbia cessato di esistere.<\/p>\n\n\n\n<p class=\"wp-block-paragraph\">L&#8217;eclissi pu\u00f2 cos\u00ec diventare una parabola spirituale.<\/p>\n\n\n\n<p class=\"wp-block-paragraph\">A volte la luce \u00e8 temporaneamente nascosta.<\/p>\n\n\n\n<p class=\"wp-block-paragraph\">Ma la luce continua a esistere.<\/p>\n\n\n\n<h2 class=\"wp-block-heading\">10. Un&#8217;eclissi come invito all&#8217;umilt\u00e0<\/h2>\n\n\n\n<p class=\"wp-block-paragraph\">Viviamo in un&#8217;epoca straordinariamente fiduciosa nelle proprie capacit\u00e0.<\/p>\n\n\n\n<p class=\"wp-block-paragraph\">L&#8217;uomo moderno pu\u00f2 prevedere le eclissi con impressionante precisione. Pu\u00f2 calcolarne le traiettorie, determinarne gli orari e sapere con notevole accuratezza dove saranno visibili.<\/p>\n\n\n\n<p class=\"wp-block-paragraph\">E tutto questo \u00e8 ammirevole.<\/p>\n\n\n\n<p class=\"wp-block-paragraph\">Ma proprio per questo dovrebbe condurci all&#8217;umilt\u00e0.<\/p>\n\n\n\n<p class=\"wp-block-paragraph\">Perch\u00e9 quanto pi\u00f9 comprendiamo l&#8217;universo, tanto pi\u00f9 impressionante diventa la sua grandezza.<\/p>\n\n\n\n<p class=\"wp-block-paragraph\">La conoscenza scientifica non deve necessariamente condurci all&#8217;ateismo.<\/p>\n\n\n\n<p class=\"wp-block-paragraph\">Pu\u00f2 anche condurci a una domanda molto pi\u00f9 profonda:<\/p>\n\n\n\n<p class=\"wp-block-paragraph\"><strong>Perch\u00e9 esiste un universo ordinato che siamo capaci di comprendere?<\/strong><\/p>\n\n\n\n<p class=\"wp-block-paragraph\">La contemplazione del cosmo pu\u00f2 diventare un invito a pregare con il Salmo:<\/p>\n\n\n\n<blockquote class=\"wp-block-quote is-layout-flow wp-block-quote-is-layout-flow\">\n<p class=\"wp-block-paragraph\">\u00abI cieli narrano la gloria di Dio, l&#8217;opera delle sue mani annuncia il firmamento.\u00bb<br><strong>(Salmo 19,2)<\/strong><\/p>\n<\/blockquote>\n\n\n\n<p class=\"wp-block-paragraph\">L&#8217;eclissi non \u00e8 Dio.<\/p>\n\n\n\n<p class=\"wp-block-paragraph\">Ma pu\u00f2 ricordarci Dio.<\/p>\n\n\n\n<h2 class=\"wp-block-heading\">11. Che cosa dobbiamo fare spiritualmente di fronte a un&#8217;eclissi?<\/h2>\n\n\n\n<p class=\"wp-block-paragraph\">Un cattolico pu\u00f2 approfittare di un evento come questo per fermarsi alcuni minuti e recuperare un atteggiamento che la nostra societ\u00e0 ha in gran parte perduto: <strong>la contemplazione<\/strong>.<\/p>\n\n\n\n<p class=\"wp-block-paragraph\">Invece di limitarci a scattare fotografie per i social network, possiamo chiederci:<\/p>\n\n\n\n<p class=\"wp-block-paragraph\"><strong>Chi ha creato tutto questo?<\/strong><\/p>\n\n\n\n<p class=\"wp-block-paragraph\"><strong>Quale posto occupa realmente Dio nella mia vita?<\/strong><\/p>\n\n\n\n<p class=\"wp-block-paragraph\"><strong>Sto vivendo come se Dio esistesse davvero?<\/strong><\/p>\n\n\n\n<p class=\"wp-block-paragraph\"><strong>Quali sono le cose che stanno oscurando Cristo nella mia anima?<\/strong><\/p>\n\n\n\n<p class=\"wp-block-paragraph\">Quest&#8217;ultima domanda pu\u00f2 essere particolarmente feconda.<\/p>\n\n\n\n<p class=\"wp-block-paragraph\">Perch\u00e9 esiste un&#8217;eclissi molto pi\u00f9 pericolosa di qualsiasi fenomeno astronomico: <strong>l&#8217;eclissi spirituale di Dio nel cuore dell&#8217;uomo<\/strong>.<\/p>\n\n\n\n<p class=\"wp-block-paragraph\">Non perch\u00e9 Dio smetta di esistere.<\/p>\n\n\n\n<p class=\"wp-block-paragraph\">Ma perch\u00e9 permettiamo che altre cose occupino il posto che appartiene soltanto a Lui.<\/p>\n\n\n\n<p class=\"wp-block-paragraph\">Il denaro pu\u00f2 oscurare Dio.<\/p>\n\n\n\n<p class=\"wp-block-paragraph\">Il successo pu\u00f2 oscurare Dio.<\/p>\n\n\n\n<p class=\"wp-block-paragraph\">La politica pu\u00f2 oscurare Dio.<\/p>\n\n\n\n<p class=\"wp-block-paragraph\">I social network possono oscurare Dio.<\/p>\n\n\n\n<p class=\"wp-block-paragraph\">Il comfort pu\u00f2 oscurare Dio.<\/p>\n\n\n\n<p class=\"wp-block-paragraph\">Persino le nostre stesse preoccupazioni possono oscurare Dio.<\/p>\n\n\n\n<p class=\"wp-block-paragraph\">E allora abbiamo bisogno di ascoltare nuovamente le parole di Cristo:<\/p>\n\n\n\n<blockquote class=\"wp-block-quote is-layout-flow wp-block-quote-is-layout-flow\">\n<p class=\"wp-block-paragraph\">\u00abCercate prima il regno di Dio e la sua giustizia.\u00bb<br><strong>(Matteo 6,33)<\/strong><\/p>\n<\/blockquote>\n\n\n\n<h2 class=\"wp-block-heading\">12. Un&#8217;eclissi pu\u00f2 anche insegnarci ad aspettare<\/h2>\n\n\n\n<p class=\"wp-block-paragraph\">C&#8217;\u00e8 qualcosa di particolarmente bello in un&#8217;eclissi.<\/p>\n\n\n\n<p class=\"wp-block-paragraph\">Sappiamo che l&#8217;oscurit\u00e0 ha un limite.<\/p>\n\n\n\n<p class=\"wp-block-paragraph\">Sappiamo che la luce ritorner\u00e0.<\/p>\n\n\n\n<p class=\"wp-block-paragraph\">Questa realt\u00e0 pu\u00f2 diventare una bella immagine della vita cristiana.<\/p>\n\n\n\n<p class=\"wp-block-paragraph\">Ci sono momenti in cui Dio permette che attraversiamo periodi di prova, di silenzio o di sofferenza.<\/p>\n\n\n\n<p class=\"wp-block-paragraph\">Santa Teresa d&#8217;Avila, san Giovanni della Croce e tanti altri santi hanno conosciuto l&#8217;esperienza dell&#8217;oscurit\u00e0 spirituale.<\/p>\n\n\n\n<p class=\"wp-block-paragraph\">Ma la notte non ha l&#8217;ultima parola.<\/p>\n\n\n\n<p class=\"wp-block-paragraph\">Per il cristiano, l&#8217;ultima parola appartiene a Cristo risorto.<\/p>\n\n\n\n<p class=\"wp-block-paragraph\">La storia della salvezza passa attraverso la Croce, ma non termina sulla Croce.<\/p>\n\n\n\n<p class=\"wp-block-paragraph\">Dopo il Venerd\u00ec Santo viene la Domenica di Pasqua.<\/p>\n\n\n\n<p class=\"wp-block-paragraph\">Dopo l&#8217;oscurit\u00e0 viene la luce.<\/p>\n\n\n\n<p class=\"wp-block-paragraph\">E questo ha un&#8217;enorme importanza pastorale per chiunque stia attraversando in questo momento una situazione difficile.<\/p>\n\n\n\n<p class=\"wp-block-paragraph\">Forse oggi non comprendi ci\u00f2 che Dio permette.<\/p>\n\n\n\n<p class=\"wp-block-paragraph\">Forse hai la sensazione che i cieli si siano oscurati.<\/p>\n\n\n\n<p class=\"wp-block-paragraph\">Forse non trovi risposte.<\/p>\n\n\n\n<p class=\"wp-block-paragraph\">Ma ricorda:<\/p>\n\n\n\n<p class=\"wp-block-paragraph\"><strong>il fatto che tu non possa vedere il Sole non significa che il Sole sia scomparso.<\/strong><\/p>\n\n\n\n<p class=\"wp-block-paragraph\">E, spiritualmente parlando, il fatto che tu non percepisca immediatamente l&#8217;azione di Dio non significa che Dio sia assente.<\/p>\n\n\n\n<h2 class=\"wp-block-heading\">13. Non dobbiamo avere paura dei cieli: contempliamo il loro Creatore<\/h2>\n\n\n\n<p class=\"wp-block-paragraph\">La tradizione cattolica non ha mai avuto bisogno di temere la creazione.<\/p>\n\n\n\n<p class=\"wp-block-paragraph\">La Chiesa ha contemplato i cieli, studiato gli astri e coltivato le scienze.<\/p>\n\n\n\n<p class=\"wp-block-paragraph\">Astronomia e fede non devono necessariamente essere nemiche.<\/p>\n\n\n\n<p class=\"wp-block-paragraph\">Il problema nasce quando trasformiamo la creazione in un sostituto del Creatore.<\/p>\n\n\n\n<p class=\"wp-block-paragraph\">Un&#8217;eclissi pu\u00f2 essere studiata scientificamente e, allo stesso tempo, contemplata spiritualmente.<\/p>\n\n\n\n<p class=\"wp-block-paragraph\">Possiamo comprendere la sua causa fisica e contemporaneamente elevare il nostro cuore verso Dio.<\/p>\n\n\n\n<p class=\"wp-block-paragraph\">Possiamo sapere esattamente quando inizier\u00e0 e quando terminer\u00e0 e, nello stesso tempo, ricordare che la nostra esistenza \u00e8 nelle mani della Provvidenza.<\/p>\n\n\n\n<p class=\"wp-block-paragraph\">La scienza spiega <strong>come<\/strong> avviene un&#8217;eclissi.<\/p>\n\n\n\n<p class=\"wp-block-paragraph\">La fede ci aiuta a chiederci <strong>quale bene spirituale possa derivare dalla sua contemplazione<\/strong>.<\/p>\n\n\n\n<h2 class=\"wp-block-heading\">14. La grande domanda non \u00e8 quando avverr\u00e0 la prossima eclissi<\/h2>\n\n\n\n<p class=\"wp-block-paragraph\">In definitiva, la Bibbia ci conduce ben oltre il fenomeno astronomico.<\/p>\n\n\n\n<p class=\"wp-block-paragraph\">I profeti parlano dei cieli oscurati per ricordarci che la storia umana \u00e8 sottoposta al giudizio di Dio.<\/p>\n\n\n\n<p class=\"wp-block-paragraph\">I Vangeli descrivono l&#8217;oscurit\u00e0 del Calvario per rivelare il mistero della morte redentrice di Cristo.<\/p>\n\n\n\n<p class=\"wp-block-paragraph\">L&#8217;Apocalisse utilizza immagini cosmiche per annunciare che la storia ha una fine e che Cristo \u00e8 il Signore della storia.<\/p>\n\n\n\n<p class=\"wp-block-paragraph\">E la Genesi ci ricorda che tutto ebbe inizio perch\u00e9 Dio disse:<\/p>\n\n\n\n<blockquote class=\"wp-block-quote is-layout-flow wp-block-quote-is-layout-flow\">\n<p class=\"wp-block-paragraph\">\u00abSia la luce!\u00bb<\/p>\n<\/blockquote>\n\n\n\n<p class=\"wp-block-paragraph\">Pertanto, la vera domanda cristiana non \u00e8:<\/p>\n\n\n\n<p class=\"wp-block-paragraph\"><strong>\u00abChe cosa significa questa eclissi per il mio futuro?\u00bb<\/strong><\/p>\n\n\n\n<p class=\"wp-block-paragraph\">La domanda \u00e8:<\/p>\n\n\n\n<p class=\"wp-block-paragraph\"><strong>\u00abChe cosa significa Cristo per la mia vita?\u00bb<\/strong><\/p>\n\n\n\n<p class=\"wp-block-paragraph\">L&#8217;eclissi passer\u00e0.<\/p>\n\n\n\n<p class=\"wp-block-paragraph\">L&#8217;ombra passer\u00e0.<\/p>\n\n\n\n<p class=\"wp-block-paragraph\">L&#8217;evento astronomico rimarr\u00e0 registrato nei libri, nelle fotografie e negli archivi scientifici.<\/p>\n\n\n\n<p class=\"wp-block-paragraph\">Ma Cristo rimane.<\/p>\n\n\n\n<p class=\"wp-block-paragraph\">Come dice la Lettera agli Ebrei:<\/p>\n\n\n\n<blockquote class=\"wp-block-quote is-layout-flow wp-block-quote-is-layout-flow\">\n<p class=\"wp-block-paragraph\">\u00abGes\u00f9 Cristo \u00e8 lo stesso ieri, oggi e sempre.\u00bb<br><strong>(Ebrei 13,8)<\/strong><\/p>\n<\/blockquote>\n\n\n\n<h2 class=\"wp-block-heading\">Conclusione: quando i cieli si oscurano, eleviamo gli occhi verso Dio<\/h2>\n\n\n\n<p class=\"wp-block-paragraph\">Le eclissi possono impressionarci perch\u00e9, per alcuni istanti, sembrano modificare l&#8217;ordine abituale del mondo.<\/p>\n\n\n\n<p class=\"wp-block-paragraph\">Ma la vera lezione cristiana non consiste nel cercare messaggi nascosti o alimentare la paura della fine del mondo.<\/p>\n\n\n\n<p class=\"wp-block-paragraph\">Consiste nel <strong>levare gli occhi verso Dio<\/strong>.<\/p>\n\n\n\n<p class=\"wp-block-paragraph\">Ringraziare per la creazione.<\/p>\n\n\n\n<p class=\"wp-block-paragraph\">Rifiutare la superstizione.<\/p>\n\n\n\n<p class=\"wp-block-paragraph\">Ricordare la Passione di Nostro Signore.<\/p>\n\n\n\n<p class=\"wp-block-paragraph\">E chiedere la grazia affinch\u00e9 nessuna creatura \u2014 n\u00e9 il potere, n\u00e9 il denaro, n\u00e9 la fama, n\u00e9 la tecnologia, n\u00e9 le nostre preoccupazioni \u2014 riesca a oscurare nella nostra anima Colui che ha detto:<\/p>\n\n\n\n<blockquote class=\"wp-block-quote is-layout-flow wp-block-quote-is-layout-flow\">\n<p class=\"wp-block-paragraph\"><strong>\u00abIo sono la luce del mondo; chi segue me non camminer\u00e0 nelle tenebre, ma avr\u00e0 la luce della vita.\u00bb<\/strong><br><strong>(Giovanni 8,12)<\/strong><\/p>\n<\/blockquote>\n\n\n\n<p class=\"wp-block-paragraph\">Perch\u00e9 ogni eclissi finisce.<\/p>\n\n\n\n<p class=\"wp-block-paragraph\">Ma <strong>la Luce di Cristo non si spegne mai<\/strong>.<\/p>\n","protected":false},"excerpt":{"rendered":"<p>Esistono fenomeni naturali che, anche quando la scienza \u00e8 in grado di spiegare esattamente come funzionano, continuano a suscitare in noi un profondo senso di meraviglia. Un&#8217;eclissi \u00e8 uno di questi. Per alcuni istanti, qualcosa che prima sembrava immutabile cambia davanti ai nostri occhi: la luce del giorno assume una strana tonalit\u00e0 oscura, il Sole &hellip;<\/p>\n","protected":false},"author":3,"featured_media":6332,"comment_status":"open","ping_status":"closed","sticky":false,"template":"","format":"standard","meta":{"_seopress_titles_title":"","_seopress_titles_desc":"","_seopress_robots_index":"","_seopress_robots_follow":"","_seopress_robots_imageindex":"","_seopress_robots_snippet":"","_seopress_robots_primary_cat":"","_seopress_robots_breadcrumbs":"","_seopress_robots_freeze_modified_date":"","_seopress_robots_custom_modified_date":"","_seopress_robots_canonical":"","_seopress_social_fb_title":"","_seopress_social_fb_desc":"","_seopress_social_fb_img":"","_seopress_social_fb_img_attachment_id":0,"_seopress_social_fb_img_width":0,"_seopress_social_fb_img_height":0,"_seopress_social_twitter_title":"","_seopress_social_twitter_desc":"","_seopress_social_twitter_img":"","_seopress_social_twitter_img_attachment_id":0,"_seopress_social_twitter_img_width":0,"_seopress_social_twitter_img_height":0,"_seopress_redirections_value":"","_seopress_redirections_enabled":"","_seopress_redirections_enabled_regex":"","_seopress_redirections_logged_status":"","_seopress_redirections_param":"","_seopress_redirections_type":0,"_seopress_analysis_target_kw":"","footnotes":""},"categories":[37,45],"tags":[],"class_list":["post-6331","post","type-post","status-publish","format-standard","has-post-thumbnail","","category-dottrina-e-fede","category-sacra-scrittura"],"_links":{"self":[{"href":"https:\/\/catholicus.eu\/it\/wp-json\/wp\/v2\/posts\/6331","targetHints":{"allow":["GET"]}}],"collection":[{"href":"https:\/\/catholicus.eu\/it\/wp-json\/wp\/v2\/posts"}],"about":[{"href":"https:\/\/catholicus.eu\/it\/wp-json\/wp\/v2\/types\/post"}],"author":[{"embeddable":true,"href":"https:\/\/catholicus.eu\/it\/wp-json\/wp\/v2\/users\/3"}],"replies":[{"embeddable":true,"href":"https:\/\/catholicus.eu\/it\/wp-json\/wp\/v2\/comments?post=6331"}],"version-history":[{"count":1,"href":"https:\/\/catholicus.eu\/it\/wp-json\/wp\/v2\/posts\/6331\/revisions"}],"predecessor-version":[{"id":6333,"href":"https:\/\/catholicus.eu\/it\/wp-json\/wp\/v2\/posts\/6331\/revisions\/6333"}],"wp:featuredmedia":[{"embeddable":true,"href":"https:\/\/catholicus.eu\/it\/wp-json\/wp\/v2\/media\/6332"}],"wp:attachment":[{"href":"https:\/\/catholicus.eu\/it\/wp-json\/wp\/v2\/media?parent=6331"}],"wp:term":[{"taxonomy":"category","embeddable":true,"href":"https:\/\/catholicus.eu\/it\/wp-json\/wp\/v2\/categories?post=6331"},{"taxonomy":"post_tag","embeddable":true,"href":"https:\/\/catholicus.eu\/it\/wp-json\/wp\/v2\/tags?post=6331"}],"curies":[{"name":"wp","href":"https:\/\/api.w.org\/{rel}","templated":true}]}}