{"id":6291,"date":"2026-08-06T13:19:02","date_gmt":"2026-08-06T11:19:02","guid":{"rendered":"https:\/\/catholicus.eu\/it\/?p=6291"},"modified":"2026-08-06T13:19:02","modified_gmt":"2026-08-06T11:19:02","slug":"le-pietre-parlano-il-pericolo-dellarchitettura-funzionalista-nelle-chiese-moderne","status":"publish","type":"post","link":"https:\/\/catholicus.eu\/it\/le-pietre-parlano-il-pericolo-dellarchitettura-funzionalista-nelle-chiese-moderne\/","title":{"rendered":"Le pietre parlano: Il pericolo dell&#8217;architettura funzionalista nelle chiese moderne"},"content":{"rendered":"\n<blockquote class=\"wp-block-quote is-layout-flow wp-block-quote-is-layout-flow\">\n<p class=\"wp-block-paragraph\"><em>\u00abQuanto \u00e8 terribile questo luogo! Questa \u00e8 proprio la casa di Dio, questa \u00e8 la porta del cielo.\u00bb<\/em> (Genesi 28,17)<\/p>\n<\/blockquote>\n\n\n\n<h2 class=\"wp-block-heading\">Introduzione: Quando le chiese non sembrano pi\u00f9 chiese<\/h2>\n\n\n\n<p class=\"wp-block-paragraph\">Viviamo in un&#8217;epoca nella quale praticamente tutto viene progettato secondo un unico criterio: l&#8217;utilit\u00e0. Le abitazioni devono essere funzionali; le automobili, efficienti; gli uffici, flessibili; gli ospedali, pratici. Il funzionalismo ha permeato ogni ambito della vita moderna fino a diventare quasi una filosofia.<\/p>\n\n\n\n<p class=\"wp-block-paragraph\">Il problema inizia quando questa mentalit\u00e0 penetra anche nell&#8217;architettura sacra.<\/p>\n\n\n\n<p class=\"wp-block-paragraph\">Per secoli, chiunque contemplasse una chiesa \u2014 anche se non era cristiano \u2014 comprendeva immediatamente che quell&#8217;edificio era diverso. Le sue torri indicavano il Cielo. Le sue mura parlavano dell&#8217;eternit\u00e0. Le sue vetrate trasformavano la luce in catechesi. I suoi altari proclamavano il mistero del Sacrificio di Cristo.<\/p>\n\n\n\n<p class=\"wp-block-paragraph\">Oggi, invece, non \u00e8 raro che le chiese di nuova costruzione possano essere scambiate per auditorium, centri culturali, musei, sale conferenze o edifici amministrativi. Molte di esse hanno perduto ci\u00f2 che le rendeva inequivocabilmente sacre.<\/p>\n\n\n\n<p class=\"wp-block-paragraph\">Non si tratta semplicemente di una questione di gusto artistico.<\/p>\n\n\n\n<p class=\"wp-block-paragraph\">L&#8217;architettura non \u00e8 mai neutrale.<\/p>\n\n\n\n<p class=\"wp-block-paragraph\">Gli edifici insegnano.<\/p>\n\n\n\n<p class=\"wp-block-paragraph\">Le pietre parlano.<\/p>\n\n\n\n<p class=\"wp-block-paragraph\">E quando le pietre cessano di parlare di Dio, iniziano a parlare dell&#8217;uomo.<\/p>\n\n\n\n<p class=\"wp-block-paragraph\">Questo fenomeno non \u00e8 casuale. \u00c8 il riflesso visibile di una profonda trasformazione teologica che ha modificato il modo di comprendere la liturgia, la presenza di Dio, il sacerdozio e persino la natura stessa della Chiesa.<\/p>\n\n\n\n<p class=\"wp-block-paragraph\">Comprendere questa realt\u00e0 \u00e8 indispensabile per riscoprire il vero significato del tempio cristiano.<\/p>\n\n\n\n<hr class=\"wp-block-separator has-alpha-channel-opacity\"\/>\n\n\n\n<h1 class=\"wp-block-heading\">Dio non ha mai ordinato di costruire un semplice luogo di riunione<\/h1>\n\n\n\n<p class=\"wp-block-paragraph\">Una delle idee pi\u00f9 diffuse oggi consiste nell&#8217;affermare che \u00abci\u00f2 che conta davvero sono le persone\u00bb e che l&#8217;edificio abbia, in fondo, ben poca importanza.<\/p>\n\n\n\n<p class=\"wp-block-paragraph\">La Sacra Scrittura, tuttavia, presenta una realt\u00e0 completamente diversa.<\/p>\n\n\n\n<p class=\"wp-block-paragraph\">Quando Dio ordina a Mos\u00e8 di costruire il Tabernacolo, non lascia praticamente alcun dettaglio al caso.<\/p>\n\n\n\n<p class=\"wp-block-paragraph\">Diversi capitoli del Libro dell&#8217;Esodo sono dedicati a istruzioni minuziose riguardanti:<\/p>\n\n\n\n<ul class=\"wp-block-list\">\n<li>le misure;<\/li>\n\n\n\n<li>i materiali;<\/li>\n\n\n\n<li>i colori;<\/li>\n\n\n\n<li>i ricami;<\/li>\n\n\n\n<li>i metalli preziosi;<\/li>\n\n\n\n<li>l&#8217;orientamento;<\/li>\n\n\n\n<li>gli arredi liturgici;<\/li>\n\n\n\n<li>l&#8217;Arca dell&#8217;Alleanza;<\/li>\n\n\n\n<li>il velo;<\/li>\n\n\n\n<li>l&#8217;altare.<\/li>\n<\/ul>\n\n\n\n<p class=\"wp-block-paragraph\">Nulla \u00e8 lasciato al caso.<\/p>\n\n\n\n<p class=\"wp-block-paragraph\">Dio non dice:<\/p>\n\n\n\n<p class=\"wp-block-paragraph\">\u00abCostruite un luogo confortevole dove possiate riunirvi.\u00bb<\/p>\n\n\n\n<p class=\"wp-block-paragraph\">Al contrario, Egli indica con precisione come deve essere edificata la Sua dimora.<\/p>\n\n\n\n<p class=\"wp-block-paragraph\">Lo stesso avverr\u00e0 pi\u00f9 tardi con il Tempio di Salomone.<\/p>\n\n\n\n<p class=\"wp-block-paragraph\">La magnificenza di quell&#8217;edificio non aveva lo scopo di impressionare gli uomini, ma di riflettere, per quanto possibile, l&#8217;infinita maest\u00e0 del Creatore.<\/p>\n\n\n\n<p class=\"wp-block-paragraph\">Perch\u00e9 Dio merita il meglio.<\/p>\n\n\n\n<p class=\"wp-block-paragraph\">Sempre.<\/p>\n\n\n\n<hr class=\"wp-block-separator has-alpha-channel-opacity\"\/>\n\n\n\n<h1 class=\"wp-block-heading\">La chiesa cristiana: molto pi\u00f9 di una semplice sala<\/h1>\n\n\n\n<p class=\"wp-block-paragraph\">Con l&#8217;Incarnazione e, successivamente, con l&#8217;Eucaristia, appare una realt\u00e0 ancora pi\u00f9 straordinaria.<\/p>\n\n\n\n<p class=\"wp-block-paragraph\">Dio non dimora pi\u00f9 soltanto in modo simbolico.<\/p>\n\n\n\n<p class=\"wp-block-paragraph\">\u00c8 realmente presente.<\/p>\n\n\n\n<p class=\"wp-block-paragraph\">La dottrina cattolica insegna che nel tabernacolo Ges\u00f9 Cristo \u00e8 presente veramente, realmente e sostanzialmente.<\/p>\n\n\n\n<p class=\"wp-block-paragraph\">Non come simbolo.<\/p>\n\n\n\n<p class=\"wp-block-paragraph\">Non come rappresentazione.<\/p>\n\n\n\n<p class=\"wp-block-paragraph\">Non come semplice ricordo.<\/p>\n\n\n\n<p class=\"wp-block-paragraph\">Ma Cristo stesso.<\/p>\n\n\n\n<p class=\"wp-block-paragraph\">Questo cambia assolutamente tutto.<\/p>\n\n\n\n<p class=\"wp-block-paragraph\">Se l&#8217;Arca dell&#8217;Antica Alleanza riceveva un onore cos\u00ec grande perch\u00e9 custodiva le Tavole della Legge, quanto pi\u00f9 degno deve essere il luogo nel quale dimora realmente Dio stesso fatto uomo?<\/p>\n\n\n\n<p class=\"wp-block-paragraph\">Per questo motivo, nel corso di quasi venti secoli, l&#8217;architettura cristiana ha sviluppato un proprio linguaggio destinato a esprimere questa verit\u00e0.<\/p>\n\n\n\n<p class=\"wp-block-paragraph\">Tutto conduceva verso l&#8217;altare.<\/p>\n\n\n\n<p class=\"wp-block-paragraph\">Tutto invitava al silenzio.<\/p>\n\n\n\n<p class=\"wp-block-paragraph\">Tutto richiamava la trascendenza.<\/p>\n\n\n\n<p class=\"wp-block-paragraph\">Tutto proclamava la presenza divina.<\/p>\n\n\n\n<p class=\"wp-block-paragraph\">La chiesa non era semplicemente un edificio.<\/p>\n\n\n\n<p class=\"wp-block-paragraph\">Era un frammento di Cielo sulla terra.<\/p>\n\n\n\n<hr class=\"wp-block-separator has-alpha-channel-opacity\"\/>\n\n\n\n<h1 class=\"wp-block-heading\">San Tommaso d&#8217;Aquino e il linguaggio della bellezza<\/h1>\n\n\n\n<p class=\"wp-block-paragraph\">San Tommaso insegna che la bellezza \u00e8 uno dei trascendentali dell&#8217;essere.<\/p>\n\n\n\n<p class=\"wp-block-paragraph\">Sebbene sviluppi principalmente i concetti di bene e di verit\u00e0, tutta la tradizione tomista comprende la bellezza come manifestazione della perfezione dell&#8217;essere.<\/p>\n\n\n\n<p class=\"wp-block-paragraph\">Il bello attrae perch\u00e9 riflette qualcosa di Dio.<\/p>\n\n\n\n<p class=\"wp-block-paragraph\">Non \u00e8 un lusso.<\/p>\n\n\n\n<p class=\"wp-block-paragraph\">\u00c8 una necessit\u00e0 spirituale.<\/p>\n\n\n\n<p class=\"wp-block-paragraph\">La bellezza eleva l&#8217;anima verso il suo Creatore.<\/p>\n\n\n\n<p class=\"wp-block-paragraph\">Per questo le chiese medievali non erano semplicemente monumenti artistici.<\/p>\n\n\n\n<p class=\"wp-block-paragraph\">Erano autentici trattati di teologia costruiti in pietra.<\/p>\n\n\n\n<p class=\"wp-block-paragraph\">Ogni arco a sesto acuto innalzava lo sguardo.<\/p>\n\n\n\n<p class=\"wp-block-paragraph\">Ogni volta suggeriva l&#8217;infinito.<\/p>\n\n\n\n<p class=\"wp-block-paragraph\">Ogni campanile parlava del Cielo.<\/p>\n\n\n\n<p class=\"wp-block-paragraph\">Ogni vetrata annunciava il Vangelo.<\/p>\n\n\n\n<p class=\"wp-block-paragraph\">Ogni immagine sacra istruiva persino coloro che non sapevano n\u00e9 leggere n\u00e9 scrivere.<\/p>\n\n\n\n<p class=\"wp-block-paragraph\">L&#8217;architettura stessa diventava una predicazione silenziosa.<\/p>\n\n\n\n<hr class=\"wp-block-separator has-alpha-channel-opacity\"\/>\n\n\n\n<h1 class=\"wp-block-heading\">La rivoluzione funzionalista<\/h1>\n\n\n\n<p class=\"wp-block-paragraph\">Nel corso del XX secolo si afferm\u00f2 un nuovo modo di concepire l&#8217;architettura.<\/p>\n\n\n\n<p class=\"wp-block-paragraph\">Il funzionalismo riassumeva la propria filosofia in una celebre espressione:<\/p>\n\n\n\n<p class=\"wp-block-paragraph\">\u00abLa forma segue la funzione.\u00bb<\/p>\n\n\n\n<p class=\"wp-block-paragraph\">Questo principio poteva avere senso per una fabbrica.<\/p>\n\n\n\n<p class=\"wp-block-paragraph\">Per una stazione ferroviaria.<\/p>\n\n\n\n<p class=\"wp-block-paragraph\">Per un aeroporto.<\/p>\n\n\n\n<p class=\"wp-block-paragraph\">Per un edificio amministrativo.<\/p>\n\n\n\n<p class=\"wp-block-paragraph\">Ma applicato all&#8217;architettura sacra produsse conseguenze profonde.<\/p>\n\n\n\n<p class=\"wp-block-paragraph\">Se una chiesa \u00e8 soltanto un luogo dove una comunit\u00e0 si riunisce&#8230;<\/p>\n\n\n\n<p class=\"wp-block-paragraph\">allora qualsiasi sala \u00e8 sufficiente.<\/p>\n\n\n\n<p class=\"wp-block-paragraph\">L&#8217;edificio perde il proprio significato simbolico.<\/p>\n\n\n\n<p class=\"wp-block-paragraph\">La verticalit\u00e0 scompare.<\/p>\n\n\n\n<p class=\"wp-block-paragraph\">I campanili cessano di essere costruiti.<\/p>\n\n\n\n<p class=\"wp-block-paragraph\">Le piante a forma di croce vengono sostituite da forme arbitrarie.<\/p>\n\n\n\n<p class=\"wp-block-paragraph\">Gli altari iniziano ad assomigliare a semplici tavole domestiche.<\/p>\n\n\n\n<p class=\"wp-block-paragraph\">I tabernacoli vengono spostati in luoghi secondari.<\/p>\n\n\n\n<p class=\"wp-block-paragraph\">Le decorazioni scompaiono.<\/p>\n\n\n\n<p class=\"wp-block-paragraph\">Le immagini sacre vengono ridotte.<\/p>\n\n\n\n<p class=\"wp-block-paragraph\">I crocifissi diventano sempre meno evidenti.<\/p>\n\n\n\n<p class=\"wp-block-paragraph\">Il silenzio architettonico lascia il posto a spazi neutri.<\/p>\n\n\n\n<p class=\"wp-block-paragraph\">Nessuno afferma esplicitamente che Dio non sia pi\u00f9 al centro.<\/p>\n\n\n\n<p class=\"wp-block-paragraph\">Eppure \u00e8 proprio questo che l&#8217;edificio inizia a suggerire.<\/p>\n\n\n\n<hr class=\"wp-block-separator has-alpha-channel-opacity\"\/>\n\n\n\n<h1 class=\"wp-block-heading\">Quando l&#8217;architettura cambia la teologia<\/h1>\n\n\n\n<p class=\"wp-block-paragraph\">Esiste una verit\u00e0 che i grandi architetti del Medioevo avevano perfettamente compreso.<\/p>\n\n\n\n<p class=\"wp-block-paragraph\">L&#8217;architettura educa.<\/p>\n\n\n\n<p class=\"wp-block-paragraph\">Molto prima di ascoltare un&#8217;omelia, il fedele ha gi\u00e0 ricevuto una catechesi visiva.<\/p>\n\n\n\n<p class=\"wp-block-paragraph\">Un bambino che entra in una cattedrale comprende istintivamente di essere entrato in un luogo diverso da tutti gli altri.<\/p>\n\n\n\n<p class=\"wp-block-paragraph\">Percepisce il mistero.<\/p>\n\n\n\n<p class=\"wp-block-paragraph\">Percepisce il silenzio.<\/p>\n\n\n\n<p class=\"wp-block-paragraph\">Percepisce la grandezza.<\/p>\n\n\n\n<p class=\"wp-block-paragraph\">Percepisce che l\u00ec accade qualcosa di soprannaturale.<\/p>\n\n\n\n<p class=\"wp-block-paragraph\">Al contrario, quando una chiesa assomiglia a un moderno auditorium, la percezione cambia.<\/p>\n\n\n\n<p class=\"wp-block-paragraph\">Inconsciamente il fedele interpreta quel luogo come una semplice sala per riunioni.<\/p>\n\n\n\n<p class=\"wp-block-paragraph\">E se l&#8217;edificio comunica l&#8217;idea di una riunione&#8230;<\/p>\n\n\n\n<p class=\"wp-block-paragraph\">anche la liturgia finisce per apparire come una riunione.<\/p>\n\n\n\n<p class=\"wp-block-paragraph\">Se comunica l&#8217;idea di una semplice assemblea&#8230;<\/p>\n\n\n\n<p class=\"wp-block-paragraph\">la Santa Messa viene psicologicamente ridotta a un&#8217;assemblea.<\/p>\n\n\n\n<p class=\"wp-block-paragraph\">L&#8217;architettura finisce cos\u00ec per plasmare la fede.<\/p>\n\n\n\n<h1 class=\"wp-block-heading\">L&#8217;altare o il palcoscenico?<\/h1>\n\n\n\n<p class=\"wp-block-paragraph\">Uno dei cambiamenti pi\u00f9 significativi dell&#8217;ultimo secolo \u00e8 rappresentato dalla trasformazione visiva dell&#8217;altare.<\/p>\n\n\n\n<p class=\"wp-block-paragraph\">Tradizionalmente, l&#8217;altare si distingueva chiaramente dal resto della chiesa.<\/p>\n\n\n\n<p class=\"wp-block-paragraph\">Era sopraelevato mediante alcuni gradini.<\/p>\n\n\n\n<p class=\"wp-block-paragraph\">Era sormontato da un maestoso retablo o altare maggiore.<\/p>\n\n\n\n<p class=\"wp-block-paragraph\">Il crocifisso dominava l&#8217;intera azione liturgica.<\/p>\n\n\n\n<p class=\"wp-block-paragraph\">Tutto indicava che proprio l\u00ec il Sacrificio del Calvario veniva reso sacramentalmente presente.<\/p>\n\n\n\n<p class=\"wp-block-paragraph\">Oggi, in molte chiese contemporanee, l&#8217;altare appare isolato su una piattaforma che ricorda un palcoscenico.<\/p>\n\n\n\n<p class=\"wp-block-paragraph\">La disposizione degli arredi richiama frequentemente quella di un auditorium, dove il centro dell&#8217;attenzione visiva \u00e8 colui che parla, piuttosto che il mistero che viene celebrato.<\/p>\n\n\n\n<p class=\"wp-block-paragraph\">Dal punto di vista della tradizione cattolica, questa trasformazione va ben oltre una semplice questione estetica. L&#8217;altare cristiano rappresenta Cristo stesso ed \u00e8 il luogo del Sacrificio eucaristico. La disposizione dello spazio liturgico dovrebbe pertanto favorire l&#8217;adorazione, il raccoglimento e la profonda consapevolezza che, durante la Santa Messa, si compie un mistero infinitamente superiore a qualsiasi semplice riunione umana.<\/p>\n\n\n\n<hr class=\"wp-block-separator has-alpha-channel-opacity\"\/>\n\n\n\n<h1 class=\"wp-block-heading\">La perdita del simbolismo<\/h1>\n\n\n\n<p class=\"wp-block-paragraph\">L&#8217;architettura cristiana non ha mai utilizzato i simboli come semplici elementi decorativi.<\/p>\n\n\n\n<p class=\"wp-block-paragraph\">Ogni cosa possedeva un significato.<\/p>\n\n\n\n<p class=\"wp-block-paragraph\">L&#8217;orientamento verso Oriente ricordava l&#8217;attesa del ritorno glorioso di Cristo.<\/p>\n\n\n\n<p class=\"wp-block-paragraph\">Le dodici colonne evocavano i Dodici Apostoli.<\/p>\n\n\n\n<p class=\"wp-block-paragraph\">Le tre porte parlavano della Santissima Trinit\u00e0.<\/p>\n\n\n\n<p class=\"wp-block-paragraph\">La Croce dominava l&#8217;intera pianta dell&#8217;edificio.<\/p>\n\n\n\n<p class=\"wp-block-paragraph\">Le campane annunciavano la presenza di Dio.<\/p>\n\n\n\n<p class=\"wp-block-paragraph\">La luce simboleggiava la grazia.<\/p>\n\n\n\n<p class=\"wp-block-paragraph\">L&#8217;incenso rappresentava le preghiere che salgono al Cielo.<\/p>\n\n\n\n<p class=\"wp-block-paragraph\">Perfino le proporzioni matematiche esprimevano armonia e ordine.<\/p>\n\n\n\n<p class=\"wp-block-paragraph\">In molti edifici moderni questo linguaggio simbolico \u00e8 praticamente scomparso.<\/p>\n\n\n\n<p class=\"wp-block-paragraph\">La conseguenza \u00e8 evidente:<\/p>\n\n\n\n<p class=\"wp-block-paragraph\">la chiesa non insegna pi\u00f9.<\/p>\n\n\n\n<p class=\"wp-block-paragraph\">E quando la chiesa cessa di offrire una catechesi visiva, anche la trasmissione della fede si impoverisce.<\/p>\n\n\n\n<hr class=\"wp-block-separator has-alpha-channel-opacity\"\/>\n\n\n\n<h1 class=\"wp-block-heading\">La chiesa riflette chi \u00e8 Dio<\/h1>\n\n\n\n<p class=\"wp-block-paragraph\">La teologia classica insegna che Dio possiede attributi che appartengono alla Sua stessa essenza: Egli \u00e8 semplice, perfetto, eterno, infinito, immutabile, onnipotente, onnisciente e sommamente bello.<\/p>\n\n\n\n<p class=\"wp-block-paragraph\">Questi attributi non sono concetti filosofici astratti. Essi dovrebbero riflettersi, per quanto possibile, nel culto che la Chiesa rende a Dio.<\/p>\n\n\n\n<p class=\"wp-block-paragraph\">Una chiesa concepita esclusivamente secondo criteri di funzionalit\u00e0 rischia di trasmettere un&#8217;immagine ridotta di Dio: vicino in senso puramente umano, ma privo di trascendenza; accessibile, ma senza mistero; presente, ma privo di maest\u00e0.<\/p>\n\n\n\n<p class=\"wp-block-paragraph\">La tradizione cattolica, illuminata dal pensiero di San Tommaso d&#8217;Aquino, ricorda che il culto divino deve corrispondere alla dignit\u00e0 di Colui al quale viene offerto. Se Dio \u00e8 la Bellezza stessa, la Verit\u00e0 stessa e il Bene stesso, allora l&#8217;architettura destinata alla Sua adorazione non pu\u00f2 essere indifferente a queste realt\u00e0.<\/p>\n\n\n\n<hr class=\"wp-block-separator has-alpha-channel-opacity\"\/>\n\n\n\n<h1 class=\"wp-block-heading\">Le antiche chiese evangelizzano anche quando sono vuote<\/h1>\n\n\n\n<p class=\"wp-block-paragraph\">Milioni di persone hanno iniziato il loro cammino di conversione semplicemente entrando in una cattedrale.<\/p>\n\n\n\n<p class=\"wp-block-paragraph\">Senza catechesi.<\/p>\n\n\n\n<p class=\"wp-block-paragraph\">Senza predica.<\/p>\n\n\n\n<p class=\"wp-block-paragraph\">Senza musica.<\/p>\n\n\n\n<p class=\"wp-block-paragraph\">Semplicemente contemplando.<\/p>\n\n\n\n<p class=\"wp-block-paragraph\">La bellezza apre una breccia nel cuore dell&#8217;uomo.<\/p>\n\n\n\n<p class=\"wp-block-paragraph\">Per questo motivo Benedetto XVI affermava che la vera bellezza ferisce interiormente l&#8217;anima dell&#8217;uomo e la conduce verso Dio.<\/p>\n\n\n\n<p class=\"wp-block-paragraph\">Una chiesa autenticamente sacra continua a predicare anche quando \u00e8 vuota.<\/p>\n\n\n\n<p class=\"wp-block-paragraph\">Le sue pietre continuano ad annunciare il Vangelo.<\/p>\n\n\n\n<p class=\"wp-block-paragraph\">Le sue mura continuano a proclamare la gloria di Dio.<\/p>\n\n\n\n<p class=\"wp-block-paragraph\">Il suo silenzio parla.<\/p>\n\n\n\n<h1 class=\"wp-block-heading\">\u00c8 semplicemente una questione di denaro?<\/h1>\n\n\n\n<p class=\"wp-block-paragraph\">Alcuni sostengono che costruire belle chiese rappresenti una spesa inutile.<\/p>\n\n\n\n<p class=\"wp-block-paragraph\">La storia dimostra invece il contrario. Molte delle chiese che oggi suscitano la nostra ammirazione sono state edificate grazie ai sacrifici di persone semplici, che hanno offerto generosamente il proprio tempo, il proprio lavoro, i materiali e le proprie offerte, perch\u00e9 avevano compreso che nulla pu\u00f2 essere troppo prezioso per la casa di Dio.<\/p>\n\n\n\n<p class=\"wp-block-paragraph\">La vera questione non \u00e8 il lusso, ma la dignit\u00e0.<\/p>\n\n\n\n<p class=\"wp-block-paragraph\">Una chiesa pu\u00f2 essere modesta e tuttavia profondamente sacra, se la sua architettura esprime la centralit\u00e0 di Cristo, la nobilt\u00e0 dell&#8217;altare, l&#8217;importanza del tabernacolo e il linguaggio simbolico proprio della fede cattolica.<\/p>\n\n\n\n<p class=\"wp-block-paragraph\">La povert\u00e0 evangelica non ha mai significato trascurare il culto divino.<\/p>\n\n\n\n<hr class=\"wp-block-separator has-alpha-channel-opacity\"\/>\n\n\n\n<h1 class=\"wp-block-heading\">Applicazioni pastorali per il nostro tempo<\/h1>\n\n\n\n<p class=\"wp-block-paragraph\">Di fronte a una cultura dominata dall&#8217;immediatezza e dall&#8217;utilitarismo, la chiesa cristiana pu\u00f2 tornare a essere un segno profetico.<\/p>\n\n\n\n<p class=\"wp-block-paragraph\">Per questo \u00e8 opportuno riscoprire alcuni atteggiamenti concreti:<\/p>\n\n\n\n<ul class=\"wp-block-list\">\n<li>Entrare in chiesa con la consapevolezza di trovarsi alla presenza reale di Cristo.<\/li>\n\n\n\n<li>Custodire il silenzio come espressione di adorazione.<\/li>\n\n\n\n<li>Promuovere la catechesi sul simbolismo e sul significato dell&#8217;architettura sacra.<\/li>\n\n\n\n<li>Valorizzare il patrimonio artistico e liturgico della Chiesa come un potente strumento di evangelizzazione.<\/li>\n\n\n\n<li>Sostenere la conservazione e il restauro delle chiese storiche.<\/li>\n\n\n\n<li>Promuovere, ogni volta che sia possibile, progetti architettonici che uniscano bellezza, simbolismo e fedelt\u00e0 alla tradizione liturgica della Chiesa.<\/li>\n<\/ul>\n\n\n\n<p class=\"wp-block-paragraph\">La bellezza non sostituisce la fede, ma pu\u00f2 preparare il cuore ad accoglierla.<\/p>\n\n\n\n<hr class=\"wp-block-separator has-alpha-channel-opacity\"\/>\n\n\n\n<h1 class=\"wp-block-heading\">Le pietre parlano ancora<\/h1>\n\n\n\n<p class=\"wp-block-paragraph\">Il nostro tempo ha bisogno di riscoprire che la fede non si ascolta soltanto.<\/p>\n\n\n\n<p class=\"wp-block-paragraph\">Si contempla.<\/p>\n\n\n\n<p class=\"wp-block-paragraph\">Si percepisce nel profumo dell&#8217;incenso.<\/p>\n\n\n\n<p class=\"wp-block-paragraph\">Si tocca nella pietra.<\/p>\n\n\n\n<p class=\"wp-block-paragraph\">Si riflette nella luce.<\/p>\n\n\n\n<p class=\"wp-block-paragraph\">Si sperimenta nel silenzio.<\/p>\n\n\n\n<p class=\"wp-block-paragraph\">Per quasi duemila anni la Chiesa ha compreso che evangelizzare significava anche edificare la bellezza per la gloria di Dio.<\/p>\n\n\n\n<p class=\"wp-block-paragraph\">Cattedrali, basiliche, cappelle e umili chiese di campagna continuano ancora oggi a testimoniare questa convinzione.<\/p>\n\n\n\n<p class=\"wp-block-paragraph\">Non furono concepite semplicemente per accogliere persone.<\/p>\n\n\n\n<p class=\"wp-block-paragraph\">Furono costruite per proclamare, ancora prima che fosse pronunciata una sola parola, che Dio \u00e8 qui.<\/p>\n\n\n\n<p class=\"wp-block-paragraph\">Come insegna il Salmista:<\/p>\n\n\n\n<blockquote class=\"wp-block-quote is-layout-flow wp-block-quote-is-layout-flow\">\n<p class=\"wp-block-paragraph\"><em>\u00abUna cosa ho chiesto al Signore, questa sola io cerco: abitare nella casa del Signore tutti i giorni della mia vita, per contemplare la bellezza del Signore e ammirare il suo tempio.\u00bb<\/em> (Salmo 27 [26], 4)<\/p>\n<\/blockquote>\n\n\n\n<p class=\"wp-block-paragraph\">Possano le nostre chiese tornare a essere autentiche case di Dio, dove ogni pietra, ogni colonna, ogni immagine sacra, ogni altare e ogni raggio di luce orientino il cuore dell&#8217;uomo verso Colui che \u00e8 la Bellezza infinita, la Verit\u00e0 eterna e il Bene supremo. Perch\u00e9 quando l&#8217;architettura nasce dalla fede, le pietre non rimangono mute: proclamano, con un linguaggio silenzioso ma eloquente, la gloria del Dio vivente e invitano l&#8217;uomo ad alzare lo sguardo verso il Cielo.<\/p>\n","protected":false},"excerpt":{"rendered":"<p>\u00abQuanto \u00e8 terribile questo luogo! Questa \u00e8 proprio la casa di Dio, questa \u00e8 la porta del cielo.\u00bb (Genesi 28,17) Introduzione: Quando le chiese non sembrano pi\u00f9 chiese Viviamo in un&#8217;epoca nella quale praticamente tutto viene progettato secondo un unico criterio: l&#8217;utilit\u00e0. Le abitazioni devono essere funzionali; le automobili, efficienti; gli uffici, flessibili; gli ospedali, &hellip;<\/p>\n","protected":false},"author":3,"featured_media":6292,"comment_status":"open","ping_status":"closed","sticky":false,"template":"","format":"standard","meta":{"_seopress_titles_title":"","_seopress_titles_desc":"","_seopress_robots_index":"","_seopress_robots_follow":"","_seopress_robots_imageindex":"","_seopress_robots_snippet":"","_seopress_robots_primary_cat":"","_seopress_robots_breadcrumbs":"","_seopress_robots_freeze_modified_date":"","_seopress_robots_custom_modified_date":"","_seopress_robots_canonical":"","_seopress_social_fb_title":"","_seopress_social_fb_desc":"","_seopress_social_fb_img":"","_seopress_social_fb_img_attachment_id":0,"_seopress_social_fb_img_width":0,"_seopress_social_fb_img_height":0,"_seopress_social_twitter_title":"","_seopress_social_twitter_desc":"","_seopress_social_twitter_img":"","_seopress_social_twitter_img_attachment_id":0,"_seopress_social_twitter_img_width":0,"_seopress_social_twitter_img_height":0,"_seopress_redirections_value":"","_seopress_redirections_enabled":"","_seopress_redirections_enabled_regex":"","_seopress_redirections_logged_status":"","_seopress_redirections_param":"","_seopress_redirections_type":0,"_seopress_analysis_target_kw":"","footnotes":""},"categories":[41,67],"tags":[2150],"class_list":["post-6291","post","type-post","status-publish","format-standard","has-post-thumbnail","","category-fede-e-cultura","category-testimonianze-di-fede","tag-chiese-moderne"],"_links":{"self":[{"href":"https:\/\/catholicus.eu\/it\/wp-json\/wp\/v2\/posts\/6291","targetHints":{"allow":["GET"]}}],"collection":[{"href":"https:\/\/catholicus.eu\/it\/wp-json\/wp\/v2\/posts"}],"about":[{"href":"https:\/\/catholicus.eu\/it\/wp-json\/wp\/v2\/types\/post"}],"author":[{"embeddable":true,"href":"https:\/\/catholicus.eu\/it\/wp-json\/wp\/v2\/users\/3"}],"replies":[{"embeddable":true,"href":"https:\/\/catholicus.eu\/it\/wp-json\/wp\/v2\/comments?post=6291"}],"version-history":[{"count":1,"href":"https:\/\/catholicus.eu\/it\/wp-json\/wp\/v2\/posts\/6291\/revisions"}],"predecessor-version":[{"id":6293,"href":"https:\/\/catholicus.eu\/it\/wp-json\/wp\/v2\/posts\/6291\/revisions\/6293"}],"wp:featuredmedia":[{"embeddable":true,"href":"https:\/\/catholicus.eu\/it\/wp-json\/wp\/v2\/media\/6292"}],"wp:attachment":[{"href":"https:\/\/catholicus.eu\/it\/wp-json\/wp\/v2\/media?parent=6291"}],"wp:term":[{"taxonomy":"category","embeddable":true,"href":"https:\/\/catholicus.eu\/it\/wp-json\/wp\/v2\/categories?post=6291"},{"taxonomy":"post_tag","embeddable":true,"href":"https:\/\/catholicus.eu\/it\/wp-json\/wp\/v2\/tags?post=6291"}],"curies":[{"name":"wp","href":"https:\/\/api.w.org\/{rel}","templated":true}]}}