{"id":6255,"date":"2026-07-26T10:41:36","date_gmt":"2026-07-26T08:41:36","guid":{"rendered":"https:\/\/catholicus.eu\/it\/?p=6255"},"modified":"2026-07-26T10:41:36","modified_gmt":"2026-07-26T08:41:36","slug":"perche-dio-ha-atteso-due-milioni-di-anni-per-manifestarsi-nella-persona-di-gesu-cristo-vero-dio-e-vero-uomo-appena-duemila-anni-fa","status":"publish","type":"post","link":"https:\/\/catholicus.eu\/it\/perche-dio-ha-atteso-due-milioni-di-anni-per-manifestarsi-nella-persona-di-gesu-cristo-vero-dio-e-vero-uomo-appena-duemila-anni-fa\/","title":{"rendered":"Perch\u00e9 Dio ha atteso due milioni di anni per manifestarsi nella persona di Ges\u00f9 Cristo, vero Dio e vero uomo, appena duemila anni fa?"},"content":{"rendered":"\n<p class=\"wp-block-paragraph\"><em>&#8220;Ma quando venne la pienezza del tempo, Dio mand\u00f2 il suo Figlio, nato da donna, nato sotto la Legge.&#8221;<\/em> (Galati 4,4)<\/p>\n\n\n\n<h2 class=\"wp-block-heading\">Una domanda che molti credenti e non credenti si pongono<\/h2>\n\n\n\n<p class=\"wp-block-paragraph\">Esiste una domanda che, prima o poi, nasce nella mente di chiunque rifletta seriamente sulla storia dell&#8217;umanit\u00e0: <strong>se Ges\u00f9 Cristo \u00e8 il centro del progetto di Dio per salvare l&#8217;uomo, perch\u00e9 ha aspettato cos\u00ec tanto per venire?<\/strong> Se accettiamo le stime scientifiche secondo cui l&#8217;essere umano esiste da centinaia di migliaia di anni \u2014 o addirittura da milioni, se si parla dei primi ominidi \u2014, perch\u00e9 l&#8217;Incarnazione \u00e8 avvenuta soltanto duemila anni fa? Perch\u00e9 Dio non ha inviato immediatamente il Redentore? Che cosa \u00e8 accaduto durante quell&#8217;immenso periodo di tempo?<\/p>\n\n\n\n<p class=\"wp-block-paragraph\">A prima vista, questa domanda sembra mettere in difficolt\u00e0 la fede cristiana. Tuttavia, quando approfondiamo la Rivelazione, la Tradizione della Chiesa e la riflessione dei grandi teologi, scopriamo che questa domanda non solo possiede una risposta, ma ci introduce anche in uno dei misteri pi\u00f9 affascinanti della Provvidenza divina.<\/p>\n\n\n\n<p class=\"wp-block-paragraph\">La risposta, in realt\u00e0, ci obbliga ad abbandonare un modo di pensare molto tipico del nostro tempo: credere che <strong>Dio debba agire secondo i nostri orologi<\/strong>. Noi viviamo ossessionati dai calendari, dalle scadenze e dall&#8217;immediatezza. Dio, invece, contempla tutta la storia dall&#8217;eternit\u00e0.<\/p>\n\n\n\n<p class=\"wp-block-paragraph\">Come ci ricorda san Pietro:<\/p>\n\n\n\n<blockquote class=\"wp-block-quote is-layout-flow wp-block-quote-is-layout-flow\">\n<p class=\"wp-block-paragraph\">\u00abDavanti al Signore un solo giorno \u00e8 come mille anni e mille anni come un solo giorno.\u00bb (2 Pietro 3,8)<\/p>\n<\/blockquote>\n\n\n\n<p class=\"wp-block-paragraph\">Ci\u00f2 non significa semplicemente che Dio misuri il tempo in modo diverso; significa qualcosa di molto pi\u00f9 profondo: <strong>Dio \u00e8 al di fuori del tempo<\/strong>, perch\u00e9 \u00e8 Lui stesso il Creatore del tempo.<\/p>\n\n\n\n<hr class=\"wp-block-separator has-alpha-channel-opacity\"\/>\n\n\n\n<h1 class=\"wp-block-heading\">Il primo errore: immaginare che Dio abbia &#8220;aspettato&#8221;<\/h1>\n\n\n\n<p class=\"wp-block-paragraph\">Il titolo di questo articolo contiene un&#8217;espressione molto umana: <em>Dio ha aspettato<\/em>. Ma, parlando con rigore teologico, <strong>Dio non aspetta mai<\/strong>.<\/p>\n\n\n\n<p class=\"wp-block-paragraph\">Aspettare implica che qualcuno sia soggetto allo scorrere del tempo.<\/p>\n\n\n\n<p class=\"wp-block-paragraph\">Dio non lo \u00e8.<\/p>\n\n\n\n<p class=\"wp-block-paragraph\">San Tommaso d&#8217;Aquino spiega che Dio \u00e8 <strong>l&#8217;Atto Puro<\/strong>, senza successione temporale. Per Lui non esiste un passato che non sia pi\u00f9 n\u00e9 un futuro che non esista ancora. Tutto \u00e8 presente davanti al suo sguardo eterno.<\/p>\n\n\n\n<p class=\"wp-block-paragraph\">Perci\u00f2, quando domandiamo:<\/p>\n\n\n\n<p class=\"wp-block-paragraph\"><em>&#8220;Perch\u00e9 Dio ha aspettato?&#8221;<\/em><\/p>\n\n\n\n<p class=\"wp-block-paragraph\">In realt\u00e0 dovremmo chiedere:<\/p>\n\n\n\n<p class=\"wp-block-paragraph\"><strong>Perch\u00e9 Dio ha voluto che l&#8217;Incarnazione avvenisse proprio in quel preciso momento della storia?<\/strong><\/p>\n\n\n\n<p class=\"wp-block-paragraph\">La differenza pu\u00f2 sembrare minima, ma cambia completamente la prospettiva.<\/p>\n\n\n\n<p class=\"wp-block-paragraph\">Non si tratta di un ritardo.<\/p>\n\n\n\n<p class=\"wp-block-paragraph\">Si tratta di un progetto.<\/p>\n\n\n\n<hr class=\"wp-block-separator has-alpha-channel-opacity\"\/>\n\n\n\n<h1 class=\"wp-block-heading\">Tutta la storia era orientata verso Cristo<\/h1>\n\n\n\n<p class=\"wp-block-paragraph\">Molti immaginano l&#8217;Antico Testamento come una semplice e lunga introduzione.<\/p>\n\n\n\n<p class=\"wp-block-paragraph\">Ma la Chiesa insegna qualcosa di molto pi\u00f9 profondo.<\/p>\n\n\n\n<p class=\"wp-block-paragraph\"><strong>L&#8217;intera creazione \u00e8 stata realizzata avendo Cristo come suo fine ultimo.<\/strong><\/p>\n\n\n\n<p class=\"wp-block-paragraph\">San Paolo afferma:<\/p>\n\n\n\n<blockquote class=\"wp-block-quote is-layout-flow wp-block-quote-is-layout-flow\">\n<p class=\"wp-block-paragraph\">\u00abTutte le cose sono state create per mezzo di Lui e in vista di Lui.\u00bb (Colossesi 1,16)<\/p>\n<\/blockquote>\n\n\n\n<p class=\"wp-block-paragraph\">Non dice soltanto che Cristo \u00e8 venuto a salvare un mondo gi\u00e0 esistente.<\/p>\n\n\n\n<p class=\"wp-block-paragraph\">Dice che <strong>l&#8217;universo intero \u00e8 stato creato avendo Cristo come suo fine<\/strong>.<\/p>\n\n\n\n<p class=\"wp-block-paragraph\">Questo significa che fin dal primo istante del cosmo tutta la storia avanzava verso un momento preciso:<\/p>\n\n\n\n<p class=\"wp-block-paragraph\"><strong>L&#8217;Incarnazione del Verbo.<\/strong><\/p>\n\n\n\n<p class=\"wp-block-paragraph\">La storia non \u00e8 una successione caotica di avvenimenti.<\/p>\n\n\n\n<p class=\"wp-block-paragraph\">Ha un centro.<\/p>\n\n\n\n<p class=\"wp-block-paragraph\">E quel centro ha un nome:<\/p>\n\n\n\n<p class=\"wp-block-paragraph\"><strong>Ges\u00f9 Cristo.<\/strong><\/p>\n\n\n\n<hr class=\"wp-block-separator has-alpha-channel-opacity\"\/>\n\n\n\n<h1 class=\"wp-block-heading\">La &#8220;pienezza del tempo&#8221;<\/h1>\n\n\n\n<p class=\"wp-block-paragraph\">San Paolo utilizza un&#8217;espressione straordinaria:<\/p>\n\n\n\n<blockquote class=\"wp-block-quote is-layout-flow wp-block-quote-is-layout-flow\">\n<p class=\"wp-block-paragraph\">\u00abQuando venne la pienezza del tempo&#8230;\u00bb (Galati 4,4)<\/p>\n<\/blockquote>\n\n\n\n<p class=\"wp-block-paragraph\">Non dice:<\/p>\n\n\n\n<p class=\"wp-block-paragraph\"><em>&#8220;Quando furono trascorsi abbastanza anni.&#8221;<\/em><\/p>\n\n\n\n<p class=\"wp-block-paragraph\">Dice:<\/p>\n\n\n\n<p class=\"wp-block-paragraph\"><strong>&#8220;Quando venne la pienezza.&#8221;<\/strong><\/p>\n\n\n\n<p class=\"wp-block-paragraph\">La parola greca utilizzata (<em>pleroma<\/em>) significa pienezza, compimento, maturit\u00e0.<\/p>\n\n\n\n<p class=\"wp-block-paragraph\">\u00c8 come un frutto.<\/p>\n\n\n\n<p class=\"wp-block-paragraph\">Non matura in cinque minuti.<\/p>\n\n\n\n<p class=\"wp-block-paragraph\">Ha bisogno di un intero processo.<\/p>\n\n\n\n<p class=\"wp-block-paragraph\">Se viene raccolto troppo presto, \u00e8 ancora acerbo.<\/p>\n\n\n\n<p class=\"wp-block-paragraph\">Se viene raccolto troppo tardi, marcisce.<\/p>\n\n\n\n<p class=\"wp-block-paragraph\">Dio non agisce n\u00e9 troppo presto n\u00e9 troppo tardi.<\/p>\n\n\n\n<p class=\"wp-block-paragraph\">Agisce esattamente quando la storia \u00e8 giunta alla sua maturit\u00e0.<\/p>\n\n\n\n<hr class=\"wp-block-separator has-alpha-channel-opacity\"\/>\n\n\n\n<h1 class=\"wp-block-heading\">Cristo avrebbe potuto venire prima?<\/h1>\n\n\n\n<p class=\"wp-block-paragraph\">Dal punto di vista dell&#8217;onnipotenza divina, s\u00ec.<\/p>\n\n\n\n<p class=\"wp-block-paragraph\">Dio avrebbe potuto inviare il Messia il giorno stesso successivo al peccato di Adamo.<\/p>\n\n\n\n<p class=\"wp-block-paragraph\">Avrebbe persino potuto impedire il peccato originale.<\/p>\n\n\n\n<p class=\"wp-block-paragraph\">Nulla limita la sua potenza.<\/p>\n\n\n\n<p class=\"wp-block-paragraph\">Ma Dio non agisce soltanto con la potenza.<\/p>\n\n\n\n<p class=\"wp-block-paragraph\">Agisce anche con la sapienza.<\/p>\n\n\n\n<p class=\"wp-block-paragraph\">E la sapienza divina ha voluto preparare lentamente l&#8217;umanit\u00e0.<\/p>\n\n\n\n<hr class=\"wp-block-separator has-alpha-channel-opacity\"\/>\n\n\n\n<h1 class=\"wp-block-heading\">La pedagogia divina<\/h1>\n\n\n\n<p class=\"wp-block-paragraph\">Uno dei concetti pi\u00f9 importanti di tutta la teologia biblica \u00e8 quello della <strong>pedagogia di Dio<\/strong>.<\/p>\n\n\n\n<p class=\"wp-block-paragraph\">Cos\u00ec come un maestro non insegna il calcolo differenziale a un bambino di quattro anni, Dio ha educato progressivamente il genere umano.<\/p>\n\n\n\n<p class=\"wp-block-paragraph\">Non ha rivelato tutta la verit\u00e0 in una sola volta.<\/p>\n\n\n\n<p class=\"wp-block-paragraph\">L&#8217;ha manifestata poco a poco.<\/p>\n\n\n\n<p class=\"wp-block-paragraph\">Prima No\u00e8.<\/p>\n\n\n\n<p class=\"wp-block-paragraph\">Poi Abramo.<\/p>\n\n\n\n<p class=\"wp-block-paragraph\">Successivamente Mos\u00e8.<\/p>\n\n\n\n<p class=\"wp-block-paragraph\">Pi\u00f9 tardi i profeti.<\/p>\n\n\n\n<p class=\"wp-block-paragraph\">Infine Cristo.<\/p>\n\n\n\n<p class=\"wp-block-paragraph\">Ogni tappa preparava quella successiva.<\/p>\n\n\n\n<p class=\"wp-block-paragraph\">Il Catechismo insegna che Dio prepar\u00f2 progressivamente Israele ad accogliere il Salvatore.<\/p>\n\n\n\n<p class=\"wp-block-paragraph\">Era necessario che l&#8217;umanit\u00e0 imparasse chi fosse l&#8217;unico vero Dio.<\/p>\n\n\n\n<p class=\"wp-block-paragraph\">Che comprendesse il peccato.<\/p>\n\n\n\n<p class=\"wp-block-paragraph\">Che scoprisse la necessit\u00e0 della grazia.<\/p>\n\n\n\n<p class=\"wp-block-paragraph\">Che capisse il valore del sacrificio.<\/p>\n\n\n\n<p class=\"wp-block-paragraph\">Che attendesse il Messia.<\/p>\n\n\n\n<p class=\"wp-block-paragraph\">Senza questa preparazione, l&#8217;Incarnazione sarebbe stata incomprensibile.<\/p>\n\n\n\n<hr class=\"wp-block-separator has-alpha-channel-opacity\"\/>\n\n\n\n<h1 class=\"wp-block-heading\">Che cosa accadde a tutti gli uomini vissuti prima di Cristo?<\/h1>\n\n\n\n<p class=\"wp-block-paragraph\">Qui emerge un&#8217;altra grande domanda.<\/p>\n\n\n\n<p class=\"wp-block-paragraph\">Furono tutti condannati?<\/p>\n\n\n\n<p class=\"wp-block-paragraph\">La risposta \u00e8 categorica:<\/p>\n\n\n\n<p class=\"wp-block-paragraph\"><strong>No.<\/strong><\/p>\n\n\n\n<p class=\"wp-block-paragraph\">La Chiesa non ha mai insegnato questo.<\/p>\n\n\n\n<p class=\"wp-block-paragraph\">Cristo salva anche coloro che vissero prima della sua nascita storica.<\/p>\n\n\n\n<p class=\"wp-block-paragraph\">Come?<\/p>\n\n\n\n<p class=\"wp-block-paragraph\">Perch\u00e9 la Croce possiede una portata eterna.<\/p>\n\n\n\n<p class=\"wp-block-paragraph\">Il sacrificio di Cristo \u00e8 avvenuto in un momento preciso della storia.<\/p>\n\n\n\n<p class=\"wp-block-paragraph\">Ma i suoi effetti raggiungono tutti i tempi.<\/p>\n\n\n\n<p class=\"wp-block-paragraph\">Verso il passato.<\/p>\n\n\n\n<p class=\"wp-block-paragraph\">E verso il futuro.<\/p>\n\n\n\n<p class=\"wp-block-paragraph\">Quando Cristo mor\u00ec, redense Adamo.<\/p>\n\n\n\n<p class=\"wp-block-paragraph\">Abramo.<\/p>\n\n\n\n<p class=\"wp-block-paragraph\">Mos\u00e8.<\/p>\n\n\n\n<p class=\"wp-block-paragraph\">Davide.<\/p>\n\n\n\n<p class=\"wp-block-paragraph\">Isaia.<\/p>\n\n\n\n<p class=\"wp-block-paragraph\">E tutti i giusti che attendevano la salvezza.<\/p>\n\n\n\n<p class=\"wp-block-paragraph\">Per questo il Credo proclama:<\/p>\n\n\n\n<blockquote class=\"wp-block-quote is-layout-flow wp-block-quote-is-layout-flow\">\n<p class=\"wp-block-paragraph\">\u00abDiscese agli inferi.\u00bb<\/p>\n<\/blockquote>\n\n\n\n<p class=\"wp-block-paragraph\">Non si riferisce all&#8217;inferno dei dannati.<\/p>\n\n\n\n<p class=\"wp-block-paragraph\">Si riferisce a quello che la tradizione chiama <strong>il Seno di Abramo<\/strong>, dove i giusti dell&#8217;Antico Testamento attendevano la Redenzione.<\/p>\n\n\n\n<p class=\"wp-block-paragraph\">Cristo vi discese per annunciare loro la Buona Novella della salvezza.<\/p>\n\n\n\n<hr class=\"wp-block-separator has-alpha-channel-opacity\"\/>\n\n\n\n<h1 class=\"wp-block-heading\">La preparazione di Israele<\/h1>\n\n\n\n<p class=\"wp-block-paragraph\">Perch\u00e9 scegliere un solo popolo?<\/p>\n\n\n\n<p class=\"wp-block-paragraph\">Perch\u00e9 Dio normalmente agisce attraverso mediazioni.<\/p>\n\n\n\n<p class=\"wp-block-paragraph\">Scelse Abramo.<\/p>\n\n\n\n<p class=\"wp-block-paragraph\">Poi una famiglia.<\/p>\n\n\n\n<p class=\"wp-block-paragraph\">Successivamente una nazione.<\/p>\n\n\n\n<p class=\"wp-block-paragraph\">Israele divenne il laboratorio spirituale dell&#8217;umanit\u00e0.<\/p>\n\n\n\n<p class=\"wp-block-paragraph\">L\u00ec si svilupparono i concetti fondamentali:<\/p>\n\n\n\n<ul class=\"wp-block-list\">\n<li>il monoteismo;<\/li>\n\n\n\n<li>l&#8217;Alleanza;<\/li>\n\n\n\n<li>la Legge morale;<\/li>\n\n\n\n<li>la santit\u00e0;<\/li>\n\n\n\n<li>il peccato;<\/li>\n\n\n\n<li>la misericordia;<\/li>\n\n\n\n<li>il sacrificio;<\/li>\n\n\n\n<li>la speranza messianica.<\/li>\n<\/ul>\n\n\n\n<p class=\"wp-block-paragraph\">Tutto questo preparava la strada a Cristo.<\/p>\n\n\n\n<p class=\"wp-block-paragraph\">Ogni sacrificio offerto nel Tempio prefigurava il sacrificio perfetto della Croce.<\/p>\n\n\n\n<p class=\"wp-block-paragraph\">Ogni agnello pasquale annunciava il vero Agnello di Dio.<\/p>\n\n\n\n<p class=\"wp-block-paragraph\">Ogni profezia rivelava un po&#8217; di pi\u00f9 il volto del Messia.<\/p>\n\n\n\n<h1 class=\"wp-block-heading\">Anche il mondo pagano era stato preparato<\/h1>\n\n\n\n<p class=\"wp-block-paragraph\">Non era soltanto Israele.<\/p>\n\n\n\n<p class=\"wp-block-paragraph\">Era il mondo intero ad essere stato preparato.<\/p>\n\n\n\n<p class=\"wp-block-paragraph\">I filosofi greci cercavano la verit\u00e0.<\/p>\n\n\n\n<p class=\"wp-block-paragraph\">I Romani costruivano strade.<\/p>\n\n\n\n<p class=\"wp-block-paragraph\">Il greco era diventato la lingua internazionale.<\/p>\n\n\n\n<p class=\"wp-block-paragraph\">L&#8217;Impero Romano aveva unificato gran parte del mondo mediterraneo.<\/p>\n\n\n\n<p class=\"wp-block-paragraph\">Tutto questo favor\u00ec la rapida diffusione del Vangelo.<\/p>\n\n\n\n<p class=\"wp-block-paragraph\">I Padri della Chiesa vedevano in queste circostanze storiche una vera opera della Provvidenza divina.<\/p>\n\n\n\n<p class=\"wp-block-paragraph\">Nulla di tutto ci\u00f2 era casuale.<\/p>\n\n\n\n<p class=\"wp-block-paragraph\">Era una preparazione.<\/p>\n\n\n\n<hr class=\"wp-block-separator has-alpha-channel-opacity\"\/>\n\n\n\n<h1 class=\"wp-block-heading\">Cristo venne quando il mondo era pronto<\/h1>\n\n\n\n<p class=\"wp-block-paragraph\">San Leone Magno affermava che Dio aveva scelto il momento perfetto.<\/p>\n\n\n\n<p class=\"wp-block-paragraph\">Per secoli l&#8217;umanit\u00e0 aveva sperimentato di non poter salvare s\u00e9 stessa.<\/p>\n\n\n\n<p class=\"wp-block-paragraph\">Aveva provato le filosofie.<\/p>\n\n\n\n<p class=\"wp-block-paragraph\">Gli imperi.<\/p>\n\n\n\n<p class=\"wp-block-paragraph\">Le religioni.<\/p>\n\n\n\n<p class=\"wp-block-paragraph\">Le leggi.<\/p>\n\n\n\n<p class=\"wp-block-paragraph\">Il potere.<\/p>\n\n\n\n<p class=\"wp-block-paragraph\">Nulla di tutto ci\u00f2 era sufficiente.<\/p>\n\n\n\n<p class=\"wp-block-paragraph\">Allora apparve Cristo.<\/p>\n\n\n\n<p class=\"wp-block-paragraph\">Non come un filosofo in pi\u00f9.<\/p>\n\n\n\n<p class=\"wp-block-paragraph\">Ma come il Salvatore.<\/p>\n\n\n\n<hr class=\"wp-block-separator has-alpha-channel-opacity\"\/>\n\n\n\n<h1 class=\"wp-block-heading\">Che cosa dire dell&#8217;evoluzione umana?<\/h1>\n\n\n\n<p class=\"wp-block-paragraph\">Oggi molti cristiani si chiedono come conciliare la fede con le teorie scientifiche riguardanti l&#8217;antichit\u00e0 dell&#8217;universo e dell&#8217;essere umano.<\/p>\n\n\n\n<p class=\"wp-block-paragraph\">La Chiesa distingue attentamente tra le questioni scientifiche e le verit\u00e0 rivelate.<\/p>\n\n\n\n<p class=\"wp-block-paragraph\">La Rivelazione non ha lo scopo di fornire una cronologia scientifica dell&#8217;evoluzione biologica. Il suo fine \u00e8 annunciare chi ha creato tutte le cose, quale sia la dignit\u00e0 dell&#8217;uomo, come il peccato sia entrato nel mondo e come Dio realizzi la salvezza. Le ricerche sull&#8217;et\u00e0 dell&#8217;universo o del corpo umano appartengono al campo delle scienze naturali e devono essere studiate secondo i propri metodi.<\/p>\n\n\n\n<p class=\"wp-block-paragraph\">Allo stesso tempo, la fede afferma con chiarezza che l&#8217;essere umano non \u00e8 semplicemente un accidente della materia. Ogni anima razionale \u00e8 creata immediatamente da Dio, e ogni uomo possiede una dignit\u00e0 unica perch\u00e9 \u00e8 stato creato a immagine e somiglianza del Creatore (cfr. Genesi 1,26-27).<\/p>\n\n\n\n<p class=\"wp-block-paragraph\">Pertanto, anche ammettendo lunghi processi nella storia del cosmo e della vita, la domanda decisiva rimane la stessa:<\/p>\n\n\n\n<p class=\"wp-block-paragraph\"><strong>Quando Dio ha scelto di rivelare pienamente il suo amore?<\/strong><\/p>\n\n\n\n<p class=\"wp-block-paragraph\">La risposta cristiana non dipende dal numero degli anni trascorsi, ma dal disegno salvifico di Dio, portato a compimento in Ges\u00f9 Cristo.<\/p>\n\n\n\n<hr class=\"wp-block-separator has-alpha-channel-opacity\"\/>\n\n\n\n<h1 class=\"wp-block-heading\">E se avessimo vissuto prima di Cristo?<\/h1>\n\n\n\n<p class=\"wp-block-paragraph\">\u00c8 una domanda interessante.<\/p>\n\n\n\n<p class=\"wp-block-paragraph\">Molte persone dicono:<\/p>\n\n\n\n<p class=\"wp-block-paragraph\"><em>&#8220;Avrei voluto vivere al tempo di Ges\u00f9.&#8221;<\/em><\/p>\n\n\n\n<p class=\"wp-block-paragraph\">Forse.<\/p>\n\n\n\n<p class=\"wp-block-paragraph\">Ma Ges\u00f9 stesso disse qualcosa di sorprendente.<\/p>\n\n\n\n<p class=\"wp-block-paragraph\">A Tommaso rispose:<\/p>\n\n\n\n<blockquote class=\"wp-block-quote is-layout-flow wp-block-quote-is-layout-flow\">\n<p class=\"wp-block-paragraph\">\u00abBeati quelli che non hanno visto e hanno creduto.\u00bb (Giovanni 20,29)<\/p>\n<\/blockquote>\n\n\n\n<p class=\"wp-block-paragraph\">Noi possediamo qualcosa che milioni di persone vissute prima di noi non hanno avuto.<\/p>\n\n\n\n<p class=\"wp-block-paragraph\">Conosciamo il compimento della storia.<\/p>\n\n\n\n<p class=\"wp-block-paragraph\">Sappiamo chi \u00e8 il Messia.<\/p>\n\n\n\n<p class=\"wp-block-paragraph\">Abbiamo i sacramenti.<\/p>\n\n\n\n<p class=\"wp-block-paragraph\">L&#8217;Eucaristia.<\/p>\n\n\n\n<p class=\"wp-block-paragraph\">La Chiesa.<\/p>\n\n\n\n<p class=\"wp-block-paragraph\">La Sacra Scrittura completa.<\/p>\n\n\n\n<p class=\"wp-block-paragraph\">La Tradizione apostolica.<\/p>\n\n\n\n<p class=\"wp-block-paragraph\">In un certo senso, viviamo in un&#8217;epoca privilegiata.<\/p>\n\n\n\n<hr class=\"wp-block-separator has-alpha-channel-opacity\"\/>\n\n\n\n<h1 class=\"wp-block-heading\">La pazienza di Dio non \u00e8 lentezza<\/h1>\n\n\n\n<p class=\"wp-block-paragraph\">San Pietro risponde direttamente a coloro che pensavano che Dio stesse tardando troppo:<\/p>\n\n\n\n<blockquote class=\"wp-block-quote is-layout-flow wp-block-quote-is-layout-flow\">\n<p class=\"wp-block-paragraph\">\u00abIl Signore non ritarda nel compiere la sua promessa&#8230; ma usa pazienza verso di voi.\u00bb (2 Pietro 3,9)<\/p>\n<\/blockquote>\n\n\n\n<p class=\"wp-block-paragraph\">La pazienza divina cerca la nostra conversione.<\/p>\n\n\n\n<p class=\"wp-block-paragraph\">Non \u00e8 un ritardo.<\/p>\n\n\n\n<p class=\"wp-block-paragraph\">\u00c8 misericordia.<\/p>\n\n\n\n<hr class=\"wp-block-separator has-alpha-channel-opacity\"\/>\n\n\n\n<h1 class=\"wp-block-heading\">Cristo \u00e8 venuto una sola volta\u2026 ma continua a venire<\/h1>\n\n\n\n<p class=\"wp-block-paragraph\">Qui incontriamo un altro insegnamento fondamentale.<\/p>\n\n\n\n<p class=\"wp-block-paragraph\">Molte persone pensano che l&#8217;Incarnazione sia soltanto un evento del passato.<\/p>\n\n\n\n<p class=\"wp-block-paragraph\">In realt\u00e0, Cristo continua a rendersi presente.<\/p>\n\n\n\n<p class=\"wp-block-paragraph\">Ogni Santa Messa rende sacramentalmente presente l&#8217;unico sacrificio del Calvario.<\/p>\n\n\n\n<p class=\"wp-block-paragraph\">Ogni confessione applica i frutti della Croce.<\/p>\n\n\n\n<p class=\"wp-block-paragraph\">Ogni Battesimo incorpora un nuovo membro al suo Corpo, che \u00e8 la Chiesa.<\/p>\n\n\n\n<p class=\"wp-block-paragraph\">Ogni Santa Comunione ci unisce realmente a Lui.<\/p>\n\n\n\n<p class=\"wp-block-paragraph\">L&#8217;Incarnazione non \u00e8 terminata a Betlemme.<\/p>\n\n\n\n<p class=\"wp-block-paragraph\">Continua misteriosamente nella vita sacramentale della Chiesa.<\/p>\n\n\n\n<hr class=\"wp-block-separator has-alpha-channel-opacity\"\/>\n\n\n\n<h1 class=\"wp-block-heading\">La grande lezione per la nostra vita<\/h1>\n\n\n\n<p class=\"wp-block-paragraph\">Forse la domanda iniziale nasconde un&#8217;altra domanda molto pi\u00f9 personale.<\/p>\n\n\n\n<p class=\"wp-block-paragraph\">Non chiediamo soltanto:<\/p>\n\n\n\n<p class=\"wp-block-paragraph\"><em>&#8220;Perch\u00e9 Dio ha aspettato due milioni di anni?&#8221;<\/em><\/p>\n\n\n\n<p class=\"wp-block-paragraph\">In realt\u00e0 spesso chiediamo:<\/p>\n\n\n\n<ul class=\"wp-block-list\">\n<li>Perch\u00e9 tarda a rispondere alle mie preghiere?<\/li>\n\n\n\n<li>Perch\u00e9 non cambia la mia situazione?<\/li>\n\n\n\n<li>Perch\u00e9 non guarisce immediatamente questa malattia?<\/li>\n\n\n\n<li>Perch\u00e9 non converte quel membro della mia famiglia?<\/li>\n\n\n\n<li>Perch\u00e9 non interviene proprio ora?<\/li>\n<\/ul>\n\n\n\n<p class=\"wp-block-paragraph\">La storia della salvezza ci insegna che <strong>Dio non arriva mai in ritardo<\/strong>.<\/p>\n\n\n\n<p class=\"wp-block-paragraph\">Noi vediamo soltanto frammenti.<\/p>\n\n\n\n<p class=\"wp-block-paragraph\">Lui vede l&#8217;insieme.<\/p>\n\n\n\n<p class=\"wp-block-paragraph\">Cos\u00ec come ha preparato per secoli la venuta di Cristo, prepara anche gli eventi della nostra vita personale con infinita sapienza. Molte volte comprendiamo il significato di una prova soltanto anni dopo; altre volte non lo comprenderemo pienamente se non nell&#8217;eternit\u00e0. Tuttavia, la fede ci invita a confidare che nulla sfugge alla Provvidenza divina.<\/p>\n\n\n\n<hr class=\"wp-block-separator has-alpha-channel-opacity\"\/>\n\n\n\n<h1 class=\"wp-block-heading\">Uno sguardo pastorale per il cristiano di oggi<\/h1>\n\n\n\n<p class=\"wp-block-paragraph\">Viviamo in una cultura segnata dalla fretta. Vogliamo risposte immediate, soluzioni istantanee e risultati visibili. Questa mentalit\u00e0 pu\u00f2 infiltrarsi anche nella vita spirituale. Ci scoraggiamo quando non vediamo rapidamente i frutti della preghiera, dell&#8217;educazione dei nostri figli, dell&#8217;evangelizzazione o della nostra lotta contro il peccato.<\/p>\n\n\n\n<p class=\"wp-block-paragraph\">Il modo di agire di Dio ci insegna una logica diversa: quella del seme che cresce lentamente, del grano che matura con il tempo e del Regno che inizia come un granello di senape prima di diventare un grande albero (cfr. Matteo 13,31-32).<\/p>\n\n\n\n<p class=\"wp-block-paragraph\">Dio opera spesso nel silenzio. Ha preparato per secoli la venuta del Salvatore; allo stesso modo, prepara pazientemente la santificazione di ogni anima. La vita cristiana non consiste nel chiedere a Dio di seguire i nostri tempi, ma nell&#8217;imparare a camminare secondo i suoi.<\/p>\n\n\n\n<p class=\"wp-block-paragraph\">Questa certezza ci incoraggia anche ad evangelizzare con speranza. A volte sembra che il mondo si allontani da Dio, che la fede diminuisca o che la cultura cristiana arretri. Tuttavia, la Provvidenza divina continua a guidare la storia. Cos\u00ec come nessuno avrebbe immaginato, durante l&#8217;esilio di Israele o sotto il dominio romano, che la &#8220;pienezza dei tempi&#8221; fosse vicina, anche noi non conosciamo i futuri progetti di Dio. La nostra missione \u00e8 rimanere fedeli.<\/p>\n\n\n\n<hr class=\"wp-block-separator has-alpha-channel-opacity\"\/>\n\n\n\n<h1 class=\"wp-block-heading\">Conclusione: il Dio che fa nuove tutte le cose<\/h1>\n\n\n\n<p class=\"wp-block-paragraph\">La domanda sul perch\u00e9 Cristo sia venuto duemila anni fa e non prima ci conduce a una verit\u00e0 ancora pi\u00f9 grande: <strong>Dio non improvvisa la storia; Egli la guida con infinita sapienza verso il suo compimento in Ges\u00f9 Cristo.<\/strong> L&#8217;Incarnazione non \u00e8 stato un evento tardivo, ma il momento preciso scelto dall&#8217;eternit\u00e0 per rivelare pienamente l&#8217;amore del Padre.<\/p>\n\n\n\n<p class=\"wp-block-paragraph\">Il centro della storia non \u00e8 un impero, una rivoluzione o una scoperta scientifica.<\/p>\n\n\n\n<p class=\"wp-block-paragraph\">Il centro della storia \u00e8 una Persona:<\/p>\n\n\n\n<p class=\"wp-block-paragraph\"><strong>Ges\u00f9 Cristo, vero Dio e vero uomo.<\/strong><\/p>\n\n\n\n<p class=\"wp-block-paragraph\">Tutto converge verso di Lui.<\/p>\n\n\n\n<p class=\"wp-block-paragraph\">Tutto trova in Lui il proprio significato.<\/p>\n\n\n\n<p class=\"wp-block-paragraph\">Perci\u00f2, la domanda decisiva non \u00e8 pi\u00f9 quanto tempo sia passato prima di Betlemme, ma che cosa facciamo noi con l&#8217;immenso dono che Dio ci ha dato. Viviamo dopo la Croce e la Risurrezione; conosciamo il Vangelo, partecipiamo ai sacramenti e attendiamo il ritorno glorioso del Signore. Siamo eredi della <strong>&#8220;pienezza dei tempi&#8221;<\/strong>.<\/p>\n\n\n\n<p class=\"wp-block-paragraph\">Che questa riflessione rafforzi la nostra fiducia nella Provvidenza divina. Se Dio ha preparato con tanta delicatezza il momento dell&#8217;Incarnazione, guida anche la storia personale di ciascuno di noi con lo stesso amore. Forse non comprendiamo tutti i suoi tempi, ma possiamo credere fermamente che i suoi piani sono sempre pi\u00f9 sapienti dei nostri.<\/p>\n\n\n\n<p class=\"wp-block-paragraph\">Come scriveva santa Teresa d&#8217;Avila:<\/p>\n\n\n\n<blockquote class=\"wp-block-quote is-layout-flow wp-block-quote-is-layout-flow\">\n<p class=\"wp-block-paragraph\"><strong>\u00abNulla ti turbi, nulla ti spaventi; tutto passa, Dio non cambia. La pazienza ottiene ogni cosa; chi possiede Dio non manca di nulla. Solo Dio basta.\u00bb<\/strong><\/p>\n<\/blockquote>\n\n\n\n<p class=\"wp-block-paragraph\">In definitiva, Dio non \u00e8 arrivato tardi nella storia.<\/p>\n\n\n\n<p class=\"wp-block-paragraph\">\u00c8 arrivato esattamente nel momento che aveva stabilito.<\/p>\n\n\n\n<p class=\"wp-block-paragraph\">E continua ancora oggi a venire nel cuore di ogni persona che, con fede e umilt\u00e0, gli apre le porte della propria vita.<\/p>\n","protected":false},"excerpt":{"rendered":"<p>&#8220;Ma quando venne la pienezza del tempo, Dio mand\u00f2 il suo Figlio, nato da donna, nato sotto la Legge.&#8221; (Galati 4,4) Una domanda che molti credenti e non credenti si pongono Esiste una domanda che, prima o poi, nasce nella mente di chiunque rifletta seriamente sulla storia dell&#8217;umanit\u00e0: se Ges\u00f9 Cristo \u00e8 il centro del &hellip;<\/p>\n","protected":false},"author":3,"featured_media":6256,"comment_status":"open","ping_status":"closed","sticky":false,"template":"","format":"standard","meta":{"_seopress_titles_title":"","_seopress_titles_desc":"","_seopress_robots_index":"","_seopress_robots_follow":"","_seopress_robots_imageindex":"","_seopress_robots_snippet":"","_seopress_robots_primary_cat":"","_seopress_robots_breadcrumbs":"","_seopress_robots_freeze_modified_date":"","_seopress_robots_custom_modified_date":"","_seopress_robots_canonical":"","_seopress_social_fb_title":"","_seopress_social_fb_desc":"","_seopress_social_fb_img":"","_seopress_social_fb_img_attachment_id":0,"_seopress_social_fb_img_width":0,"_seopress_social_fb_img_height":0,"_seopress_social_twitter_title":"","_seopress_social_twitter_desc":"","_seopress_social_twitter_img":"","_seopress_social_twitter_img_attachment_id":0,"_seopress_social_twitter_img_width":0,"_seopress_social_twitter_img_height":0,"_seopress_redirections_value":"","_seopress_redirections_enabled":"","_seopress_redirections_enabled_regex":"","_seopress_redirections_logged_status":"","_seopress_redirections_param":"","_seopress_redirections_type":0,"_seopress_analysis_target_kw":"","footnotes":""},"categories":[66,41],"tags":[1835],"class_list":["post-6255","post","type-post","status-publish","format-standard","has-post-thumbnail","","category-cultura-popolare-e-cattolicesimo","category-fede-e-cultura","tag-dio"],"_links":{"self":[{"href":"https:\/\/catholicus.eu\/it\/wp-json\/wp\/v2\/posts\/6255","targetHints":{"allow":["GET"]}}],"collection":[{"href":"https:\/\/catholicus.eu\/it\/wp-json\/wp\/v2\/posts"}],"about":[{"href":"https:\/\/catholicus.eu\/it\/wp-json\/wp\/v2\/types\/post"}],"author":[{"embeddable":true,"href":"https:\/\/catholicus.eu\/it\/wp-json\/wp\/v2\/users\/3"}],"replies":[{"embeddable":true,"href":"https:\/\/catholicus.eu\/it\/wp-json\/wp\/v2\/comments?post=6255"}],"version-history":[{"count":1,"href":"https:\/\/catholicus.eu\/it\/wp-json\/wp\/v2\/posts\/6255\/revisions"}],"predecessor-version":[{"id":6257,"href":"https:\/\/catholicus.eu\/it\/wp-json\/wp\/v2\/posts\/6255\/revisions\/6257"}],"wp:featuredmedia":[{"embeddable":true,"href":"https:\/\/catholicus.eu\/it\/wp-json\/wp\/v2\/media\/6256"}],"wp:attachment":[{"href":"https:\/\/catholicus.eu\/it\/wp-json\/wp\/v2\/media?parent=6255"}],"wp:term":[{"taxonomy":"category","embeddable":true,"href":"https:\/\/catholicus.eu\/it\/wp-json\/wp\/v2\/categories?post=6255"},{"taxonomy":"post_tag","embeddable":true,"href":"https:\/\/catholicus.eu\/it\/wp-json\/wp\/v2\/tags?post=6255"}],"curies":[{"name":"wp","href":"https:\/\/api.w.org\/{rel}","templated":true}]}}