{"id":5890,"date":"2026-05-01T22:26:25","date_gmt":"2026-05-01T20:26:25","guid":{"rendered":"https:\/\/catholicus.eu\/it\/?p=5890"},"modified":"2026-05-01T22:26:26","modified_gmt":"2026-05-01T20:26:26","slug":"la-vera-liberta-non-consiste-nel-fare-cio-che-si-vuole-ma-nellascoltare-cio-che-si-deve-il-risveglio-della-coscienza","status":"publish","type":"post","link":"https:\/\/catholicus.eu\/it\/la-vera-liberta-non-consiste-nel-fare-cio-che-si-vuole-ma-nellascoltare-cio-che-si-deve-il-risveglio-della-coscienza\/","title":{"rendered":"La vera libert\u00e0 non consiste nel fare ci\u00f2 che si vuole, ma nell\u2019ascoltare ci\u00f2 che si deve: il risveglio della coscienza"},"content":{"rendered":"\n<p>Viviamo in un\u2019epoca che esalta la libert\u00e0 come mai prima d\u2019ora. Ci viene continuamente ripetuto che essere liberi significa scegliere senza limiti, decidere senza interferenze, vivere secondo i propri desideri. Ma se questa idea di libert\u00e0 fosse incompleta? E se la vera libert\u00e0 non consistesse nel fare ci\u00f2 che si vuole, ma nel compiere il bene che si riconosce come vero?<\/p>\n\n\n\n<p>Qui entra in gioco una realt\u00e0 profonda, spesso dimenticata: la <strong>coscienza<\/strong>. Non come un semplice sentimento soggettivo, ma come quel santuario interiore dove l\u2019uomo incontra la verit\u00e0 e, in definitiva, Dio.<\/p>\n\n\n\n<p>Come insegna la Sacra Scrittura: <em>\u201cLa lampada del Signore \u00e8 lo spirito dell\u2019uomo, essa scruta fino alle profondit\u00e0 dell\u2019essere\u201d<\/em> (Proverbi 20,27). La coscienza \u00e8 questa lampada accesa dentro di noi. Ma, come ogni luce, pu\u00f2 brillare oppure affievolirsi. E da questo dipende la nostra libert\u00e0.<\/p>\n\n\n\n<hr class=\"wp-block-separator has-alpha-channel-opacity\"\/>\n\n\n\n<h1 class=\"wp-block-heading\"><strong>a) La coscienza: la bussola dell\u2019anima<\/strong><\/h1>\n\n\n\n<p>L\u2019immagine della bussola \u00e8 semplice, ma profondamente rivelatrice. Cos\u00ec come il navigatore ha bisogno di un orientamento sicuro per non smarrirsi, l\u2019essere umano ha bisogno di una guida interiore che gli indichi ci\u00f2 che \u00e8 bene e ci\u00f2 che \u00e8 male. Questa guida \u00e8 la coscienza.<\/p>\n\n\n\n<p>La coscienza non \u00e8 un\u2019invenzione culturale n\u00e9 un\u2019emozione passeggera. \u00c8 una <strong>capacit\u00e0 spirituale<\/strong>, inscritta nel profondo dell\u2019essere umano, che gli permette di giudicare le proprie azioni. \u00c8, in un certo senso, un tribunale interiore in cui l\u2019uomo si accusa o si difende.<\/p>\n\n\n\n<p>Non \u00e8 un caso che l\u2019apostolo Paolo scriva: <em>\u201cEssi dimostrano che quanto la legge esige \u00e8 scritto nei loro cuori, come risulta dalla testimonianza della loro coscienza\u201d<\/em> (Romani 2,15).<\/p>\n\n\n\n<p>La coscienza, dunque:<\/p>\n\n\n\n<ul class=\"wp-block-list\">\n<li><strong>ricorda<\/strong> ci\u00f2 che abbiamo fatto,<\/li>\n\n\n\n<li><strong>discernisce<\/strong> se \u00e8 bene o male,<\/li>\n\n\n\n<li><strong>giudica<\/strong> la nostra condotta.<\/li>\n<\/ul>\n\n\n\n<p>Ma c\u2019\u00e8 un punto cruciale: <strong>la coscienza non \u00e8 infallibile da sola<\/strong>. Pu\u00f2 sbagliare, deformarsi o persino tacere. Per questo deve essere educata.<\/p>\n\n\n\n<p>Una coscienza mal formata non libera: <strong>schiavizza<\/strong>. Solo una coscienza retta rende possibile una libert\u00e0 autentica.<\/p>\n\n\n\n<hr class=\"wp-block-separator has-alpha-channel-opacity\"\/>\n\n\n\n<h1 class=\"wp-block-heading\"><strong>La necessit\u00e0 di educare la coscienza<\/strong><\/h1>\n\n\n\n<p>Cos\u00ec come una bussola pu\u00f2 perdere l\u2019orientamento, anche la coscienza pu\u00f2 deteriorarsi se non viene curata. Oggi questo accade spesso:<\/p>\n\n\n\n<ul class=\"wp-block-list\">\n<li>quando la verit\u00e0 viene relativizzata (\u201cdipende\u201d),<\/li>\n\n\n\n<li>quando il male viene giustificato (\u201clo fanno tutti\u201d),<\/li>\n\n\n\n<li>quando si ignora la voce interiore (\u201cnon voglio pensarci\u201d).<\/li>\n<\/ul>\n\n\n\n<p>Educare la coscienza significa:<\/p>\n\n\n\n<ul class=\"wp-block-list\">\n<li>cercare la verit\u00e0,<\/li>\n\n\n\n<li>formarsi nella dottrina morale,<\/li>\n\n\n\n<li>esaminare la propria vita,<\/li>\n\n\n\n<li>ascoltare la voce di Dio nella preghiera.<\/li>\n<\/ul>\n\n\n\n<p>Senza questa formazione, l\u2019uomo rischia di perdere la direzione\u2026 pur credendo di essere sulla strada giusta.<\/p>\n\n\n\n<hr class=\"wp-block-separator has-alpha-channel-opacity\"\/>\n\n\n\n<h1 class=\"wp-block-heading\"><strong>b) I tipi di coscienza: una mappa dell\u2019anima umana<\/strong><\/h1>\n\n\n\n<p>Non tutte le coscienze funzionano allo stesso modo. La tradizione morale cristiana distingue diversi tipi che ci aiutano a comprendere meglio la nostra vita interiore:<\/p>\n\n\n\n<h3 class=\"wp-block-heading\"><strong>1. Coscienza vera<\/strong><\/h3>\n\n\n\n<p>Giudica rettamente. Riconosce il bene come bene e il male come male. \u00c8 il frutto di una coscienza ben formata.<\/p>\n\n\n\n<h3 class=\"wp-block-heading\"><strong>2. Coscienza erronea<\/strong><\/h3>\n\n\n\n<p>Confunde il bene con il male. Pu\u00f2 giustificare azioni oggettivamente sbagliate senza percepirne la gravit\u00e0.<\/p>\n\n\n\n<p>Qui si trova uno dei grandi drammi del nostro tempo: <strong>persone sincere, ma nell\u2019errore<\/strong>.<\/p>\n\n\n\n<h3 class=\"wp-block-heading\"><strong>3. Coscienza colpevole<\/strong><\/h3>\n\n\n\n<p>\u00c8 quella che <strong>potrebbe conoscere la verit\u00e0, ma non vuole farlo<\/strong>. C\u2019\u00e8 negligenza, indifferenza o persino cattiva volont\u00e0.<\/p>\n\n\n\n<p>\u00c8 una coscienza chiusa alla luce.<\/p>\n\n\n\n<h3 class=\"wp-block-heading\"><strong>4. Coscienza inculpabile<\/strong><\/h3>\n\n\n\n<p>Non conosce la verit\u00e0, ma la accetterebbe se la scoprisse. Non c\u2019\u00e8 colpa morale nel suo errore.<\/p>\n\n\n\n<p>Qui appare la misericordia di Dio, che giudica il cuore.<\/p>\n\n\n\n<h3 class=\"wp-block-heading\"><strong>5. Coscienza dubbiosa<\/strong><\/h3>\n\n\n\n<p>Non sa come agire. Si trova nell\u2019incertezza morale.<\/p>\n\n\n\n<p>In questi casi, la prudenza indica sempre di scegliere il <strong>male minore<\/strong> o la soluzione moralmente pi\u00f9 sicura, evitando il rischio di commettere una colpa grave.<\/p>\n\n\n\n<hr class=\"wp-block-separator has-alpha-channel-opacity\"\/>\n\n\n\n<h1 class=\"wp-block-heading\"><strong>c) L\u2019oggetto dell\u2019azione: il \u201cche cosa\u201d che definisce tutto<\/strong><\/h1>\n\n\n\n<p>Nella morale cattolica non basta avere buone intenzioni. La prima cosa da considerare \u00e8 <strong>l\u2019oggetto dell\u2019azione<\/strong>, cio\u00e8 <strong>ci\u00f2 che si compie in s\u00e9<\/strong>.<\/p>\n\n\n\n<p>Ci sono azioni buone per loro natura:<\/p>\n\n\n\n<ul class=\"wp-block-list\">\n<li>aiutare i bisognosi,<\/li>\n\n\n\n<li>dire la verit\u00e0,<\/li>\n\n\n\n<li>onorare i genitori.<\/li>\n<\/ul>\n\n\n\n<p>E ci sono azioni cattive in s\u00e9:<\/p>\n\n\n\n<ul class=\"wp-block-list\">\n<li>mentire deliberatamente,<\/li>\n\n\n\n<li>rubare,<\/li>\n\n\n\n<li>odiare.<\/li>\n<\/ul>\n\n\n\n<p>L\u2019oggetto risponde alla domanda: <strong>che cosa sto facendo?<\/strong><\/p>\n\n\n\n<p>E qui c\u2019\u00e8 una verit\u00e0 fondamentale:<br>\ud83d\udc49 <strong>Esistono azioni che non possono mai essere giustificate<\/strong>, perch\u00e9 sono cattive per la loro stessa natura.<\/p>\n\n\n\n<hr class=\"wp-block-separator has-alpha-channel-opacity\"\/>\n\n\n\n<h1 class=\"wp-block-heading\"><strong>d) Il fine dell\u2019azione: il \u201cperch\u00e9\u201d che orienta<\/strong><\/h1>\n\n\n\n<p>Il fine \u00e8 l\u2019intenzione che muove il soggetto. \u00c8 il motivo dell\u2019agire.<\/p>\n\n\n\n<p>Risponde a:<\/p>\n\n\n\n<ul class=\"wp-block-list\">\n<li>perch\u00e9 lo faccio?<\/li>\n\n\n\n<li>per quale scopo lo faccio?<\/li>\n<\/ul>\n\n\n\n<p>Tuttavia, la morale cristiana \u00e8 chiara:<br>\u2757 <strong>Il fine non giustifica i mezzi<\/strong>.<\/p>\n\n\n\n<p>Un esempio semplice:<\/p>\n\n\n\n<ul class=\"wp-block-list\">\n<li>aiutare i poveri \u00e8 buono,<\/li>\n\n\n\n<li>rubare per aiutarli resta cattivo.<\/li>\n<\/ul>\n\n\n\n<p>L\u2019intenzione pu\u00f2 <strong>aggravare o migliorare<\/strong> un\u2019azione buona, ma <strong>non pu\u00f2 rendere buono ci\u00f2 che \u00e8 cattivo in s\u00e9<\/strong>.<\/p>\n\n\n\n<hr class=\"wp-block-separator has-alpha-channel-opacity\"\/>\n\n\n\n<h1 class=\"wp-block-heading\"><strong>e) Le circostanze dell\u2019azione: il contesto che modula<\/strong><\/h1>\n\n\n\n<p>Le circostanze accompagnano l\u2019atto, ma non ne definiscono l\u2019essenza. Comprendono:<\/p>\n\n\n\n<ul class=\"wp-block-list\">\n<li><strong>chi<\/strong> agisce (esperienza, responsabilit\u00e0),<\/li>\n\n\n\n<li><strong>dove<\/strong> (in pubblico o in privato),<\/li>\n\n\n\n<li><strong>come<\/strong> (liberamente, sotto costrizione, sotto effetto\u2026).<\/li>\n<\/ul>\n\n\n\n<p>Pur essendo secondarie, possono influire in modo significativo:<\/p>\n\n\n\n<ul class=\"wp-block-list\">\n<li>aumentando o diminuendo la colpevolezza,<\/li>\n\n\n\n<li>rendendo una colpa pi\u00f9 grave,<\/li>\n\n\n\n<li>o persino modificando la percezione dell\u2019atto.<\/li>\n<\/ul>\n\n\n\n<p>Per esempio:<\/p>\n\n\n\n<ul class=\"wp-block-list\">\n<li>mentire per paura non \u00e8 lo stesso che mentire per malizia,<\/li>\n\n\n\n<li>n\u00e9 commettere un errore per ignoranza \u00e8 lo stesso che farlo con piena consapevolezza.<\/li>\n<\/ul>\n\n\n\n<hr class=\"wp-block-separator has-alpha-channel-opacity\"\/>\n\n\n\n<h1 class=\"wp-block-heading\"><strong>Coscienza e libert\u00e0: una relazione inseparabile<\/strong><\/h1>\n\n\n\n<p>Qui arriviamo al cuore del tema.<\/p>\n\n\n\n<p>La coscienza non limita la libert\u00e0\u2026 la rende possibile.<\/p>\n\n\n\n<p>Senza verit\u00e0 non c\u2019\u00e8 libert\u00e0, ma solo la sua apparenza.<\/p>\n\n\n\n<p>Il mondo moderno propone una libert\u00e0 senza verit\u00e0, ma questo conduce al vuoto, alla confusione e, in definitiva, alla schiavit\u00f9 interiore.<\/p>\n\n\n\n<p>Cristo, invece, rivela un\u2019altra logica:<br><em>\u201cLa verit\u00e0 vi far\u00e0 liberi\u201d<\/em> (Giovanni 8,32).<\/p>\n\n\n\n<p>La coscienza \u00e8 il luogo in cui questa verit\u00e0 diventa una voce personale.<\/p>\n\n\n\n<hr class=\"wp-block-separator has-alpha-channel-opacity\"\/>\n\n\n\n<h1 class=\"wp-block-heading\"><strong>Applicazioni pratiche: come vivere oggi con una coscienza retta<\/strong><\/h1>\n\n\n\n<p>In mezzo al rumore del mondo, coltivare la coscienza \u00e8 un compito urgente. Alcune indicazioni concrete:<\/p>\n\n\n\n<h3 class=\"wp-block-heading\"><strong>1. Praticare l\u2019esame di coscienza<\/strong><\/h3>\n\n\n\n<p>Dedicare ogni giorno alcuni minuti per rivedere pensieri, parole e azioni.<\/p>\n\n\n\n<h3 class=\"wp-block-heading\"><strong>2. Formarsi nella verit\u00e0<\/strong><\/h3>\n\n\n\n<p>Leggere, studiare e approfondire l\u2019insegnamento morale della Chiesa.<\/p>\n\n\n\n<h3 class=\"wp-block-heading\"><strong>3. Evitare l\u2019auto-giustificazione<\/strong><\/h3>\n\n\n\n<p>Essere onesti con s\u00e9 stessi, senza scuse n\u00e9 relativismi.<\/p>\n\n\n\n<h3 class=\"wp-block-heading\"><strong>4. Cercare consiglio<\/strong><\/h3>\n\n\n\n<p>Nei momenti di dubbio, rivolgersi a persone ben formate o a una guida spirituale.<\/p>\n\n\n\n<h3 class=\"wp-block-heading\"><strong>5. Vivere in stato di grazia<\/strong><\/h3>\n\n\n\n<p>La vita sacramentale rafforza e illumina la coscienza.<\/p>\n\n\n\n<hr class=\"wp-block-separator has-alpha-channel-opacity\"\/>\n\n\n\n<h1 class=\"wp-block-heading\"><strong>Conclusione: la coscienza, luogo di incontro con Dio<\/strong><\/h1>\n\n\n\n<p>La coscienza non \u00e8 soltanto una funzione psicologica. \u00c8, nelle parole del Magistero, il <strong>\u201csantuario dell\u2019uomo\u201d<\/strong>, dove risuona la voce di Dio.<\/p>\n\n\n\n<p>Ascoltarla non \u00e8 sempre facile. A volte mette in discussione, corregge, esige. Ma proprio qui sta il suo valore: <strong>ci chiama a essere migliori, a vivere nella verit\u00e0, ad amare autenticamente<\/strong>.<\/p>\n\n\n\n<p>In un mondo che confonde la libert\u00e0 con il capriccio, riscoprire la coscienza significa ritrovare il cammino verso la vera libert\u00e0.<\/p>\n\n\n\n<p>Perch\u00e9, in fondo, non \u00e8 pi\u00f9 libero chi fa ci\u00f2 che vuole\u2026<br>ma chi <strong>vuole il bene e lo realizza<\/strong>.<\/p>\n\n\n\n<p>E questo \u00e8 possibile solo quando la coscienza \u00e8 sveglia, formata e aperta alla verit\u00e0.<\/p>\n","protected":false},"excerpt":{"rendered":"<p>Viviamo in un\u2019epoca che esalta la libert\u00e0 come mai prima d\u2019ora. Ci viene continuamente ripetuto che essere liberi significa scegliere senza limiti, decidere senza interferenze, vivere secondo i propri desideri. Ma se questa idea di libert\u00e0 fosse incompleta? E se la vera libert\u00e0 non consistesse nel fare ci\u00f2 che si vuole, ma nel compiere il &hellip;<\/p>\n","protected":false},"author":3,"featured_media":5891,"comment_status":"closed","ping_status":"closed","sticky":false,"template":"","format":"standard","meta":{"_seopress_robots_primary_cat":"","_seopress_titles_title":"","_seopress_titles_desc":"","_seopress_robots_index":"","footnotes":""},"categories":[39,57],"tags":[2064],"class_list":["post-5890","post","type-post","status-publish","format-standard","has-post-thumbnail","","category-morale-e-vita-cristiana","category-virtu-cristiane","tag-coscienza"],"_links":{"self":[{"href":"https:\/\/catholicus.eu\/it\/wp-json\/wp\/v2\/posts\/5890","targetHints":{"allow":["GET"]}}],"collection":[{"href":"https:\/\/catholicus.eu\/it\/wp-json\/wp\/v2\/posts"}],"about":[{"href":"https:\/\/catholicus.eu\/it\/wp-json\/wp\/v2\/types\/post"}],"author":[{"embeddable":true,"href":"https:\/\/catholicus.eu\/it\/wp-json\/wp\/v2\/users\/3"}],"replies":[{"embeddable":true,"href":"https:\/\/catholicus.eu\/it\/wp-json\/wp\/v2\/comments?post=5890"}],"version-history":[{"count":1,"href":"https:\/\/catholicus.eu\/it\/wp-json\/wp\/v2\/posts\/5890\/revisions"}],"predecessor-version":[{"id":5892,"href":"https:\/\/catholicus.eu\/it\/wp-json\/wp\/v2\/posts\/5890\/revisions\/5892"}],"wp:featuredmedia":[{"embeddable":true,"href":"https:\/\/catholicus.eu\/it\/wp-json\/wp\/v2\/media\/5891"}],"wp:attachment":[{"href":"https:\/\/catholicus.eu\/it\/wp-json\/wp\/v2\/media?parent=5890"}],"wp:term":[{"taxonomy":"category","embeddable":true,"href":"https:\/\/catholicus.eu\/it\/wp-json\/wp\/v2\/categories?post=5890"},{"taxonomy":"post_tag","embeddable":true,"href":"https:\/\/catholicus.eu\/it\/wp-json\/wp\/v2\/tags?post=5890"}],"curies":[{"name":"wp","href":"https:\/\/api.w.org\/{rel}","templated":true}]}}