{"id":5887,"date":"2026-05-01T21:28:17","date_gmt":"2026-05-01T19:28:17","guid":{"rendered":"https:\/\/catholicus.eu\/it\/?p=5887"},"modified":"2026-05-01T21:28:17","modified_gmt":"2026-05-01T19:28:17","slug":"la-responsabilita-il-grande-esame-silenzioso-della-nostra-anima-in-una-societa-che-ha-smesso-di-rispondere","status":"publish","type":"post","link":"https:\/\/catholicus.eu\/it\/la-responsabilita-il-grande-esame-silenzioso-della-nostra-anima-in-una-societa-che-ha-smesso-di-rispondere\/","title":{"rendered":"La responsabilit\u00e0: il grande esame silenzioso della nostra anima in una societ\u00e0 che ha smesso di rispondere"},"content":{"rendered":"\n<p>Viviamo in un\u2019epoca strana. Mai prima d\u2019ora ci sono state cos\u00ec tante informazioni, cos\u00ec tanti diritti proclamati, cos\u00ec tante opinioni che circolano ogni secondo\u2026 eppure raramente l\u2019essere umano ha avuto cos\u00ec tante difficolt\u00e0 ad assumersi le proprie responsabilit\u00e0. Si d\u00e0 la colpa al sistema, all\u2019educazione, alla politica, all\u2019economia, all\u2019infanzia, ai social network o persino alla genetica. Tutto sembra spiegare le nostre azioni\u2026 tranne noi stessi.<\/p>\n\n\n\n<p>Ma il cristianesimo, fin dalle sue radici pi\u00f9 profonde, insegna qualcosa di radicalmente diverso: l\u2019uomo \u00e8 libero e, proprio per questo, \u00e8 responsabile.<\/p>\n\n\n\n<p>La responsabilit\u00e0 non \u00e8 un peso inventato dalla religione per controllare le persone. \u00c8 una conseguenza diretta della dignit\u00e0 umana. Dio non ha creato robot n\u00e9 marionette. Ha creato persone capaci di amare, decidere, obbedire, costruire o distruggere. E ogni autentica libert\u00e0 porta con s\u00e9 una risposta morale.<\/p>\n\n\n\n<p>In fondo, tutta la vita cristiana potrebbe essere riassunta in una sola domanda: <strong>che cosa faccio della libert\u00e0 che Dio mi ha dato?<\/strong><\/p>\n\n\n\n<p>Perch\u00e9 ogni decisione lascia un segno. Ogni omissione ha conseguenze. Ogni atto costruisce o distrugge qualcosa dentro di noi e negli altri.<\/p>\n\n\n\n<p>Oggi si parla molto di diritti, ma pochissimo di doveri. Molto di autonomia, ma poco di responsabilit\u00e0. Molto del sentirsi bene, ma poco del fare il bene.<\/p>\n\n\n\n<p>Eppure la Sacra Scrittura \u00e8 chiarissima:<\/p>\n\n\n\n<blockquote class=\"wp-block-quote is-layout-flow wp-block-quote-is-layout-flow\">\n<p>\u00abCiascuno di noi render\u00e0 conto di se stesso a Dio.\u00bb<br>\u2014 Romani 14,12<\/p>\n<\/blockquote>\n\n\n\n<p>Queste parole sono impressionanti. Non dice che risponderemo di ci\u00f2 che facevano \u201ctutti gli altri\u201d. Non risponderemo delle mode culturali n\u00e9 delle scuse collettive. Ogni anima comparir\u00e0 personalmente davanti a Dio.<\/p>\n\n\n\n<p>La responsabilit\u00e0, dunque, non \u00e8 semplicemente un concetto morale. \u00c8 una realt\u00e0 spirituale.<\/p>\n\n\n\n<hr class=\"wp-block-separator has-alpha-channel-opacity\"\/>\n\n\n\n<h1 class=\"wp-block-heading\">La responsabilit\u00e0: il peso sacro della libert\u00e0<\/h1>\n\n\n\n<p>La responsabilit\u00e0 nasce dalla libert\u00e0. Solo chi \u00e8 libero pu\u00f2 essere responsabile. Un animale agisce per istinto; l\u2019uomo agisce per scelta. Qui si trovano sia la grandezza sia il dramma della nostra condizione umana.<\/p>\n\n\n\n<p>Dio ha voluto che le nostre decisioni avessero un vero valore. Per questo le nostre azioni possono essere virtuose o peccaminose, nobili o miserabili, sante o distruttive.<\/p>\n\n\n\n<p>La responsabilit\u00e0 implica tre grandi realt\u00e0:<\/p>\n\n\n\n<ul class=\"wp-block-list\">\n<li>il buon o cattivo uso della libert\u00e0;<\/li>\n\n\n\n<li>l\u2019obbligo di rispondere delle proprie azioni;<\/li>\n\n\n\n<li>l\u2019esistenza di conseguenze morali.<\/li>\n<\/ul>\n\n\n\n<p>La cultura contemporanea spesso riduce la responsabilit\u00e0 soltanto all\u2019ambito legale. Finch\u00e9 qualcosa non \u00e8 illegale, sembra accettabile. Ma la morale cristiana va molto oltre. Esistono azioni che forse non saranno mai punite dai tribunali umani e che tuttavia feriscono profondamente l\u2019anima e danneggiano la societ\u00e0.<\/p>\n\n\n\n<p>Un imprenditore pu\u00f2 sfruttare i lavoratori senza infrangere formalmente la legge. Un giornalista pu\u00f2 manipolare senza finire in prigione. Un politico pu\u00f2 mentire continuamente senza conseguenze giuridiche. Un padre pu\u00f2 abbandonare emotivamente i propri figli senza essere giudicato da un tribunale.<\/p>\n\n\n\n<p>Ma Dio vede.<\/p>\n\n\n\n<p>E anche la coscienza.<\/p>\n\n\n\n<hr class=\"wp-block-separator has-alpha-channel-opacity\"\/>\n\n\n\n<h1 class=\"wp-block-heading\">La responsabilit\u00e0 nella Bibbia: dalla Genesi a Cristo<\/h1>\n\n\n\n<p>Fin dalle prime pagine della Scrittura appare questa realt\u00e0.<\/p>\n\n\n\n<p>Quando Adamo ed Eva peccano, Dio domanda:<\/p>\n\n\n\n<blockquote class=\"wp-block-quote is-layout-flow wp-block-quote-is-layout-flow\">\n<p>\u00abDove sei?\u00bb<br>\u2014 Genesi 3,9<\/p>\n<\/blockquote>\n\n\n\n<p>La domanda non \u00e8 geografica. \u00c8 morale. Dio chiama l\u2019uomo a rispondere delle proprie azioni.<\/p>\n\n\n\n<p>Ma immediatamente appare lo stesso meccanismo che continua a dominare l\u2019umanit\u00e0 ancora oggi: la fuga dalla responsabilit\u00e0.<\/p>\n\n\n\n<p>Adamo accusa Eva.<\/p>\n\n\n\n<p>Eva accusa il serpente.<\/p>\n\n\n\n<p>Nessuno vuole assumersi pienamente la propria colpa.<\/p>\n\n\n\n<p>Ed \u00e8 cos\u00ec che il mondo continua a funzionare.<\/p>\n\n\n\n<p>Il peccato originale non ha soltanto ferito la nostra natura; ha anche indebolito la nostra capacit\u00e0 di riconoscere i nostri errori. L\u2019uomo decaduto tende continuamente a giustificarsi.<\/p>\n\n\n\n<p>Cristo, invece, \u00e8 venuto a restaurare il vero uomo. E una delle caratteristiche pi\u00f9 impressionanti di Ges\u00f9 \u00e8 proprio la sua responsabilit\u00e0 assoluta davanti alla volont\u00e0 del Padre.<\/p>\n\n\n\n<p>Ges\u00f9 Cristo non ha vissuto cercando scuse. Ha vissuto nell\u2019obbedienza.<\/p>\n\n\n\n<blockquote class=\"wp-block-quote is-layout-flow wp-block-quote-is-layout-flow\">\n<p>\u00abPadre, non la mia volont\u00e0, ma la tua sia fatta.\u00bb<br>\u2014 Luca 22,42<\/p>\n<\/blockquote>\n\n\n\n<p>Nel Getsemani vediamo il modello perfetto della responsabilit\u00e0 spirituale: assumere il dovere anche quando costa sangue.<\/p>\n\n\n\n<hr class=\"wp-block-separator has-alpha-channel-opacity\"\/>\n\n\n\n<h1 class=\"wp-block-heading\">a) Responsabilit\u00e0: una virt\u00f9 dimenticata<\/h1>\n\n\n\n<p>La responsabilit\u00e0 consiste nel rispondere correttamente agli obblighi che abbiamo davanti a Dio, agli altri e alla nostra stessa coscienza.<\/p>\n\n\n\n<p>Non dipende semplicemente da ci\u00f2 che \u201cio sento\u201d o \u201cio penso\u201d. La verit\u00e0 morale non cambia secondo le emozioni.<\/p>\n\n\n\n<p>Viviamo in una cultura profondamente sentimentalista. Molte persone credono che qualcosa sia buono semplicemente perch\u00e9 le fa stare bene. Ma il bene non dipende dagli stati emotivi.<\/p>\n\n\n\n<p>La verit\u00e0 \u00e8 oggettiva.<\/p>\n\n\n\n<p>Il bene esiste anche quando non mi piace.<\/p>\n\n\n\n<p>Il male resta male anche se milioni di persone lo approvano.<\/p>\n\n\n\n<p>Per questo la responsabilit\u00e0 richiede maturit\u00e0. Significa accettare che non siamo il centro dell\u2019universo e che le nostre decisioni hanno conseguenze reali.<\/p>\n\n\n\n<p>Il cristianesimo non infantilizza l\u2019essere umano. Lo chiama a crescere.<\/p>\n\n\n\n<p>San Paolo scrive:<\/p>\n\n\n\n<blockquote class=\"wp-block-quote is-layout-flow wp-block-quote-is-layout-flow\">\n<p>\u00abQuando ero bambino, parlavo da bambino\u2026 ma, divenuto uomo, ho eliminato ci\u00f2 che \u00e8 da bambino.\u00bb<br>\u2014 1 Corinzi 13,11<\/p>\n<\/blockquote>\n\n\n\n<p>Una societ\u00e0 immatura cerca il piacere immediato e fugge dal dovere. Una societ\u00e0 matura comprende che la vera libert\u00e0 richiede sacrificio, disciplina e verit\u00e0.<\/p>\n\n\n\n<hr class=\"wp-block-separator has-alpha-channel-opacity\"\/>\n\n\n\n<h1 class=\"wp-block-heading\">La crisi attuale della responsabilit\u00e0<\/h1>\n\n\n\n<p>Oggi viviamo una profonda crisi della responsabilit\u00e0 a diversi livelli:<\/p>\n\n\n\n<h2 class=\"wp-block-heading\">1. Responsabilit\u00e0 personale<\/h2>\n\n\n\n<p>Molti hanno smesso di governare la propria vita. Vivono reagendo agli impulsi, alle emozioni e ai desideri passeggeri.<\/p>\n\n\n\n<p>Si accusa tutto tranne il peccato personale.<\/p>\n\n\n\n<h2 class=\"wp-block-heading\">2. Responsabilit\u00e0 familiare<\/h2>\n\n\n\n<p>Genitori emotivamente assenti.<\/p>\n\n\n\n<p>Figli cresciuti senza limiti.<\/p>\n\n\n\n<p>Matrimoni distrutti dall\u2019egoismo.<\/p>\n\n\n\n<p>La famiglia soffre quando scompare il senso del dovere.<\/p>\n\n\n\n<h2 class=\"wp-block-heading\">3. Responsabilit\u00e0 politica e sociale<\/h2>\n\n\n\n<p>Leader che cercano la popolarit\u00e0 invece della verit\u00e0.<\/p>\n\n\n\n<p>Media che manipolano le emozioni.<\/p>\n\n\n\n<p>Istituzioni incapaci di proteggere il bene comune.<\/p>\n\n\n\n<h2 class=\"wp-block-heading\">4. Responsabilit\u00e0 spirituale<\/h2>\n\n\n\n<p>Forse la peggiore crisi di tutte.<\/p>\n\n\n\n<p>Molte persone hanno smesso di sentirsi responsabili della propria anima. Vivono come se Dio non esistesse e come se non dovessero mai rendere conto.<\/p>\n\n\n\n<p>Ma Cristo ha avvertito chiaramente:<\/p>\n\n\n\n<blockquote class=\"wp-block-quote is-layout-flow wp-block-quote-is-layout-flow\">\n<p>\u00abNel giorno del giudizio gli uomini renderanno conto di ogni parola vana che avranno detto.\u00bb<br>\u2014 Matteo 12,36<\/p>\n<\/blockquote>\n\n\n\n<hr class=\"wp-block-separator has-alpha-channel-opacity\"\/>\n\n\n\n<h1 class=\"wp-block-heading\">b) Responsabilit\u00e0 personale: ogni anima risponder\u00e0 per se stessa<\/h1>\n\n\n\n<p>Esiste una responsabilit\u00e0 che nessuno pu\u00f2 assumere al nostro posto: la responsabilit\u00e0 personale.<\/p>\n\n\n\n<p>Ognuno deve rispondere delle proprie azioni.<\/p>\n\n\n\n<p>Questo sembra evidente, eppure oggi questa verit\u00e0 viene continuamente diluita. Viviamo circondati da influenze collettive cos\u00ec forti che molti finiscono per credere di non essere veramente responsabili di ci\u00f2 che fanno.<\/p>\n\n\n\n<p>\u201cLo fanno tutti.\u201d<\/p>\n\n\n\n<p>\u201c\u00c8 normale.\u201d<\/p>\n\n\n\n<p>\u201cLa societ\u00e0 \u00e8 cambiata.\u201d<\/p>\n\n\n\n<p>\u201cOgnuno ha la sua verit\u00e0.\u201d<\/p>\n\n\n\n<p>Ma il Vangelo non parla mai cos\u00ec.<\/p>\n\n\n\n<p>La coscienza umana resta personale.<\/p>\n\n\n\n<p>Ogni uomo e ogni donna compariranno individualmente davanti a Dio.<\/p>\n\n\n\n<hr class=\"wp-block-separator has-alpha-channel-opacity\"\/>\n\n\n\n<h1 class=\"wp-block-heading\">La responsabilit\u00e0 colpevole<\/h1>\n\n\n\n<p>La responsabilit\u00e0 personale pu\u00f2 essere colpevole quando esistono negligenza, comodit\u00e0, omissione o pigrizia morale.<\/p>\n\n\n\n<p>Non pecchiamo soltanto facendo il male.<\/p>\n\n\n\n<p>Pecchiamo anche omettendo di fare il bene.<\/p>\n\n\n\n<p>Questa \u00e8 una delle grandi verit\u00e0 spirituali dimenticate del nostro tempo.<\/p>\n\n\n\n<p>Molti credono che basti \u201cnon fare male a nessuno\u201d. Ma il Vangelo esige molto di pi\u00f9.<\/p>\n\n\n\n<p>Il peccato di omissione appare con forza nel Giudizio finale:<\/p>\n\n\n\n<blockquote class=\"wp-block-quote is-layout-flow wp-block-quote-is-layout-flow\">\n<p>\u00abAvevo fame e non mi avete dato da mangiare.\u00bb<br>\u2014 Matteo 25,42<\/p>\n<\/blockquote>\n\n\n\n<p>Non furono condannati per aver rubato.<\/p>\n\n\n\n<p>N\u00e9 per aver ucciso.<\/p>\n\n\n\n<p>Ma per non aver amato.<\/p>\n\n\n\n<p>Per non aver agito.<\/p>\n\n\n\n<p>Per non aver risposto.<\/p>\n\n\n\n<hr class=\"wp-block-separator has-alpha-channel-opacity\"\/>\n\n\n\n<h1 class=\"wp-block-heading\">La responsabilit\u00e0 incolpevole<\/h1>\n\n\n\n<p>La Chiesa insegna anche qualcosa di profondamente umano ed equilibrato: non tutte le responsabilit\u00e0 comportano lo stesso grado di colpa.<\/p>\n\n\n\n<p>La piena libert\u00e0 pu\u00f2 mancare a causa di ignoranza invincibile, grave paura, costrizione, malattia o condizionamenti psicologici.<\/p>\n\n\n\n<p>La morale cattolica non \u00e8 mai stata semplicistica.<\/p>\n\n\n\n<p>Dio conosce perfettamente il cuore umano.<\/p>\n\n\n\n<p>Giudica non soltanto le azioni esteriori, ma anche l\u2019intenzione, la libert\u00e0 e le circostanze.<\/p>\n\n\n\n<p>Tuttavia, questa verit\u00e0 non deve mai diventare una scusa per relativizzare il peccato.<\/p>\n\n\n\n<p>Oggi esiste una tendenza pericolosa a trasformare ogni colpa in trauma e ogni responsabilit\u00e0 in vittimismo.<\/p>\n\n\n\n<p>Il Vangelo guarisce le ferite, s\u00ec, ma chiama anche alla conversione.<\/p>\n\n\n\n<hr class=\"wp-block-separator has-alpha-channel-opacity\"\/>\n\n\n\n<h1 class=\"wp-block-heading\">Il pericolo di vivere secondo \u201cci\u00f2 che diranno gli altri\u201d<\/h1>\n\n\n\n<p>Uno dei pi\u00f9 grandi nemici della responsabilit\u00e0 \u00e8 la schiavit\u00f9 dell\u2019opinione pubblica.<\/p>\n\n\n\n<p>Molte persone sanno ci\u00f2 che \u00e8 giusto, ma non lo fanno per paura del rifiuto.<\/p>\n\n\n\n<p>Il cristiano \u00e8 chiamato a vivere secondo la verit\u00e0, non secondo gli applausi.<\/p>\n\n\n\n<p>I martiri non sono morti per la popolarit\u00e0.<\/p>\n\n\n\n<p>I santi non hanno cambiato la verit\u00e0 per piacere al mondo.<\/p>\n\n\n\n<p>Cristo stesso fu rifiutato proprio perch\u00e9 diceva la verit\u00e0.<\/p>\n\n\n\n<p>Oggi bisogna recuperare il coraggio morale.<\/p>\n\n\n\n<p>Educare i figli nella fede.<\/p>\n\n\n\n<p>Difendere la dignit\u00e0 umana.<\/p>\n\n\n\n<p>Parlare con verit\u00e0.<\/p>\n\n\n\n<p>Non partecipare alle ingiustizie anche quando sono legali o popolari.<\/p>\n\n\n\n<hr class=\"wp-block-separator has-alpha-channel-opacity\"\/>\n\n\n\n<h1 class=\"wp-block-heading\">c) Responsabilit\u00e0 comune: tutti costruiamo o distruggiamo la societ\u00e0<\/h1>\n\n\n\n<p>La fede cattolica non ha mai insegnato un individualismo egoista. L\u2019uomo non vive isolato.<\/p>\n\n\n\n<p>Siamo anche responsabili del bene comune.<\/p>\n\n\n\n<p>La Dottrina Sociale della Chiesa insiste continuamente su questa realt\u00e0: ogni societ\u00e0 sana ha bisogno di cittadini responsabili.<\/p>\n\n\n\n<p>Il bene comune non nasce spontaneamente.<\/p>\n\n\n\n<p>Deve essere costruito.<\/p>\n\n\n\n<p>Un ospedale, una scuola, un sistema giudiziario giusto o una convivenza pacifica esistono solo quando milioni di persone compiono doveri concreti.<\/p>\n\n\n\n<p>La responsabilit\u00e0 comune significa comprendere che le mie azioni influenzano gli altri.<\/p>\n\n\n\n<hr class=\"wp-block-separator has-alpha-channel-opacity\"\/>\n\n\n\n<h1 class=\"wp-block-heading\">Il peccato sociale<\/h1>\n\n\n\n<p>Sebbene il peccato sia sempre personale, esistono anche strutture di peccato.<\/p>\n\n\n\n<p>Interi sistemi possono normalizzare l\u2019ingiustizia.<\/p>\n\n\n\n<p>San Giovanni Paolo II parl\u00f2 ripetutamente di queste strutture sociali che favoriscono il male:<\/p>\n\n\n\n<ul class=\"wp-block-list\">\n<li>corruzione;<\/li>\n\n\n\n<li>manipolazione mediatica;<\/li>\n\n\n\n<li>sfruttamento economico;<\/li>\n\n\n\n<li>cultura della morte;<\/li>\n\n\n\n<li>banalizzazione sessuale;<\/li>\n\n\n\n<li>ideologie antiumane.<\/li>\n<\/ul>\n\n\n\n<p>Quando una societ\u00e0 smette di distinguere il bene dal male, diventa moralmente malata.<\/p>\n\n\n\n<hr class=\"wp-block-separator has-alpha-channel-opacity\"\/>\n\n\n\n<h1 class=\"wp-block-heading\">I responsabili del bene comune<\/h1>\n\n\n\n<p>Coloro che possiedono autorit\u00e0 portano una responsabilit\u00e0 ancora maggiore.<\/p>\n\n\n\n<p>Governi.<\/p>\n\n\n\n<p>Giudici.<\/p>\n\n\n\n<p>Polizia.<\/p>\n\n\n\n<p>Insegnanti.<\/p>\n\n\n\n<p>Giornalisti.<\/p>\n\n\n\n<p>Sacerdoti.<\/p>\n\n\n\n<p>Genitori.<\/p>\n\n\n\n<p>Tutti influenzano profondamente la vita degli altri.<\/p>\n\n\n\n<p>Per questo Cristo fu particolarmente severo con coloro che scandalizzano:<\/p>\n\n\n\n<blockquote class=\"wp-block-quote is-layout-flow wp-block-quote-is-layout-flow\">\n<p>\u00abChi scandalizzer\u00e0 uno di questi piccoli\u2026 sarebbe meglio per lui che gli fosse appesa al collo una macina da mulino.\u00bb<br>\u2014 Matteo 18,6<\/p>\n<\/blockquote>\n\n\n\n<p>Lo scandalo non significa semplicemente \u201cfare qualcosa di scioccante\u201d. In teologia morale, scandalizzare significa indurre un\u2019altra persona al peccato.<\/p>\n\n\n\n<p>E oggi lo scandalo \u00e8 quasi diventato un\u2019industria culturale.<\/p>\n\n\n\n<p>Serie televisive.<\/p>\n\n\n\n<p>Pubblicit\u00e0.<\/p>\n\n\n\n<p>Influencer.<\/p>\n\n\n\n<p>Musica.<\/p>\n\n\n\n<p>Politica.<\/p>\n\n\n\n<p>Tutto sembra spingere continuamente verso la banalizzazione del male.<\/p>\n\n\n\n<hr class=\"wp-block-separator has-alpha-channel-opacity\"\/>\n\n\n\n<h1 class=\"wp-block-heading\">d) Cooperazione al male: quando non compiamo direttamente il male\u2026 ma aiutiamo a farlo accadere<\/h1>\n\n\n\n<p>Questo \u00e8 uno dei temi pi\u00f9 importanti e meno compresi della morale cattolica contemporanea.<\/p>\n\n\n\n<p>Molte persone pensano:<\/p>\n\n\n\n<p>\u201cIo non ho fatto nulla di male.\u201d<\/p>\n\n\n\n<p>Ma la domanda morale \u00e8 anche:<\/p>\n\n\n\n<p>\u201cHai aiutato qualcun altro a farlo?\u201d<\/p>\n\n\n\n<hr class=\"wp-block-separator has-alpha-channel-opacity\"\/>\n\n\n\n<h1 class=\"wp-block-heading\">Cooperazione formale al male<\/h1>\n\n\n\n<p>Esiste quando una persona collabora volontariamente al peccato altrui condividendone l\u2019intenzione.<\/p>\n\n\n\n<p>Qui la responsabilit\u00e0 morale \u00e8 grave.<\/p>\n\n\n\n<p>Esempi attuali potrebbero essere:<\/p>\n\n\n\n<ul class=\"wp-block-list\">\n<li>promuovere consapevolmente un\u2019ingiustizia;<\/li>\n\n\n\n<li>facilitare attivamente un aborto;<\/li>\n\n\n\n<li>manipolare informazioni per distruggere reputazioni;<\/li>\n\n\n\n<li>partecipare deliberatamente alla corruzione;<\/li>\n\n\n\n<li>diffondere menzogne sapendo che sono false.<\/li>\n<\/ul>\n\n\n\n<p>La cooperazione formale implica adesione interiore al male.<\/p>\n\n\n\n<hr class=\"wp-block-separator has-alpha-channel-opacity\"\/>\n\n\n\n<h1 class=\"wp-block-heading\">Cooperazione materiale al male<\/h1>\n\n\n\n<p>Si verifica quando esiste una certa collaborazione esterna, ma senza condividere l\u2019intenzione peccaminosa.<\/p>\n\n\n\n<p>La teologia morale ha studiato profondamente queste situazioni perch\u00e9 la vita moderna presenta casi complessi.<\/p>\n\n\n\n<p>Per esempio:<\/p>\n\n\n\n<ul class=\"wp-block-list\">\n<li>lavori con dilemmi etici;<\/li>\n\n\n\n<li>sistemi economici ingiusti;<\/li>\n\n\n\n<li>pressioni lavorative;<\/li>\n\n\n\n<li>contesti politici ambigui.<\/li>\n<\/ul>\n\n\n\n<p>In questi casi bisogna analizzare attentamente:<\/p>\n\n\n\n<ul class=\"wp-block-list\">\n<li>il grado di cooperazione;<\/li>\n\n\n\n<li>la vicinanza al male;<\/li>\n\n\n\n<li>la reale libert\u00e0;<\/li>\n\n\n\n<li>le possibili alternative;<\/li>\n\n\n\n<li>lo scandalo causato.<\/li>\n<\/ul>\n\n\n\n<p>La coscienza cristiana non pu\u00f2 essere comoda n\u00e9 superficiale.<\/p>\n\n\n\n<hr class=\"wp-block-separator has-alpha-channel-opacity\"\/>\n\n\n\n<h1 class=\"wp-block-heading\">Il grande problema moderno: \u201cStavo solo eseguendo ordini\u201d<\/h1>\n\n\n\n<p>La storia dimostra il terribile pericolo di rinunciare alla responsabilit\u00e0 morale personale.<\/p>\n\n\n\n<p>Molti dei peggiori crimini del XX secolo furono commessi da persone che stavano semplicemente obbedendo a sistemi.<\/p>\n\n\n\n<p>La coscienza non pu\u00f2 mai essere completamente messa a tacere.<\/p>\n\n\n\n<p>Il cristiano non pu\u00f2 giustificare qualsiasi azione dicendo:<\/p>\n\n\n\n<p>\u201cLo fanno tutti.\u201d<\/p>\n\n\n\n<p>\u201c\u00c8 legale.\u201d<\/p>\n\n\n\n<p>\u201c\u00c8 il mio lavoro.\u201d<\/p>\n\n\n\n<p>La legge umana non coincide sempre con la legge morale.<\/p>\n\n\n\n<hr class=\"wp-block-separator has-alpha-channel-opacity\"\/>\n\n\n\n<h1 class=\"wp-block-heading\">e) Soggettivismo: quando l\u2019uomo diventa il proprio dio<\/h1>\n\n\n\n<p>Arriviamo forse al cuore stesso della crisi moderna.<\/p>\n\n\n\n<p>Il soggettivismo afferma praticamente che il bene e il male dipendono da ci\u00f2 che ogni persona pensa o sente.<\/p>\n\n\n\n<p>\u201cPer te forse \u00e8 sbagliato.\u201d<\/p>\n\n\n\n<p>\u201cLa mia verit\u00e0.\u201d<\/p>\n\n\n\n<p>\u201cL\u2019importante \u00e8 che io mi senta in pace.\u201d<\/p>\n\n\n\n<p>\u201cFinch\u00e9 non faccio male a nessuno\u2026\u201d<\/p>\n\n\n\n<p>Ma questa mentalit\u00e0 distrugge la morale oggettiva.<\/p>\n\n\n\n<p>La fede cattolica insegna qualcosa di completamente diverso:<\/p>\n\n\n\n<h2 class=\"wp-block-heading\">1. Le cose sono ci\u00f2 che sono<\/h2>\n\n\n\n<p>La verit\u00e0 non cambia secondo le opinioni.<\/p>\n\n\n\n<p>L\u2019omicidio non diventa buono perch\u00e9 qualcuno lo approva.<\/p>\n\n\n\n<p>La menzogna non smette di essere menzogna perch\u00e9 \u00e8 utile.<\/p>\n\n\n\n<p>L\u2019adulterio non smette di distruggere perch\u00e9 la societ\u00e0 lo normalizza.<\/p>\n\n\n\n<hr class=\"wp-block-separator has-alpha-channel-opacity\"\/>\n\n\n\n<h2 class=\"wp-block-heading\">2. La mia opinione conta comunque<\/h2>\n\n\n\n<p>La coscienza umana possiede una dignit\u00e0 immensa.<\/p>\n\n\n\n<p>La Chiesa non ha mai insegnato un\u2019obbedienza cieca e irrazionale.<\/p>\n\n\n\n<p>La persona deve formare la propria coscienza.<\/p>\n\n\n\n<p>Deve riflettere.<\/p>\n\n\n\n<p>Deve cercare sinceramente la verit\u00e0.<\/p>\n\n\n\n<hr class=\"wp-block-separator has-alpha-channel-opacity\"\/>\n\n\n\n<h2 class=\"wp-block-heading\">3. La realt\u00e0 \u00e8 pi\u00f9 importante della mia opinione<\/h2>\n\n\n\n<p>Qui si trova l\u2019equilibrio cattolico.<\/p>\n\n\n\n<p>La coscienza non crea la verit\u00e0.<\/p>\n\n\n\n<p>La scopre.<\/p>\n\n\n\n<p>L\u2019uomo non inventa il bene e il male.<\/p>\n\n\n\n<p>Li riconosce.<\/p>\n\n\n\n<p>Perci\u00f2 una coscienza mal formata pu\u00f2 commettere gravi errori.<\/p>\n\n\n\n<hr class=\"wp-block-separator has-alpha-channel-opacity\"\/>\n\n\n\n<h1 class=\"wp-block-heading\">Il soggettivismo e la cultura moderna<\/h1>\n\n\n\n<p>Oggi il soggettivismo permea quasi tutto:<\/p>\n\n\n\n<ul class=\"wp-block-list\">\n<li>morale sessuale;<\/li>\n\n\n\n<li>politica;<\/li>\n\n\n\n<li>educazione;<\/li>\n\n\n\n<li>relazioni umane;<\/li>\n\n\n\n<li>social network;<\/li>\n\n\n\n<li>identit\u00e0 personale.<\/li>\n<\/ul>\n\n\n\n<p>L\u2019emozione ha sostituito la verit\u00e0.<\/p>\n\n\n\n<p>Ma una societ\u00e0 senza verit\u00e0 finisce per crollare.<\/p>\n\n\n\n<p>Perch\u00e9 se ogni individuo decide arbitrariamente ci\u00f2 che \u00e8 bene o male, scompare ogni fondamento morale comune.<\/p>\n\n\n\n<p>E allora arriva il caos.<\/p>\n\n\n\n<hr class=\"wp-block-separator has-alpha-channel-opacity\"\/>\n\n\n\n<h1 class=\"wp-block-heading\">Cristo: la risposta definitiva al relativismo<\/h1>\n\n\n\n<p>Ges\u00f9 non disse mai:<\/p>\n\n\n\n<p>\u201cIo ho una verit\u00e0.\u201d<\/p>\n\n\n\n<p>Disse:<\/p>\n\n\n\n<blockquote class=\"wp-block-quote is-layout-flow wp-block-quote-is-layout-flow\">\n<p>\u00abIo sono la via, la verit\u00e0 e la vita.\u00bb<br>\u2014 Giovanni 14,6<\/p>\n<\/blockquote>\n\n\n\n<p>Cristo non \u00e8 semplicemente un\u2019altra opinione spirituale.<\/p>\n\n\n\n<p>\u00c8 la Verit\u00e0 incarnata.<\/p>\n\n\n\n<p>Ed \u00e8 solo attraverso di Lui che la libert\u00e0 umana pu\u00f2 essere compresa correttamente.<\/p>\n\n\n\n<p>La libert\u00e0 non consiste nel fare qualsiasi cosa.<\/p>\n\n\n\n<p>Consiste nel poter scegliere il bene.<\/p>\n\n\n\n<hr class=\"wp-block-separator has-alpha-channel-opacity\"\/>\n\n\n\n<h1 class=\"wp-block-heading\">Responsabilit\u00e0 e santit\u00e0: il cammino dimenticato<\/h1>\n\n\n\n<p>Molti immaginano la santit\u00e0 come qualcosa di straordinario riservato ai monasteri o ai grandi mistici.<\/p>\n\n\n\n<p>Ma gran parte della santit\u00e0 quotidiana consiste semplicemente nell\u2019essere responsabili.<\/p>\n\n\n\n<p>Compiere il proprio dovere.<\/p>\n\n\n\n<p>Essere onesti.<\/p>\n\n\n\n<p>Prendersi cura della famiglia.<\/p>\n\n\n\n<p>Lavorare bene.<\/p>\n\n\n\n<p>Dire la verit\u00e0.<\/p>\n\n\n\n<p>Accettare le conseguenze.<\/p>\n\n\n\n<p>Chiedere perdono.<\/p>\n\n\n\n<p>Correggersi.<\/p>\n\n\n\n<p>Ricominciare.<\/p>\n\n\n\n<p>I santi erano profondamente responsabili perch\u00e9 comprendevano che tutta la vita era una risposta a Dio.<\/p>\n\n\n\n<hr class=\"wp-block-separator has-alpha-channel-opacity\"\/>\n\n\n\n<h1 class=\"wp-block-heading\">Come vivere oggi una vera responsabilit\u00e0 cristiana<\/h1>\n\n\n\n<h2 class=\"wp-block-heading\">1. Formare la coscienza<\/h2>\n\n\n\n<p>Non basta semplicemente sentire.<\/p>\n\n\n\n<p>Bisogna studiare la fede.<\/p>\n\n\n\n<p>Leggere il Vangelo.<\/p>\n\n\n\n<p>Conoscere il Catechismo.<\/p>\n\n\n\n<p>Cercare una guida spirituale.<\/p>\n\n\n\n<h2 class=\"wp-block-heading\">2. Recuperare il senso del dovere<\/h2>\n\n\n\n<p>Non tutto dipende dalle emozioni.<\/p>\n\n\n\n<p>Ci sono cose che devono essere fatte anche quando sono difficili.<\/p>\n\n\n\n<h2 class=\"wp-block-heading\">3. Assumere i propri errori senza scuse<\/h2>\n\n\n\n<p>L\u2019umilt\u00e0 comincia quando smettiamo di giustificare continuamente i nostri peccati.<\/p>\n\n\n\n<h2 class=\"wp-block-heading\">4. Pensare al bene comune<\/h2>\n\n\n\n<p>Il cristiano non vive soltanto per s\u00e9 stesso.<\/p>\n\n\n\n<h2 class=\"wp-block-heading\">5. Esaminare la nostra cooperazione al male<\/h2>\n\n\n\n<p>Che cosa promuoviamo?<\/p>\n\n\n\n<p>Che cosa consumiamo?<\/p>\n\n\n\n<p>Che cosa diffondiamo?<\/p>\n\n\n\n<p>Che cosa sosteniamo economicamente?<\/p>\n\n\n\n<h2 class=\"wp-block-heading\">6. Rifiutare il soggettivismo<\/h2>\n\n\n\n<p>La verit\u00e0 non nasce dalle mie preferenze.<\/p>\n\n\n\n<p>Devo conformare la mia vita alla verit\u00e0 di Dio.<\/p>\n\n\n\n<hr class=\"wp-block-separator has-alpha-channel-opacity\"\/>\n\n\n\n<h1 class=\"wp-block-heading\">La responsabilit\u00e0 come cammino verso la vera libert\u00e0<\/h1>\n\n\n\n<p>Paradossalmente, l\u2019uomo moderno crede che la responsabilit\u00e0 limiti la libert\u00e0. Ma \u00e8 esattamente il contrario.<\/p>\n\n\n\n<p>L\u2019irresponsabilit\u00e0 rende schiavi.<\/p>\n\n\n\n<p>Il peccato rende schiavi.<\/p>\n\n\n\n<p>La menzogna rende schiavi.<\/p>\n\n\n\n<p>La superficialit\u00e0 rende schiavi.<\/p>\n\n\n\n<p>Solo chi impara a rispondere davanti a Dio raggiunge la vera libert\u00e0 interiore.<\/p>\n\n\n\n<p>Perch\u00e9 la responsabilit\u00e0 fa maturare l\u2019anima.<\/p>\n\n\n\n<p>La rende forte.<\/p>\n\n\n\n<p>La rende affidabile.<\/p>\n\n\n\n<p>La rende capace di amare veramente.<\/p>\n\n\n\n<hr class=\"wp-block-separator has-alpha-channel-opacity\"\/>\n\n\n\n<h1 class=\"wp-block-heading\">Conclusione: Dio ci chieder\u00e0 conto\u2026 ma ci dar\u00e0 anche la sua grazia<\/h1>\n\n\n\n<p>La responsabilit\u00e0 cristiana non deve essere vissuta con un\u2019angoscia nevrotica, ma con speranza e seriet\u00e0.<\/p>\n\n\n\n<p>S\u00ec, un giorno risponderemo davanti a Dio.<\/p>\n\n\n\n<p>Ma \u00e8 altrettanto vero che Dio non abbandona mai l\u2019uomo in questo compito.<\/p>\n\n\n\n<p>La grazia esiste.<\/p>\n\n\n\n<p>La misericordia esiste.<\/p>\n\n\n\n<p>La conversione \u00e8 sempre possibile.<\/p>\n\n\n\n<p>Il problema non \u00e8 essere caduti.<\/p>\n\n\n\n<p>Il problema \u00e8 rifiutarsi di rispondere.<\/p>\n\n\n\n<p>Forse la grande tragedia del mondo moderno non \u00e8 semplicemente il peccato, ma aver smesso di chiamare il peccato con il suo nome.<\/p>\n\n\n\n<p>E quando scompare la responsabilit\u00e0, scompare anche la possibilit\u00e0 della conversione.<\/p>\n\n\n\n<p>Per questo oggi pi\u00f9 che mai abbiamo bisogno di uomini e donne capaci di vivere con coscienza retta, coraggio morale e fedelt\u00e0 alla verit\u00e0.<\/p>\n\n\n\n<p>Persone che non si nascondano dietro le scuse.<\/p>\n\n\n\n<p>Persone che comprendano che ogni libert\u00e0 \u00e8 allo stesso tempo un dono\u2026 e una missione.<\/p>\n\n\n\n<p>Perch\u00e9 alla fine della nostra vita non ci verr\u00e0 chiesto quanto successo abbiamo avuto, quanti follower abbiamo accumulato o quanta approvazione sociale abbiamo ricevuto.<\/p>\n\n\n\n<p>Ci verr\u00e0 chiesto qualcosa di molto pi\u00f9 profondo:<\/p>\n\n\n\n<p><strong>Che cosa hai fatto della libert\u00e0 che Dio ti ha affidato?<\/strong><\/p>\n","protected":false},"excerpt":{"rendered":"<p>Viviamo in un\u2019epoca strana. Mai prima d\u2019ora ci sono state cos\u00ec tante informazioni, cos\u00ec tanti diritti proclamati, cos\u00ec tante opinioni che circolano ogni secondo\u2026 eppure raramente l\u2019essere umano ha avuto cos\u00ec tante difficolt\u00e0 ad assumersi le proprie responsabilit\u00e0. Si d\u00e0 la colpa al sistema, all\u2019educazione, alla politica, all\u2019economia, all\u2019infanzia, ai social network o persino alla &hellip;<\/p>\n","protected":false},"author":3,"featured_media":5888,"comment_status":"closed","ping_status":"closed","sticky":false,"template":"","format":"standard","meta":{"_seopress_robots_primary_cat":"","_seopress_titles_title":"","_seopress_titles_desc":"","_seopress_robots_index":"","footnotes":""},"categories":[39,57],"tags":[2063],"class_list":["post-5887","post","type-post","status-publish","format-standard","has-post-thumbnail","","category-morale-e-vita-cristiana","category-virtu-cristiane","tag-responsabilita"],"_links":{"self":[{"href":"https:\/\/catholicus.eu\/it\/wp-json\/wp\/v2\/posts\/5887","targetHints":{"allow":["GET"]}}],"collection":[{"href":"https:\/\/catholicus.eu\/it\/wp-json\/wp\/v2\/posts"}],"about":[{"href":"https:\/\/catholicus.eu\/it\/wp-json\/wp\/v2\/types\/post"}],"author":[{"embeddable":true,"href":"https:\/\/catholicus.eu\/it\/wp-json\/wp\/v2\/users\/3"}],"replies":[{"embeddable":true,"href":"https:\/\/catholicus.eu\/it\/wp-json\/wp\/v2\/comments?post=5887"}],"version-history":[{"count":1,"href":"https:\/\/catholicus.eu\/it\/wp-json\/wp\/v2\/posts\/5887\/revisions"}],"predecessor-version":[{"id":5889,"href":"https:\/\/catholicus.eu\/it\/wp-json\/wp\/v2\/posts\/5887\/revisions\/5889"}],"wp:featuredmedia":[{"embeddable":true,"href":"https:\/\/catholicus.eu\/it\/wp-json\/wp\/v2\/media\/5888"}],"wp:attachment":[{"href":"https:\/\/catholicus.eu\/it\/wp-json\/wp\/v2\/media?parent=5887"}],"wp:term":[{"taxonomy":"category","embeddable":true,"href":"https:\/\/catholicus.eu\/it\/wp-json\/wp\/v2\/categories?post=5887"},{"taxonomy":"post_tag","embeddable":true,"href":"https:\/\/catholicus.eu\/it\/wp-json\/wp\/v2\/tags?post=5887"}],"curies":[{"name":"wp","href":"https:\/\/api.w.org\/{rel}","templated":true}]}}