{"id":5863,"date":"2026-04-29T22:00:35","date_gmt":"2026-04-29T20:00:35","guid":{"rendered":"https:\/\/catholicus.eu\/it\/?p=5863"},"modified":"2026-04-29T22:00:35","modified_gmt":"2026-04-29T20:00:35","slug":"sul-nono-articolo-del-credo-credo-la-santa-chiesa-cattolica-la-comunione-dei-santi","status":"publish","type":"post","link":"https:\/\/catholicus.eu\/it\/sul-nono-articolo-del-credo-credo-la-santa-chiesa-cattolica-la-comunione-dei-santi\/","title":{"rendered":"Sul Nono Articolo del Credo: \u201cCredo la Santa Chiesa Cattolica, la Comunione dei Santi\u201d"},"content":{"rendered":"\n<p>Quando recitiamo il Credo nella Santa Messa, spesso pronunciamo le sue parole con familiarit\u00e0, quasi a memoria, senza fermarci a contemplare l\u2019immensa ricchezza che contengono. Eppure, ogni articolo del Credo racchiude un oceano di verit\u00e0, di grazia e di vita spirituale.<\/p>\n\n\n\n<p>Uno dei pi\u00f9 profondi e anche dei pi\u00f9 fraintesi del nostro tempo \u00e8 il nono articolo:<\/p>\n\n\n\n<p><strong>\u201cCredo la Santa Chiesa Cattolica, la Comunione dei Santi.\u201d<\/strong><\/p>\n\n\n\n<p>Viviamo in un\u2019epoca in cui molti dicono: \u201cIo credo in Dio, ma non nella Chiesa\u201d, oppure addirittura: \u201cNon ho bisogno della Chiesa per salvarmi.\u201d Questa mentalit\u00e0, cos\u00ec diffusa oggi, rivela una grave perdita del senso del soprannaturale.<\/p>\n\n\n\n<p>Cristo non \u00e8 venuto soltanto per lasciare una dottrina, n\u00e9 semplicemente un insieme di valori morali. Cristo \u00e8 venuto a fondare una Chiesa. Non ha lasciato un libro come unica guida; ha lasciato una societ\u00e0 visibile, una famiglia soprannaturale, una Sposa santa, un\u2019arca sicura in mezzo al diluvio del mondo.<\/p>\n\n\n\n<p>Parlare della Chiesa non significa parlare di un\u2019altra istituzione umana. Significa parlare del Corpo Mistico di Cristo.<\/p>\n\n\n\n<p>E comprendere questo cambia completamente la vita cristiana.<\/p>\n\n\n\n<hr class=\"wp-block-separator has-alpha-channel-opacity\"\/>\n\n\n\n<h1 class=\"wp-block-heading\">1. Che cosa ci insegna questo articolo del Credo?<\/h1>\n\n\n\n<p>Il nono articolo ci insegna che Ges\u00f9 Cristo ha fondato sulla terra una societ\u00e0 visibile chiamata Chiesa Cattolica, e che tutti coloro che fanno parte di questa Chiesa sono uniti tra loro in una vera comunione spirituale.<\/p>\n\n\n\n<p>Non si tratta di un\u2019idea astratta n\u00e9 di un semplice sentimento religioso.<\/p>\n\n\n\n<p>La Chiesa \u00e8 reale.<\/p>\n\n\n\n<p>Visibile.<\/p>\n\n\n\n<p>Concreta.<\/p>\n\n\n\n<p>Ha dottrina, sacramenti, gerarchia, autorit\u00e0 e missione.<\/p>\n\n\n\n<p>Non \u00e8 una \u201cchiesa invisibile\u201d formata soltanto da coloro che \u201csentono Dio nel cuore\u201d, come sostengono alcuni errori moderni. Nostro Signore ha voluto una Chiesa visibile, riconoscibile, identificabile.<\/p>\n\n\n\n<p>Cos\u00ec come il Verbo si \u00e8 fatto carne ed \u00e8 stato visibile tra noi, anche la Sua Chiesa ha una dimensione visibile e concreta.<\/p>\n\n\n\n<p>Cristo non ha fondato molte chiese.<\/p>\n\n\n\n<p>Ne ha fondata una sola.<\/p>\n\n\n\n<p>E questa Chiesa sussiste nella Chiesa Cattolica.<\/p>\n\n\n\n<hr class=\"wp-block-separator has-alpha-channel-opacity\"\/>\n\n\n\n<h1 class=\"wp-block-heading\">2. Perch\u00e9 dopo lo Spirito Santo si parla immediatamente della Chiesa?<\/h1>\n\n\n\n<p>Non \u00e8 un caso.<\/p>\n\n\n\n<p>Dopo aver professato la nostra fede nello Spirito Santo, confessiamo immediatamente la nostra fede nella Chiesa.<\/p>\n\n\n\n<p>Perch\u00e9?<\/p>\n\n\n\n<p>Perch\u00e9 tutta la santit\u00e0 della Chiesa deriva dallo Spirito Santo.<\/p>\n\n\n\n<p>Egli \u00e8 l\u2019anima divina che d\u00e0 vita alla Chiesa.<\/p>\n\n\n\n<p>Egli santifica.<\/p>\n\n\n\n<p>Egli illumina.<\/p>\n\n\n\n<p>Egli fortifica.<\/p>\n\n\n\n<p>Egli conserva la verit\u00e0.<\/p>\n\n\n\n<p>Egli sostiene i martiri.<\/p>\n\n\n\n<p>Egli ispira i santi.<\/p>\n\n\n\n<p>Egli agisce nei sacramenti.<\/p>\n\n\n\n<p>Egli protegge la Chiesa dal cadere nell\u2019errore quando insegna solennemente la fede.<\/p>\n\n\n\n<p>Senza lo Spirito Santo, la Chiesa sarebbe semplicemente un\u2019organizzazione umana.<\/p>\n\n\n\n<p>Con Lui, \u00e8 uno strumento di salvezza eterna.<\/p>\n\n\n\n<p>Per questo non si pu\u00f2 amare veramente lo Spirito Santo e disprezzare la Chiesa.<\/p>\n\n\n\n<p>Sarebbe una contraddizione.<\/p>\n\n\n\n<hr class=\"wp-block-separator has-alpha-channel-opacity\"\/>\n\n\n\n<h1 class=\"wp-block-heading\">3. Che cosa significa la parola Chiesa?<\/h1>\n\n\n\n<p>La parola \u201cChiesa\u201d significa convocazione, riunione, assemblea.<\/p>\n\n\n\n<p>Cio\u00e8: Dio chiama.<\/p>\n\n\n\n<p>Dio convoca.<\/p>\n\n\n\n<p>Dio raduna.<\/p>\n\n\n\n<p>Non siamo cristiani per caso.<\/p>\n\n\n\n<p>Non siamo nella Chiesa per accidente.<\/p>\n\n\n\n<p>Siamo stati chiamati da una grazia particolare.<\/p>\n\n\n\n<p>Dio ci ha tratti dalle tenebre per introdurci nel Suo Regno.<\/p>\n\n\n\n<p>Ci ha dato la luce della fede.<\/p>\n\n\n\n<p>Ci ha concesso il Battesimo.<\/p>\n\n\n\n<p>Ci ha aperto il cammino della vita eterna.<\/p>\n\n\n\n<p>Essere cattolici non \u00e8 un\u2019abitudine culturale.<\/p>\n\n\n\n<p>\u00c8 una vocazione soprannaturale.<\/p>\n\n\n\n<p>\u00c8 una scelta divina.<\/p>\n\n\n\n<p>E questo dovrebbe riempirci di una profonda gratitudine.<\/p>\n\n\n\n<hr class=\"wp-block-separator has-alpha-channel-opacity\"\/>\n\n\n\n<h1 class=\"wp-block-heading\">4. Le tre parti della Chiesa<\/h1>\n\n\n\n<p>Molti pensano che la Chiesa sia formata soltanto da coloro che si trovano ora sulla terra.<\/p>\n\n\n\n<p>Ma la Chiesa \u00e8 molto pi\u00f9 grande.<\/p>\n\n\n\n<p>Molto pi\u00f9 grande.<\/p>\n\n\n\n<p>I suoi membri si trovano in tre stati:<\/p>\n\n\n\n<h2 class=\"wp-block-heading\">La Chiesa trionfante<\/h2>\n\n\n\n<p>Sono i santi che sono gi\u00e0 in Cielo, contemplando Dio faccia a faccia.<\/p>\n\n\n\n<p>Hanno vinto.<\/p>\n\n\n\n<p>Hanno raggiunto la meta.<\/p>\n\n\n\n<p>Sono i nostri fratelli e sorelle glorificati.<\/p>\n\n\n\n<p>Non sono assenti.<\/p>\n\n\n\n<p>Sono pi\u00f9 vivi di noi.<\/p>\n\n\n\n<h2 class=\"wp-block-heading\">La Chiesa purgante<\/h2>\n\n\n\n<p>Sono le anime del Purgatorio.<\/p>\n\n\n\n<p>Sono morte nella grazia di Dio, ma hanno ancora bisogno di purificazione prima di entrare nella visione beatifica.<\/p>\n\n\n\n<p>Soffrono.<\/p>\n\n\n\n<p>Aspettano.<\/p>\n\n\n\n<p>Amano.<\/p>\n\n\n\n<p>E hanno bisogno del nostro aiuto.<\/p>\n\n\n\n<h2 class=\"wp-block-heading\">La Chiesa militante<\/h2>\n\n\n\n<p>Siamo noi, coloro che sono ancora pellegrini sulla terra.<\/p>\n\n\n\n<p>Qui combattiamo.<\/p>\n\n\n\n<p>Lottiamo.<\/p>\n\n\n\n<p>Cadiamo.<\/p>\n\n\n\n<p>Ci rialziamo.<\/p>\n\n\n\n<p>Perseveriamo.<\/p>\n\n\n\n<p>Siamo soldati nella battaglia spirituale.<\/p>\n\n\n\n<p>Per questo si chiama militante.<\/p>\n\n\n\n<p>Non turistica.<\/p>\n\n\n\n<p>Non spettatrice.<\/p>\n\n\n\n<p>Militante.<\/p>\n\n\n\n<hr class=\"wp-block-separator has-alpha-channel-opacity\"\/>\n\n\n\n<h1 class=\"wp-block-heading\">5. Una sola Chiesa, un solo Corpo<\/h1>\n\n\n\n<p>Queste tre parti non formano chiese separate.<\/p>\n\n\n\n<p>Formano una sola Chiesa.<\/p>\n\n\n\n<p>Un solo Corpo.<\/p>\n\n\n\n<p>Una sola famiglia.<\/p>\n\n\n\n<p>Una sola comunione.<\/p>\n\n\n\n<p>Abbiamo una stessa Testa: Ges\u00f9 Cristo.<\/p>\n\n\n\n<p>Uno stesso Spirito: lo Spirito Santo.<\/p>\n\n\n\n<p>Uno stesso fine: la beatitudine eterna.<\/p>\n\n\n\n<p>Coloro che sono in Cielo la possiedono gi\u00e0.<\/p>\n\n\n\n<p>Coloro che sono in Purgatorio la attendono.<\/p>\n\n\n\n<p>Noi la cerchiamo.<\/p>\n\n\n\n<p>Ma tutti appartengono allo stesso mistero della salvezza.<\/p>\n\n\n\n<p>Questa verit\u00e0 distrugge l\u2019individualismo moderno.<\/p>\n\n\n\n<p>Nessuno si salva da solo.<\/p>\n\n\n\n<p>Nessuno cammina da solo.<\/p>\n\n\n\n<p>La vita cristiana \u00e8 sempre comunione.<\/p>\n\n\n\n<hr class=\"wp-block-separator has-alpha-channel-opacity\"\/>\n\n\n\n<h1 class=\"wp-block-heading\">6. Che cos\u2019\u00e8 la Chiesa Cattolica?<\/h1>\n\n\n\n<p>La Chiesa Cattolica \u00e8 la congregazione di tutti i battezzati che:<\/p>\n\n\n\n<ul class=\"wp-block-list\">\n<li>professano la stessa fede di Cristo<\/li>\n\n\n\n<li>partecipano agli stessi sacramenti<\/li>\n\n\n\n<li>obbediscono ai Pastori legittimi<\/li>\n\n\n\n<li>riconoscono specialmente il Romano Pontefice, il Papa<\/li>\n<\/ul>\n\n\n\n<p>Qui appare qualcosa di fondamentale: non basta dire \u201cio seguo Ges\u00f9\u201d.<\/p>\n\n\n\n<p>Cristo ha voluto mediazioni concrete.<\/p>\n\n\n\n<p>Sacramenti concreti.<\/p>\n\n\n\n<p>Autorit\u00e0 concreta.<\/p>\n\n\n\n<p>Pastori concreti.<\/p>\n\n\n\n<p>E una testa visibile concreta: il Papa.<\/p>\n\n\n\n<p>Separare Cristo dalla Sua Chiesa significa mutilare il Vangelo.<\/p>\n\n\n\n<hr class=\"wp-block-separator has-alpha-channel-opacity\"\/>\n\n\n\n<h1 class=\"wp-block-heading\">7. Le quattro note della vera Chiesa<\/h1>\n\n\n\n<p>Come distinguere la vera Chiesa tra tante comunit\u00e0 cristiane?<\/p>\n\n\n\n<p>Per quattro segni infallibili:<\/p>\n\n\n\n<h2 class=\"wp-block-heading\">Una<\/h2>\n\n\n\n<p>C\u2019\u00e8 una sola fede.<\/p>\n\n\n\n<p>Un solo Battesimo.<\/p>\n\n\n\n<p>Un solo Signore.<\/p>\n\n\n\n<p>Una sola testa visibile.<\/p>\n\n\n\n<p>L\u2019unit\u00e0 non \u00e8 facoltativa.<\/p>\n\n\n\n<p>\u00c8 costitutiva.<\/p>\n\n\n\n<p>Cristo non ha fondato una confederazione di opinioni.<\/p>\n\n\n\n<p>Ha fondato una sola Chiesa.<\/p>\n\n\n\n<h2 class=\"wp-block-heading\">Santa<\/h2>\n\n\n\n<p>La sua Testa invisibile \u00e8 Cristo.<\/p>\n\n\n\n<p>La sua dottrina \u00e8 santa.<\/p>\n\n\n\n<p>I suoi sacramenti sono santi.<\/p>\n\n\n\n<p>La sua legge conduce alla santit\u00e0.<\/p>\n\n\n\n<p>Anche se vi sono peccatori al suo interno \u2014 e ci sono \u2014 la Chiesa rimane santa perch\u00e9 la sua santit\u00e0 viene da Dio, non dalla perfezione umana dei suoi membri.<\/p>\n\n\n\n<h2 class=\"wp-block-heading\">Cattolica<\/h2>\n\n\n\n<p>\u201cCattolica\u201d significa universale.<\/p>\n\n\n\n<p>Per tutti.<\/p>\n\n\n\n<p>Di tutti i tempi.<\/p>\n\n\n\n<p>Di tutti i popoli.<\/p>\n\n\n\n<p>Di tutte le condizioni.<\/p>\n\n\n\n<p>La Chiesa non appartiene a una cultura n\u00e9 a una nazione.<\/p>\n\n\n\n<p>Appartiene a Cristo.<\/p>\n\n\n\n<h2 class=\"wp-block-heading\">Apostolica<\/h2>\n\n\n\n<p>Perch\u00e9 viene dagli Apostoli.<\/p>\n\n\n\n<p>Perch\u00e9 conserva la loro stessa fede.<\/p>\n\n\n\n<p>Perch\u00e9 continua la loro stessa missione.<\/p>\n\n\n\n<p>Perch\u00e9 \u00e8 governata dai loro legittimi successori: il Papa e i Vescovi.<\/p>\n\n\n\n<p>E proprio per queste quattro note \u00e8 chiamata anche Romana, perch\u00e9 queste note si trovano pienamente nella Chiesa unita al Vescovo di Roma.<\/p>\n\n\n\n<hr class=\"wp-block-separator has-alpha-channel-opacity\"\/>\n\n\n\n<h1 class=\"wp-block-heading\">8. Il Papa: principio visibile di unit\u00e0<\/h1>\n\n\n\n<p>Nei tempi di confusione dottrinale, questa verit\u00e0 diventa particolarmente importante.<\/p>\n\n\n\n<p>Il Papa non \u00e8 semplicemente un amministratore religioso.<\/p>\n\n\n\n<p>\u00c8 il successore di San Pietro.<\/p>\n\n\n\n<p>Vicario di Cristo.<\/p>\n\n\n\n<p>Pastore universale.<\/p>\n\n\n\n<p>Capo visibile della Chiesa.<\/p>\n\n\n\n<p>Cristo disse:<\/p>\n\n\n\n<p><strong>\u201cTu sei Pietro, e su questa pietra edificher\u00f2 la Mia Chiesa.\u201d<\/strong><\/p>\n\n\n\n<p>Non disse: \u201csulle opinioni personali\u201d.<\/p>\n\n\n\n<p>Non disse: \u201csui consensi umani\u201d.<\/p>\n\n\n\n<p>Disse: su Pietro.<\/p>\n\n\n\n<p>Il Papato non \u00e8 un\u2019invenzione storica.<\/p>\n\n\n\n<p>\u00c8 un\u2019istituzione divina.<\/p>\n\n\n\n<p>E il suo fine non \u00e8 politico, ma soprannaturale: custodire l\u2019unit\u00e0 e la verit\u00e0.<\/p>\n\n\n\n<hr class=\"wp-block-separator has-alpha-channel-opacity\"\/>\n\n\n\n<h1 class=\"wp-block-heading\">9. L\u2019infallibilit\u00e0 della Chiesa e del Papa<\/h1>\n\n\n\n<p>Oggi questo insegnamento \u00e8 spesso frainteso.<\/p>\n\n\n\n<p>L\u2019infallibilit\u00e0 non significa impeccabilit\u00e0.<\/p>\n\n\n\n<p>Il Papa pu\u00f2 peccare come uomo.<\/p>\n\n\n\n<p>Pu\u00f2 soffrire.<\/p>\n\n\n\n<p>Pu\u00f2 sbagliare in questioni prudenziali.<\/p>\n\n\n\n<p>Ma quando definisce solennemente una dottrina di fede o di morale per tutta la Chiesa, non pu\u00f2 errare.<\/p>\n\n\n\n<p>Perch\u00e9?<\/p>\n\n\n\n<p>Perch\u00e9 Cristo lo ha promesso.<\/p>\n\n\n\n<p>Perch\u00e9 lo Spirito Santo assiste la Sua Chiesa.<\/p>\n\n\n\n<p>Perch\u00e9 la verit\u00e0 rivelata non pu\u00f2 essere abbandonata alla confusione umana.<\/p>\n\n\n\n<p>Senza questa garanzia divina, la fede sarebbe lasciata in bal\u00eca delle opinioni mutevoli.<\/p>\n\n\n\n<p>Con essa, abbiamo certezza.<\/p>\n\n\n\n<p>Non seguiamo le mode.<\/p>\n\n\n\n<p>Seguiamo la verit\u00e0.<\/p>\n\n\n\n<hr class=\"wp-block-separator has-alpha-channel-opacity\"\/>\n\n\n\n<h1 class=\"wp-block-heading\">10. Non basta appartenere: bisogna vivere<\/h1>\n\n\n\n<p>Qui appare un insegnamento molto duro ma necessario.<\/p>\n\n\n\n<p>Non basta \u201cessere cattolici\u201d.<\/p>\n\n\n\n<p>Non basta essere battezzati.<\/p>\n\n\n\n<p>Non basta figurare in un registro parrocchiale.<\/p>\n\n\n\n<p>Ci sono membri vivi e membri morti.<\/p>\n\n\n\n<h2 class=\"wp-block-heading\">Membri vivi<\/h2>\n\n\n\n<p>Sono coloro che sono nella grazia di Dio.<\/p>\n\n\n\n<p>I giusti.<\/p>\n\n\n\n<p>Coloro che vivono soprannaturalmente uniti a Cristo.<\/p>\n\n\n\n<h2 class=\"wp-block-heading\">Membri morti<\/h2>\n\n\n\n<p>Sono coloro che si trovano in peccato mortale.<\/p>\n\n\n\n<p>Appartengono esteriormente alla Chiesa, ma interiormente sono spiritualmente morti.<\/p>\n\n\n\n<p>Questo \u00e8 profondamente attuale.<\/p>\n\n\n\n<p>Molti vogliono un cattolicesimo senza conversione.<\/p>\n\n\n\n<p>Una fede senza Croce.<\/p>\n\n\n\n<p>Una religione senza pentimento.<\/p>\n\n\n\n<p>Ma non esiste.<\/p>\n\n\n\n<p>Non basta dire: \u201cIo sono cattolico.\u201d<\/p>\n\n\n\n<p>Bisogna vivere da cattolico.<\/p>\n\n\n\n<hr class=\"wp-block-separator has-alpha-channel-opacity\"\/>\n\n\n\n<h1 class=\"wp-block-heading\">11. Fuori della Chiesa non c\u2019\u00e8 salvezza<\/h1>\n\n\n\n<p>Questa frase scandalizza la mentalit\u00e0 moderna, ma deve essere compresa correttamente.<\/p>\n\n\n\n<p>Significa che tutta la salvezza viene da Cristo e dalla Sua Chiesa.<\/p>\n\n\n\n<p>Non c\u2019\u00e8 un altro Salvatore.<\/p>\n\n\n\n<p>Non c\u2019\u00e8 un\u2019altra via.<\/p>\n\n\n\n<p>Non c\u2019\u00e8 un\u2019altra Arca.<\/p>\n\n\n\n<p>Cos\u00ec come fuori dall\u2019Arca di No\u00e8 non vi fu salvezza dal diluvio, fuori della Chiesa non c\u2019\u00e8 salvezza eterna.<\/p>\n\n\n\n<p>Tuttavia, la Chiesa insegna anche che chi, senza colpa propria, non conosce pienamente la verit\u00e0 cattolica, ma cerca sinceramente Dio e compie la Sua volont\u00e0 secondo una coscienza retta e ben formata, pu\u00f2 essere unito all\u2019anima della Chiesa e camminare verso la salvezza per la grazia di Cristo.<\/p>\n\n\n\n<p>Questo non relativizza la missione.<\/p>\n\n\n\n<p>La rafforza.<\/p>\n\n\n\n<p>Perch\u00e9 se la pienezza si trova nella Chiesa Cattolica, l\u2019evangelizzazione rimane un\u2019urgenza di carit\u00e0.<\/p>\n\n\n\n<hr class=\"wp-block-separator has-alpha-channel-opacity\"\/>\n\n\n\n<h1 class=\"wp-block-heading\">12. La Comunione dei Santi<\/h1>\n\n\n\n<p>Qui entriamo in una delle verit\u00e0 pi\u00f9 belle del cristianesimo.<\/p>\n\n\n\n<p>Nulla di buono rimane isolato.<\/p>\n\n\n\n<p>Ogni vero bene si condivide.<\/p>\n\n\n\n<p>Nella Chiesa esiste una comunione soprannaturale di beni spirituali:<\/p>\n\n\n\n<ul class=\"wp-block-list\">\n<li>la grazia<\/li>\n\n\n\n<li>la fede<\/li>\n\n\n\n<li>la speranza<\/li>\n\n\n\n<li>la carit\u00e0<\/li>\n\n\n\n<li>i meriti di Cristo<\/li>\n\n\n\n<li>i meriti della Vergine Maria<\/li>\n\n\n\n<li>le preghiere dei santi<\/li>\n\n\n\n<li>il frutto della Santa Messa<\/li>\n\n\n\n<li>le indulgenze<\/li>\n\n\n\n<li>le buone opere<\/li>\n<\/ul>\n\n\n\n<p>Non camminiamo da soli.<\/p>\n\n\n\n<p>Siamo aiutati.<\/p>\n\n\n\n<p>Sostenuti.<\/p>\n\n\n\n<p>Fortificati.<\/p>\n\n\n\n<p>Quando una madre prega per suo figlio, la comunione dei santi \u00e8 all\u2019opera.<\/p>\n\n\n\n<p>Quando offriamo una Messa per un defunto, la comunione dei santi \u00e8 all\u2019opera.<\/p>\n\n\n\n<p>Quando chiediamo l\u2019intercessione di un santo, la comunione dei santi \u00e8 all\u2019opera.<\/p>\n\n\n\n<p>Quando facciamo penitenza per gli altri, la comunione dei santi \u00e8 all\u2019opera.<\/p>\n\n\n\n<p>La Chiesa non \u00e8 una somma di individui.<\/p>\n\n\n\n<p>\u00c8 un mistero di amore condiviso.<\/p>\n\n\n\n<hr class=\"wp-block-separator has-alpha-channel-opacity\"\/>\n\n\n\n<h1 class=\"wp-block-heading\">13. Amare la Chiesa nei tempi difficili<\/h1>\n\n\n\n<p>Viviamo tempi complessi.<\/p>\n\n\n\n<p>Scandali.<\/p>\n\n\n\n<p>Confusione.<\/p>\n\n\n\n<p>Divisioni.<\/p>\n\n\n\n<p>Ferite.<\/p>\n\n\n\n<p>E molti usano questo come scusa per allontanarsi.<\/p>\n\n\n\n<p>Ma proprio adesso dobbiamo amare di pi\u00f9 la Chiesa.<\/p>\n\n\n\n<p>Non di meno.<\/p>\n\n\n\n<p>Non si abbandona la propria madre perch\u00e9 \u00e8 ferita.<\/p>\n\n\n\n<p>La si ama di pi\u00f9.<\/p>\n\n\n\n<p>Si prega di pi\u00f9.<\/p>\n\n\n\n<p>Si soffre con lei.<\/p>\n\n\n\n<p>Si lavora per la sua gloria.<\/p>\n\n\n\n<p>Ogni cattolico deve considerare un immenso onore appartenere alla Chiesa.<\/p>\n\n\n\n<p>Non come un privilegio di orgoglio, ma come una santa responsabilit\u00e0.<\/p>\n\n\n\n<p>Difenderla.<\/p>\n\n\n\n<p>Servirla.<\/p>\n\n\n\n<p>Conoscerla.<\/p>\n\n\n\n<p>Onorarla.<\/p>\n\n\n\n<p>Rimanere fedeli.<\/p>\n\n\n\n<p>Specialmente quando costa.<\/p>\n\n\n\n<p>\u00c8 l\u00ec che si prova l\u2019amore.<\/p>\n\n\n\n<hr class=\"wp-block-separator has-alpha-channel-opacity\"\/>\n\n\n\n<h1 class=\"wp-block-heading\">Conclusione: credere nella Chiesa significa credere in Cristo che opera oggi<\/h1>\n\n\n\n<p>Dire:<\/p>\n\n\n\n<p><strong>\u201cCredo la Santa Chiesa Cattolica\u201d<\/strong><\/p>\n\n\n\n<p>non significa semplicemente accettare un\u2019istituzione.<\/p>\n\n\n\n<p>Significa credere che Cristo continua ad agire oggi.<\/p>\n\n\n\n<p>Che continua a insegnare.<\/p>\n\n\n\n<p>Che continua a perdonare.<\/p>\n\n\n\n<p>Che continua a nutrire.<\/p>\n\n\n\n<p>Che continua a santificare.<\/p>\n\n\n\n<p>Che continua a salvare.<\/p>\n\n\n\n<p>E dire:<\/p>\n\n\n\n<p><strong>\u201cCredo la Comunione dei Santi\u201d<\/strong><\/p>\n\n\n\n<p>significa affermare che non siamo soli.<\/p>\n\n\n\n<p>Che il Cielo non \u00e8 lontano.<\/p>\n\n\n\n<p>Che i nostri morti nella grazia rimangono uniti a noi.<\/p>\n\n\n\n<p>Che i santi intercedono.<\/p>\n\n\n\n<p>Che le nostre preghiere hanno un peso eterno.<\/p>\n\n\n\n<p>Che la Chiesa attraversa il tempo, la morte e l\u2019eternit\u00e0.<\/p>\n\n\n\n<p>In un\u2019epoca di solitudine, frammentazione e relativismo, questo articolo del Credo \u00e8 una proclamazione di speranza.<\/p>\n\n\n\n<p>Non siamo orfani.<\/p>\n\n\n\n<p>Abbiamo una Madre.<\/p>\n\n\n\n<p>E questa Madre \u00e8 la Chiesa.<\/p>\n\n\n\n<p>Crederlo.<\/p>\n\n\n\n<p>Amarla.<\/p>\n\n\n\n<p>Difenderla.<\/p>\n\n\n\n<p>Vivere in essa.<\/p>\n\n\n\n<p>E morire in essa.<\/p>\n\n\n\n<p>Questa \u00e8 la via sicura verso il Cielo.<\/p>\n","protected":false},"excerpt":{"rendered":"<p>Quando recitiamo il Credo nella Santa Messa, spesso pronunciamo le sue parole con familiarit\u00e0, quasi a memoria, senza fermarci a contemplare l\u2019immensa ricchezza che contengono. Eppure, ogni articolo del Credo racchiude un oceano di verit\u00e0, di grazia e di vita spirituale. Uno dei pi\u00f9 profondi e anche dei pi\u00f9 fraintesi del nostro tempo \u00e8 il &hellip;<\/p>\n","protected":false},"author":3,"featured_media":5864,"comment_status":"closed","ping_status":"closed","sticky":false,"template":"","format":"standard","meta":{"_seopress_robots_primary_cat":"","_seopress_titles_title":"","_seopress_titles_desc":"","_seopress_robots_index":"","footnotes":""},"categories":[43,37],"tags":[2059],"class_list":["post-5863","post","type-post","status-publish","format-standard","has-post-thumbnail","","category-catechismo-della-chiesa-cattolica","category-dottrina-e-fede","tag-credo"],"_links":{"self":[{"href":"https:\/\/catholicus.eu\/it\/wp-json\/wp\/v2\/posts\/5863","targetHints":{"allow":["GET"]}}],"collection":[{"href":"https:\/\/catholicus.eu\/it\/wp-json\/wp\/v2\/posts"}],"about":[{"href":"https:\/\/catholicus.eu\/it\/wp-json\/wp\/v2\/types\/post"}],"author":[{"embeddable":true,"href":"https:\/\/catholicus.eu\/it\/wp-json\/wp\/v2\/users\/3"}],"replies":[{"embeddable":true,"href":"https:\/\/catholicus.eu\/it\/wp-json\/wp\/v2\/comments?post=5863"}],"version-history":[{"count":1,"href":"https:\/\/catholicus.eu\/it\/wp-json\/wp\/v2\/posts\/5863\/revisions"}],"predecessor-version":[{"id":5865,"href":"https:\/\/catholicus.eu\/it\/wp-json\/wp\/v2\/posts\/5863\/revisions\/5865"}],"wp:featuredmedia":[{"embeddable":true,"href":"https:\/\/catholicus.eu\/it\/wp-json\/wp\/v2\/media\/5864"}],"wp:attachment":[{"href":"https:\/\/catholicus.eu\/it\/wp-json\/wp\/v2\/media?parent=5863"}],"wp:term":[{"taxonomy":"category","embeddable":true,"href":"https:\/\/catholicus.eu\/it\/wp-json\/wp\/v2\/categories?post=5863"},{"taxonomy":"post_tag","embeddable":true,"href":"https:\/\/catholicus.eu\/it\/wp-json\/wp\/v2\/tags?post=5863"}],"curies":[{"name":"wp","href":"https:\/\/api.w.org\/{rel}","templated":true}]}}