{"id":5833,"date":"2026-04-29T10:06:01","date_gmt":"2026-04-29T08:06:01","guid":{"rendered":"https:\/\/catholicus.eu\/it\/?p=5833"},"modified":"2026-04-29T10:06:01","modified_gmt":"2026-04-29T08:06:01","slug":"sul-primo-articolo-del-credo-credo-in-dio-padre-onnipotente-creatore-del-cielo-e-della-terra","status":"publish","type":"post","link":"https:\/\/catholicus.eu\/it\/sul-primo-articolo-del-credo-credo-in-dio-padre-onnipotente-creatore-del-cielo-e-della-terra\/","title":{"rendered":"Sul primo articolo del Credo: \u201cCredo in Dio Padre onnipotente, Creatore del cielo e della terra\u201d"},"content":{"rendered":"\n<h2 class=\"wp-block-heading\">Il fondamento di tutta la fede cattolica: chi \u00e8 Dio, chi sei tu e perch\u00e9 esisti<\/h2>\n\n\n\n<p>Esistono verit\u00e0 che non si limitano a essere studiate: sostengono un\u2019intera vita.<\/p>\n\n\n\n<p>Il primo articolo del Credo non \u00e8 semplicemente una frase imparata nell\u2019infanzia o ripetuta meccanicamente durante la Santa Messa. \u00c8 la pietra angolare di ogni visione cattolica del mondo. \u00c8 l\u2019inizio di tutta la teologia, di tutta la vera antropologia, di tutta la morale e di tutta la speranza.<\/p>\n\n\n\n<p><strong>\u201cCredo in Dio Padre onnipotente, Creatore del cielo e della terra.\u201d<\/strong><\/p>\n\n\n\n<p>In queste poche parole, l\u2019ateismo crolla, il materialismo viene corretto, il caos moderno riceve una risposta, il significato della sofferenza viene illuminato e la dignit\u00e0 dell\u2019uomo viene rivelata.<\/p>\n\n\n\n<p>Oggi viviamo in un\u2019epoca in cui molti sanno usare la tecnologia, ma non sanno chi li ha creati. Si parla di progresso, ma si ignora l\u2019origine. Si idolatra la libert\u00e0, ma se ne sconosce lo scopo.<\/p>\n\n\n\n<p>Per questo tornare al Credo non \u00e8 nostalgia: \u00e8 sopravvivenza spirituale.<\/p>\n\n\n\n<hr class=\"wp-block-separator has-alpha-channel-opacity\"\/>\n\n\n\n<h1 class=\"wp-block-heading\">I. \u201cCREDO\u201d: L\u2019ATTO PI\u00d9 RIVOLUZIONARIO IN UN MONDO SCETTICO<\/h1>\n\n\n\n<p>Dire \u201ccredo\u201d non significa \u201cpenso\u201d.<\/p>\n\n\n\n<p>Non \u00e8 un\u2019emozione vaga.<br>Non \u00e8 una preferenza culturale.<br>Non \u00e8 una tradizione ereditata accettata senza riflessione.<\/p>\n\n\n\n<p>Credere, nel senso cattolico, significa aderire con intelligenza e volont\u00e0 alla Verit\u00e0 rivelata da Dio.<\/p>\n\n\n\n<p>La fede non distrugge la ragione: la eleva.<\/p>\n\n\n\n<h2 class=\"wp-block-heading\">Ragione e fede: due ali verso Dio<\/h2>\n\n\n\n<p>Il catechismo tradizionale insegna:<\/p>\n\n\n\n<p><strong>Sappiamo che Dio esiste perch\u00e9 la ragione lo dimostra e la fede lo conferma.<\/strong><\/p>\n\n\n\n<p>Questo \u00e8 cruciale.<\/p>\n\n\n\n<p>La Chiesa non ha mai insegnato una fede irrazionale. Dai Padri della Chiesa fino a San Tommaso d\u2019Aquino, il cristianesimo ha difeso che la creazione stessa grida l\u2019esistenza di un Creatore.<\/p>\n\n\n\n<h2 class=\"wp-block-heading\">Come lo dimostra la ragione?<\/h2>\n\n\n\n<h3 class=\"wp-block-heading\">1. L\u2019ordine dell\u2019universo richiede un\u2019intelligenza ordinatrice<\/h3>\n\n\n\n<p>Non pu\u00f2 esserci progetto senza Progettista.<\/p>\n\n\n\n<h3 class=\"wp-block-heading\">2. Ogni effetto ha una causa<\/h3>\n\n\n\n<p>Nulla pu\u00f2 sorgere assolutamente dal nulla da s\u00e9 stesso.<\/p>\n\n\n\n<h3 class=\"wp-block-heading\">3. La legge morale interiore indica un Legislatore<\/h3>\n\n\n\n<p>La coscienza non \u00e8 un incidente chimico.<\/p>\n\n\n\n<h3 class=\"wp-block-heading\">4. La contingenza del mondo richiede un Essere necessario<\/h3>\n\n\n\n<p>Se tutto dipendesse da qualcos\u2019altro, nulla esisterebbe.<\/p>\n\n\n\n<p>In altre parole:<\/p>\n\n\n\n<p><strong>Non credere in Dio richiede pi\u00f9 fede irrazionale che credere in Lui.<\/strong><\/p>\n\n\n\n<hr class=\"wp-block-separator has-alpha-channel-opacity\"\/>\n\n\n\n<h1 class=\"wp-block-heading\">II. DIO \u00c8 UNO: CONTRO IL POLITEISMO ANTICO E GLI IDOLI MODERNI<\/h1>\n\n\n\n<p>La fede cattolica proclama una verit\u00e0 assoluta:<\/p>\n\n\n\n<h2 class=\"wp-block-heading\">C\u2019\u00e8 un solo Dio.<\/h2>\n\n\n\n<p>Non molti.<br>Non energie impersonali.<br>Non \u201cl\u2019universo\u201d.<br>Non \u201cmadre terra\u201d.<br>Non \u201cla mia verit\u00e0\u201d.<\/p>\n\n\n\n<p>Un solo vero Dio: eterno, infinito, perfetto, puro spirito.<\/p>\n\n\n\n<h2 class=\"wp-block-heading\">I nuovi idoli non sono scomparsi; hanno solo cambiato nome<\/h2>\n\n\n\n<p>Un tempo si adorava Baal.<br>Oggi si adora il denaro.<\/p>\n\n\n\n<p>Un tempo si offriva incenso alle statue.<br>Oggi si sacrifica l\u2019anima al piacere, al potere, all\u2019immagine pubblica e all\u2019ideologia.<\/p>\n\n\n\n<p>L\u2019uomo adora sempre qualcosa.<br>La domanda non \u00e8 se adora, ma che cosa adora.<\/p>\n\n\n\n<p>E quando smette di adorare Dio, finisce per adorare cose inferiori\u2026 perfino s\u00e9 stesso.<\/p>\n\n\n\n<hr class=\"wp-block-separator has-alpha-channel-opacity\"\/>\n\n\n\n<h1 class=\"wp-block-heading\">III. \u201cPADRE\u201d: LA PATERNIT\u00c0 DIVINA CHE D\u00c0 SENSO A TUTTA L\u2019ESISTENZA<\/h1>\n\n\n\n<p>Chiamare Dio Padre non \u00e8 una metafora sentimentale.<\/p>\n\n\n\n<p>\u00c8 una verit\u00e0 profondissima.<\/p>\n\n\n\n<h2 class=\"wp-block-heading\">Dio \u00e8 Padre in tre modi:<\/h2>\n\n\n\n<h3 class=\"wp-block-heading\">1. Padre eterno del Figlio<\/h3>\n\n\n\n<p>Da tutta l\u2019eternit\u00e0, il Padre genera il Figlio.<br>Non creato.<br>Non successivo.<br>Ma consustanziale.<\/p>\n\n\n\n<p>Qui entriamo nel sublime mistero della Santissima Trinit\u00e0.<\/p>\n\n\n\n<h3 class=\"wp-block-heading\">2. Padre di tutta l\u2019umanit\u00e0 per creazione<\/h3>\n\n\n\n<p>Ci ha fatti.<br>Ci conserva.<br>Ci governa.<\/p>\n\n\n\n<p>Non siamo incidenti biologici.<br>Non siamo prodotti del caso.<br>Siamo creature amate da Dio.<\/p>\n\n\n\n<h3 class=\"wp-block-heading\">3. Padre per grazia dei cristiani<\/h3>\n\n\n\n<p>Attraverso il Battesimo siamo figli adottivi.<\/p>\n\n\n\n<p>Questo cambia tutto.<\/p>\n\n\n\n<p>Non preghiamo una forza cosmica.<br>Preghiamo nostro Padre.<\/p>\n\n\n\n<h2 class=\"wp-block-heading\">La crisi moderna della paternit\u00e0 \u00e8 anche spirituale<\/h2>\n\n\n\n<p>Quando la figura del padre viene distrutta nella societ\u00e0, diventa pi\u00f9 difficile comprendere Dio.<br>E quando Dio Padre viene rifiutato, la cultura diventa orfana.<\/p>\n\n\n\n<p>Una civilt\u00e0 senza Padre finisce per smarrirsi.<\/p>\n\n\n\n<hr class=\"wp-block-separator has-alpha-channel-opacity\"\/>\n\n\n\n<h1 class=\"wp-block-heading\">IV. \u201cONNIPOTENTE\u201d: DIO PU\u00d2 TUTTO\u2026 MA NON COME IMMAGINA L\u2019UOMO<\/h1>\n\n\n\n<p>L\u2019onnipotenza divina non significa arbitrariet\u00e0.<\/p>\n\n\n\n<p>Dio pu\u00f2 fare tutto ci\u00f2 che corrisponde alla Sua natura perfetta.<\/p>\n\n\n\n<h2 class=\"wp-block-heading\">Allora perch\u00e9 non pu\u00f2 peccare?<\/h2>\n\n\n\n<p>Perch\u00e9 peccare non \u00e8 potenza.<br>\u00c8 debolezza.<\/p>\n\n\n\n<p>Mentire non perfeziona.<br>Corrompe.<\/p>\n\n\n\n<p>Morire non eleva.<br>Limita.<\/p>\n\n\n\n<p>Dio non pu\u00f2 cessare di essere Dio.<\/p>\n\n\n\n<p>La Sua potenza non consiste nella contraddizione, ma nella perfezione assoluta.<\/p>\n\n\n\n<h2 class=\"wp-block-heading\">Questo ha immense conseguenze spirituali:<\/h2>\n\n\n\n<ul class=\"wp-block-list\">\n<li>Nessun peccato \u00e8 pi\u00f9 grande della Sua misericordia.<\/li>\n\n\n\n<li>Nessun caos supera la Sua provvidenza.<\/li>\n\n\n\n<li>Nessun nemico sconfigge il Suo piano.<\/li>\n<\/ul>\n\n\n\n<p>Il mondo spesso sembra fuori controllo.<br>Ma non \u00e8 fuori dal governo di Dio.<\/p>\n\n\n\n<hr class=\"wp-block-separator has-alpha-channel-opacity\"\/>\n\n\n\n<h1 class=\"wp-block-heading\">V. \u201cCREATORE DEL CIELO E DELLA TERRA\u201d: TUTTO PROVIENE DA DIO<\/h1>\n\n\n\n<h2 class=\"wp-block-heading\">Creare significa fare qualcosa dal nulla.<\/h2>\n\n\n\n<p>Solo Dio crea.<\/p>\n\n\n\n<p>L\u2019uomo trasforma.<br>Dio crea.<\/p>\n\n\n\n<p>Questo distrugge due errori moderni:<\/p>\n\n\n\n<h3 class=\"wp-block-heading\">Materialismo:<\/h3>\n\n\n\n<p>La materia non \u00e8 eterna.<\/p>\n\n\n\n<h3 class=\"wp-block-heading\">Panteismo:<\/h3>\n\n\n\n<p>Dio non \u00e8 l\u2019universo; Dio ha creato l\u2019universo.<\/p>\n\n\n\n<h2 class=\"wp-block-heading\">Il cielo e la terra comprendono:<\/h2>\n\n\n\n<ul class=\"wp-block-list\">\n<li>Gli angeli<\/li>\n\n\n\n<li>La materia<\/li>\n\n\n\n<li>Il tempo<\/li>\n\n\n\n<li>Lo spazio<\/li>\n\n\n\n<li>Le leggi naturali<\/li>\n\n\n\n<li>L\u2019uomo<\/li>\n<\/ul>\n\n\n\n<p>Nulla esiste al di fuori della dipendenza da Lui.<\/p>\n\n\n\n<hr class=\"wp-block-separator has-alpha-channel-opacity\"\/>\n\n\n\n<h1 class=\"wp-block-heading\">VI. LA PROVVIDENZA: DIO NON HA ABBANDONATO LA SUA CREAZIONE<\/h1>\n\n\n\n<p>Dio non \u00e8 un orologiaio assente.<\/p>\n\n\n\n<p>Non ha creato il mondo per poi lasciarlo solo.<\/p>\n\n\n\n<h2 class=\"wp-block-heading\">Dio conserva, governa e permette<\/h2>\n\n\n\n<p>Qui si trova una delle domande pi\u00f9 difficili:<\/p>\n\n\n\n<h3 class=\"wp-block-heading\">Se Dio governa tutto, perch\u00e9 esiste il male?<\/h3>\n\n\n\n<p>L\u2019insegnamento cattolico distingue:<\/p>\n\n\n\n<h3 class=\"wp-block-heading\">Dio vuole il bene<\/h3>\n\n\n\n<h3 class=\"wp-block-heading\">Dio permette alcuni mali per trarne beni maggiori<\/h3>\n\n\n\n<p>L\u2019esempio supremo:<br>La Croce.<\/p>\n\n\n\n<p>Il pi\u00f9 grande crimine della storia (uccidere il Figlio di Dio) fu permesso per compiere la pi\u00f9 grande opera di misericordia (la Redenzione).<\/p>\n\n\n\n<p>Questo non banalizza la sofferenza.<br>Ma afferma che nulla sfugge al potere redentore di Dio.<\/p>\n\n\n\n<hr class=\"wp-block-separator has-alpha-channel-opacity\"\/>\n\n\n\n<h1 class=\"wp-block-heading\">VII. GLI ANGELI: IL MONDO INVISIBILE \u00c8 REALE<\/h1>\n\n\n\n<p>La modernit\u00e0 deride angeli e demoni come simboli psicologici.<\/p>\n\n\n\n<p>La fede cattolica insegna qualcosa di radicalmente diverso:<\/p>\n\n\n\n<h2 class=\"wp-block-heading\">Gli angeli esistono.<\/h2>\n\n\n\n<p>Sono creature:<\/p>\n\n\n\n<ul class=\"wp-block-list\">\n<li>Intelligenti<\/li>\n\n\n\n<li>Spirituali<\/li>\n\n\n\n<li>Libere<\/li>\n<\/ul>\n\n\n\n<p>Sono stati creati per glorificare Dio.<\/p>\n\n\n\n<h2 class=\"wp-block-heading\">La ribellione di Lucifero<\/h2>\n\n\n\n<p>Il peccato angelico fu la superbia:<br><strong>\u201cNon servir\u00f2.\u201d<\/strong><\/p>\n\n\n\n<p>E questa rimane l\u2019essenza di ogni ribellione contro Dio.<\/p>\n\n\n\n<p>Ogni peccato ripete, in miniatura, l\u2019eco di Lucifero.<\/p>\n\n\n\n<hr class=\"wp-block-separator has-alpha-channel-opacity\"\/>\n\n\n\n<h1 class=\"wp-block-heading\">VIII. DEMONI, TENTAZIONE E GUERRA SPIRITUALE<\/h1>\n\n\n\n<p>Parlare del diavolo non \u00e8 fanatismo medievale.<br>\u00c8 dottrina cristiana.<\/p>\n\n\n\n<p>Satana odia l\u2019uomo perch\u00e9 l\u2019uomo \u00e8 chiamato a un posto di gloria che lui ha perduto.<\/p>\n\n\n\n<h2 class=\"wp-block-heading\">Come tenta?<\/h2>\n\n\n\n<ul class=\"wp-block-list\">\n<li>Superbia<\/li>\n\n\n\n<li>Impurit\u00e0<\/li>\n\n\n\n<li>Disperazione<\/li>\n\n\n\n<li>Tiepidezza<\/li>\n\n\n\n<li>Errore dottrinale<\/li>\n<\/ul>\n\n\n\n<h2 class=\"wp-block-heading\">Come si vince?<\/h2>\n\n\n\n<p>Il catechismo lo riassume con sapienza immortale:<\/p>\n\n\n\n<h3 class=\"wp-block-heading\">Vigilanza<\/h3>\n\n\n\n<h3 class=\"wp-block-heading\">Preghiera<\/h3>\n\n\n\n<h3 class=\"wp-block-heading\">Mortificazione<\/h3>\n\n\n\n<p>Non esiste cristianesimo serio senza combattimento spirituale.<\/p>\n\n\n\n<hr class=\"wp-block-separator has-alpha-channel-opacity\"\/>\n\n\n\n<h1 class=\"wp-block-heading\">IX. L\u2019ANGELO CUSTODE: IL TUO COMPAGNO INVISIBILE<\/h1>\n\n\n\n<p>Ogni anima fedele ha un angelo custode.<\/p>\n\n\n\n<p>Non \u00e8 poesia devota.<br>\u00c8 insegnamento costante della Tradizione.<\/p>\n\n\n\n<p>Il tuo angelo:<\/p>\n\n\n\n<ul class=\"wp-block-list\">\n<li>Protegge<\/li>\n\n\n\n<li>Ispira<\/li>\n\n\n\n<li>Avverte<\/li>\n\n\n\n<li>Intercede<\/li>\n<\/ul>\n\n\n\n<h2 class=\"wp-block-heading\">Che tragedia moderna:<\/h2>\n\n\n\n<p>Molti consultano gli oroscopi\u2026 ma ignorano il loro Angelo Custode.<\/p>\n\n\n\n<hr class=\"wp-block-separator has-alpha-channel-opacity\"\/>\n\n\n\n<h1 class=\"wp-block-heading\">X. L\u2019UOMO: IMMAGINE DI DIO, NON PRODOTTO DEL CAOS<\/h1>\n\n\n\n<h2 class=\"wp-block-heading\">Che cos\u2019\u00e8 l\u2019uomo?<\/h2>\n\n\n\n<p>Una creatura razionale composta di corpo e anima.<\/p>\n\n\n\n<p>Qui si risponde alla grande crisi antropologica del nostro tempo.<\/p>\n\n\n\n<p>Non sei soltanto biologia.<br>Non sei soltanto desiderio.<br>Non sei soltanto materia.<\/p>\n\n\n\n<p>Hai un\u2019anima immortale.<\/p>\n\n\n\n<h2 class=\"wp-block-heading\">La dignit\u00e0 umana non dipende da:<\/h2>\n\n\n\n<ul class=\"wp-block-list\">\n<li>Et\u00e0<\/li>\n\n\n\n<li>Utilit\u00e0<\/li>\n\n\n\n<li>Salute<\/li>\n\n\n\n<li>Produttivit\u00e0<\/li>\n<\/ul>\n\n\n\n<p>Dipende dall\u2019essere stato creato a immagine di Dio.<\/p>\n\n\n\n<p>Per questo ogni cultura che nega l\u2019anima finisce per degradare il corpo.<\/p>\n\n\n\n<hr class=\"wp-block-separator has-alpha-channel-opacity\"\/>\n\n\n\n<h1 class=\"wp-block-heading\">XI. IL PECCATO ORIGINALE: LA FERITA CHE SPIEGA IL MONDO<\/h1>\n\n\n\n<p>Senza questa dottrina, il mondo sembra incomprensibile.<\/p>\n\n\n\n<h2 class=\"wp-block-heading\">Perch\u00e9 esistono:<\/h2>\n\n\n\n<ul class=\"wp-block-list\">\n<li>la morte?<\/li>\n\n\n\n<li>la sofferenza?<\/li>\n\n\n\n<li>la concupiscenza?<\/li>\n\n\n\n<li>l\u2019ingiustizia?<\/li>\n\n\n\n<li>l\u2019inclinazione al male?<\/li>\n<\/ul>\n\n\n\n<p>Perch\u00e9 l\u2019uomo \u00e8 caduto.<\/p>\n\n\n\n<p>Adamo non commise un \u201cerrore mitologico\u201d.<br>Commise una reale disobbedienza con reali conseguenze.<\/p>\n\n\n\n<h2 class=\"wp-block-heading\">Il peccato originale spiega:<\/h2>\n\n\n\n<p>Desideriamo il bene\u2026 ma facciamo il male.<br>Cerchiamo l\u2019ordine\u2026 ma produciamo il caos.<\/p>\n\n\n\n<p>L\u2019umanit\u00e0 non \u00e8 semplicemente \u201cdisinformata\u201d.<br>\u00c8 ferita.<\/p>\n\n\n\n<hr class=\"wp-block-separator has-alpha-channel-opacity\"\/>\n\n\n\n<h1 class=\"wp-block-heading\">XII. MARIA IMMACOLATA: L\u2019ECCEZIONE GLORIOSA<\/h1>\n\n\n\n<p>Dove Adamo cadde,<br>Cristo redime.<\/p>\n\n\n\n<p>Dove Eva fu ferita,<br>Maria fu preservata.<\/p>\n\n\n\n<h2 class=\"wp-block-heading\">L\u2019Immacolata Concezione<\/h2>\n\n\n\n<p>Maria fu concepita senza peccato originale per anticipazione dei meriti di Cristo.<\/p>\n\n\n\n<p>Non ebbe bisogno di meno Salvatore.<br>Ricevette la salvezza in modo pi\u00f9 perfetto.<\/p>\n\n\n\n<hr class=\"wp-block-separator has-alpha-channel-opacity\"\/>\n\n\n\n<h1 class=\"wp-block-heading\">XIII. IL MESSIA PROMESSO: LA MISERICORDIA COMINCIA NELLA GENESI<\/h1>\n\n\n\n<p>Dopo la Caduta, Dio non abbandona.<\/p>\n\n\n\n<p>Promette un Redentore.<\/p>\n\n\n\n<p>Da quel momento tutta la storia umana cambia.<\/p>\n\n\n\n<p>Tutto l\u2019Antico Testamento \u00e8 attesa.<br>Il Nuovo \u00e8 compimento.<\/p>\n\n\n\n<p>Cristo non appare improvvisamente.<br>\u00c8 il Messia promesso fin dall\u2019inizio.<\/p>\n\n\n\n<hr class=\"wp-block-separator has-alpha-channel-opacity\"\/>\n\n\n\n<h1 class=\"wp-block-heading\">XIV. PERCH\u00c9 QUESTO ARTICOLO DEL CREDO \u00c8 COS\u00cc URGENTE OGGI?<\/h1>\n\n\n\n<p>Perch\u00e9 il mondo moderno nega precisamente queste verit\u00e0:<\/p>\n\n\n\n<h2 class=\"wp-block-heading\">Nega Dio \u2192 relativismo<\/h2>\n\n\n\n<h2 class=\"wp-block-heading\">Nega il Creatore \u2192 nichilismo<\/h2>\n\n\n\n<h2 class=\"wp-block-heading\">Nega l\u2019anima \u2192 materialismo<\/h2>\n\n\n\n<h2 class=\"wp-block-heading\">Nega il peccato \u2192 corruzione morale<\/h2>\n\n\n\n<h2 class=\"wp-block-heading\">Nega il diavolo \u2192 ingenuit\u00e0 spirituale<\/h2>\n\n\n\n<h2 class=\"wp-block-heading\">Nega il Redentore \u2192 disperazione<\/h2>\n\n\n\n<p>Il Credo non \u00e8 una reliquia:<br>\u00c8 una mappa per la sopravvivenza spirituale.<\/p>\n\n\n\n<hr class=\"wp-block-separator has-alpha-channel-opacity\"\/>\n\n\n\n<h1 class=\"wp-block-heading\">CONCLUSIONE: SAPERE DA DOVE VIENI PER SAPERE DOVE VAI<\/h1>\n\n\n\n<p>Il primo articolo del Credo risponde alle domande pi\u00f9 decisive:<\/p>\n\n\n\n<h2 class=\"wp-block-heading\">Chi ti ha creato?<\/h2>\n\n\n\n<p>Dio.<\/p>\n\n\n\n<h2 class=\"wp-block-heading\">Perch\u00e9 esisti?<\/h2>\n\n\n\n<p>Per conoscerLo, amarLo e servirLo.<\/p>\n\n\n\n<h2 class=\"wp-block-heading\">Perch\u00e9 il mondo \u00e8 ferito?<\/h2>\n\n\n\n<p>A causa del peccato.<\/p>\n\n\n\n<h2 class=\"wp-block-heading\">Sei solo?<\/h2>\n\n\n\n<p>No. Hai provvidenza, grazia, angeli e un Redentore.<\/p>\n\n\n\n<h2 class=\"wp-block-heading\">Qual \u00e8 il tuo destino?<\/h2>\n\n\n\n<p>Il cielo.<\/p>\n\n\n\n<p>Credere in Dio Padre onnipotente non \u00e8 una formula vuota:<br>\u00c8 recuperare la realt\u00e0.<\/p>\n\n\n\n<p>Nei tempi della confusione, tornare al Credo significa tornare a casa.<\/p>\n\n\n\n<p>Perch\u00e9 chi sa di essere stato creato da Dio\u2026<br>vive in modo diverso.<\/p>\n\n\n\n<p>E chi sa di avere un Padre\u2026<br>non \u00e8 mai veramente orfano.<\/p>\n","protected":false},"excerpt":{"rendered":"<p>Il fondamento di tutta la fede cattolica: chi \u00e8 Dio, chi sei tu e perch\u00e9 esisti Esistono verit\u00e0 che non si limitano a essere studiate: sostengono un\u2019intera vita. Il primo articolo del Credo non \u00e8 semplicemente una frase imparata nell\u2019infanzia o ripetuta meccanicamente durante la Santa Messa. \u00c8 la pietra angolare di ogni visione cattolica &hellip;<\/p>\n","protected":false},"author":3,"featured_media":5834,"comment_status":"closed","ping_status":"closed","sticky":false,"template":"","format":"standard","meta":{"_seopress_robots_primary_cat":"","_seopress_titles_title":"","_seopress_titles_desc":"","_seopress_robots_index":"","footnotes":""},"categories":[43,37],"tags":[2059],"class_list":["post-5833","post","type-post","status-publish","format-standard","has-post-thumbnail","","category-catechismo-della-chiesa-cattolica","category-dottrina-e-fede","tag-credo"],"_links":{"self":[{"href":"https:\/\/catholicus.eu\/it\/wp-json\/wp\/v2\/posts\/5833","targetHints":{"allow":["GET"]}}],"collection":[{"href":"https:\/\/catholicus.eu\/it\/wp-json\/wp\/v2\/posts"}],"about":[{"href":"https:\/\/catholicus.eu\/it\/wp-json\/wp\/v2\/types\/post"}],"author":[{"embeddable":true,"href":"https:\/\/catholicus.eu\/it\/wp-json\/wp\/v2\/users\/3"}],"replies":[{"embeddable":true,"href":"https:\/\/catholicus.eu\/it\/wp-json\/wp\/v2\/comments?post=5833"}],"version-history":[{"count":1,"href":"https:\/\/catholicus.eu\/it\/wp-json\/wp\/v2\/posts\/5833\/revisions"}],"predecessor-version":[{"id":5835,"href":"https:\/\/catholicus.eu\/it\/wp-json\/wp\/v2\/posts\/5833\/revisions\/5835"}],"wp:featuredmedia":[{"embeddable":true,"href":"https:\/\/catholicus.eu\/it\/wp-json\/wp\/v2\/media\/5834"}],"wp:attachment":[{"href":"https:\/\/catholicus.eu\/it\/wp-json\/wp\/v2\/media?parent=5833"}],"wp:term":[{"taxonomy":"category","embeddable":true,"href":"https:\/\/catholicus.eu\/it\/wp-json\/wp\/v2\/categories?post=5833"},{"taxonomy":"post_tag","embeddable":true,"href":"https:\/\/catholicus.eu\/it\/wp-json\/wp\/v2\/tags?post=5833"}],"curies":[{"name":"wp","href":"https:\/\/api.w.org\/{rel}","templated":true}]}}