{"id":5821,"date":"2026-04-28T08:52:16","date_gmt":"2026-04-28T06:52:16","guid":{"rendered":"https:\/\/catholicus.eu\/it\/?p=5821"},"modified":"2026-04-28T08:52:17","modified_gmt":"2026-04-28T06:52:17","slug":"la-purificazione-della-santissima-vergine-maria-luce-umilta-e-obbedienza-in-un-mondo-che-ha-bisogno-di-tornare-a-dio","status":"publish","type":"post","link":"https:\/\/catholicus.eu\/it\/la-purificazione-della-santissima-vergine-maria-luce-umilta-e-obbedienza-in-un-mondo-che-ha-bisogno-di-tornare-a-dio\/","title":{"rendered":"La Purificazione della Santissima Vergine Maria: luce, umilt\u00e0 e obbedienza in un mondo che ha bisogno di tornare a Dio"},"content":{"rendered":"\n<p>Ci sono feste liturgiche che, a prima vista, possono sembrare discrete, quasi silenziose. Eppure racchiudono una profondit\u00e0 spirituale immensa. Una di queste \u00e8 la <strong>Purificazione della Santissima Vergine Maria<\/strong>, celebrata il 2 febbraio, conosciuta anche come <strong>Candelora<\/strong>.<\/p>\n\n\n\n<p>Questo mistero, profondamente radicato nella tradizione della Chiesa, non \u00e8 soltanto un ricordo devoto: \u00e8 una vera scuola di vita cristiana. In esso si intrecciano l\u2019umilt\u00e0 di Maria, l\u2019obbedienza alla legge di Dio, il riconoscimento di Cristo come luce del mondo e un appello urgente alla nostra conversione oggi.<\/p>\n\n\n\n<hr class=\"wp-block-separator has-alpha-channel-opacity\"\/>\n\n\n\n<h2 class=\"wp-block-heading\">Un atto semplice\u2026 dal significato eterno<\/h2>\n\n\n\n<p>La festa della Purificazione ricorda il giorno in cui la Vergine Maria sal\u00ec al tempio di Gerusalemme per adempiere due precetti della legge mosaica:<\/p>\n\n\n\n<ol class=\"wp-block-list\">\n<li><strong>La purificazione rituale della madre dopo il parto<\/strong><\/li>\n\n\n\n<li><strong>La presentazione del primogenito a Dio<\/strong><\/li>\n<\/ol>\n\n\n\n<p>Tutto ci\u00f2 era prescritto nell\u2019antica legge data da Dio attraverso Mos\u00e8. Secondo questa legge, ogni donna doveva purificarsi dopo aver partorito e offrire un sacrificio. Inoltre, i figli primogeniti maschi dovevano essere consacrati al Signore.<\/p>\n\n\n\n<p>Ma qui sorge una domanda fondamentale.<\/p>\n\n\n\n<hr class=\"wp-block-separator has-alpha-channel-opacity\"\/>\n\n\n\n<h2 class=\"wp-block-heading\">Maria era obbligata a purificarsi?<\/h2>\n\n\n\n<p>La risposta \u00e8 chiara: <strong>no<\/strong>.<\/p>\n\n\n\n<p>La Vergine Maria aveva concepito per opera dello Spirito Santo ed era rimasta sempre Vergine. Non vi era in lei alcuna macchia, n\u00e9 fisica n\u00e9 spirituale. Non aveva bisogno di purificazione.<\/p>\n\n\n\n<p>E tuttavia, <strong>sale ugualmente al tempio<\/strong>.<\/p>\n\n\n\n<p>Perch\u00e9?<\/p>\n\n\n\n<p>Qui troviamo una delle lezioni pi\u00f9 belle del Vangelo:<br>\ud83d\udc49 <strong>Maria non agisce per obbligo, ma per amore, umilt\u00e0 e obbedienza.<\/strong><\/p>\n\n\n\n<p>In un mondo ossessionato dai diritti, Maria ci insegna il valore del dovere. In una cultura che cerca scuse, ella abbraccia la fedelt\u00e0. In una societ\u00e0 che fugge dall\u2019umiliazione, ella la sceglie liberamente.<\/p>\n\n\n\n<hr class=\"wp-block-separator has-alpha-channel-opacity\"\/>\n\n\n\n<h2 class=\"wp-block-heading\">La povert\u00e0 di Dio: un\u2019offerta di tortore<\/h2>\n\n\n\n<p>Il Vangelo rivela un dettaglio commovente: Maria non offre un agnello, ma <strong>due tortore o due piccoli colombi<\/strong>, il sacrificio consentito ai poveri.<\/p>\n\n\n\n<p>Dio entra nel mondo <strong>senza privilegi umani<\/strong>.<br>Cristo non \u00e8 presentato con grandezza esteriore, ma nella semplicit\u00e0 degli umili.<\/p>\n\n\n\n<p>Questo ci interpella profondamente oggi:<\/p>\n\n\n\n<ul class=\"wp-block-list\">\n<li>Dove cerchiamo Dio?<\/li>\n\n\n\n<li>Nel successo, nel potere, nello spettacolare\u2026 oppure nel piccolo e nel nascosto?<\/li>\n<\/ul>\n\n\n\n<hr class=\"wp-block-separator has-alpha-channel-opacity\"\/>\n\n\n\n<h2 class=\"wp-block-heading\">La Presentazione del Bambino Ges\u00f9: Cristo, luce per il mondo<\/h2>\n\n\n\n<p>Il momento culminante arriva quando il Bambino Ges\u00f9 viene presentato nel tempio. L\u00ec accade qualcosa di straordinario: due anime giuste riconoscono ci\u00f2 che molti non hanno saputo vedere.<\/p>\n\n\n\n<h3 class=\"wp-block-heading\">Simeone: l\u2019attesa compiuta<\/h3>\n\n\n\n<p>Un anziano giusto e pio, colmo di Spirito Santo, prende il Bambino tra le braccia e proclama il celebre cantico:<\/p>\n\n\n\n<blockquote class=\"wp-block-quote is-layout-flow wp-block-quote-is-layout-flow\">\n<p>\u00abOra, o Signore, lascia che il tuo servo vada in pace\u2026\u00bb<\/p>\n<\/blockquote>\n\n\n\n<p>Simeone riconosce in quel Bambino:<\/p>\n\n\n\n<ul class=\"wp-block-list\">\n<li>la <strong>salvezza<\/strong><\/li>\n\n\n\n<li>la <strong>luce per le genti<\/strong><\/li>\n\n\n\n<li>la <strong>gloria di Israele<\/strong><\/li>\n<\/ul>\n\n\n\n<p>Ma annuncia anche la sofferenza:<\/p>\n\n\n\n<ul class=\"wp-block-list\">\n<li>Cristo sar\u00e0 segno di contraddizione<\/li>\n\n\n\n<li>e una spada trafigger\u00e0 l\u2019anima di Maria<\/li>\n<\/ul>\n\n\n\n<p>La Croce \u00e8 gi\u00e0 presente\u2026 anche in questo momento di luce.<\/p>\n\n\n\n<hr class=\"wp-block-separator has-alpha-channel-opacity\"\/>\n\n\n\n<h3 class=\"wp-block-heading\">Anna: la speranza annunciata<\/h3>\n\n\n\n<p>Accanto a Simeone appare una profetessa anziana, Anna, che:<\/p>\n\n\n\n<ul class=\"wp-block-list\">\n<li>rende grazie a Dio<\/li>\n\n\n\n<li>parla del Bambino a tutti coloro che aspettavano la redenzione<\/li>\n<\/ul>\n\n\n\n<p>Ella rappresenta i fedeli che, in mezzo alle tenebre del mondo, <strong>non hanno smesso di sperare in Dio<\/strong>.<\/p>\n\n\n\n<hr class=\"wp-block-separator has-alpha-channel-opacity\"\/>\n\n\n\n<h2 class=\"wp-block-heading\">La Candelora: una processione di luce in mezzo alle tenebre<\/h2>\n\n\n\n<p>Da questo mistero nasce una delle tradizioni pi\u00f9 belle della Chiesa: la <strong>processione delle candele<\/strong>.<\/p>\n\n\n\n<p>Le candele accese simboleggiano qualcosa di profondamente attuale:<\/p>\n\n\n\n<p>\ud83d\udc49 <strong>Cristo \u00e8 la luce che illumina le nostre tenebre<\/strong><\/p>\n\n\n\n<p>In un\u2019epoca segnata da:<\/p>\n\n\n\n<ul class=\"wp-block-list\">\n<li>confusione morale<\/li>\n\n\n\n<li>perdita di senso<\/li>\n\n\n\n<li>crisi di fede<\/li>\n<\/ul>\n\n\n\n<p>la Chiesa ci invita a camminare con una luce nelle mani.<\/p>\n\n\n\n<p>Non \u00e8 un gesto vuoto. \u00c8 una proclamazione:<\/p>\n\n\n\n<ul class=\"wp-block-list\">\n<li>Io credo in Cristo<\/li>\n\n\n\n<li>Voglio che illumini la mia vita<\/li>\n\n\n\n<li>Desidero giungere al tempio eterno<\/li>\n<\/ul>\n\n\n\n<hr class=\"wp-block-separator has-alpha-channel-opacity\"\/>\n\n\n\n<h2 class=\"wp-block-heading\">Tre insegnamenti per la nostra vita (pi\u00f9 necessari che mai)<\/h2>\n\n\n\n<p>Da questo mistero scaturiscono insegnamenti concreti e urgenti:<\/p>\n\n\n\n<h3 class=\"wp-block-heading\">1. Fedelt\u00e0 senza scuse<\/h3>\n\n\n\n<p>Maria compie la legge senza cercare dispense.<\/p>\n\n\n\n<p>Oggi viviamo circondati da giustificazioni:<\/p>\n\n\n\n<ul class=\"wp-block-list\">\n<li>\u00abNon \u00e8 grave\u00bb<\/li>\n\n\n\n<li>\u00abLo fanno tutti\u00bb<\/li>\n\n\n\n<li>\u00abDio capisce\u2026\u00bb<\/li>\n<\/ul>\n\n\n\n<p>Ma il Vangelo non \u00e8 negoziabile.<br>\ud83d\udc49 La santit\u00e0 comincia nelle piccole cose, nella vita quotidiana.<\/p>\n\n\n\n<hr class=\"wp-block-separator has-alpha-channel-opacity\"\/>\n\n\n\n<h3 class=\"wp-block-heading\">2. Vivere offerti a Dio<\/h3>\n\n\n\n<p>Ges\u00f9 viene presentato al Padre. Maria lo offre.<\/p>\n\n\n\n<p>E noi:<\/p>\n\n\n\n<ul class=\"wp-block-list\">\n<li>Ci siamo davvero offerti a Dio?<\/li>\n\n\n\n<li>Oppure viviamo solo per i nostri progetti?<\/li>\n<\/ul>\n\n\n\n<p>La vita cristiana non consiste solo nel credere\u2026<br>\ud83d\udc49 Consiste nell\u2019appartenere a Dio.<\/p>\n\n\n\n<hr class=\"wp-block-separator has-alpha-channel-opacity\"\/>\n\n\n\n<h3 class=\"wp-block-heading\">3. Amare l\u2019umilt\u00e0 e la purificazione interiore<\/h3>\n\n\n\n<p>Maria si sottomette a un rito di cui non ha bisogno.<\/p>\n\n\n\n<p>Noi invece:<\/p>\n\n\n\n<ul class=\"wp-block-list\">\n<li>evitiamo la penitenza<\/li>\n\n\n\n<li>fuggiamo il sacrificio<\/li>\n\n\n\n<li>rifiutiamo la correzione<\/li>\n<\/ul>\n\n\n\n<p>Eppure l\u2019anima ha bisogno di essere purificata:<\/p>\n\n\n\n<ul class=\"wp-block-list\">\n<li>attraverso la confessione<\/li>\n\n\n\n<li>attraverso la preghiera<\/li>\n\n\n\n<li>attraverso il sacrificio offerto<\/li>\n<\/ul>\n\n\n\n<p>\ud83d\udc49 Senza purificazione non c\u2019\u00e8 santit\u00e0.<\/p>\n\n\n\n<hr class=\"wp-block-separator has-alpha-channel-opacity\"\/>\n\n\n\n<h2 class=\"wp-block-heading\">Un invito speciale ai genitori<\/h2>\n\n\n\n<p>La tradizione della Chiesa propone qualcosa di profondamente attuale:<\/p>\n\n\n\n<p>\ud83d\udc49 <strong>Offrire i figli a Dio<\/strong><\/p>\n\n\n\n<p>Non come un gesto simbolico vuoto, ma come un impegno reale:<\/p>\n\n\n\n<ul class=\"wp-block-list\">\n<li>educarli nella fede<\/li>\n\n\n\n<li>insegnare loro a pregare<\/li>\n\n\n\n<li>formare la loro coscienza<\/li>\n\n\n\n<li>proteggere la loro anima<\/li>\n<\/ul>\n\n\n\n<p>In un mondo che vuole formare i bambini senza Dio,<br>i genitori cristiani sono chiamati a essere <strong>i primi evangelizzatori<\/strong>.<\/p>\n\n\n\n<hr class=\"wp-block-separator has-alpha-channel-opacity\"\/>\n\n\n\n<h2 class=\"wp-block-heading\">Camminare verso la luce definitiva<\/h2>\n\n\n\n<p>La processione della Candelora non \u00e8 soltanto un ricordo del passato. \u00c8 un\u2019immagine della nostra vita.<\/p>\n\n\n\n<p>Camminiamo:<\/p>\n\n\n\n<ul class=\"wp-block-list\">\n<li>tra le ombre<\/li>\n\n\n\n<li>con lotte<\/li>\n\n\n\n<li>con incertezze<\/li>\n<\/ul>\n\n\n\n<p>Ma portiamo una luce.<\/p>\n\n\n\n<p>Quella luce \u00e8 Cristo.<br>E Maria cammina con noi.<\/p>\n\n\n\n<p>Se rimaniamo fedeli, umili e offerti a Dio, un giorno quella piccola fiamma diventer\u00e0 visione eterna:<\/p>\n\n\n\n<p>\ud83d\udc49 <strong>entreremo nel tempio della gloria<\/strong><\/p>\n\n\n\n<hr class=\"wp-block-separator has-alpha-channel-opacity\"\/>\n\n\n\n<h2 class=\"wp-block-heading\">Conclusione: tornare all\u2019essenziale<\/h2>\n\n\n\n<p>La Purificazione della Santissima Vergine Maria non \u00e8 una festa \u201cin pi\u00f9\u201d nel calendario. \u00c8 una chiamata radicale:<\/p>\n\n\n\n<ul class=\"wp-block-list\">\n<li>all\u2019umilt\u00e0 in un mondo superbo<\/li>\n\n\n\n<li>all\u2019obbedienza in una cultura ribelle<\/li>\n\n\n\n<li>alla luce in mezzo alle tenebre<\/li>\n<\/ul>\n\n\n\n<p>Maria non aveva bisogno di purificazione\u2026<br>eppure la comp\u00ec per amore.<\/p>\n\n\n\n<p>E qui sta il segreto di ogni autentica vita cristiana:<\/p>\n\n\n\n<p>\ud83d\udc49 <strong>fare la volont\u00e0 di Dio, anche quando non \u00e8 necessario\u2026 ma perch\u00e9 \u00e8 amato.<\/strong><\/p>\n","protected":false},"excerpt":{"rendered":"<p>Ci sono feste liturgiche che, a prima vista, possono sembrare discrete, quasi silenziose. Eppure racchiudono una profondit\u00e0 spirituale immensa. Una di queste \u00e8 la Purificazione della Santissima Vergine Maria, celebrata il 2 febbraio, conosciuta anche come Candelora. Questo mistero, profondamente radicato nella tradizione della Chiesa, non \u00e8 soltanto un ricordo devoto: \u00e8 una vera scuola &hellip;<\/p>\n","protected":false},"author":3,"featured_media":5822,"comment_status":"closed","ping_status":"closed","sticky":false,"template":"","format":"standard","meta":{"_seopress_robots_primary_cat":"","_seopress_titles_title":"","_seopress_titles_desc":"","_seopress_robots_index":"","footnotes":""},"categories":[52,38],"tags":[1811,1981],"class_list":["post-5821","post","type-post","status-publish","format-standard","has-post-thumbnail","","category-liturgia-e-anno-liturgico","category-storia-e-tradizione","tag-candelora","tag-purificazione"],"_links":{"self":[{"href":"https:\/\/catholicus.eu\/it\/wp-json\/wp\/v2\/posts\/5821","targetHints":{"allow":["GET"]}}],"collection":[{"href":"https:\/\/catholicus.eu\/it\/wp-json\/wp\/v2\/posts"}],"about":[{"href":"https:\/\/catholicus.eu\/it\/wp-json\/wp\/v2\/types\/post"}],"author":[{"embeddable":true,"href":"https:\/\/catholicus.eu\/it\/wp-json\/wp\/v2\/users\/3"}],"replies":[{"embeddable":true,"href":"https:\/\/catholicus.eu\/it\/wp-json\/wp\/v2\/comments?post=5821"}],"version-history":[{"count":1,"href":"https:\/\/catholicus.eu\/it\/wp-json\/wp\/v2\/posts\/5821\/revisions"}],"predecessor-version":[{"id":5823,"href":"https:\/\/catholicus.eu\/it\/wp-json\/wp\/v2\/posts\/5821\/revisions\/5823"}],"wp:featuredmedia":[{"embeddable":true,"href":"https:\/\/catholicus.eu\/it\/wp-json\/wp\/v2\/media\/5822"}],"wp:attachment":[{"href":"https:\/\/catholicus.eu\/it\/wp-json\/wp\/v2\/media?parent=5821"}],"wp:term":[{"taxonomy":"category","embeddable":true,"href":"https:\/\/catholicus.eu\/it\/wp-json\/wp\/v2\/categories?post=5821"},{"taxonomy":"post_tag","embeddable":true,"href":"https:\/\/catholicus.eu\/it\/wp-json\/wp\/v2\/tags?post=5821"}],"curies":[{"name":"wp","href":"https:\/\/api.w.org\/{rel}","templated":true}]}}