{"id":5818,"date":"2026-04-27T21:58:08","date_gmt":"2026-04-27T19:58:08","guid":{"rendered":"https:\/\/catholicus.eu\/it\/?p=5818"},"modified":"2026-04-27T21:58:09","modified_gmt":"2026-04-27T19:58:09","slug":"una-vescova-anglicana-che-impartisce-una-benedizione-accanto-alla-tomba-di-san-pietro-ecumenismo-confusione-e-il-dovere-di-custodire-la-fede","status":"publish","type":"post","link":"https:\/\/catholicus.eu\/it\/una-vescova-anglicana-che-impartisce-una-benedizione-accanto-alla-tomba-di-san-pietro-ecumenismo-confusione-e-il-dovere-di-custodire-la-fede\/","title":{"rendered":"Una \u201cvescova\u201d anglicana che impartisce una benedizione accanto alla tomba di San Pietro: ecumenismo, confusione e il dovere di custodire la fede"},"content":{"rendered":"\n<p>Ci sono immagini che valgono pi\u00f9 di mille documenti. E ci sono gesti che, anche se presentati come semplici atti di cortesia o di dialogo, possiedono una forza simbolica cos\u00ec grande da finire per provocare smarrimento, dibattito e una profonda inquietudine tra i fedeli.<\/p>\n\n\n\n<p>\u00c8 precisamente ci\u00f2 che \u00e8 accaduto recentemente a Roma, quando durante un pellegrinaggio ecumenico, la leader anglicana Sarah Mullally \u2014 presentata come \u201cvescova\u201d all\u2019interno della Comunione Anglicana \u2014 \u00e8 apparsa mentre pregava presso le tombe degli Apostoli e, secondo le immagini diffuse, impartiva una benedizione vicino alla tomba di San Pietro, nel cuore stesso del Vaticano.<\/p>\n\n\n\n<p>Per molti si \u00e8 trattato semplicemente di un gesto di cordialit\u00e0 ecumenica.<\/p>\n\n\n\n<p>Per altri, specialmente da una sensibilit\u00e0 cattolica tradizionale, la scena \u00e8 stata profondamente scandalosa.<\/p>\n\n\n\n<p>Non per mancanza di carit\u00e0.<\/p>\n\n\n\n<p>Non per rifiuto personale.<\/p>\n\n\n\n<p>Non per disprezzo verso gli anglicani.<\/p>\n\n\n\n<p>Ma perch\u00e9 la questione non \u00e8 emotiva, bens\u00ec dottrinale.<\/p>\n\n\n\n<p>La domanda non \u00e8 se dobbiamo dialogare.<\/p>\n\n\n\n<p>La domanda \u00e8 se questo dialogo possa essere espresso in una forma che oscuri la verit\u00e0 cattolica.<\/p>\n\n\n\n<p>E quando si tratta della tomba di San Pietro \u2014 il simbolo visibile dell\u2019unit\u00e0 della Chiesa e del primato apostolico \u2014 la prudenza non \u00e8 facoltativa: \u00e8 un obbligo.<\/p>\n\n\n\n<p>Questo episodio ci obbliga a riflettere seriamente sul vero significato dell\u2019ecumenismo, sulla dottrina cattolica riguardo agli ordini anglicani e sul pericolo reale di trasformare i gesti simbolici in fonti di confusione per il popolo fedele.<\/p>\n\n\n\n<p>Perch\u00e9 non ogni gesto gentile edifica.<\/p>\n\n\n\n<p>E non ogni vicinanza visibile aiuta la chiarezza della fede.<\/p>\n\n\n\n<hr class=\"wp-block-separator has-alpha-channel-opacity\"\/>\n\n\n\n<h1 class=\"wp-block-heading\">Chi \u00e8 Sarah Mullally e perch\u00e9 questo gesto ha suscitato tanta polemica?<\/h1>\n\n\n\n<p>Sarah Mullally \u00e8 una delle figure pi\u00f9 rilevanti dell\u2019anglicanesimo contemporaneo. Come alta autorit\u00e0 della Comunione Anglicana, rappresenta una struttura ecclesiale separata da Roma fin dal XVI secolo, quando Enrico VIII ruppe con la Chiesa Cattolica e diede origine allo scisma anglicano.<\/p>\n\n\n\n<p>Quel fatto non fu una semplice differenza amministrativa.<\/p>\n\n\n\n<p>Fu una rottura ecclesiologica, sacramentale e dottrinale di enorme profondit\u00e0.<\/p>\n\n\n\n<p>Da allora, la Chiesa Cattolica ha mantenuto una posizione chiara riguardo alla validit\u00e0 degli ordini anglicani.<\/p>\n\n\n\n<p>Ed \u00e8 qui che si trova il nucleo del problema.<\/p>\n\n\n\n<p>Nel 1896, Papa Leone XIII pubblic\u00f2 la bolla <em>Apostolicae Curae<\/em>, nella quale dichiar\u00f2 solennemente che gli ordini anglicani erano:<\/p>\n\n\n\n<p><strong>\u201cassolutamente nulli e completamente invalidi\u201d<\/strong><\/p>\n\n\n\n<p>Non ambiguamente.<\/p>\n\n\n\n<p>Non parzialmente.<\/p>\n\n\n\n<p>Non \u201cin via di riconoscimento\u201d.<\/p>\n\n\n\n<p>Ma invalidi.<\/p>\n\n\n\n<p>Questo significa che, secondo la dottrina cattolica, il sacerdozio e l\u2019episcopato anglicano non possiedono validit\u00e0 sacramentale nel senso cattolico.<\/p>\n\n\n\n<p>Pertanto, dal punto di vista della fede cattolica, non esiste realmente un \u201cvescovo anglicano\u201d in senso sacramentale.<\/p>\n\n\n\n<p>E ancora meno una \u201cvescova\u201d, dato che la Chiesa Cattolica insegna in modo definitivo di non avere autorit\u00e0 per conferire l\u2019ordinazione sacerdotale alle donne.<\/p>\n\n\n\n<p>Per questo vedere una figura femminile anglicana impartire una benedizione accanto alla tomba di San Pietro solleva inevitabilmente una domanda seria:<\/p>\n\n\n\n<p>Quale messaggio riceve il fedele semplice che osserva quell\u2019immagine?<\/p>\n\n\n\n<p>Perch\u00e9 la teologia pu\u00f2 fare distinzioni.<\/p>\n\n\n\n<p>Ma le immagini catechizzano.<\/p>\n\n\n\n<p>E a volte confondono pi\u00f9 di quanto spieghino.<\/p>\n\n\n\n<hr class=\"wp-block-separator has-alpha-channel-opacity\"\/>\n\n\n\n<h1 class=\"wp-block-heading\">La tomba di San Pietro non \u00e8 un luogo qualunque<\/h1>\n\n\n\n<p>Qui non stiamo parlando di un incontro protocollare in una sala diplomatica.<\/p>\n\n\n\n<p>Non stiamo parlando di una conversazione accademica.<\/p>\n\n\n\n<p>Stiamo parlando della tomba dell\u2019Apostolo Pietro.<\/p>\n\n\n\n<p>Del luogo in cui la tradizione cristiana riconosce il martirio e la sepoltura del primo Papa.<\/p>\n\n\n\n<p>Del cuore simbolico del primato romano.<\/p>\n\n\n\n<p>Del luogo dove milioni di cattolici pellegrinano per rinnovare la loro comunione con la Chiesa fondata sulla roccia apostolica.<\/p>\n\n\n\n<p>San Pietro non rappresenta semplicemente una figura storica.<\/p>\n\n\n\n<p>Rappresenta l\u2019autorit\u00e0 visibile affidata da Cristo:<\/p>\n\n\n\n<p><strong>\u201cTu sei Pietro e su questa pietra edificher\u00f2 la mia Chiesa\u201d<\/strong> (Mt 16,18).<\/p>\n\n\n\n<p>Per questo tutto ci\u00f2 che accade l\u00ec ha un peso immenso.<\/p>\n\n\n\n<p>Non \u00e8 uno spazio neutro.<\/p>\n\n\n\n<p>\u00c8 un luogo profondamente catechetico.<\/p>\n\n\n\n<p>Una benedizione impartita accanto a quella tomba non \u00e8 percepita come un gesto qualsiasi.<\/p>\n\n\n\n<p>Ha un peso dottrinale, anche se non lo si vuole.<\/p>\n\n\n\n<p>Ed \u00e8 precisamente per questo che molti fedeli si sono sentiti turbati.<\/p>\n\n\n\n<p>Perch\u00e9 quando il simbolismo supera la spiegazione ufficiale, la percezione pubblica pu\u00f2 essere devastante.<\/p>\n\n\n\n<hr class=\"wp-block-separator has-alpha-channel-opacity\"\/>\n\n\n\n<h1 class=\"wp-block-heading\">Il problema non \u00e8 il dialogo, ma l\u2019ambiguit\u00e0<\/h1>\n\n\n\n<p>\u00c8 importante dirlo con chiarezza: la Chiesa non rifiuta il dialogo.<\/p>\n\n\n\n<p>Il vero ecumenismo non consiste in ostilit\u00e0, disprezzo o arroganza.<\/p>\n\n\n\n<p>Cristo stesso ha chiesto l\u2019unit\u00e0.<\/p>\n\n\n\n<p>E la Chiesa desidera sinceramente la riconciliazione visibile tra i cristiani.<\/p>\n\n\n\n<p>Ma questa unit\u00e0 non pu\u00f2 essere costruita sulla confusione dottrinale.<\/p>\n\n\n\n<p>L\u2019unit\u00e0 non consiste nel fingere che le differenze non esistano.<\/p>\n\n\n\n<p>La carit\u00e0 non consiste nel silenziare la verit\u00e0.<\/p>\n\n\n\n<p>L\u2019ecumenismo non pu\u00f2 diventare un teatro simbolico in cui tutti sembrano uguali anche quando dottrinalmente non lo sono.<\/p>\n\n\n\n<p>Perch\u00e9 allora non sarebbe pi\u00f9 unit\u00e0.<\/p>\n\n\n\n<p>Sarebbe relativismo liturgico e pastorale.<\/p>\n\n\n\n<p>San Giovanni Paolo II insisteva sul fatto che il vero ecumenismo esige chiarezza dottrinale.<\/p>\n\n\n\n<p>Benedetto XVI ha avvertito ripetutamente contro un falso irenismo che diluisce la verit\u00e0 per evitare tensioni.<\/p>\n\n\n\n<p>E la Tradizione cattolica ha sempre sostenuto che la carit\u00e0 senza verit\u00e0 finisce nel sentimentalismo religioso.<\/p>\n\n\n\n<p>Non si tratta di umiliare nessuno.<\/p>\n\n\n\n<p>Si tratta di non confondere tutti.<\/p>\n\n\n\n<hr class=\"wp-block-separator has-alpha-channel-opacity\"\/>\n\n\n\n<h1 class=\"wp-block-heading\">Apostolicae Curae: un insegnamento che non pu\u00f2 essere ignorato<\/h1>\n\n\n\n<p>Molti oggi sembrano agire come se la dichiarazione di Leone XIII fosse una scomoda reliquia del passato.<\/p>\n\n\n\n<p>Ma non lo \u00e8.<\/p>\n\n\n\n<p><em>Apostolicae Curae<\/em> rimane un riferimento dottrinale fondamentale.<\/p>\n\n\n\n<p>La ragione non era meramente disciplinare.<\/p>\n\n\n\n<p>Leone XIII spieg\u00f2 che il problema riguardava la forma sacramentale e l\u2019intenzione con cui era stato riformato il rito anglicano di ordinazione.<\/p>\n\n\n\n<p>Vale a dire: non era una questione politica.<\/p>\n\n\n\n<p>Era sacramentale.<\/p>\n\n\n\n<p>Per questo la Chiesa concluse che la successione apostolica valida era stata interrotta.<\/p>\n\n\n\n<p>Senza successione apostolica valida, non esiste un sacerdozio sacramentale valido.<\/p>\n\n\n\n<p>Senza sacerdozio valido, non esiste un\u2019Eucaristia valida nel senso cattolico.<\/p>\n\n\n\n<p>E senza questa realt\u00e0, non si pu\u00f2 parlare di equivalenza sacramentale.<\/p>\n\n\n\n<p>Questo punto non \u00e8 un\u2019opinione tradizionalista estrema.<\/p>\n\n\n\n<p>\u00c8 dottrina cattolica formale.<\/p>\n\n\n\n<p>Per questo molti fedeli sentono che certi gesti pubblici sembrano contraddire visivamente ci\u00f2 che la Chiesa continua a insegnare dottrinalmente.<\/p>\n\n\n\n<p>E questa tensione provoca ferite.<\/p>\n\n\n\n<hr class=\"wp-block-separator has-alpha-channel-opacity\"\/>\n\n\n\n<h1 class=\"wp-block-heading\">La questione femminile: una rottura ancora pi\u00f9 grande<\/h1>\n\n\n\n<p>Inoltre, esiste un altro punto ancora pi\u00f9 delicato.<\/p>\n\n\n\n<p>Sarah Mullally non \u00e8 semplicemente un\u2019autorit\u00e0 anglicana.<\/p>\n\n\n\n<p>\u00c8 una donna presentata come \u201cvescova\u201d.<\/p>\n\n\n\n<p>E qui il problema dottrinale diventa ancora pi\u00f9 evidente.<\/p>\n\n\n\n<p>San Giovanni Paolo II, in <em>Ordinatio Sacerdotalis<\/em> (1994), ha affermato che la Chiesa non ha autorit\u00e0 per conferire l\u2019ordinazione sacerdotale alle donne.<\/p>\n\n\n\n<p>Non ha detto che la questione fosse ancora in studio.<\/p>\n\n\n\n<p>Non ha detto che dipendesse dalla cultura.<\/p>\n\n\n\n<p>Non ha detto che fosse una questione disciplinare rivedibile.<\/p>\n\n\n\n<p>Ha detto che doveva essere sostenuto definitivamente da tutti i fedeli.<\/p>\n\n\n\n<p>Pertanto, l\u2019ordinazione femminile non \u00e8 semplicemente una differenza amministrativa con l\u2019anglicanesimo.<\/p>\n\n\n\n<p>\u00c8 una rottura diretta con la comprensione sacramentale e apostolica del sacerdozio.<\/p>\n\n\n\n<p>Per questo permettere un\u2019immagine di una benedizione episcopale femminile in un luogo cos\u00ec centrale del cattolicesimo non pu\u00f2 essere letto come un gesto neutro.<\/p>\n\n\n\n<p>Ha conseguenze pedagogiche.<\/p>\n\n\n\n<p>E le conseguenze pedagogiche, nella Chiesa, contano molto.<\/p>\n\n\n\n<hr class=\"wp-block-separator has-alpha-channel-opacity\"\/>\n\n\n\n<h1 class=\"wp-block-heading\">Il fedele semplice e lo scandalo silenzioso<\/h1>\n\n\n\n<p>Molte volte coloro che organizzano questi gesti pensano in termini diplomatici.<\/p>\n\n\n\n<p>Ma il popolo fedele pensa in termini di fede concreta.<\/p>\n\n\n\n<p>Una nonna che recita il Rosario.<\/p>\n\n\n\n<p>Un giovane che lotta per difendere la dottrina.<\/p>\n\n\n\n<p>Un sacerdote che cerca di insegnare con chiarezza.<\/p>\n\n\n\n<p>Una famiglia che cerca fedelt\u00e0 in mezzo al caos moderno.<\/p>\n\n\n\n<p>Tutti loro guardano quelle immagini e si chiedono:<\/p>\n\n\n\n<p>\u201cAllora\u2026 tutto \u00e8 uguale?\u201d<\/p>\n\n\n\n<p>\u201cLa successione apostolica non conta pi\u00f9?\u201d<\/p>\n\n\n\n<p>\u201cEssere cattolico o anglicano \u00e8 la stessa cosa?\u201d<\/p>\n\n\n\n<p>\u201cCi\u00f2 che prima era invalido ora non lo \u00e8 pi\u00f9?\u201d<\/p>\n\n\n\n<p>E anche se ufficialmente la risposta \u00e8 no, l\u2019impatto visivo ha gi\u00e0 seminato il dubbio.<\/p>\n\n\n\n<p>Questo \u00e8 il vero problema.<\/p>\n\n\n\n<p>Lo scandalo non consiste sempre in eresie esplicite.<\/p>\n\n\n\n<p>A volte consiste in ambiguit\u00e0 pubbliche.<\/p>\n\n\n\n<p>E l\u2019ambiguit\u00e0 prolungata erode pi\u00f9 di uno scontro chiaro.<\/p>\n\n\n\n<hr class=\"wp-block-separator has-alpha-channel-opacity\"\/>\n\n\n\n<h1 class=\"wp-block-heading\">Come dovrebbe essere vissuto il vero ecumenismo?<\/h1>\n\n\n\n<p>Con rispetto.<\/p>\n\n\n\n<p>Con carit\u00e0.<\/p>\n\n\n\n<p>Con preghiera.<\/p>\n\n\n\n<p>Con sincero desiderio di unit\u00e0.<\/p>\n\n\n\n<p>Ma anche con verit\u00e0.<\/p>\n\n\n\n<p>Con una chiara identit\u00e0 cattolica.<\/p>\n\n\n\n<p>Con fedelt\u00e0 dottrinale.<\/p>\n\n\n\n<p>Con simboli ben custoditi.<\/p>\n\n\n\n<p>Non tutto deve essere fatto ovunque.<\/p>\n\n\n\n<p>Non ogni cortesia ha bisogno di un\u2019espressione liturgica.<\/p>\n\n\n\n<p>Non ogni amicizia richiede gesti che possano essere interpretati come un riconoscimento sacramentale.<\/p>\n\n\n\n<p>Il vero ecumenismo non cerca che tutti sembrino uguali.<\/p>\n\n\n\n<p>Cerca che tutti camminino verso la pienezza della verit\u00e0.<\/p>\n\n\n\n<p>E per un cattolico, questa pienezza non \u00e8 un\u2019idea astratta.<\/p>\n\n\n\n<p>Ha un nome visibile: la Chiesa fondata da Cristo su Pietro.<\/p>\n\n\n\n<p>La vera carit\u00e0 non consiste nel nascondere questo.<\/p>\n\n\n\n<p>Consiste nell\u2019invitare, con umilt\u00e0 e chiarezza, verso questa pienezza.<\/p>\n\n\n\n<hr class=\"wp-block-separator has-alpha-channel-opacity\"\/>\n\n\n\n<h1 class=\"wp-block-heading\">San Pietro continua a domandare<\/h1>\n\n\n\n<p>Forse il luogo pi\u00f9 eloquente di tutto questo episodio \u00e8 proprio la tomba di Pietro.<\/p>\n\n\n\n<p>Perch\u00e9 Pietro non fu chiamato a negoziare la verit\u00e0.<\/p>\n\n\n\n<p>Fu chiamato a confermarla.<\/p>\n\n\n\n<p>Cristo gli disse:<\/p>\n\n\n\n<p><strong>\u201cConferma i tuoi fratelli\u201d<\/strong> (Lc 22,32).<\/p>\n\n\n\n<p>Non confonderli.<\/p>\n\n\n\n<p>Non rassicurarli nell\u2019errore.<\/p>\n\n\n\n<p>Non diluire la fede per evitare conflitti.<\/p>\n\n\n\n<p>Confermali.<\/p>\n\n\n\n<p>Oggi quella parola continua a risuonare.<\/p>\n\n\n\n<p>Specialmente a Roma.<\/p>\n\n\n\n<p>Specialmente in tempi in cui la confusione viene spesso presentata come misericordia.<\/p>\n\n\n\n<p>La Chiesa deve amare tutti.<\/p>\n\n\n\n<p>Ma amare non significa cancellare i confini dottrinali.<\/p>\n\n\n\n<p>Significa tendere la mano senza lasciare andare la verit\u00e0.<\/p>\n\n\n\n<p>E forse questa \u00e8 la grande lezione di questo episodio.<\/p>\n\n\n\n<p>Non basta chiederci se il gesto sia stato gentile.<\/p>\n\n\n\n<p>Dobbiamo chiederci se sia stato chiaro.<\/p>\n\n\n\n<p>Perch\u00e9 nella Chiesa, anche la chiarezza \u00e8 carit\u00e0.<\/p>\n\n\n\n<p>E accanto alla tomba di San Pietro, questa chiarezza non dovrebbe mai mancare.<\/p>\n","protected":false},"excerpt":{"rendered":"<p>Ci sono immagini che valgono pi\u00f9 di mille documenti. E ci sono gesti che, anche se presentati come semplici atti di cortesia o di dialogo, possiedono una forza simbolica cos\u00ec grande da finire per provocare smarrimento, dibattito e una profonda inquietudine tra i fedeli. \u00c8 precisamente ci\u00f2 che \u00e8 accaduto recentemente a Roma, quando durante &hellip;<\/p>\n","protected":false},"author":3,"featured_media":5819,"comment_status":"closed","ping_status":"closed","sticky":false,"template":"","format":"standard","meta":{"_seopress_robots_primary_cat":"","_seopress_titles_title":"","_seopress_titles_desc":"","_seopress_robots_index":"","footnotes":""},"categories":[1],"tags":[2057],"class_list":["post-5818","post","type-post","status-publish","format-standard","has-post-thumbnail","","category-catholicus_it","tag-sarah-mullally"],"_links":{"self":[{"href":"https:\/\/catholicus.eu\/it\/wp-json\/wp\/v2\/posts\/5818","targetHints":{"allow":["GET"]}}],"collection":[{"href":"https:\/\/catholicus.eu\/it\/wp-json\/wp\/v2\/posts"}],"about":[{"href":"https:\/\/catholicus.eu\/it\/wp-json\/wp\/v2\/types\/post"}],"author":[{"embeddable":true,"href":"https:\/\/catholicus.eu\/it\/wp-json\/wp\/v2\/users\/3"}],"replies":[{"embeddable":true,"href":"https:\/\/catholicus.eu\/it\/wp-json\/wp\/v2\/comments?post=5818"}],"version-history":[{"count":1,"href":"https:\/\/catholicus.eu\/it\/wp-json\/wp\/v2\/posts\/5818\/revisions"}],"predecessor-version":[{"id":5820,"href":"https:\/\/catholicus.eu\/it\/wp-json\/wp\/v2\/posts\/5818\/revisions\/5820"}],"wp:featuredmedia":[{"embeddable":true,"href":"https:\/\/catholicus.eu\/it\/wp-json\/wp\/v2\/media\/5819"}],"wp:attachment":[{"href":"https:\/\/catholicus.eu\/it\/wp-json\/wp\/v2\/media?parent=5818"}],"wp:term":[{"taxonomy":"category","embeddable":true,"href":"https:\/\/catholicus.eu\/it\/wp-json\/wp\/v2\/categories?post=5818"},{"taxonomy":"post_tag","embeddable":true,"href":"https:\/\/catholicus.eu\/it\/wp-json\/wp\/v2\/tags?post=5818"}],"curies":[{"name":"wp","href":"https:\/\/api.w.org\/{rel}","templated":true}]}}